{"id":45454,"date":"2025-09-10T08:10:08","date_gmt":"2025-09-10T06:10:08","guid":{"rendered":"https:\/\/www.emballagedigest.fr\/?p=45454"},"modified":"2025-09-10T08:10:09","modified_gmt":"2025-09-10T06:10:09","slug":"luxe-pack-monaco-accueille-deux-nouveaux-espaces","status":"publish","type":"post","link":"https:\/\/www.emballagedigest.fr\/en\/luxe-pack-monaco-accueille-deux-nouveaux-espaces\/","title":{"rendered":"Luxe Pack Monaco accueille deux nouveaux espaces"},"content":{"rendered":"<p><strong>Du 29 septembre au 1er octobre 2025,&nbsp;la prochaine \u00e9dition du salon Luxe Pack Monaco, d\u00e9voilera une version in\u00e9dite gr\u00e2ce \u00e0 l\u2019extension du Grimaldi Forum. Plusieurs zones ext\u00e9rieures et annexes sont int\u00e9gr\u00e9es \u00e0 l\u2019int\u00e9rieur du site, cr\u00e9ant un parcours de visite plus fluide et immersif. Cette optimisation accueille notamment deux grandes nouveaut\u00e9s : THE PORTAL et THE COL&rsquo;LAB.<\/strong><\/p>\n\n\n\n<p>Face \u00e0 la mutation rapide de l\u2019industrie, Luxe Pack cr\u00e9e&nbsp;THE PORTAL, un nouvel espace enti\u00e8rement d\u00e9di\u00e9 \u00e0 l\u2019innovation packaging \u00e0 travers des solutions concr\u00e8tes, disruptives et responsables, r\u00e9parties autour de quatre grands axes d\u2019exploration :<\/p>\n\n\n\n<p>\u2022 Eco-Innovation\u00a0: biomat\u00e9riaux, durabilit\u00e9, recyclage, \u00e9conomie circulaire.<br>\u2022 Smart Packaging\u00a0: connectivit\u00e9, tra\u00e7abilit\u00e9, blockchain, IoT, cybers\u00e9curit\u00e9.<br>\u2022 Intelligence Artificielle\u00a0: IA g\u00e9n\u00e9rative, data intelligence.<br>\u2022 Conception &amp; Exp\u00e9rience\u00a0: UX\/UI, r\u00e9alit\u00e9 augment\u00e9e, visualisation 3D, impression 3D.<\/p>\n\n\n\n<p>Des pitchs en continu et un corner d\u00e9di\u00e9 aux startups enrichiront l\u2019exp\u00e9rience, avec des exposants engag\u00e9s et r\u00e9solument tourn\u00e9s vers l\u2019avenir.<\/p>\n\n\n\n<p>Autre nouveau lieu de dialogue,&nbsp;THE COL&rsquo;LAB&nbsp;met en avant l\u2019innovation collaborative. Il r\u00e9unit pour la premi\u00e8re fois consortiums, collectifs et associations engag\u00e9s dans la transformation durable du packaging et du luxe. Ainsi, l\u2019espace accueillera des pr\u00e9sentations d\u2019initiatives et de travaux collectifs&nbsp;; des rencontres avec des acteurs tels que SPICE, RESET, EcoBeautyScore, Circul\u2019R, B Beauty, ou encore le Green Impact Index ou encore des conf\u00e9rences exclusives favorisant les \u00e9changes transversaux et inspirants.<\/p>\n\n\n\n<figure class=\"wp-block-image size-full is-resized\"><img loading=\"lazy\" decoding=\"async\" width=\"800\" height=\"534\" src=\"https:\/\/www.emballagedigest.fr\/wp-content\/uploads\/2025\/09\/Luxe-Pack2.jpg\" alt=\"\" class=\"wp-image-45456\" style=\"width:840px;height:auto\" srcset=\"https:\/\/www.emballagedigest.fr\/wp-content\/uploads\/2025\/09\/Luxe-Pack2.jpg 800w, https:\/\/www.emballagedigest.fr\/wp-content\/uploads\/2025\/09\/Luxe-Pack2-300x200.jpg 300w, https:\/\/www.emballagedigest.fr\/wp-content\/uploads\/2025\/09\/Luxe-Pack2-768x513.jpg 768w, https:\/\/www.emballagedigest.fr\/wp-content\/uploads\/2025\/09\/Luxe-Pack2-18x12.jpg 18w\" sizes=\"auto, (max-width: 800px) 100vw, 800px\" \/><\/figure>\n\n\n\n<p>Autre changement marquant : le rapprochement des univers&nbsp;LUXE Formulation&nbsp;(formulation et full-service) et&nbsp;LUXE Home&nbsp;(accessoires parfum\u00e9s) dans un m\u00eame hall. Ce regroupement traduit la convergence des univers sensoriels \u2013 cosm\u00e9tiques, parfums d\u2019ambiance \u2013 et r\u00e9pond \u00e0 une attente croissante des consommateurs pour des exp\u00e9riences globales et multisensorielles.<\/p>\n\n\n\n<p>D\u2019autres temps forts sont attendus&nbsp;: l\u2019exposition LUXE PACK in Green&nbsp;; La Fabrique Singuli\u00e8re&nbsp;illustrant le savoir-faire artisanal d\u2019exception&nbsp;; l\u2019initiative Make a Mark&nbsp;r\u00e9unissant des agences de design packaging autour de la durabilit\u00e9 et de la cr\u00e9ativit\u00e9, avec Estal, Avery Dennison et Leonhard Kurz&nbsp;; l\u2019exposition des finalistes des Formes de Luxe Awards, dont les prix seront remis le 29 septembre ou encore MateriO&rsquo;, l\u2019observatoire international et ind\u00e9pendant des mat\u00e9riaux innovants, qui propose avec l\u2019exposition Bluewashing.<\/p>\n\n\n\n<figure class=\"wp-block-image size-full is-resized\"><img loading=\"lazy\" decoding=\"async\" width=\"800\" height=\"400\" src=\"https:\/\/www.emballagedigest.fr\/wp-content\/uploads\/2025\/09\/Luxe-Pack3.jpg\" alt=\"\" class=\"wp-image-45457\" style=\"width:840px;height:auto\" srcset=\"https:\/\/www.emballagedigest.fr\/wp-content\/uploads\/2025\/09\/Luxe-Pack3.jpg 800w, https:\/\/www.emballagedigest.fr\/wp-content\/uploads\/2025\/09\/Luxe-Pack3-300x150.jpg 300w, https:\/\/www.emballagedigest.fr\/wp-content\/uploads\/2025\/09\/Luxe-Pack3-768x384.jpg 768w, https:\/\/www.emballagedigest.fr\/wp-content\/uploads\/2025\/09\/Luxe-Pack3-18x9.jpg 18w\" sizes=\"auto, (max-width: 800px) 100vw, 800px\" \/><\/figure>\n\n\n\n<p>Dans cette nouvelle version du salon, 70 nouveaux exposants sont annonc\u00e9s cette ann\u00e9e. \u00ab\u00a0Cette dynamique illustre \u00e0 la fois l\u2019attractivit\u00e9 du salon et le renouvellement constant de l\u2019offre propos\u00e9e aux visiteurs, avec de nouvelles expertises et innovations qui viennent enrichir l\u2019exp\u00e9rience. Avec 8 000 m\u00b2 suppl\u00e9mentaires (6 000 m\u00b2 d&rsquo;extension plus 2 000 m\u00b2 d&rsquo;espaces ext\u00e9rieurs), nous aurions pu multiplier les exposants, mais ce n&rsquo;est pas notre philosophie. Nous privil\u00e9gions la qualit\u00e9 \u00e0 la quantit\u00e9. Chaque exposant est choisi pour son expertise unique &#8211; qu&rsquo;il s&rsquo;agisse d&rsquo;artisans d&rsquo;art aux savoir-faire rares ou de multinationales innovantes. Cette s\u00e9lectivit\u00e9 pr\u00e9serve la coh\u00e9rence de notre ADN et garantit la pertinence des rencontres pour nos visiteurs comme pour nos exposants. Notre ambition ? \u00catre le catalyseur des transformations du secteur.\u00a0Avec nos coalitions th\u00e9matiques et la pr\u00e9sence des vrais d\u00e9cisionnaires, nous cr\u00e9ons les conditions d&rsquo;un d\u00e9bat constructif qui fait v\u00e9ritablement avancer l&rsquo;industrie\u00a0\u00bb, explique Fabienne Germond (ci-dessus), directrice du salon.<\/p>","protected":false},"excerpt":{"rendered":"<p>Du 29 septembre au 1er octobre 2025,&nbsp;la prochaine \u00e9dition du salon Luxe Pack Monaco, d\u00e9voilera une version in\u00e9dite gr\u00e2ce \u00e0 l\u2019extension du Grimaldi Forum. Plusieurs zones ext\u00e9rieures et annexes sont int\u00e9gr\u00e9es \u00e0 l\u2019int\u00e9rieur du site, cr\u00e9ant un parcours de visite plus fluide et immersif. Cette optimisation accueille notamment deux grandes nouveaut\u00e9s : THE PORTAL et [&hellip;]<\/p>","protected":false},"author":2,"featured_media":45455,"comment_status":"closed","ping_status":"closed","sticky":false,"template":"","format":"standard","meta":{"_acf_changed":false,"inline_featured_image":false,"iawp_total_views":1,"footnotes":""},"categories":[28,81,6,72],"tags":[],"class_list":["post-45454","post","type-post","status-publish","format-standard","has-post-thumbnail","hentry","category-article-entier","category-packaging","category-parfumerie-cosmetique","category-salon"],"acf":[],"yoast_head":"<!-- This site is optimized with the Yoast SEO plugin v24.4 - https:\/\/yoast.com\/wordpress\/plugins\/seo\/ -->\n<title>Luxe Pack Monaco accueille deux nouveaux espaces - Emballage Digest<\/title>\n<meta name=\"robots\" content=\"index, follow, max-snippet:-1, max-image-preview:large, max-video-preview:-1\" \/>\n<link rel=\"canonical\" href=\"https:\/\/www.emballagedigest.fr\/en\/luxe-pack-monaco-accueille-deux-nouveaux-espaces\/\" \/>\n<meta property=\"og:locale\" content=\"en_GB\" \/>\n<meta property=\"og:type\" content=\"article\" \/>\n<meta property=\"og:title\" content=\"Luxe Pack Monaco accueille deux nouveaux espaces - Emballage Digest\" \/>\n<meta property=\"og:description\" content=\"Du 29 septembre au 1er octobre 2025,&nbsp;la prochaine \u00e9dition du salon Luxe Pack Monaco, d\u00e9voilera une version in\u00e9dite gr\u00e2ce \u00e0 l\u2019extension du Grimaldi Forum. Plusieurs zones ext\u00e9rieures et annexes sont int\u00e9gr\u00e9es \u00e0 l\u2019int\u00e9rieur du site, cr\u00e9ant un parcours de visite plus fluide et immersif. Cette optimisation accueille notamment deux grandes nouveaut\u00e9s : THE PORTAL et [&hellip;]\" \/>\n<meta property=\"og:url\" content=\"https:\/\/www.emballagedigest.fr\/en\/luxe-pack-monaco-accueille-deux-nouveaux-espaces\/\" \/>\n<meta property=\"og:site_name\" content=\"Emballage Digest\" \/>\n<meta property=\"article:published_time\" content=\"2025-09-10T06:10:08+00:00\" \/>\n<meta property=\"article:modified_time\" content=\"2025-09-10T06:10:09+00:00\" \/>\n<meta property=\"og:image\" content=\"https:\/\/www.emballagedigest.fr\/wp-content\/uploads\/2025\/09\/Luxe-Pack1.jpg\" \/>\n\t<meta property=\"og:image:width\" content=\"800\" \/>\n\t<meta property=\"og:image:height\" content=\"534\" \/>\n\t<meta property=\"og:image:type\" content=\"image\/jpeg\" \/>\n<meta name=\"author\" content=\"Karine Duval\" \/>\n<meta name=\"twitter:card\" content=\"summary_large_image\" \/>\n<meta name=\"twitter:label1\" content=\"Written by\" \/>\n\t<meta name=\"twitter:data1\" content=\"Karine Duval\" \/>\n\t<meta name=\"twitter:label2\" content=\"Estimated reading time\" \/>\n\t<meta name=\"twitter:data2\" content=\"4 minutes\" \/>\n<script type=\"application\/ld+json\" class=\"yoast-schema-graph\">{\"@context\":\"https:\/\/schema.org\",\"@graph\":[{\"@type\":\"Article\",\"@id\":\"https:\/\/www.emballagedigest.fr\/luxe-pack-monaco-accueille-deux-nouveaux-espaces\/#article\",\"isPartOf\":{\"@id\":\"https:\/\/www.emballagedigest.fr\/luxe-pack-monaco-accueille-deux-nouveaux-espaces\/\"},\"author\":{\"name\":\"Karine Duval\",\"@id\":\"https:\/\/www.emballagedigest.fr\/#\/schema\/person\/76abe9f2b2ee4d3d520594c7a35da59f\"},\"headline\":\"Luxe Pack Monaco accueille deux nouveaux espaces\",\"datePublished\":\"2025-09-10T06:10:08+00:00\",\"dateModified\":\"2025-09-10T06:10:09+00:00\",\"mainEntityOfPage\":{\"@id\":\"https:\/\/www.emballagedigest.fr\/luxe-pack-monaco-accueille-deux-nouveaux-espaces\/\"},\"wordCount\":584,\"publisher\":{\"@id\":\"https:\/\/www.emballagedigest.fr\/#organization\"},\"image\":{\"@id\":\"https:\/\/www.emballagedigest.fr\/luxe-pack-monaco-accueille-deux-nouveaux-espaces\/#primaryimage\"},\"thumbnailUrl\":\"https:\/\/www.emballagedigest.fr\/wp-content\/uploads\/2025\/09\/Luxe-Pack1.jpg\",\"articleSection\":[\"Article entier\",\"Packaging\",\"Parfumerie &amp; Cosm\u00e9tique\",\"Salon\"],\"inLanguage\":\"en-GB\"},{\"@type\":\"WebPage\",\"@id\":\"https:\/\/www.emballagedigest.fr\/luxe-pack-monaco-accueille-deux-nouveaux-espaces\/\",\"url\":\"https:\/\/www.emballagedigest.fr\/luxe-pack-monaco-accueille-deux-nouveaux-espaces\/\",\"name\":\"Luxe Pack Monaco accueille deux nouveaux espaces - Emballage Digest\",\"isPartOf\":{\"@id\":\"https:\/\/www.emballagedigest.fr\/#website\"},\"primaryImageOfPage\":{\"@id\":\"https:\/\/www.emballagedigest.fr\/luxe-pack-monaco-accueille-deux-nouveaux-espaces\/#primaryimage\"},\"image\":{\"@id\":\"https:\/\/www.emballagedigest.fr\/luxe-pack-monaco-accueille-deux-nouveaux-espaces\/#primaryimage\"},\"thumbnailUrl\":\"https:\/\/www.emballagedigest.fr\/wp-content\/uploads\/2025\/09\/Luxe-Pack1.jpg\",\"datePublished\":\"2025-09-10T06:10:08+00:00\",\"dateModified\":\"2025-09-10T06:10:09+00:00\",\"breadcrumb\":{\"@id\":\"https:\/\/www.emballagedigest.fr\/luxe-pack-monaco-accueille-deux-nouveaux-espaces\/#breadcrumb\"},\"inLanguage\":\"en-GB\",\"potentialAction\":[{\"@type\":\"ReadAction\",\"target\":[\"https:\/\/www.emballagedigest.fr\/luxe-pack-monaco-accueille-deux-nouveaux-espaces\/\"]}]},{\"@type\":\"ImageObject\",\"inLanguage\":\"en-GB\",\"@id\":\"https:\/\/www.emballagedigest.fr\/luxe-pack-monaco-accueille-deux-nouveaux-espaces\/#primaryimage\",\"url\":\"https:\/\/www.emballagedigest.fr\/wp-content\/uploads\/2025\/09\/Luxe-Pack1.jpg\",\"contentUrl\":\"https:\/\/www.emballagedigest.fr\/wp-content\/uploads\/2025\/09\/Luxe-Pack1.jpg\",\"width\":800,\"height\":534},{\"@type\":\"BreadcrumbList\",\"@id\":\"https:\/\/www.emballagedigest.fr\/luxe-pack-monaco-accueille-deux-nouveaux-espaces\/#breadcrumb\",\"itemListElement\":[{\"@type\":\"ListItem\",\"position\":1,\"name\":\"Accueil\",\"item\":\"https:\/\/www.emballagedigest.fr\/\"},{\"@type\":\"ListItem\",\"position\":2,\"name\":\"Luxe Pack Monaco accueille deux nouveaux espaces\"}]},{\"@type\":\"WebSite\",\"@id\":\"https:\/\/www.emballagedigest.fr\/#website\",\"url\":\"https:\/\/www.emballagedigest.fr\/\",\"name\":\"Emballage Digest\",\"description\":\"Revue professionnelle sur les emballages\",\"publisher\":{\"@id\":\"https:\/\/www.emballagedigest.fr\/#organization\"},\"potentialAction\":[{\"@type\":\"SearchAction\",\"target\":{\"@type\":\"EntryPoint\",\"urlTemplate\":\"https:\/\/www.emballagedigest.fr\/?s={search_term_string}\"},\"query-input\":{\"@type\":\"PropertyValueSpecification\",\"valueRequired\":true,\"valueName\":\"search_term_string\"}}],\"inLanguage\":\"en-GB\"},{\"@type\":\"Organization\",\"@id\":\"https:\/\/www.emballagedigest.fr\/#organization\",\"name\":\"Emballage Digest\",\"url\":\"https:\/\/www.emballagedigest.fr\/\",\"logo\":{\"@type\":\"ImageObject\",\"inLanguage\":\"en-GB\",\"@id\":\"https:\/\/www.emballagedigest.fr\/#\/schema\/logo\/image\/\",\"url\":\"https:\/\/www.emballagedigest.fr\/wp-content\/uploads\/2022\/07\/logo-ed.png\",\"contentUrl\":\"https:\/\/www.emballagedigest.fr\/wp-content\/uploads\/2022\/07\/logo-ed.png\",\"width\":379,\"height\":75,\"caption\":\"Emballage Digest\"},\"image\":{\"@id\":\"https:\/\/www.emballagedigest.fr\/#\/schema\/logo\/image\/\"}},{\"@type\":\"Person\",\"@id\":\"https:\/\/www.emballagedigest.fr\/#\/schema\/person\/76abe9f2b2ee4d3d520594c7a35da59f\",\"name\":\"Karine Duval\",\"image\":{\"@type\":\"ImageObject\",\"inLanguage\":\"en-GB\",\"@id\":\"https:\/\/www.emballagedigest.fr\/#\/schema\/person\/image\/\",\"url\":\"https:\/\/secure.gravatar.com\/avatar\/f552799261cdd2e076e6677d780ef07bdb13aa4c196ab75b39abcbcdcae2d4e5?s=96&d=mm&r=g\",\"contentUrl\":\"https:\/\/secure.gravatar.com\/avatar\/f552799261cdd2e076e6677d780ef07bdb13aa4c196ab75b39abcbcdcae2d4e5?s=96&d=mm&r=g\",\"caption\":\"Karine Duval\"},\"url\":\"https:\/\/www.emballagedigest.fr\/en\/author\/admin_karduv\/\"}]}<\/script>\n<!-- \/ Yoast SEO plugin. -->","yoast_head_json":{"title":"Luxe Pack Monaco accueille deux nouveaux espaces - Emballage Digest","robots":{"index":"index","follow":"follow","max-snippet":"max-snippet:-1","max-image-preview":"max-image-preview:large","max-video-preview":"max-video-preview:-1"},"canonical":"https:\/\/www.emballagedigest.fr\/en\/luxe-pack-monaco-accueille-deux-nouveaux-espaces\/","og_locale":"en_GB","og_type":"article","og_title":"Luxe Pack Monaco accueille deux nouveaux espaces - Emballage Digest","og_description":"Du 29 septembre au 1er octobre 2025,&nbsp;la prochaine \u00e9dition du salon Luxe Pack Monaco, d\u00e9voilera une version in\u00e9dite gr\u00e2ce \u00e0 l\u2019extension du Grimaldi Forum. Plusieurs zones ext\u00e9rieures et annexes sont int\u00e9gr\u00e9es \u00e0 l\u2019int\u00e9rieur du site, cr\u00e9ant un parcours de visite plus fluide et immersif. Cette optimisation accueille notamment deux grandes nouveaut\u00e9s : THE PORTAL et [&hellip;]","og_url":"https:\/\/www.emballagedigest.fr\/en\/luxe-pack-monaco-accueille-deux-nouveaux-espaces\/","og_site_name":"Emballage Digest","article_published_time":"2025-09-10T06:10:08+00:00","article_modified_time":"2025-09-10T06:10:09+00:00","og_image":[{"width":800,"height":534,"url":"https:\/\/www.emballagedigest.fr\/wp-content\/uploads\/2025\/09\/Luxe-Pack1.jpg","type":"image\/jpeg"}],"author":"Karine Duval","twitter_card":"summary_large_image","twitter_misc":{"Written by":"Karine Duval","Estimated reading time":"4 minutes"},"schema":{"@context":"https:\/\/schema.org","@graph":[{"@type":"Article","@id":"https:\/\/www.emballagedigest.fr\/luxe-pack-monaco-accueille-deux-nouveaux-espaces\/#article","isPartOf":{"@id":"https:\/\/www.emballagedigest.fr\/luxe-pack-monaco-accueille-deux-nouveaux-espaces\/"},"author":{"name":"Karine Duval","@id":"https:\/\/www.emballagedigest.fr\/#\/schema\/person\/76abe9f2b2ee4d3d520594c7a35da59f"},"headline":"Luxe Pack Monaco accueille deux nouveaux espaces","datePublished":"2025-09-10T06:10:08+00:00","dateModified":"2025-09-10T06:10:09+00:00","mainEntityOfPage":{"@id":"https:\/\/www.emballagedigest.fr\/luxe-pack-monaco-accueille-deux-nouveaux-espaces\/"},"wordCount":584,"publisher":{"@id":"https:\/\/www.emballagedigest.fr\/#organization"},"image":{"@id":"https:\/\/www.emballagedigest.fr\/luxe-pack-monaco-accueille-deux-nouveaux-espaces\/#primaryimage"},"thumbnailUrl":"https:\/\/www.emballagedigest.fr\/wp-content\/uploads\/2025\/09\/Luxe-Pack1.jpg","articleSection":["Article entier","Packaging","Parfumerie &amp; Cosm\u00e9tique","Salon"],"inLanguage":"en-GB"},{"@type":"WebPage","@id":"https:\/\/www.emballagedigest.fr\/luxe-pack-monaco-accueille-deux-nouveaux-espaces\/","url":"https:\/\/www.emballagedigest.fr\/luxe-pack-monaco-accueille-deux-nouveaux-espaces\/","name":"Luxe Pack Monaco accueille deux nouveaux espaces - Emballage Digest","isPartOf":{"@id":"https:\/\/www.emballagedigest.fr\/#website"},"primaryImageOfPage":{"@id":"https:\/\/www.emballagedigest.fr\/luxe-pack-monaco-accueille-deux-nouveaux-espaces\/#primaryimage"},"image":{"@id":"https:\/\/www.emballagedigest.fr\/luxe-pack-monaco-accueille-deux-nouveaux-espaces\/#primaryimage"},"thumbnailUrl":"https:\/\/www.emballagedigest.fr\/wp-content\/uploads\/2025\/09\/Luxe-Pack1.jpg","datePublished":"2025-09-10T06:10:08+00:00","dateModified":"2025-09-10T06:10:09+00:00","breadcrumb":{"@id":"https:\/\/www.emballagedigest.fr\/luxe-pack-monaco-accueille-deux-nouveaux-espaces\/#breadcrumb"},"inLanguage":"en-GB","potentialAction":[{"@type":"ReadAction","target":["https:\/\/www.emballagedigest.fr\/luxe-pack-monaco-accueille-deux-nouveaux-espaces\/"]}]},{"@type":"ImageObject","inLanguage":"en-GB","@id":"https:\/\/www.emballagedigest.fr\/luxe-pack-monaco-accueille-deux-nouveaux-espaces\/#primaryimage","url":"https:\/\/www.emballagedigest.fr\/wp-content\/uploads\/2025\/09\/Luxe-Pack1.jpg","contentUrl":"https:\/\/www.emballagedigest.fr\/wp-content\/uploads\/2025\/09\/Luxe-Pack1.jpg","width":800,"height":534},{"@type":"BreadcrumbList","@id":"https:\/\/www.emballagedigest.fr\/luxe-pack-monaco-accueille-deux-nouveaux-espaces\/#breadcrumb","itemListElement":[{"@type":"ListItem","position":1,"name":"Accueil","item":"https:\/\/www.emballagedigest.fr\/"},{"@type":"ListItem","position":2,"name":"Luxe Pack Monaco accueille deux nouveaux espaces"}]},{"@type":"WebSite","@id":"https:\/\/www.emballagedigest.fr\/#website","url":"https:\/\/www.emballagedigest.fr\/","name":"Emballage Digest","description":"Revue professionnelle sur les emballages","publisher":{"@id":"https:\/\/www.emballagedigest.fr\/#organization"},"potentialAction":[{"@type":"SearchAction","target":{"@type":"EntryPoint","urlTemplate":"https:\/\/www.emballagedigest.fr\/?s={search_term_string}"},"query-input":{"@type":"PropertyValueSpecification","valueRequired":true,"valueName":"search_term_string"}}],"inLanguage":"en-GB"},{"@type":"Organization","@id":"https:\/\/www.emballagedigest.fr\/#organization","name":"Emballage Digest","url":"https:\/\/www.emballagedigest.fr\/","logo":{"@type":"ImageObject","inLanguage":"en-GB","@id":"https:\/\/www.emballagedigest.fr\/#\/schema\/logo\/image\/","url":"https:\/\/www.emballagedigest.fr\/wp-content\/uploads\/2022\/07\/logo-ed.png","contentUrl":"https:\/\/www.emballagedigest.fr\/wp-content\/uploads\/2022\/07\/logo-ed.png","width":379,"height":75,"caption":"Emballage Digest"},"image":{"@id":"https:\/\/www.emballagedigest.fr\/#\/schema\/logo\/image\/"}},{"@type":"Person","@id":"https:\/\/www.emballagedigest.fr\/#\/schema\/person\/76abe9f2b2ee4d3d520594c7a35da59f","name":"Karine Duval","image":{"@type":"ImageObject","inLanguage":"en-GB","@id":"https:\/\/www.emballagedigest.fr\/#\/schema\/person\/image\/","url":"https:\/\/secure.gravatar.com\/avatar\/f552799261cdd2e076e6677d780ef07bdb13aa4c196ab75b39abcbcdcae2d4e5?s=96&d=mm&r=g","contentUrl":"https:\/\/secure.gravatar.com\/avatar\/f552799261cdd2e076e6677d780ef07bdb13aa4c196ab75b39abcbcdcae2d4e5?s=96&d=mm&r=g","caption":"Karine Duval"},"url":"https:\/\/www.emballagedigest.fr\/en\/author\/admin_karduv\/"}]}},"_links":{"self":[{"href":"https:\/\/www.emballagedigest.fr\/en\/wp-json\/wp\/v2\/posts\/45454","targetHints":{"allow":["GET"]}}],"collection":[{"href":"https:\/\/www.emballagedigest.fr\/en\/wp-json\/wp\/v2\/posts"}],"about":[{"href":"https:\/\/www.emballagedigest.fr\/en\/wp-json\/wp\/v2\/types\/post"}],"author":[{"embeddable":true,"href":"https:\/\/www.emballagedigest.fr\/en\/wp-json\/wp\/v2\/users\/2"}],"replies":[{"embeddable":true,"href":"https:\/\/www.emballagedigest.fr\/en\/wp-json\/wp\/v2\/comments?post=45454"}],"version-history":[{"count":1,"href":"https:\/\/www.emballagedigest.fr\/en\/wp-json\/wp\/v2\/posts\/45454\/revisions"}],"predecessor-version":[{"id":45458,"href":"https:\/\/www.emballagedigest.fr\/en\/wp-json\/wp\/v2\/posts\/45454\/revisions\/45458"}],"wp:featuredmedia":[{"embeddable":true,"href":"https:\/\/www.emballagedigest.fr\/en\/wp-json\/wp\/v2\/media\/45455"}],"wp:attachment":[{"href":"https:\/\/www.emballagedigest.fr\/en\/wp-json\/wp\/v2\/media?parent=45454"}],"wp:term":[{"taxonomy":"category","embeddable":true,"href":"https:\/\/www.emballagedigest.fr\/en\/wp-json\/wp\/v2\/categories?post=45454"},{"taxonomy":"post_tag","embeddable":true,"href":"https:\/\/www.emballagedigest.fr\/en\/wp-json\/wp\/v2\/tags?post=45454"}],"curies":[{"name":"wp","href":"https:\/\/api.w.org\/{rel}","templated":true}]}}