{"id":45461,"date":"2025-09-11T00:05:23","date_gmt":"2025-09-10T22:05:23","guid":{"rendered":"https:\/\/www.emballagedigest.fr\/?p=45461"},"modified":"2025-09-12T00:23:06","modified_gmt":"2025-09-11T22:23:06","slug":"durst-group-et-cerm-annoncent-une-integration-fluide-pour-la-production-detiquettes","status":"publish","type":"post","link":"https:\/\/www.emballagedigest.fr\/en\/durst-group-et-cerm-annoncent-une-integration-fluide-pour-la-production-detiquettes\/","title":{"rendered":"Durst Group et CERM annoncent un partenariat pour la production d\u2019\u00e9tiquettes"},"content":{"rendered":"<p><strong>Durst Group, fournisseur de technologies d\u2019impression et de production num\u00e9rique, et CERM, sp\u00e9cialiste des syst\u00e8mes d\u2019information de gestion (MIS) d\u00e9di\u00e9s \u00e0 l\u2019\u00e9tiquette et \u00e0 l\u2019emballage, annoncent un partenariat visant \u00e0 renforcer l\u2019efficacit\u00e9 et la transparence des processus de production d\u2019\u00e9tiquettes. Il sera d\u00e9voil\u00e9 en avant-premi\u00e8re sur le salon Labelexpo \u00e0 Barcelone du 16 au 19 septembre 2025.<\/strong><\/p>\n\n\n\n<p>Ce partenariat s\u2019appuie sur le d\u00e9veloppement d\u2019un connecteur in\u00e9dit entre Durst Analytics et CERM MIS. Gr\u00e2ce \u00e0 cette passerelle, les donn\u00e9es de production issues des presses num\u00e9riques Durst Tau sont transmises directement et en toute fluidit\u00e9 vers le logiciel CERM MIS. L\u2019int\u00e9gration qui en r\u00e9sulte assure une continuit\u00e9 entre l\u2019atelier d\u2019impression et la plateforme de gestion d\u2019entreprise.<\/p>\n\n\n\n<p><strong><br><\/strong>\u00ab Depuis des ann\u00e9es, notre secteur exprime une forte attente en mati\u00e8re d\u2019int\u00e9gration compl\u00e8te entre donn\u00e9es de production et outils de gestion \u00bb, souligne Serge Clauss, cjef de produit Logiciel &amp; Solutions chez Durst Group. \u00ab Gr\u00e2ce \u00e0 la connexion d\u00e9sormais \u00e9tablie entre Durst Analytics et CERM, nous proposons \u00e0 nos clients une solution qui leur assure une transparence totale et un contr\u00f4le renforc\u00e9 de leurs op\u00e9rations \u00bb.<\/p>\n\n\n\n<p><br>CERM souligne \u00e9galement l\u2019importance de cette coop\u00e9ration : \u00ab Notre objectif est de fournir aux imprimeurs d\u2019\u00e9tiquettes et d\u2019emballages un \u00e9cosyst\u00e8me enti\u00e8rement int\u00e9gr\u00e9 dans lequel toutes les donn\u00e9es de production et de gestion pertinentes sont connect\u00e9es. Gr\u00e2ce \u00e0 l\u2019int\u00e9gration avec Durst Analytics, nos clients ont d\u00e9sormais, pour la premi\u00e8re fois, la possibilit\u00e9 de connecter en temps r\u00e9el leurs presses d\u2019\u00e9tiquettes Durst Tau \u00e0 notre MIS \u2013 une \u00e9tape essentielle pour accro\u00eetre la productivit\u00e9 et prendre des d\u00e9cisions fond\u00e9es sur les donn\u00e9es \u00bb, explique Steffen Haaga, directeur du d\u00e9veloppement business monde chez CERM.<\/p>","protected":false},"excerpt":{"rendered":"<p>Durst Group, fournisseur de technologies d\u2019impression et de production num\u00e9rique, et CERM, sp\u00e9cialiste des syst\u00e8mes d\u2019information de gestion (MIS) d\u00e9di\u00e9s \u00e0 l\u2019\u00e9tiquette et \u00e0 l\u2019emballage, annoncent un partenariat visant \u00e0 renforcer l\u2019efficacit\u00e9 et la transparence des processus de production d\u2019\u00e9tiquettes. Il sera d\u00e9voil\u00e9 en avant-premi\u00e8re sur le salon Labelexpo \u00e0 Barcelone du 16 au 19 [&hellip;]<\/p>","protected":false},"author":2,"featured_media":45462,"comment_status":"closed","ping_status":"closed","sticky":false,"template":"","format":"standard","meta":{"_acf_changed":false,"inline_featured_image":false,"iawp_total_views":1,"footnotes":""},"categories":[28,9],"tags":[],"class_list":["post-45461","post","type-post","status-publish","format-standard","has-post-thumbnail","hentry","category-article-entier","category-materiel"],"acf":[],"yoast_head":"<!-- This site is optimized with the Yoast SEO plugin v24.4 - https:\/\/yoast.com\/wordpress\/plugins\/seo\/ -->\n<title>Durst Group et CERM annoncent un partenariat pour la production d\u2019\u00e9tiquettes - Emballage Digest<\/title>\n<meta name=\"robots\" content=\"index, follow, max-snippet:-1, max-image-preview:large, max-video-preview:-1\" \/>\n<link rel=\"canonical\" href=\"https:\/\/www.emballagedigest.fr\/en\/durst-group-et-cerm-annoncent-une-integration-fluide-pour-la-production-detiquettes\/\" \/>\n<meta property=\"og:locale\" content=\"en_GB\" \/>\n<meta property=\"og:type\" content=\"article\" \/>\n<meta property=\"og:title\" content=\"Durst Group et CERM annoncent un partenariat pour la production d\u2019\u00e9tiquettes - Emballage Digest\" \/>\n<meta property=\"og:description\" content=\"Durst Group, fournisseur de technologies d\u2019impression et de production num\u00e9rique, et CERM, sp\u00e9cialiste des syst\u00e8mes d\u2019information de gestion (MIS) d\u00e9di\u00e9s \u00e0 l\u2019\u00e9tiquette et \u00e0 l\u2019emballage, annoncent un partenariat visant \u00e0 renforcer l\u2019efficacit\u00e9 et la transparence des processus de production d\u2019\u00e9tiquettes. Il sera d\u00e9voil\u00e9 en avant-premi\u00e8re sur le salon Labelexpo \u00e0 Barcelone du 16 au 19 [&hellip;]\" \/>\n<meta property=\"og:url\" content=\"https:\/\/www.emballagedigest.fr\/en\/durst-group-et-cerm-annoncent-une-integration-fluide-pour-la-production-detiquettes\/\" \/>\n<meta property=\"og:site_name\" content=\"Emballage Digest\" \/>\n<meta property=\"article:published_time\" content=\"2025-09-10T22:05:23+00:00\" \/>\n<meta property=\"article:modified_time\" content=\"2025-09-11T22:23:06+00:00\" \/>\n<meta property=\"og:image\" content=\"https:\/\/www.emballagedigest.fr\/wp-content\/uploads\/2025\/09\/CERM.jpg\" \/>\n\t<meta property=\"og:image:width\" content=\"800\" \/>\n\t<meta property=\"og:image:height\" content=\"558\" \/>\n\t<meta property=\"og:image:type\" content=\"image\/jpeg\" \/>\n<meta name=\"author\" content=\"Karine Duval\" \/>\n<meta name=\"twitter:card\" content=\"summary_large_image\" \/>\n<meta name=\"twitter:label1\" content=\"Written by\" \/>\n\t<meta name=\"twitter:data1\" content=\"Karine Duval\" \/>\n\t<meta name=\"twitter:label2\" content=\"Estimated reading time\" \/>\n\t<meta name=\"twitter:data2\" content=\"2 minutes\" \/>\n<script type=\"application\/ld+json\" class=\"yoast-schema-graph\">{\"@context\":\"https:\/\/schema.org\",\"@graph\":[{\"@type\":\"Article\",\"@id\":\"https:\/\/www.emballagedigest.fr\/durst-group-et-cerm-annoncent-une-integration-fluide-pour-la-production-detiquettes\/#article\",\"isPartOf\":{\"@id\":\"https:\/\/www.emballagedigest.fr\/durst-group-et-cerm-annoncent-une-integration-fluide-pour-la-production-detiquettes\/\"},\"author\":{\"name\":\"Karine Duval\",\"@id\":\"https:\/\/www.emballagedigest.fr\/#\/schema\/person\/76abe9f2b2ee4d3d520594c7a35da59f\"},\"headline\":\"Durst Group et CERM annoncent un partenariat pour la production d\u2019\u00e9tiquettes\",\"datePublished\":\"2025-09-10T22:05:23+00:00\",\"dateModified\":\"2025-09-11T22:23:06+00:00\",\"mainEntityOfPage\":{\"@id\":\"https:\/\/www.emballagedigest.fr\/durst-group-et-cerm-annoncent-une-integration-fluide-pour-la-production-detiquettes\/\"},\"wordCount\":323,\"publisher\":{\"@id\":\"https:\/\/www.emballagedigest.fr\/#organization\"},\"image\":{\"@id\":\"https:\/\/www.emballagedigest.fr\/durst-group-et-cerm-annoncent-une-integration-fluide-pour-la-production-detiquettes\/#primaryimage\"},\"thumbnailUrl\":\"https:\/\/www.emballagedigest.fr\/wp-content\/uploads\/2025\/09\/CERM.jpg\",\"articleSection\":[\"Article entier\",\"Mat\u00e9riel\"],\"inLanguage\":\"en-GB\"},{\"@type\":\"WebPage\",\"@id\":\"https:\/\/www.emballagedigest.fr\/durst-group-et-cerm-annoncent-une-integration-fluide-pour-la-production-detiquettes\/\",\"url\":\"https:\/\/www.emballagedigest.fr\/durst-group-et-cerm-annoncent-une-integration-fluide-pour-la-production-detiquettes\/\",\"name\":\"Durst Group et CERM annoncent un partenariat pour la production d\u2019\u00e9tiquettes - Emballage Digest\",\"isPartOf\":{\"@id\":\"https:\/\/www.emballagedigest.fr\/#website\"},\"primaryImageOfPage\":{\"@id\":\"https:\/\/www.emballagedigest.fr\/durst-group-et-cerm-annoncent-une-integration-fluide-pour-la-production-detiquettes\/#primaryimage\"},\"image\":{\"@id\":\"https:\/\/www.emballagedigest.fr\/durst-group-et-cerm-annoncent-une-integration-fluide-pour-la-production-detiquettes\/#primaryimage\"},\"thumbnailUrl\":\"https:\/\/www.emballagedigest.fr\/wp-content\/uploads\/2025\/09\/CERM.jpg\",\"datePublished\":\"2025-09-10T22:05:23+00:00\",\"dateModified\":\"2025-09-11T22:23:06+00:00\",\"breadcrumb\":{\"@id\":\"https:\/\/www.emballagedigest.fr\/durst-group-et-cerm-annoncent-une-integration-fluide-pour-la-production-detiquettes\/#breadcrumb\"},\"inLanguage\":\"en-GB\",\"potentialAction\":[{\"@type\":\"ReadAction\",\"target\":[\"https:\/\/www.emballagedigest.fr\/durst-group-et-cerm-annoncent-une-integration-fluide-pour-la-production-detiquettes\/\"]}]},{\"@type\":\"ImageObject\",\"inLanguage\":\"en-GB\",\"@id\":\"https:\/\/www.emballagedigest.fr\/durst-group-et-cerm-annoncent-une-integration-fluide-pour-la-production-detiquettes\/#primaryimage\",\"url\":\"https:\/\/www.emballagedigest.fr\/wp-content\/uploads\/2025\/09\/CERM.jpg\",\"contentUrl\":\"https:\/\/www.emballagedigest.fr\/wp-content\/uploads\/2025\/09\/CERM.jpg\",\"width\":800,\"height\":558},{\"@type\":\"BreadcrumbList\",\"@id\":\"https:\/\/www.emballagedigest.fr\/durst-group-et-cerm-annoncent-une-integration-fluide-pour-la-production-detiquettes\/#breadcrumb\",\"itemListElement\":[{\"@type\":\"ListItem\",\"position\":1,\"name\":\"Accueil\",\"item\":\"https:\/\/www.emballagedigest.fr\/\"},{\"@type\":\"ListItem\",\"position\":2,\"name\":\"Durst Group et CERM annoncent un partenariat pour la production d\u2019\u00e9tiquettes\"}]},{\"@type\":\"WebSite\",\"@id\":\"https:\/\/www.emballagedigest.fr\/#website\",\"url\":\"https:\/\/www.emballagedigest.fr\/\",\"name\":\"Emballage Digest\",\"description\":\"Revue professionnelle sur les emballages\",\"publisher\":{\"@id\":\"https:\/\/www.emballagedigest.fr\/#organization\"},\"potentialAction\":[{\"@type\":\"SearchAction\",\"target\":{\"@type\":\"EntryPoint\",\"urlTemplate\":\"https:\/\/www.emballagedigest.fr\/?s={search_term_string}\"},\"query-input\":{\"@type\":\"PropertyValueSpecification\",\"valueRequired\":true,\"valueName\":\"search_term_string\"}}],\"inLanguage\":\"en-GB\"},{\"@type\":\"Organization\",\"@id\":\"https:\/\/www.emballagedigest.fr\/#organization\",\"name\":\"Emballage Digest\",\"url\":\"https:\/\/www.emballagedigest.fr\/\",\"logo\":{\"@type\":\"ImageObject\",\"inLanguage\":\"en-GB\",\"@id\":\"https:\/\/www.emballagedigest.fr\/#\/schema\/logo\/image\/\",\"url\":\"https:\/\/www.emballagedigest.fr\/wp-content\/uploads\/2022\/07\/logo-ed.png\",\"contentUrl\":\"https:\/\/www.emballagedigest.fr\/wp-content\/uploads\/2022\/07\/logo-ed.png\",\"width\":379,\"height\":75,\"caption\":\"Emballage Digest\"},\"image\":{\"@id\":\"https:\/\/www.emballagedigest.fr\/#\/schema\/logo\/image\/\"}},{\"@type\":\"Person\",\"@id\":\"https:\/\/www.emballagedigest.fr\/#\/schema\/person\/76abe9f2b2ee4d3d520594c7a35da59f\",\"name\":\"Karine Duval\",\"image\":{\"@type\":\"ImageObject\",\"inLanguage\":\"en-GB\",\"@id\":\"https:\/\/www.emballagedigest.fr\/#\/schema\/person\/image\/\",\"url\":\"https:\/\/secure.gravatar.com\/avatar\/f552799261cdd2e076e6677d780ef07bdb13aa4c196ab75b39abcbcdcae2d4e5?s=96&d=mm&r=g\",\"contentUrl\":\"https:\/\/secure.gravatar.com\/avatar\/f552799261cdd2e076e6677d780ef07bdb13aa4c196ab75b39abcbcdcae2d4e5?s=96&d=mm&r=g\",\"caption\":\"Karine Duval\"},\"url\":\"https:\/\/www.emballagedigest.fr\/en\/author\/admin_karduv\/\"}]}<\/script>\n<!-- \/ Yoast SEO plugin. -->","yoast_head_json":{"title":"Durst Group et CERM annoncent un partenariat pour la production d\u2019\u00e9tiquettes - Emballage Digest","robots":{"index":"index","follow":"follow","max-snippet":"max-snippet:-1","max-image-preview":"max-image-preview:large","max-video-preview":"max-video-preview:-1"},"canonical":"https:\/\/www.emballagedigest.fr\/en\/durst-group-et-cerm-annoncent-une-integration-fluide-pour-la-production-detiquettes\/","og_locale":"en_GB","og_type":"article","og_title":"Durst Group et CERM annoncent un partenariat pour la production d\u2019\u00e9tiquettes - Emballage Digest","og_description":"Durst Group, fournisseur de technologies d\u2019impression et de production num\u00e9rique, et CERM, sp\u00e9cialiste des syst\u00e8mes d\u2019information de gestion (MIS) d\u00e9di\u00e9s \u00e0 l\u2019\u00e9tiquette et \u00e0 l\u2019emballage, annoncent un partenariat visant \u00e0 renforcer l\u2019efficacit\u00e9 et la transparence des processus de production d\u2019\u00e9tiquettes. Il sera d\u00e9voil\u00e9 en avant-premi\u00e8re sur le salon Labelexpo \u00e0 Barcelone du 16 au 19 [&hellip;]","og_url":"https:\/\/www.emballagedigest.fr\/en\/durst-group-et-cerm-annoncent-une-integration-fluide-pour-la-production-detiquettes\/","og_site_name":"Emballage Digest","article_published_time":"2025-09-10T22:05:23+00:00","article_modified_time":"2025-09-11T22:23:06+00:00","og_image":[{"width":800,"height":558,"url":"https:\/\/www.emballagedigest.fr\/wp-content\/uploads\/2025\/09\/CERM.jpg","type":"image\/jpeg"}],"author":"Karine Duval","twitter_card":"summary_large_image","twitter_misc":{"Written by":"Karine Duval","Estimated reading time":"2 minutes"},"schema":{"@context":"https:\/\/schema.org","@graph":[{"@type":"Article","@id":"https:\/\/www.emballagedigest.fr\/durst-group-et-cerm-annoncent-une-integration-fluide-pour-la-production-detiquettes\/#article","isPartOf":{"@id":"https:\/\/www.emballagedigest.fr\/durst-group-et-cerm-annoncent-une-integration-fluide-pour-la-production-detiquettes\/"},"author":{"name":"Karine Duval","@id":"https:\/\/www.emballagedigest.fr\/#\/schema\/person\/76abe9f2b2ee4d3d520594c7a35da59f"},"headline":"Durst Group et CERM annoncent un partenariat pour la production d\u2019\u00e9tiquettes","datePublished":"2025-09-10T22:05:23+00:00","dateModified":"2025-09-11T22:23:06+00:00","mainEntityOfPage":{"@id":"https:\/\/www.emballagedigest.fr\/durst-group-et-cerm-annoncent-une-integration-fluide-pour-la-production-detiquettes\/"},"wordCount":323,"publisher":{"@id":"https:\/\/www.emballagedigest.fr\/#organization"},"image":{"@id":"https:\/\/www.emballagedigest.fr\/durst-group-et-cerm-annoncent-une-integration-fluide-pour-la-production-detiquettes\/#primaryimage"},"thumbnailUrl":"https:\/\/www.emballagedigest.fr\/wp-content\/uploads\/2025\/09\/CERM.jpg","articleSection":["Article entier","Mat\u00e9riel"],"inLanguage":"en-GB"},{"@type":"WebPage","@id":"https:\/\/www.emballagedigest.fr\/durst-group-et-cerm-annoncent-une-integration-fluide-pour-la-production-detiquettes\/","url":"https:\/\/www.emballagedigest.fr\/durst-group-et-cerm-annoncent-une-integration-fluide-pour-la-production-detiquettes\/","name":"Durst Group et CERM annoncent un partenariat pour la production d\u2019\u00e9tiquettes - Emballage Digest","isPartOf":{"@id":"https:\/\/www.emballagedigest.fr\/#website"},"primaryImageOfPage":{"@id":"https:\/\/www.emballagedigest.fr\/durst-group-et-cerm-annoncent-une-integration-fluide-pour-la-production-detiquettes\/#primaryimage"},"image":{"@id":"https:\/\/www.emballagedigest.fr\/durst-group-et-cerm-annoncent-une-integration-fluide-pour-la-production-detiquettes\/#primaryimage"},"thumbnailUrl":"https:\/\/www.emballagedigest.fr\/wp-content\/uploads\/2025\/09\/CERM.jpg","datePublished":"2025-09-10T22:05:23+00:00","dateModified":"2025-09-11T22:23:06+00:00","breadcrumb":{"@id":"https:\/\/www.emballagedigest.fr\/durst-group-et-cerm-annoncent-une-integration-fluide-pour-la-production-detiquettes\/#breadcrumb"},"inLanguage":"en-GB","potentialAction":[{"@type":"ReadAction","target":["https:\/\/www.emballagedigest.fr\/durst-group-et-cerm-annoncent-une-integration-fluide-pour-la-production-detiquettes\/"]}]},{"@type":"ImageObject","inLanguage":"en-GB","@id":"https:\/\/www.emballagedigest.fr\/durst-group-et-cerm-annoncent-une-integration-fluide-pour-la-production-detiquettes\/#primaryimage","url":"https:\/\/www.emballagedigest.fr\/wp-content\/uploads\/2025\/09\/CERM.jpg","contentUrl":"https:\/\/www.emballagedigest.fr\/wp-content\/uploads\/2025\/09\/CERM.jpg","width":800,"height":558},{"@type":"BreadcrumbList","@id":"https:\/\/www.emballagedigest.fr\/durst-group-et-cerm-annoncent-une-integration-fluide-pour-la-production-detiquettes\/#breadcrumb","itemListElement":[{"@type":"ListItem","position":1,"name":"Accueil","item":"https:\/\/www.emballagedigest.fr\/"},{"@type":"ListItem","position":2,"name":"Durst Group et CERM annoncent un partenariat pour la production d\u2019\u00e9tiquettes"}]},{"@type":"WebSite","@id":"https:\/\/www.emballagedigest.fr\/#website","url":"https:\/\/www.emballagedigest.fr\/","name":"Emballage Digest","description":"Revue professionnelle sur les emballages","publisher":{"@id":"https:\/\/www.emballagedigest.fr\/#organization"},"potentialAction":[{"@type":"SearchAction","target":{"@type":"EntryPoint","urlTemplate":"https:\/\/www.emballagedigest.fr\/?s={search_term_string}"},"query-input":{"@type":"PropertyValueSpecification","valueRequired":true,"valueName":"search_term_string"}}],"inLanguage":"en-GB"},{"@type":"Organization","@id":"https:\/\/www.emballagedigest.fr\/#organization","name":"Emballage Digest","url":"https:\/\/www.emballagedigest.fr\/","logo":{"@type":"ImageObject","inLanguage":"en-GB","@id":"https:\/\/www.emballagedigest.fr\/#\/schema\/logo\/image\/","url":"https:\/\/www.emballagedigest.fr\/wp-content\/uploads\/2022\/07\/logo-ed.png","contentUrl":"https:\/\/www.emballagedigest.fr\/wp-content\/uploads\/2022\/07\/logo-ed.png","width":379,"height":75,"caption":"Emballage Digest"},"image":{"@id":"https:\/\/www.emballagedigest.fr\/#\/schema\/logo\/image\/"}},{"@type":"Person","@id":"https:\/\/www.emballagedigest.fr\/#\/schema\/person\/76abe9f2b2ee4d3d520594c7a35da59f","name":"Karine Duval","image":{"@type":"ImageObject","inLanguage":"en-GB","@id":"https:\/\/www.emballagedigest.fr\/#\/schema\/person\/image\/","url":"https:\/\/secure.gravatar.com\/avatar\/f552799261cdd2e076e6677d780ef07bdb13aa4c196ab75b39abcbcdcae2d4e5?s=96&d=mm&r=g","contentUrl":"https:\/\/secure.gravatar.com\/avatar\/f552799261cdd2e076e6677d780ef07bdb13aa4c196ab75b39abcbcdcae2d4e5?s=96&d=mm&r=g","caption":"Karine Duval"},"url":"https:\/\/www.emballagedigest.fr\/en\/author\/admin_karduv\/"}]}},"_links":{"self":[{"href":"https:\/\/www.emballagedigest.fr\/en\/wp-json\/wp\/v2\/posts\/45461","targetHints":{"allow":["GET"]}}],"collection":[{"href":"https:\/\/www.emballagedigest.fr\/en\/wp-json\/wp\/v2\/posts"}],"about":[{"href":"https:\/\/www.emballagedigest.fr\/en\/wp-json\/wp\/v2\/types\/post"}],"author":[{"embeddable":true,"href":"https:\/\/www.emballagedigest.fr\/en\/wp-json\/wp\/v2\/users\/2"}],"replies":[{"embeddable":true,"href":"https:\/\/www.emballagedigest.fr\/en\/wp-json\/wp\/v2\/comments?post=45461"}],"version-history":[{"count":2,"href":"https:\/\/www.emballagedigest.fr\/en\/wp-json\/wp\/v2\/posts\/45461\/revisions"}],"predecessor-version":[{"id":45468,"href":"https:\/\/www.emballagedigest.fr\/en\/wp-json\/wp\/v2\/posts\/45461\/revisions\/45468"}],"wp:featuredmedia":[{"embeddable":true,"href":"https:\/\/www.emballagedigest.fr\/en\/wp-json\/wp\/v2\/media\/45462"}],"wp:attachment":[{"href":"https:\/\/www.emballagedigest.fr\/en\/wp-json\/wp\/v2\/media?parent=45461"}],"wp:term":[{"taxonomy":"category","embeddable":true,"href":"https:\/\/www.emballagedigest.fr\/en\/wp-json\/wp\/v2\/categories?post=45461"},{"taxonomy":"post_tag","embeddable":true,"href":"https:\/\/www.emballagedigest.fr\/en\/wp-json\/wp\/v2\/tags?post=45461"}],"curies":[{"name":"wp","href":"https:\/\/api.w.org\/{rel}","templated":true}]}}