{"id":45464,"date":"2025-09-11T00:06:42","date_gmt":"2025-09-10T22:06:42","guid":{"rendered":"https:\/\/www.emballagedigest.fr\/?p=45464"},"modified":"2025-09-11T00:06:44","modified_gmt":"2025-09-10T22:06:44","slug":"la-tannerie-vegetale-devient-renature","status":"publish","type":"post","link":"https:\/\/www.emballagedigest.fr\/en\/la-tannerie-vegetale-devient-renature\/","title":{"rendered":"La Tannerie V\u00e9g\u00e9tale devient Renature"},"content":{"rendered":"<p><strong>A l\u2019origine de Phyli, mat\u00e9riau souple enti\u00e8rement bio-circulaire et alternative au cuir ou au caoutchouc, la Tannerie V\u00e9g\u00e9tale change de nom pour devenir Renature. La jeune entreprise exposera \u00e0 l\u2019espace The Portal du salon Luxe Pack Monaco \u00e0 la fin du mois.<\/strong><\/p>\n\n\n\n<p>Recyclable et compostable \u00e0 l\u2019\u00e9chelle domestique, Phyli est formul\u00e9 \u00e0 partir d\u2019ingr\u00e9dients naturels (biopolym\u00e8res coproduits de c\u00e9r\u00e9ales, tannins v\u00e9g\u00e9taux, polyols, acides gras et d\u00e9riv\u00e9s coproduits de l\u2019huilerie et du bois, charges cellulosiques et min\u00e9rales ou encore colorants issus de d\u00e9chets agroalimentaires et des pigments min\u00e9raux) capable d\u2019offrir les m\u00eame propri\u00e9t\u00e9s du cuir tout en affichant une empreinte carbone en moyenne 12 fois inf\u00e9rieure. Il est produit \u00e0 partir de gisements de proximit\u00e9 favorisant une production locale pour des march\u00e9s locaux et pour les acteurs un ancrage territorial porteur de sens.<\/p>\n\n\n\n<figure class=\"wp-block-image size-full\"><img loading=\"lazy\" decoding=\"async\" width=\"800\" height=\"400\" src=\"https:\/\/www.emballagedigest.fr\/wp-content\/uploads\/2025\/09\/TAnnerie-vegetale2.jpeg\" alt=\"\" class=\"wp-image-45466\" srcset=\"https:\/\/www.emballagedigest.fr\/wp-content\/uploads\/2025\/09\/TAnnerie-vegetale2.jpeg 800w, https:\/\/www.emballagedigest.fr\/wp-content\/uploads\/2025\/09\/TAnnerie-vegetale2-300x150.jpeg 300w, https:\/\/www.emballagedigest.fr\/wp-content\/uploads\/2025\/09\/TAnnerie-vegetale2-768x384.jpeg 768w, https:\/\/www.emballagedigest.fr\/wp-content\/uploads\/2025\/09\/TAnnerie-vegetale2-18x9.jpeg 18w\" sizes=\"auto, (max-width: 800px) 100vw, 800px\" \/><\/figure>\n\n\n\n<p>Enfin, le mat\u00e9riau atteint aujourd\u2019hui un vrai potentiel d\u2019industrialisation et son proc\u00e9d\u00e9 de fabrication une grande versatilit\u00e9 (injection, moulage, compression&#8230;). Ses atouts esth\u00e9tiques et pratiques et ses applications multiples challengent largement des mati\u00e8res telles que le cuir, le simili ou autre PU (plastique). Il est r\u00e9sistant et facile \u00e0 travailler, d\u00e9corer, teinter, imprimer pour un design personnalis\u00e9.<\/p>\n\n\n\n<p>\u00ab Nos expertises de la chimie et du mat\u00e9riau nous ont permis de mettre au point une alternative durable dont les qualit\u00e9s d\u00e9passent toute esp\u00e9rance. Un mat\u00e9riau souple, r\u00e9sistant, largement industrialisable qui utilise des ressources v\u00e9g\u00e9tales locales pour des productions locales&nbsp;\u00bb, explique Fanny Del\u00e9age, la fondatrice de Renature.<\/p>\n\n\n\n<p>Phyli a d\u00e9j\u00e0 s\u00e9duit plusieurs noms de la fili\u00e8re beaut\u00e9 \u00e0 l\u2019instar des entreprises Gainerie&nbsp;91 ou Pujolasos. Plusieurs exemples de cr\u00e9ations r\u00e9alis\u00e9es avec le mat\u00e9riau seront expos\u00e9s sur l\u2019espace The Portal du salon Luxe Pack Monaco du 29 septembre au 1<sup>er<\/sup> octobre 2025.<\/p>","protected":false},"excerpt":{"rendered":"<p>A l\u2019origine de Phyli, mat\u00e9riau souple enti\u00e8rement bio-circulaire et alternative au cuir ou au caoutchouc, la Tannerie V\u00e9g\u00e9tale change de nom pour devenir Renature. La jeune entreprise exposera \u00e0 l\u2019espace The Portal du salon Luxe Pack Monaco \u00e0 la fin du mois. Recyclable et compostable \u00e0 l\u2019\u00e9chelle domestique, Phyli est formul\u00e9 \u00e0 partir d\u2019ingr\u00e9dients naturels [&hellip;]<\/p>","protected":false},"author":2,"featured_media":45465,"comment_status":"closed","ping_status":"closed","sticky":false,"template":"","format":"standard","meta":{"_acf_changed":false,"inline_featured_image":false,"iawp_total_views":14,"footnotes":""},"categories":[28,81,6],"tags":[],"class_list":["post-45464","post","type-post","status-publish","format-standard","has-post-thumbnail","hentry","category-article-entier","category-packaging","category-parfumerie-cosmetique"],"acf":[],"yoast_head":"<!-- This site is optimized with the Yoast SEO plugin v24.4 - https:\/\/yoast.com\/wordpress\/plugins\/seo\/ -->\n<title>La Tannerie V\u00e9g\u00e9tale devient Renature - Emballage Digest<\/title>\n<meta name=\"robots\" content=\"index, follow, max-snippet:-1, max-image-preview:large, max-video-preview:-1\" \/>\n<link rel=\"canonical\" href=\"https:\/\/www.emballagedigest.fr\/en\/la-tannerie-vegetale-devient-renature\/\" \/>\n<meta property=\"og:locale\" content=\"en_GB\" \/>\n<meta property=\"og:type\" content=\"article\" \/>\n<meta property=\"og:title\" content=\"La Tannerie V\u00e9g\u00e9tale devient Renature - Emballage Digest\" \/>\n<meta property=\"og:description\" content=\"A l\u2019origine de Phyli, mat\u00e9riau souple enti\u00e8rement bio-circulaire et alternative au cuir ou au caoutchouc, la Tannerie V\u00e9g\u00e9tale change de nom pour devenir Renature. La jeune entreprise exposera \u00e0 l\u2019espace The Portal du salon Luxe Pack Monaco \u00e0 la fin du mois. Recyclable et compostable \u00e0 l\u2019\u00e9chelle domestique, Phyli est formul\u00e9 \u00e0 partir d\u2019ingr\u00e9dients naturels [&hellip;]\" \/>\n<meta property=\"og:url\" content=\"https:\/\/www.emballagedigest.fr\/en\/la-tannerie-vegetale-devient-renature\/\" \/>\n<meta property=\"og:site_name\" content=\"Emballage Digest\" \/>\n<meta property=\"article:published_time\" content=\"2025-09-10T22:06:42+00:00\" \/>\n<meta property=\"article:modified_time\" content=\"2025-09-10T22:06:44+00:00\" \/>\n<meta property=\"og:image\" content=\"https:\/\/www.emballagedigest.fr\/wp-content\/uploads\/2025\/09\/TAnnerie-vegetale1-scaled.jpeg\" \/>\n\t<meta property=\"og:image:width\" content=\"2560\" \/>\n\t<meta property=\"og:image:height\" content=\"1797\" \/>\n\t<meta property=\"og:image:type\" content=\"image\/jpeg\" \/>\n<meta name=\"author\" content=\"Karine Duval\" \/>\n<meta name=\"twitter:card\" content=\"summary_large_image\" \/>\n<meta name=\"twitter:label1\" content=\"Written by\" \/>\n\t<meta name=\"twitter:data1\" content=\"Karine Duval\" \/>\n\t<meta name=\"twitter:label2\" content=\"Estimated reading time\" \/>\n\t<meta name=\"twitter:data2\" content=\"2 minutes\" \/>\n<script type=\"application\/ld+json\" class=\"yoast-schema-graph\">{\"@context\":\"https:\/\/schema.org\",\"@graph\":[{\"@type\":\"Article\",\"@id\":\"https:\/\/www.emballagedigest.fr\/la-tannerie-vegetale-devient-renature\/#article\",\"isPartOf\":{\"@id\":\"https:\/\/www.emballagedigest.fr\/la-tannerie-vegetale-devient-renature\/\"},\"author\":{\"name\":\"Karine Duval\",\"@id\":\"https:\/\/www.emballagedigest.fr\/#\/schema\/person\/76abe9f2b2ee4d3d520594c7a35da59f\"},\"headline\":\"La Tannerie V\u00e9g\u00e9tale devient Renature\",\"datePublished\":\"2025-09-10T22:06:42+00:00\",\"dateModified\":\"2025-09-10T22:06:44+00:00\",\"mainEntityOfPage\":{\"@id\":\"https:\/\/www.emballagedigest.fr\/la-tannerie-vegetale-devient-renature\/\"},\"wordCount\":331,\"publisher\":{\"@id\":\"https:\/\/www.emballagedigest.fr\/#organization\"},\"image\":{\"@id\":\"https:\/\/www.emballagedigest.fr\/la-tannerie-vegetale-devient-renature\/#primaryimage\"},\"thumbnailUrl\":\"https:\/\/www.emballagedigest.fr\/wp-content\/uploads\/2025\/09\/TAnnerie-vegetale1-scaled.jpeg\",\"articleSection\":[\"Article entier\",\"Packaging\",\"Parfumerie &amp; Cosm\u00e9tique\"],\"inLanguage\":\"en-GB\"},{\"@type\":\"WebPage\",\"@id\":\"https:\/\/www.emballagedigest.fr\/la-tannerie-vegetale-devient-renature\/\",\"url\":\"https:\/\/www.emballagedigest.fr\/la-tannerie-vegetale-devient-renature\/\",\"name\":\"La Tannerie V\u00e9g\u00e9tale devient Renature - Emballage Digest\",\"isPartOf\":{\"@id\":\"https:\/\/www.emballagedigest.fr\/#website\"},\"primaryImageOfPage\":{\"@id\":\"https:\/\/www.emballagedigest.fr\/la-tannerie-vegetale-devient-renature\/#primaryimage\"},\"image\":{\"@id\":\"https:\/\/www.emballagedigest.fr\/la-tannerie-vegetale-devient-renature\/#primaryimage\"},\"thumbnailUrl\":\"https:\/\/www.emballagedigest.fr\/wp-content\/uploads\/2025\/09\/TAnnerie-vegetale1-scaled.jpeg\",\"datePublished\":\"2025-09-10T22:06:42+00:00\",\"dateModified\":\"2025-09-10T22:06:44+00:00\",\"breadcrumb\":{\"@id\":\"https:\/\/www.emballagedigest.fr\/la-tannerie-vegetale-devient-renature\/#breadcrumb\"},\"inLanguage\":\"en-GB\",\"potentialAction\":[{\"@type\":\"ReadAction\",\"target\":[\"https:\/\/www.emballagedigest.fr\/la-tannerie-vegetale-devient-renature\/\"]}]},{\"@type\":\"ImageObject\",\"inLanguage\":\"en-GB\",\"@id\":\"https:\/\/www.emballagedigest.fr\/la-tannerie-vegetale-devient-renature\/#primaryimage\",\"url\":\"https:\/\/www.emballagedigest.fr\/wp-content\/uploads\/2025\/09\/TAnnerie-vegetale1-scaled.jpeg\",\"contentUrl\":\"https:\/\/www.emballagedigest.fr\/wp-content\/uploads\/2025\/09\/TAnnerie-vegetale1-scaled.jpeg\",\"width\":2560,\"height\":1797},{\"@type\":\"BreadcrumbList\",\"@id\":\"https:\/\/www.emballagedigest.fr\/la-tannerie-vegetale-devient-renature\/#breadcrumb\",\"itemListElement\":[{\"@type\":\"ListItem\",\"position\":1,\"name\":\"Accueil\",\"item\":\"https:\/\/www.emballagedigest.fr\/\"},{\"@type\":\"ListItem\",\"position\":2,\"name\":\"La Tannerie V\u00e9g\u00e9tale devient Renature\"}]},{\"@type\":\"WebSite\",\"@id\":\"https:\/\/www.emballagedigest.fr\/#website\",\"url\":\"https:\/\/www.emballagedigest.fr\/\",\"name\":\"Emballage Digest\",\"description\":\"Revue professionnelle sur les emballages\",\"publisher\":{\"@id\":\"https:\/\/www.emballagedigest.fr\/#organization\"},\"potentialAction\":[{\"@type\":\"SearchAction\",\"target\":{\"@type\":\"EntryPoint\",\"urlTemplate\":\"https:\/\/www.emballagedigest.fr\/?s={search_term_string}\"},\"query-input\":{\"@type\":\"PropertyValueSpecification\",\"valueRequired\":true,\"valueName\":\"search_term_string\"}}],\"inLanguage\":\"en-GB\"},{\"@type\":\"Organization\",\"@id\":\"https:\/\/www.emballagedigest.fr\/#organization\",\"name\":\"Emballage Digest\",\"url\":\"https:\/\/www.emballagedigest.fr\/\",\"logo\":{\"@type\":\"ImageObject\",\"inLanguage\":\"en-GB\",\"@id\":\"https:\/\/www.emballagedigest.fr\/#\/schema\/logo\/image\/\",\"url\":\"https:\/\/www.emballagedigest.fr\/wp-content\/uploads\/2022\/07\/logo-ed.png\",\"contentUrl\":\"https:\/\/www.emballagedigest.fr\/wp-content\/uploads\/2022\/07\/logo-ed.png\",\"width\":379,\"height\":75,\"caption\":\"Emballage Digest\"},\"image\":{\"@id\":\"https:\/\/www.emballagedigest.fr\/#\/schema\/logo\/image\/\"}},{\"@type\":\"Person\",\"@id\":\"https:\/\/www.emballagedigest.fr\/#\/schema\/person\/76abe9f2b2ee4d3d520594c7a35da59f\",\"name\":\"Karine Duval\",\"image\":{\"@type\":\"ImageObject\",\"inLanguage\":\"en-GB\",\"@id\":\"https:\/\/www.emballagedigest.fr\/#\/schema\/person\/image\/\",\"url\":\"https:\/\/secure.gravatar.com\/avatar\/f552799261cdd2e076e6677d780ef07bdb13aa4c196ab75b39abcbcdcae2d4e5?s=96&d=mm&r=g\",\"contentUrl\":\"https:\/\/secure.gravatar.com\/avatar\/f552799261cdd2e076e6677d780ef07bdb13aa4c196ab75b39abcbcdcae2d4e5?s=96&d=mm&r=g\",\"caption\":\"Karine Duval\"},\"url\":\"https:\/\/www.emballagedigest.fr\/en\/author\/admin_karduv\/\"}]}<\/script>\n<!-- \/ Yoast SEO plugin. -->","yoast_head_json":{"title":"La Tannerie V\u00e9g\u00e9tale devient Renature - Emballage Digest","robots":{"index":"index","follow":"follow","max-snippet":"max-snippet:-1","max-image-preview":"max-image-preview:large","max-video-preview":"max-video-preview:-1"},"canonical":"https:\/\/www.emballagedigest.fr\/en\/la-tannerie-vegetale-devient-renature\/","og_locale":"en_GB","og_type":"article","og_title":"La Tannerie V\u00e9g\u00e9tale devient Renature - Emballage Digest","og_description":"A l\u2019origine de Phyli, mat\u00e9riau souple enti\u00e8rement bio-circulaire et alternative au cuir ou au caoutchouc, la Tannerie V\u00e9g\u00e9tale change de nom pour devenir Renature. La jeune entreprise exposera \u00e0 l\u2019espace The Portal du salon Luxe Pack Monaco \u00e0 la fin du mois. Recyclable et compostable \u00e0 l\u2019\u00e9chelle domestique, Phyli est formul\u00e9 \u00e0 partir d\u2019ingr\u00e9dients naturels [&hellip;]","og_url":"https:\/\/www.emballagedigest.fr\/en\/la-tannerie-vegetale-devient-renature\/","og_site_name":"Emballage Digest","article_published_time":"2025-09-10T22:06:42+00:00","article_modified_time":"2025-09-10T22:06:44+00:00","og_image":[{"width":2560,"height":1797,"url":"https:\/\/www.emballagedigest.fr\/wp-content\/uploads\/2025\/09\/TAnnerie-vegetale1-scaled.jpeg","type":"image\/jpeg"}],"author":"Karine Duval","twitter_card":"summary_large_image","twitter_misc":{"Written by":"Karine Duval","Estimated reading time":"2 minutes"},"schema":{"@context":"https:\/\/schema.org","@graph":[{"@type":"Article","@id":"https:\/\/www.emballagedigest.fr\/la-tannerie-vegetale-devient-renature\/#article","isPartOf":{"@id":"https:\/\/www.emballagedigest.fr\/la-tannerie-vegetale-devient-renature\/"},"author":{"name":"Karine Duval","@id":"https:\/\/www.emballagedigest.fr\/#\/schema\/person\/76abe9f2b2ee4d3d520594c7a35da59f"},"headline":"La Tannerie V\u00e9g\u00e9tale devient Renature","datePublished":"2025-09-10T22:06:42+00:00","dateModified":"2025-09-10T22:06:44+00:00","mainEntityOfPage":{"@id":"https:\/\/www.emballagedigest.fr\/la-tannerie-vegetale-devient-renature\/"},"wordCount":331,"publisher":{"@id":"https:\/\/www.emballagedigest.fr\/#organization"},"image":{"@id":"https:\/\/www.emballagedigest.fr\/la-tannerie-vegetale-devient-renature\/#primaryimage"},"thumbnailUrl":"https:\/\/www.emballagedigest.fr\/wp-content\/uploads\/2025\/09\/TAnnerie-vegetale1-scaled.jpeg","articleSection":["Article entier","Packaging","Parfumerie &amp; Cosm\u00e9tique"],"inLanguage":"en-GB"},{"@type":"WebPage","@id":"https:\/\/www.emballagedigest.fr\/la-tannerie-vegetale-devient-renature\/","url":"https:\/\/www.emballagedigest.fr\/la-tannerie-vegetale-devient-renature\/","name":"La Tannerie V\u00e9g\u00e9tale devient Renature - Emballage Digest","isPartOf":{"@id":"https:\/\/www.emballagedigest.fr\/#website"},"primaryImageOfPage":{"@id":"https:\/\/www.emballagedigest.fr\/la-tannerie-vegetale-devient-renature\/#primaryimage"},"image":{"@id":"https:\/\/www.emballagedigest.fr\/la-tannerie-vegetale-devient-renature\/#primaryimage"},"thumbnailUrl":"https:\/\/www.emballagedigest.fr\/wp-content\/uploads\/2025\/09\/TAnnerie-vegetale1-scaled.jpeg","datePublished":"2025-09-10T22:06:42+00:00","dateModified":"2025-09-10T22:06:44+00:00","breadcrumb":{"@id":"https:\/\/www.emballagedigest.fr\/la-tannerie-vegetale-devient-renature\/#breadcrumb"},"inLanguage":"en-GB","potentialAction":[{"@type":"ReadAction","target":["https:\/\/www.emballagedigest.fr\/la-tannerie-vegetale-devient-renature\/"]}]},{"@type":"ImageObject","inLanguage":"en-GB","@id":"https:\/\/www.emballagedigest.fr\/la-tannerie-vegetale-devient-renature\/#primaryimage","url":"https:\/\/www.emballagedigest.fr\/wp-content\/uploads\/2025\/09\/TAnnerie-vegetale1-scaled.jpeg","contentUrl":"https:\/\/www.emballagedigest.fr\/wp-content\/uploads\/2025\/09\/TAnnerie-vegetale1-scaled.jpeg","width":2560,"height":1797},{"@type":"BreadcrumbList","@id":"https:\/\/www.emballagedigest.fr\/la-tannerie-vegetale-devient-renature\/#breadcrumb","itemListElement":[{"@type":"ListItem","position":1,"name":"Accueil","item":"https:\/\/www.emballagedigest.fr\/"},{"@type":"ListItem","position":2,"name":"La Tannerie V\u00e9g\u00e9tale devient Renature"}]},{"@type":"WebSite","@id":"https:\/\/www.emballagedigest.fr\/#website","url":"https:\/\/www.emballagedigest.fr\/","name":"Emballage Digest","description":"Revue professionnelle sur les emballages","publisher":{"@id":"https:\/\/www.emballagedigest.fr\/#organization"},"potentialAction":[{"@type":"SearchAction","target":{"@type":"EntryPoint","urlTemplate":"https:\/\/www.emballagedigest.fr\/?s={search_term_string}"},"query-input":{"@type":"PropertyValueSpecification","valueRequired":true,"valueName":"search_term_string"}}],"inLanguage":"en-GB"},{"@type":"Organization","@id":"https:\/\/www.emballagedigest.fr\/#organization","name":"Emballage Digest","url":"https:\/\/www.emballagedigest.fr\/","logo":{"@type":"ImageObject","inLanguage":"en-GB","@id":"https:\/\/www.emballagedigest.fr\/#\/schema\/logo\/image\/","url":"https:\/\/www.emballagedigest.fr\/wp-content\/uploads\/2022\/07\/logo-ed.png","contentUrl":"https:\/\/www.emballagedigest.fr\/wp-content\/uploads\/2022\/07\/logo-ed.png","width":379,"height":75,"caption":"Emballage Digest"},"image":{"@id":"https:\/\/www.emballagedigest.fr\/#\/schema\/logo\/image\/"}},{"@type":"Person","@id":"https:\/\/www.emballagedigest.fr\/#\/schema\/person\/76abe9f2b2ee4d3d520594c7a35da59f","name":"Karine Duval","image":{"@type":"ImageObject","inLanguage":"en-GB","@id":"https:\/\/www.emballagedigest.fr\/#\/schema\/person\/image\/","url":"https:\/\/secure.gravatar.com\/avatar\/f552799261cdd2e076e6677d780ef07bdb13aa4c196ab75b39abcbcdcae2d4e5?s=96&d=mm&r=g","contentUrl":"https:\/\/secure.gravatar.com\/avatar\/f552799261cdd2e076e6677d780ef07bdb13aa4c196ab75b39abcbcdcae2d4e5?s=96&d=mm&r=g","caption":"Karine Duval"},"url":"https:\/\/www.emballagedigest.fr\/en\/author\/admin_karduv\/"}]}},"_links":{"self":[{"href":"https:\/\/www.emballagedigest.fr\/en\/wp-json\/wp\/v2\/posts\/45464","targetHints":{"allow":["GET"]}}],"collection":[{"href":"https:\/\/www.emballagedigest.fr\/en\/wp-json\/wp\/v2\/posts"}],"about":[{"href":"https:\/\/www.emballagedigest.fr\/en\/wp-json\/wp\/v2\/types\/post"}],"author":[{"embeddable":true,"href":"https:\/\/www.emballagedigest.fr\/en\/wp-json\/wp\/v2\/users\/2"}],"replies":[{"embeddable":true,"href":"https:\/\/www.emballagedigest.fr\/en\/wp-json\/wp\/v2\/comments?post=45464"}],"version-history":[{"count":1,"href":"https:\/\/www.emballagedigest.fr\/en\/wp-json\/wp\/v2\/posts\/45464\/revisions"}],"predecessor-version":[{"id":45467,"href":"https:\/\/www.emballagedigest.fr\/en\/wp-json\/wp\/v2\/posts\/45464\/revisions\/45467"}],"wp:featuredmedia":[{"embeddable":true,"href":"https:\/\/www.emballagedigest.fr\/en\/wp-json\/wp\/v2\/media\/45465"}],"wp:attachment":[{"href":"https:\/\/www.emballagedigest.fr\/en\/wp-json\/wp\/v2\/media?parent=45464"}],"wp:term":[{"taxonomy":"category","embeddable":true,"href":"https:\/\/www.emballagedigest.fr\/en\/wp-json\/wp\/v2\/categories?post=45464"},{"taxonomy":"post_tag","embeddable":true,"href":"https:\/\/www.emballagedigest.fr\/en\/wp-json\/wp\/v2\/tags?post=45464"}],"curies":[{"name":"wp","href":"https:\/\/api.w.org\/{rel}","templated":true}]}}