{"id":45772,"date":"2025-10-16T08:58:15","date_gmt":"2025-10-16T06:58:15","guid":{"rendered":"https:\/\/www.emballagedigest.fr\/?p=45772"},"modified":"2025-10-17T00:07:58","modified_gmt":"2025-10-16T22:07:58","slug":"dix-hectares-habille-ses-emballages-de-coiffes-a-effet-marbre","status":"publish","type":"post","link":"https:\/\/www.emballagedigest.fr\/en\/dix-hectares-habille-ses-emballages-de-coiffes-a-effet-marbre\/","title":{"rendered":"Dix Hectares habille ses emballages de coiffes \u00e0 \u00ab\u00a0effet marbr\u00e9\u00a0\u00bb"},"content":{"rendered":"<p><strong>La nouvelle marque de soins Dix Hectares a choisi l\u2019effet marbr\u00e9 pour habiller les coiffes de ses deux premiers produits cosm\u00e9tiques. FaiveleyTech et Sulapac ont de nouveau alli\u00e9 leurs expertises pour concevoir et fabriquer un capot en marbre sombre, d\u2019une grande puret\u00e9 visuelle alliant finesse et esth\u00e9tisme.<\/strong><\/p>\n\n\n\n<p>Pour sa premi\u00e8re ligne de soins articul\u00e9e autour d\u2019un duo \u2013 La Cr\u00e8me de Saison et le S\u00e9rum de Saison -, Dix Hectares a choisi des coiffes au rendu marbr\u00e9. Pour y parvenir, la Business Unit Beaut\u00e9 de FaiveleyTech a relev\u00e9 un nouveau challenge pour les deux coiffes in\u00e9dites qui ont \u00e9t\u00e9 mises au point et produites sur le site d\u2019Orgelet dans le Jura. Con\u00e7ue pour offrir une pr\u00e9hension parfaite, la sph\u00e8re contribue non seulement au design mais enrichit \u00e9galement l\u2019exp\u00e9rience de l\u2019utilisateur.<\/p>\n\n\n\n<p>Le design esth\u00e9tique de la coiffe a repr\u00e9sent\u00e9 deux d\u00e9fis majeurs :<br>\u2022 Perfectionner l\u2019esth\u00e9tique marbr\u00e9e a demand\u00e9 pr\u00e8s d\u2019une centaine d\u2019essais pour atteindre l\u2019\u00e9quilibre id\u00e9al de teinte, de contraste et de veinage d\u00e9licat. La v\u00e9ritable innovation r\u00e9sidait non seulement dans l\u2019harmonisation des tons profonds et sombres avec de fines stries claires, mais aussi dans le mat\u00e9riau biologique utilis\u00e9. Gr\u00e2ce \u00e0 sa technologie innovante de multi-injection, connue sous le nom d\u2019injection sandwich, l\u2019entreprise a inject\u00e9 simultan\u00e9ment quatre colorants, un processus dans lequel FaiveleyTech est reconnu comme le principal expert.<br>\u2022 La g\u00e9om\u00e9trie des coiffes pr\u00e9sentait un autre d\u00e9fi majeur Pour la premi\u00e8re fois, FaiveleyTech a appliqu\u00e9 sa technique de multi-injection \u00e0 des composants pr\u00e9sentant des surfaces planes \u00e9tendues et aux formes uniques. Cette approche \u00e9tait cruciale pour r\u00e9pondre \u00e0 l\u2019exigence de Dix Hectares en mati\u00e8re d\u2019excellence esth\u00e9tique et d\u2019exp\u00e9rience sensorielle.<\/p>\n\n\n\n<p>\u00ab La multi-injection, ou \u201cinjection sandwich\u201d, est bien plus qu\u2019une prouesse technique : elle est un levier d\u2019innovation esth\u00e9tique et durable au service des marques. L\u2019effet marbr\u00e9 offre une exp\u00e9rience visuelle et tactile unique, alliant sensualit\u00e9 et engagement environnemental \u00bb, d\u00e9clare B\u00e9ryl Tomaschett, directrice commerciale chez FaiveleyTech Orgelet.<\/p>\n\n\n\n<p>Dans ce projet, le mat\u00e9riau Sulapac s\u00e9lectionn\u00e9 remplace les plastiques techniques traditionnellement utilis\u00e9s dans l\u2019industrie, tout en permettant une faible empreinte carbone. \u00ab Gr\u00e2ce \u00e0 l\u2019alliance de l\u2019innovation mati\u00e8re de Sulapac et du savoir-faire industriel de FaiveleyTech, l\u2019\u00e9crin Dix Hectares d\u00e9passe sa simple fonction : il devient une v\u00e9ritable \u0153uvre design qui refl\u00e8te l\u2019histoire de la marque et notre ambition commune de prot\u00e9ger le climat et de pr\u00e9server les \u00e9cosyst\u00e8mes \u00bb, d\u00e9clare Colin Strobant, directeur commercial cosm\u00e9tique chez Sulapac.<\/p>","protected":false},"excerpt":{"rendered":"<p>La nouvelle marque de soins Dix Hectares a choisi l\u2019effet marbr\u00e9 pour habiller les coiffes de ses deux premiers produits cosm\u00e9tiques. FaiveleyTech et Sulapac ont de nouveau alli\u00e9 leurs expertises pour concevoir et fabriquer un capot en marbre sombre, d\u2019une grande puret\u00e9 visuelle alliant finesse et esth\u00e9tisme. Pour sa premi\u00e8re ligne de soins articul\u00e9e autour [&hellip;]<\/p>","protected":false},"author":2,"featured_media":45773,"comment_status":"closed","ping_status":"closed","sticky":false,"template":"","format":"standard","meta":{"_acf_changed":false,"inline_featured_image":false,"iawp_total_views":10,"footnotes":""},"categories":[28,4],"tags":[],"class_list":["post-45772","post","type-post","status-publish","format-standard","has-post-thumbnail","hentry","category-article-entier","category-lineaires"],"acf":[],"yoast_head":"<!-- This site is optimized with the Yoast SEO plugin v24.4 - https:\/\/yoast.com\/wordpress\/plugins\/seo\/ -->\n<title>Dix Hectares habille ses emballages de coiffes \u00e0 &quot;effet marbr\u00e9&quot; - Emballage Digest<\/title>\n<meta name=\"robots\" content=\"index, follow, max-snippet:-1, max-image-preview:large, max-video-preview:-1\" \/>\n<link rel=\"canonical\" href=\"https:\/\/www.emballagedigest.fr\/en\/dix-hectares-habille-ses-emballages-de-coiffes-a-effet-marbre\/\" \/>\n<meta property=\"og:locale\" content=\"en_GB\" \/>\n<meta property=\"og:type\" content=\"article\" \/>\n<meta property=\"og:title\" content=\"Dix Hectares habille ses emballages de coiffes \u00e0 &quot;effet marbr\u00e9&quot; - Emballage Digest\" \/>\n<meta property=\"og:description\" content=\"La nouvelle marque de soins Dix Hectares a choisi l\u2019effet marbr\u00e9 pour habiller les coiffes de ses deux premiers produits cosm\u00e9tiques. FaiveleyTech et Sulapac ont de nouveau alli\u00e9 leurs expertises pour concevoir et fabriquer un capot en marbre sombre, d\u2019une grande puret\u00e9 visuelle alliant finesse et esth\u00e9tisme. Pour sa premi\u00e8re ligne de soins articul\u00e9e autour [&hellip;]\" \/>\n<meta property=\"og:url\" content=\"https:\/\/www.emballagedigest.fr\/en\/dix-hectares-habille-ses-emballages-de-coiffes-a-effet-marbre\/\" \/>\n<meta property=\"og:site_name\" content=\"Emballage Digest\" \/>\n<meta property=\"article:published_time\" content=\"2025-10-16T06:58:15+00:00\" \/>\n<meta property=\"article:modified_time\" content=\"2025-10-16T22:07:58+00:00\" \/>\n<meta property=\"og:image\" content=\"https:\/\/www.emballagedigest.fr\/wp-content\/uploads\/2025\/10\/Dix-Hectares.jpg\" \/>\n\t<meta property=\"og:image:width\" content=\"800\" \/>\n\t<meta property=\"og:image:height\" content=\"600\" \/>\n\t<meta property=\"og:image:type\" content=\"image\/jpeg\" \/>\n<meta name=\"author\" content=\"Karine Duval\" \/>\n<meta name=\"twitter:card\" content=\"summary_large_image\" \/>\n<meta name=\"twitter:label1\" content=\"Written by\" \/>\n\t<meta name=\"twitter:data1\" content=\"Karine Duval\" \/>\n\t<meta name=\"twitter:label2\" content=\"Estimated reading time\" \/>\n\t<meta name=\"twitter:data2\" content=\"3 minutes\" \/>\n<script type=\"application\/ld+json\" class=\"yoast-schema-graph\">{\"@context\":\"https:\/\/schema.org\",\"@graph\":[{\"@type\":\"Article\",\"@id\":\"https:\/\/www.emballagedigest.fr\/dix-hectares-habille-ses-emballages-de-coiffes-a-effet-marbre\/#article\",\"isPartOf\":{\"@id\":\"https:\/\/www.emballagedigest.fr\/dix-hectares-habille-ses-emballages-de-coiffes-a-effet-marbre\/\"},\"author\":{\"name\":\"Karine Duval\",\"@id\":\"https:\/\/www.emballagedigest.fr\/#\/schema\/person\/76abe9f2b2ee4d3d520594c7a35da59f\"},\"headline\":\"Dix Hectares habille ses emballages de coiffes \u00e0 \u00ab\u00a0effet marbr\u00e9\u00a0\u00bb\",\"datePublished\":\"2025-10-16T06:58:15+00:00\",\"dateModified\":\"2025-10-16T22:07:58+00:00\",\"mainEntityOfPage\":{\"@id\":\"https:\/\/www.emballagedigest.fr\/dix-hectares-habille-ses-emballages-de-coiffes-a-effet-marbre\/\"},\"wordCount\":467,\"publisher\":{\"@id\":\"https:\/\/www.emballagedigest.fr\/#organization\"},\"image\":{\"@id\":\"https:\/\/www.emballagedigest.fr\/dix-hectares-habille-ses-emballages-de-coiffes-a-effet-marbre\/#primaryimage\"},\"thumbnailUrl\":\"https:\/\/www.emballagedigest.fr\/wp-content\/uploads\/2025\/10\/Dix-Hectares.jpg\",\"articleSection\":[\"Article entier\",\"Lin\u00e9aires\"],\"inLanguage\":\"en-GB\"},{\"@type\":\"WebPage\",\"@id\":\"https:\/\/www.emballagedigest.fr\/dix-hectares-habille-ses-emballages-de-coiffes-a-effet-marbre\/\",\"url\":\"https:\/\/www.emballagedigest.fr\/dix-hectares-habille-ses-emballages-de-coiffes-a-effet-marbre\/\",\"name\":\"Dix Hectares habille ses emballages de coiffes \u00e0 \\\"effet marbr\u00e9\\\" - Emballage Digest\",\"isPartOf\":{\"@id\":\"https:\/\/www.emballagedigest.fr\/#website\"},\"primaryImageOfPage\":{\"@id\":\"https:\/\/www.emballagedigest.fr\/dix-hectares-habille-ses-emballages-de-coiffes-a-effet-marbre\/#primaryimage\"},\"image\":{\"@id\":\"https:\/\/www.emballagedigest.fr\/dix-hectares-habille-ses-emballages-de-coiffes-a-effet-marbre\/#primaryimage\"},\"thumbnailUrl\":\"https:\/\/www.emballagedigest.fr\/wp-content\/uploads\/2025\/10\/Dix-Hectares.jpg\",\"datePublished\":\"2025-10-16T06:58:15+00:00\",\"dateModified\":\"2025-10-16T22:07:58+00:00\",\"breadcrumb\":{\"@id\":\"https:\/\/www.emballagedigest.fr\/dix-hectares-habille-ses-emballages-de-coiffes-a-effet-marbre\/#breadcrumb\"},\"inLanguage\":\"en-GB\",\"potentialAction\":[{\"@type\":\"ReadAction\",\"target\":[\"https:\/\/www.emballagedigest.fr\/dix-hectares-habille-ses-emballages-de-coiffes-a-effet-marbre\/\"]}]},{\"@type\":\"ImageObject\",\"inLanguage\":\"en-GB\",\"@id\":\"https:\/\/www.emballagedigest.fr\/dix-hectares-habille-ses-emballages-de-coiffes-a-effet-marbre\/#primaryimage\",\"url\":\"https:\/\/www.emballagedigest.fr\/wp-content\/uploads\/2025\/10\/Dix-Hectares.jpg\",\"contentUrl\":\"https:\/\/www.emballagedigest.fr\/wp-content\/uploads\/2025\/10\/Dix-Hectares.jpg\",\"width\":800,\"height\":600},{\"@type\":\"BreadcrumbList\",\"@id\":\"https:\/\/www.emballagedigest.fr\/dix-hectares-habille-ses-emballages-de-coiffes-a-effet-marbre\/#breadcrumb\",\"itemListElement\":[{\"@type\":\"ListItem\",\"position\":1,\"name\":\"Accueil\",\"item\":\"https:\/\/www.emballagedigest.fr\/\"},{\"@type\":\"ListItem\",\"position\":2,\"name\":\"Dix Hectares habille ses emballages de coiffes \u00e0 \u00ab\u00a0effet marbr\u00e9\u00a0\u00bb\"}]},{\"@type\":\"WebSite\",\"@id\":\"https:\/\/www.emballagedigest.fr\/#website\",\"url\":\"https:\/\/www.emballagedigest.fr\/\",\"name\":\"Emballage Digest\",\"description\":\"Revue professionnelle sur les emballages\",\"publisher\":{\"@id\":\"https:\/\/www.emballagedigest.fr\/#organization\"},\"potentialAction\":[{\"@type\":\"SearchAction\",\"target\":{\"@type\":\"EntryPoint\",\"urlTemplate\":\"https:\/\/www.emballagedigest.fr\/?s={search_term_string}\"},\"query-input\":{\"@type\":\"PropertyValueSpecification\",\"valueRequired\":true,\"valueName\":\"search_term_string\"}}],\"inLanguage\":\"en-GB\"},{\"@type\":\"Organization\",\"@id\":\"https:\/\/www.emballagedigest.fr\/#organization\",\"name\":\"Emballage Digest\",\"url\":\"https:\/\/www.emballagedigest.fr\/\",\"logo\":{\"@type\":\"ImageObject\",\"inLanguage\":\"en-GB\",\"@id\":\"https:\/\/www.emballagedigest.fr\/#\/schema\/logo\/image\/\",\"url\":\"https:\/\/www.emballagedigest.fr\/wp-content\/uploads\/2022\/07\/logo-ed.png\",\"contentUrl\":\"https:\/\/www.emballagedigest.fr\/wp-content\/uploads\/2022\/07\/logo-ed.png\",\"width\":379,\"height\":75,\"caption\":\"Emballage Digest\"},\"image\":{\"@id\":\"https:\/\/www.emballagedigest.fr\/#\/schema\/logo\/image\/\"}},{\"@type\":\"Person\",\"@id\":\"https:\/\/www.emballagedigest.fr\/#\/schema\/person\/76abe9f2b2ee4d3d520594c7a35da59f\",\"name\":\"Karine Duval\",\"image\":{\"@type\":\"ImageObject\",\"inLanguage\":\"en-GB\",\"@id\":\"https:\/\/www.emballagedigest.fr\/#\/schema\/person\/image\/\",\"url\":\"https:\/\/secure.gravatar.com\/avatar\/f552799261cdd2e076e6677d780ef07bdb13aa4c196ab75b39abcbcdcae2d4e5?s=96&d=mm&r=g\",\"contentUrl\":\"https:\/\/secure.gravatar.com\/avatar\/f552799261cdd2e076e6677d780ef07bdb13aa4c196ab75b39abcbcdcae2d4e5?s=96&d=mm&r=g\",\"caption\":\"Karine Duval\"},\"url\":\"https:\/\/www.emballagedigest.fr\/en\/author\/admin_karduv\/\"}]}<\/script>\n<!-- \/ Yoast SEO plugin. -->","yoast_head_json":{"title":"Dix Hectares habille ses emballages de coiffes \u00e0 \"effet marbr\u00e9\" - Emballage Digest","robots":{"index":"index","follow":"follow","max-snippet":"max-snippet:-1","max-image-preview":"max-image-preview:large","max-video-preview":"max-video-preview:-1"},"canonical":"https:\/\/www.emballagedigest.fr\/en\/dix-hectares-habille-ses-emballages-de-coiffes-a-effet-marbre\/","og_locale":"en_GB","og_type":"article","og_title":"Dix Hectares habille ses emballages de coiffes \u00e0 \"effet marbr\u00e9\" - Emballage Digest","og_description":"La nouvelle marque de soins Dix Hectares a choisi l\u2019effet marbr\u00e9 pour habiller les coiffes de ses deux premiers produits cosm\u00e9tiques. FaiveleyTech et Sulapac ont de nouveau alli\u00e9 leurs expertises pour concevoir et fabriquer un capot en marbre sombre, d\u2019une grande puret\u00e9 visuelle alliant finesse et esth\u00e9tisme. Pour sa premi\u00e8re ligne de soins articul\u00e9e autour [&hellip;]","og_url":"https:\/\/www.emballagedigest.fr\/en\/dix-hectares-habille-ses-emballages-de-coiffes-a-effet-marbre\/","og_site_name":"Emballage Digest","article_published_time":"2025-10-16T06:58:15+00:00","article_modified_time":"2025-10-16T22:07:58+00:00","og_image":[{"width":800,"height":600,"url":"https:\/\/www.emballagedigest.fr\/wp-content\/uploads\/2025\/10\/Dix-Hectares.jpg","type":"image\/jpeg"}],"author":"Karine Duval","twitter_card":"summary_large_image","twitter_misc":{"Written by":"Karine Duval","Estimated reading time":"3 minutes"},"schema":{"@context":"https:\/\/schema.org","@graph":[{"@type":"Article","@id":"https:\/\/www.emballagedigest.fr\/dix-hectares-habille-ses-emballages-de-coiffes-a-effet-marbre\/#article","isPartOf":{"@id":"https:\/\/www.emballagedigest.fr\/dix-hectares-habille-ses-emballages-de-coiffes-a-effet-marbre\/"},"author":{"name":"Karine Duval","@id":"https:\/\/www.emballagedigest.fr\/#\/schema\/person\/76abe9f2b2ee4d3d520594c7a35da59f"},"headline":"Dix Hectares habille ses emballages de coiffes \u00e0 \u00ab\u00a0effet marbr\u00e9\u00a0\u00bb","datePublished":"2025-10-16T06:58:15+00:00","dateModified":"2025-10-16T22:07:58+00:00","mainEntityOfPage":{"@id":"https:\/\/www.emballagedigest.fr\/dix-hectares-habille-ses-emballages-de-coiffes-a-effet-marbre\/"},"wordCount":467,"publisher":{"@id":"https:\/\/www.emballagedigest.fr\/#organization"},"image":{"@id":"https:\/\/www.emballagedigest.fr\/dix-hectares-habille-ses-emballages-de-coiffes-a-effet-marbre\/#primaryimage"},"thumbnailUrl":"https:\/\/www.emballagedigest.fr\/wp-content\/uploads\/2025\/10\/Dix-Hectares.jpg","articleSection":["Article entier","Lin\u00e9aires"],"inLanguage":"en-GB"},{"@type":"WebPage","@id":"https:\/\/www.emballagedigest.fr\/dix-hectares-habille-ses-emballages-de-coiffes-a-effet-marbre\/","url":"https:\/\/www.emballagedigest.fr\/dix-hectares-habille-ses-emballages-de-coiffes-a-effet-marbre\/","name":"Dix Hectares habille ses emballages de coiffes \u00e0 \"effet marbr\u00e9\" - Emballage Digest","isPartOf":{"@id":"https:\/\/www.emballagedigest.fr\/#website"},"primaryImageOfPage":{"@id":"https:\/\/www.emballagedigest.fr\/dix-hectares-habille-ses-emballages-de-coiffes-a-effet-marbre\/#primaryimage"},"image":{"@id":"https:\/\/www.emballagedigest.fr\/dix-hectares-habille-ses-emballages-de-coiffes-a-effet-marbre\/#primaryimage"},"thumbnailUrl":"https:\/\/www.emballagedigest.fr\/wp-content\/uploads\/2025\/10\/Dix-Hectares.jpg","datePublished":"2025-10-16T06:58:15+00:00","dateModified":"2025-10-16T22:07:58+00:00","breadcrumb":{"@id":"https:\/\/www.emballagedigest.fr\/dix-hectares-habille-ses-emballages-de-coiffes-a-effet-marbre\/#breadcrumb"},"inLanguage":"en-GB","potentialAction":[{"@type":"ReadAction","target":["https:\/\/www.emballagedigest.fr\/dix-hectares-habille-ses-emballages-de-coiffes-a-effet-marbre\/"]}]},{"@type":"ImageObject","inLanguage":"en-GB","@id":"https:\/\/www.emballagedigest.fr\/dix-hectares-habille-ses-emballages-de-coiffes-a-effet-marbre\/#primaryimage","url":"https:\/\/www.emballagedigest.fr\/wp-content\/uploads\/2025\/10\/Dix-Hectares.jpg","contentUrl":"https:\/\/www.emballagedigest.fr\/wp-content\/uploads\/2025\/10\/Dix-Hectares.jpg","width":800,"height":600},{"@type":"BreadcrumbList","@id":"https:\/\/www.emballagedigest.fr\/dix-hectares-habille-ses-emballages-de-coiffes-a-effet-marbre\/#breadcrumb","itemListElement":[{"@type":"ListItem","position":1,"name":"Accueil","item":"https:\/\/www.emballagedigest.fr\/"},{"@type":"ListItem","position":2,"name":"Dix Hectares habille ses emballages de coiffes \u00e0 \u00ab\u00a0effet marbr\u00e9\u00a0\u00bb"}]},{"@type":"WebSite","@id":"https:\/\/www.emballagedigest.fr\/#website","url":"https:\/\/www.emballagedigest.fr\/","name":"Emballage Digest","description":"Revue professionnelle sur les emballages","publisher":{"@id":"https:\/\/www.emballagedigest.fr\/#organization"},"potentialAction":[{"@type":"SearchAction","target":{"@type":"EntryPoint","urlTemplate":"https:\/\/www.emballagedigest.fr\/?s={search_term_string}"},"query-input":{"@type":"PropertyValueSpecification","valueRequired":true,"valueName":"search_term_string"}}],"inLanguage":"en-GB"},{"@type":"Organization","@id":"https:\/\/www.emballagedigest.fr\/#organization","name":"Emballage Digest","url":"https:\/\/www.emballagedigest.fr\/","logo":{"@type":"ImageObject","inLanguage":"en-GB","@id":"https:\/\/www.emballagedigest.fr\/#\/schema\/logo\/image\/","url":"https:\/\/www.emballagedigest.fr\/wp-content\/uploads\/2022\/07\/logo-ed.png","contentUrl":"https:\/\/www.emballagedigest.fr\/wp-content\/uploads\/2022\/07\/logo-ed.png","width":379,"height":75,"caption":"Emballage Digest"},"image":{"@id":"https:\/\/www.emballagedigest.fr\/#\/schema\/logo\/image\/"}},{"@type":"Person","@id":"https:\/\/www.emballagedigest.fr\/#\/schema\/person\/76abe9f2b2ee4d3d520594c7a35da59f","name":"Karine Duval","image":{"@type":"ImageObject","inLanguage":"en-GB","@id":"https:\/\/www.emballagedigest.fr\/#\/schema\/person\/image\/","url":"https:\/\/secure.gravatar.com\/avatar\/f552799261cdd2e076e6677d780ef07bdb13aa4c196ab75b39abcbcdcae2d4e5?s=96&d=mm&r=g","contentUrl":"https:\/\/secure.gravatar.com\/avatar\/f552799261cdd2e076e6677d780ef07bdb13aa4c196ab75b39abcbcdcae2d4e5?s=96&d=mm&r=g","caption":"Karine Duval"},"url":"https:\/\/www.emballagedigest.fr\/en\/author\/admin_karduv\/"}]}},"_links":{"self":[{"href":"https:\/\/www.emballagedigest.fr\/en\/wp-json\/wp\/v2\/posts\/45772","targetHints":{"allow":["GET"]}}],"collection":[{"href":"https:\/\/www.emballagedigest.fr\/en\/wp-json\/wp\/v2\/posts"}],"about":[{"href":"https:\/\/www.emballagedigest.fr\/en\/wp-json\/wp\/v2\/types\/post"}],"author":[{"embeddable":true,"href":"https:\/\/www.emballagedigest.fr\/en\/wp-json\/wp\/v2\/users\/2"}],"replies":[{"embeddable":true,"href":"https:\/\/www.emballagedigest.fr\/en\/wp-json\/wp\/v2\/comments?post=45772"}],"version-history":[{"count":1,"href":"https:\/\/www.emballagedigest.fr\/en\/wp-json\/wp\/v2\/posts\/45772\/revisions"}],"predecessor-version":[{"id":45774,"href":"https:\/\/www.emballagedigest.fr\/en\/wp-json\/wp\/v2\/posts\/45772\/revisions\/45774"}],"wp:featuredmedia":[{"embeddable":true,"href":"https:\/\/www.emballagedigest.fr\/en\/wp-json\/wp\/v2\/media\/45773"}],"wp:attachment":[{"href":"https:\/\/www.emballagedigest.fr\/en\/wp-json\/wp\/v2\/media?parent=45772"}],"wp:term":[{"taxonomy":"category","embeddable":true,"href":"https:\/\/www.emballagedigest.fr\/en\/wp-json\/wp\/v2\/categories?post=45772"},{"taxonomy":"post_tag","embeddable":true,"href":"https:\/\/www.emballagedigest.fr\/en\/wp-json\/wp\/v2\/tags?post=45772"}],"curies":[{"name":"wp","href":"https:\/\/api.w.org\/{rel}","templated":true}]}}