{"id":45821,"date":"2025-10-22T00:10:47","date_gmt":"2025-10-21T22:10:47","guid":{"rendered":"https:\/\/www.emballagedigest.fr\/?p=45821"},"modified":"2025-10-23T09:22:37","modified_gmt":"2025-10-23T07:22:37","slug":"prodpack-sur-les-starting-blocks","status":"publish","type":"post","link":"https:\/\/www.emballagedigest.fr\/en\/prodpack-sur-les-starting-blocks\/","title":{"rendered":"Prod&amp;Pack sur les starting blocks"},"content":{"rendered":"<p><strong>A moins d\u2019un mois du salon, Prod&amp;Pack pr\u00e9pare la derni\u00e8re ligne droite. Du process \u00e0 la palettisation, en passant par l\u2019emballage, l\u2019\u00e9v\u00e9nement r\u00e9unira du 18 au 20 novembre 2025, \u00e0 Eurexpo Lyon, les acteurs cl\u00e9s des industries de la production, des process et de l\u2019emballage. L\u2019accent sera mis sur la performance industrielle, la durabilit\u00e9 et l\u2019adaptation aux nouveaux usages. Parmi les nouveaut\u00e9s de cette \u00e9dition, l\u2019ouverture d\u2019un nouveau hall et un showroom exclusif pr\u00e9sentant cinq mini-usines consacr\u00e9es \u00e0 cinq mat\u00e9riaux de l\u2019emballage.<\/strong><\/p>\n\n\n\n<p>Implant\u00e9 \u00e0 Lyon, au c\u0153ur de la premi\u00e8re r\u00e9gion industrielle fran\u00e7aise, Prod&amp;Pack rassemble plus de 750 exposants (+20 % vs 2023) autour de solutions concr\u00e8tes pens\u00e9es pour l\u2019ensemble des fili\u00e8res utilisatrices d\u2019emballage (agroalimentaire, pharmacie, cosm\u00e9tique, m\u00e9canique\u2026).<\/p>\n\n\n\n<p>Prod&amp;Pack met en lumi\u00e8re les mutations en cours dans les secteurs de la production, des proc\u00e9d\u00e9s industriels et de l\u2019emballage. Il couvre ainsi l\u2019ensemble du cycle de vie du produit emball\u00e9, articul\u00e9 autour de quatre secteurs compl\u00e9mentaires : machines et \u00e9quipements d\u2019emballage et de conditionnement\u00a0; machines et \u00e9quipements de production et de transformation\u00a0; emballages, contenants et mat\u00e9riaux\u00a0; et fins de ligne, manutention, stockage, exp\u00e9dition et logistique. L\u2019\u00e9dition 2023 avait attir\u00e9 15 872 visiteurs. \u00ab\u00a0Le succ\u00e8s de la 2<sup>e<\/sup> \u00e9dition de Prod&amp;Pack a rassur\u00e9 les exposants. Nous revenons avec une session encore plus ambitieuse, puisque nous avons ouvert la surface \u00e0 une partie du Hall 7 qui \u00e9tait d\u00e9di\u00e9e en 2023 au salon CFIC. Au total, ce sont 25\u00a0000 m\u00b2 de surface d\u2019exposition que nous offrons aux visiteurs. De grands noms ont ainsi rejoint l\u2019\u00e9v\u00e9nement \u00e0 l\u2019instar de DS Smith ou Smurfit Westrock. Nous esp\u00e9rons ainsi atteindre entre 17 et 18\u00a0000 visiteurs pour 2025\u00a0\u00bb, d\u00e9taille S\u00e9bastien Gillet, directeur de GL Events.<\/p>\n\n\n\n<figure class=\"wp-block-image size-full is-resized\"><img loading=\"lazy\" decoding=\"async\" width=\"800\" height=\"533\" src=\"https:\/\/www.emballagedigest.fr\/wp-content\/uploads\/2025\/10\/ProdPack2.jpg\" alt=\"\" class=\"wp-image-45823\" style=\"width:840px;height:auto\" srcset=\"https:\/\/www.emballagedigest.fr\/wp-content\/uploads\/2025\/10\/ProdPack2.jpg 800w, https:\/\/www.emballagedigest.fr\/wp-content\/uploads\/2025\/10\/ProdPack2-300x200.jpg 300w, https:\/\/www.emballagedigest.fr\/wp-content\/uploads\/2025\/10\/ProdPack2-768x512.jpg 768w, https:\/\/www.emballagedigest.fr\/wp-content\/uploads\/2025\/10\/ProdPack2-18x12.jpg 18w\" sizes=\"auto, (max-width: 800px) 100vw, 800px\" \/><\/figure>\n\n\n\n<p>Grande nouveaut\u00e9 de cette nouvelle \u00e9dition&nbsp;: le showroom des mini-usines, une animation exclusive sur un espace de pr\u00e8s de 800 m\u00b2 au c\u0153ur du Hall 7. Il regroupera cinq mini-usines fonctionnelles pr\u00e9sentant des lignes d\u2019emballage et de conditionnement selon cinq mat\u00e9riaux embl\u00e9matiques : bois, plastique, verre, m\u00e9tal et papier\/carton en mettant en avant la diversit\u00e9 des enjeux industriels du moment (compacit\u00e9, agilit\u00e9, performance \u00e9nerg\u00e9tique, stockage dynamique, r\u00e9emploi, recyclabilit\u00e9, robotique mobile, cobotique, \u2026).<\/p>\n\n\n\n<p>Autres temps fort du salon&nbsp;: l\u2019all\u00e9e des tendances durables qui dans une mise en sc\u00e8ne immersive pr\u00e9sentera des solutions concr\u00e8tes pour l\u2019emballage du futur&nbsp;; le Village du R\u00e9emploi organis\u00e9 avec le R\u00e9seau Vrac &amp; R\u00e9emploi, mettant en lumi\u00e8re les innovations du secteur, avec des d\u00e9monstrations, solutions concr\u00e8tes et \u00e9changes d\u2019expertise, pour r\u00e9pondre concr\u00e8tement aux exigences de la loi AGEC&nbsp;; un programme de conf\u00e9rences tr\u00e8s riche et en point d\u2019orgue, la 3<sup>e<\/sup> \u00e9dition des Assises nationales du R\u00e9emploi, en pr\u00e9sence de Citeo, Go!R\u00e9emploi, R\u00e9seau Vrac &amp; R\u00e9emploi, et d\u2019autres professionnels engag\u00e9s. L\u2019occasion de faire des focus sur les initiatives concr\u00e8tes d\u00e9ploy\u00e9es dans l\u2019Hexagone, dont l\u2019op\u00e9ration pilote Go! R\u00e9emploi, mise en place dans 4 r\u00e9gions, depuis juin 2025, ou l\u2019exp\u00e9rimentation ReCosm d\u00e9di\u00e9e aux emballages cosm\u00e9tiques et flacons de parfums, et aussi d\u2019aborder les r\u00e9formes l\u00e9gales (PPWR, loi AGEC, mutualisation nationale) acc\u00e9l\u00e9rant la transition.<\/p>","protected":false},"excerpt":{"rendered":"<p>A moins d\u2019un mois du salon, Prod&amp;Pack pr\u00e9pare la derni\u00e8re ligne droite. Du process \u00e0 la palettisation, en passant par l\u2019emballage, l\u2019\u00e9v\u00e9nement r\u00e9unira du 18 au 20 novembre 2025, \u00e0 Eurexpo Lyon, les acteurs cl\u00e9s des industries de la production, des process et de l\u2019emballage. L\u2019accent sera mis sur la performance industrielle, la durabilit\u00e9 et [&hellip;]<\/p>","protected":false},"author":2,"featured_media":45822,"comment_status":"closed","ping_status":"closed","sticky":false,"template":"","format":"standard","meta":{"_acf_changed":false,"inline_featured_image":false,"iawp_total_views":5,"footnotes":""},"categories":[28,11,8],"tags":[],"class_list":["post-45821","post","type-post","status-publish","format-standard","has-post-thumbnail","hentry","category-article-entier","category-emballages","category-industrie"],"acf":[],"yoast_head":"<!-- This site is optimized with the Yoast SEO plugin v24.4 - https:\/\/yoast.com\/wordpress\/plugins\/seo\/ -->\n<title>Prod&amp;Pack sur les starting blocks - Emballage Digest<\/title>\n<meta name=\"robots\" content=\"index, follow, max-snippet:-1, max-image-preview:large, max-video-preview:-1\" \/>\n<link rel=\"canonical\" href=\"https:\/\/www.emballagedigest.fr\/en\/prodpack-sur-les-starting-blocks\/\" \/>\n<meta property=\"og:locale\" content=\"en_GB\" \/>\n<meta property=\"og:type\" content=\"article\" \/>\n<meta property=\"og:title\" content=\"Prod&amp;Pack sur les starting blocks - Emballage Digest\" \/>\n<meta property=\"og:description\" content=\"A moins d\u2019un mois du salon, Prod&amp;Pack pr\u00e9pare la derni\u00e8re ligne droite. Du process \u00e0 la palettisation, en passant par l\u2019emballage, l\u2019\u00e9v\u00e9nement r\u00e9unira du 18 au 20 novembre 2025, \u00e0 Eurexpo Lyon, les acteurs cl\u00e9s des industries de la production, des process et de l\u2019emballage. L\u2019accent sera mis sur la performance industrielle, la durabilit\u00e9 et [&hellip;]\" \/>\n<meta property=\"og:url\" content=\"https:\/\/www.emballagedigest.fr\/en\/prodpack-sur-les-starting-blocks\/\" \/>\n<meta property=\"og:site_name\" content=\"Emballage Digest\" \/>\n<meta property=\"article:published_time\" content=\"2025-10-21T22:10:47+00:00\" \/>\n<meta property=\"article:modified_time\" content=\"2025-10-23T07:22:37+00:00\" \/>\n<meta property=\"og:image\" content=\"https:\/\/www.emballagedigest.fr\/wp-content\/uploads\/2025\/10\/ProdPack1-.jpg\" \/>\n\t<meta property=\"og:image:width\" content=\"800\" \/>\n\t<meta property=\"og:image:height\" content=\"567\" \/>\n\t<meta property=\"og:image:type\" content=\"image\/jpeg\" \/>\n<meta name=\"author\" content=\"Karine Duval\" \/>\n<meta name=\"twitter:card\" content=\"summary_large_image\" \/>\n<meta name=\"twitter:label1\" content=\"Written by\" \/>\n\t<meta name=\"twitter:data1\" content=\"Karine Duval\" \/>\n\t<meta name=\"twitter:label2\" content=\"Estimated reading time\" \/>\n\t<meta name=\"twitter:data2\" content=\"3 minutes\" \/>\n<script type=\"application\/ld+json\" class=\"yoast-schema-graph\">{\"@context\":\"https:\/\/schema.org\",\"@graph\":[{\"@type\":\"Article\",\"@id\":\"https:\/\/www.emballagedigest.fr\/prodpack-sur-les-starting-blocks\/#article\",\"isPartOf\":{\"@id\":\"https:\/\/www.emballagedigest.fr\/prodpack-sur-les-starting-blocks\/\"},\"author\":{\"name\":\"Karine Duval\",\"@id\":\"https:\/\/www.emballagedigest.fr\/#\/schema\/person\/76abe9f2b2ee4d3d520594c7a35da59f\"},\"headline\":\"Prod&amp;Pack sur les starting blocks\",\"datePublished\":\"2025-10-21T22:10:47+00:00\",\"dateModified\":\"2025-10-23T07:22:37+00:00\",\"mainEntityOfPage\":{\"@id\":\"https:\/\/www.emballagedigest.fr\/prodpack-sur-les-starting-blocks\/\"},\"wordCount\":585,\"publisher\":{\"@id\":\"https:\/\/www.emballagedigest.fr\/#organization\"},\"image\":{\"@id\":\"https:\/\/www.emballagedigest.fr\/prodpack-sur-les-starting-blocks\/#primaryimage\"},\"thumbnailUrl\":\"https:\/\/www.emballagedigest.fr\/wp-content\/uploads\/2025\/10\/ProdPack1-.jpg\",\"articleSection\":[\"Article entier\",\"Emballages\",\"Industrie\"],\"inLanguage\":\"en-GB\"},{\"@type\":\"WebPage\",\"@id\":\"https:\/\/www.emballagedigest.fr\/prodpack-sur-les-starting-blocks\/\",\"url\":\"https:\/\/www.emballagedigest.fr\/prodpack-sur-les-starting-blocks\/\",\"name\":\"Prod&amp;Pack sur les starting blocks - Emballage Digest\",\"isPartOf\":{\"@id\":\"https:\/\/www.emballagedigest.fr\/#website\"},\"primaryImageOfPage\":{\"@id\":\"https:\/\/www.emballagedigest.fr\/prodpack-sur-les-starting-blocks\/#primaryimage\"},\"image\":{\"@id\":\"https:\/\/www.emballagedigest.fr\/prodpack-sur-les-starting-blocks\/#primaryimage\"},\"thumbnailUrl\":\"https:\/\/www.emballagedigest.fr\/wp-content\/uploads\/2025\/10\/ProdPack1-.jpg\",\"datePublished\":\"2025-10-21T22:10:47+00:00\",\"dateModified\":\"2025-10-23T07:22:37+00:00\",\"breadcrumb\":{\"@id\":\"https:\/\/www.emballagedigest.fr\/prodpack-sur-les-starting-blocks\/#breadcrumb\"},\"inLanguage\":\"en-GB\",\"potentialAction\":[{\"@type\":\"ReadAction\",\"target\":[\"https:\/\/www.emballagedigest.fr\/prodpack-sur-les-starting-blocks\/\"]}]},{\"@type\":\"ImageObject\",\"inLanguage\":\"en-GB\",\"@id\":\"https:\/\/www.emballagedigest.fr\/prodpack-sur-les-starting-blocks\/#primaryimage\",\"url\":\"https:\/\/www.emballagedigest.fr\/wp-content\/uploads\/2025\/10\/ProdPack1-.jpg\",\"contentUrl\":\"https:\/\/www.emballagedigest.fr\/wp-content\/uploads\/2025\/10\/ProdPack1-.jpg\",\"width\":800,\"height\":567},{\"@type\":\"BreadcrumbList\",\"@id\":\"https:\/\/www.emballagedigest.fr\/prodpack-sur-les-starting-blocks\/#breadcrumb\",\"itemListElement\":[{\"@type\":\"ListItem\",\"position\":1,\"name\":\"Accueil\",\"item\":\"https:\/\/www.emballagedigest.fr\/\"},{\"@type\":\"ListItem\",\"position\":2,\"name\":\"Prod&amp;Pack sur les starting blocks\"}]},{\"@type\":\"WebSite\",\"@id\":\"https:\/\/www.emballagedigest.fr\/#website\",\"url\":\"https:\/\/www.emballagedigest.fr\/\",\"name\":\"Emballage Digest\",\"description\":\"Revue professionnelle sur les emballages\",\"publisher\":{\"@id\":\"https:\/\/www.emballagedigest.fr\/#organization\"},\"potentialAction\":[{\"@type\":\"SearchAction\",\"target\":{\"@type\":\"EntryPoint\",\"urlTemplate\":\"https:\/\/www.emballagedigest.fr\/?s={search_term_string}\"},\"query-input\":{\"@type\":\"PropertyValueSpecification\",\"valueRequired\":true,\"valueName\":\"search_term_string\"}}],\"inLanguage\":\"en-GB\"},{\"@type\":\"Organization\",\"@id\":\"https:\/\/www.emballagedigest.fr\/#organization\",\"name\":\"Emballage Digest\",\"url\":\"https:\/\/www.emballagedigest.fr\/\",\"logo\":{\"@type\":\"ImageObject\",\"inLanguage\":\"en-GB\",\"@id\":\"https:\/\/www.emballagedigest.fr\/#\/schema\/logo\/image\/\",\"url\":\"https:\/\/www.emballagedigest.fr\/wp-content\/uploads\/2022\/07\/logo-ed.png\",\"contentUrl\":\"https:\/\/www.emballagedigest.fr\/wp-content\/uploads\/2022\/07\/logo-ed.png\",\"width\":379,\"height\":75,\"caption\":\"Emballage Digest\"},\"image\":{\"@id\":\"https:\/\/www.emballagedigest.fr\/#\/schema\/logo\/image\/\"}},{\"@type\":\"Person\",\"@id\":\"https:\/\/www.emballagedigest.fr\/#\/schema\/person\/76abe9f2b2ee4d3d520594c7a35da59f\",\"name\":\"Karine Duval\",\"image\":{\"@type\":\"ImageObject\",\"inLanguage\":\"en-GB\",\"@id\":\"https:\/\/www.emballagedigest.fr\/#\/schema\/person\/image\/\",\"url\":\"https:\/\/secure.gravatar.com\/avatar\/f552799261cdd2e076e6677d780ef07bdb13aa4c196ab75b39abcbcdcae2d4e5?s=96&d=mm&r=g\",\"contentUrl\":\"https:\/\/secure.gravatar.com\/avatar\/f552799261cdd2e076e6677d780ef07bdb13aa4c196ab75b39abcbcdcae2d4e5?s=96&d=mm&r=g\",\"caption\":\"Karine Duval\"},\"url\":\"https:\/\/www.emballagedigest.fr\/en\/author\/admin_karduv\/\"}]}<\/script>\n<!-- \/ Yoast SEO plugin. -->","yoast_head_json":{"title":"Prod&amp;Pack sur les starting blocks - Emballage Digest","robots":{"index":"index","follow":"follow","max-snippet":"max-snippet:-1","max-image-preview":"max-image-preview:large","max-video-preview":"max-video-preview:-1"},"canonical":"https:\/\/www.emballagedigest.fr\/en\/prodpack-sur-les-starting-blocks\/","og_locale":"en_GB","og_type":"article","og_title":"Prod&amp;Pack sur les starting blocks - Emballage Digest","og_description":"A moins d\u2019un mois du salon, Prod&amp;Pack pr\u00e9pare la derni\u00e8re ligne droite. Du process \u00e0 la palettisation, en passant par l\u2019emballage, l\u2019\u00e9v\u00e9nement r\u00e9unira du 18 au 20 novembre 2025, \u00e0 Eurexpo Lyon, les acteurs cl\u00e9s des industries de la production, des process et de l\u2019emballage. L\u2019accent sera mis sur la performance industrielle, la durabilit\u00e9 et [&hellip;]","og_url":"https:\/\/www.emballagedigest.fr\/en\/prodpack-sur-les-starting-blocks\/","og_site_name":"Emballage Digest","article_published_time":"2025-10-21T22:10:47+00:00","article_modified_time":"2025-10-23T07:22:37+00:00","og_image":[{"width":800,"height":567,"url":"https:\/\/www.emballagedigest.fr\/wp-content\/uploads\/2025\/10\/ProdPack1-.jpg","type":"image\/jpeg"}],"author":"Karine Duval","twitter_card":"summary_large_image","twitter_misc":{"Written by":"Karine Duval","Estimated reading time":"3 minutes"},"schema":{"@context":"https:\/\/schema.org","@graph":[{"@type":"Article","@id":"https:\/\/www.emballagedigest.fr\/prodpack-sur-les-starting-blocks\/#article","isPartOf":{"@id":"https:\/\/www.emballagedigest.fr\/prodpack-sur-les-starting-blocks\/"},"author":{"name":"Karine Duval","@id":"https:\/\/www.emballagedigest.fr\/#\/schema\/person\/76abe9f2b2ee4d3d520594c7a35da59f"},"headline":"Prod&amp;Pack sur les starting blocks","datePublished":"2025-10-21T22:10:47+00:00","dateModified":"2025-10-23T07:22:37+00:00","mainEntityOfPage":{"@id":"https:\/\/www.emballagedigest.fr\/prodpack-sur-les-starting-blocks\/"},"wordCount":585,"publisher":{"@id":"https:\/\/www.emballagedigest.fr\/#organization"},"image":{"@id":"https:\/\/www.emballagedigest.fr\/prodpack-sur-les-starting-blocks\/#primaryimage"},"thumbnailUrl":"https:\/\/www.emballagedigest.fr\/wp-content\/uploads\/2025\/10\/ProdPack1-.jpg","articleSection":["Article entier","Emballages","Industrie"],"inLanguage":"en-GB"},{"@type":"WebPage","@id":"https:\/\/www.emballagedigest.fr\/prodpack-sur-les-starting-blocks\/","url":"https:\/\/www.emballagedigest.fr\/prodpack-sur-les-starting-blocks\/","name":"Prod&amp;Pack sur les starting blocks - Emballage Digest","isPartOf":{"@id":"https:\/\/www.emballagedigest.fr\/#website"},"primaryImageOfPage":{"@id":"https:\/\/www.emballagedigest.fr\/prodpack-sur-les-starting-blocks\/#primaryimage"},"image":{"@id":"https:\/\/www.emballagedigest.fr\/prodpack-sur-les-starting-blocks\/#primaryimage"},"thumbnailUrl":"https:\/\/www.emballagedigest.fr\/wp-content\/uploads\/2025\/10\/ProdPack1-.jpg","datePublished":"2025-10-21T22:10:47+00:00","dateModified":"2025-10-23T07:22:37+00:00","breadcrumb":{"@id":"https:\/\/www.emballagedigest.fr\/prodpack-sur-les-starting-blocks\/#breadcrumb"},"inLanguage":"en-GB","potentialAction":[{"@type":"ReadAction","target":["https:\/\/www.emballagedigest.fr\/prodpack-sur-les-starting-blocks\/"]}]},{"@type":"ImageObject","inLanguage":"en-GB","@id":"https:\/\/www.emballagedigest.fr\/prodpack-sur-les-starting-blocks\/#primaryimage","url":"https:\/\/www.emballagedigest.fr\/wp-content\/uploads\/2025\/10\/ProdPack1-.jpg","contentUrl":"https:\/\/www.emballagedigest.fr\/wp-content\/uploads\/2025\/10\/ProdPack1-.jpg","width":800,"height":567},{"@type":"BreadcrumbList","@id":"https:\/\/www.emballagedigest.fr\/prodpack-sur-les-starting-blocks\/#breadcrumb","itemListElement":[{"@type":"ListItem","position":1,"name":"Accueil","item":"https:\/\/www.emballagedigest.fr\/"},{"@type":"ListItem","position":2,"name":"Prod&amp;Pack sur les starting blocks"}]},{"@type":"WebSite","@id":"https:\/\/www.emballagedigest.fr\/#website","url":"https:\/\/www.emballagedigest.fr\/","name":"Emballage Digest","description":"Revue professionnelle sur les emballages","publisher":{"@id":"https:\/\/www.emballagedigest.fr\/#organization"},"potentialAction":[{"@type":"SearchAction","target":{"@type":"EntryPoint","urlTemplate":"https:\/\/www.emballagedigest.fr\/?s={search_term_string}"},"query-input":{"@type":"PropertyValueSpecification","valueRequired":true,"valueName":"search_term_string"}}],"inLanguage":"en-GB"},{"@type":"Organization","@id":"https:\/\/www.emballagedigest.fr\/#organization","name":"Emballage Digest","url":"https:\/\/www.emballagedigest.fr\/","logo":{"@type":"ImageObject","inLanguage":"en-GB","@id":"https:\/\/www.emballagedigest.fr\/#\/schema\/logo\/image\/","url":"https:\/\/www.emballagedigest.fr\/wp-content\/uploads\/2022\/07\/logo-ed.png","contentUrl":"https:\/\/www.emballagedigest.fr\/wp-content\/uploads\/2022\/07\/logo-ed.png","width":379,"height":75,"caption":"Emballage Digest"},"image":{"@id":"https:\/\/www.emballagedigest.fr\/#\/schema\/logo\/image\/"}},{"@type":"Person","@id":"https:\/\/www.emballagedigest.fr\/#\/schema\/person\/76abe9f2b2ee4d3d520594c7a35da59f","name":"Karine Duval","image":{"@type":"ImageObject","inLanguage":"en-GB","@id":"https:\/\/www.emballagedigest.fr\/#\/schema\/person\/image\/","url":"https:\/\/secure.gravatar.com\/avatar\/f552799261cdd2e076e6677d780ef07bdb13aa4c196ab75b39abcbcdcae2d4e5?s=96&d=mm&r=g","contentUrl":"https:\/\/secure.gravatar.com\/avatar\/f552799261cdd2e076e6677d780ef07bdb13aa4c196ab75b39abcbcdcae2d4e5?s=96&d=mm&r=g","caption":"Karine Duval"},"url":"https:\/\/www.emballagedigest.fr\/en\/author\/admin_karduv\/"}]}},"_links":{"self":[{"href":"https:\/\/www.emballagedigest.fr\/en\/wp-json\/wp\/v2\/posts\/45821","targetHints":{"allow":["GET"]}}],"collection":[{"href":"https:\/\/www.emballagedigest.fr\/en\/wp-json\/wp\/v2\/posts"}],"about":[{"href":"https:\/\/www.emballagedigest.fr\/en\/wp-json\/wp\/v2\/types\/post"}],"author":[{"embeddable":true,"href":"https:\/\/www.emballagedigest.fr\/en\/wp-json\/wp\/v2\/users\/2"}],"replies":[{"embeddable":true,"href":"https:\/\/www.emballagedigest.fr\/en\/wp-json\/wp\/v2\/comments?post=45821"}],"version-history":[{"count":2,"href":"https:\/\/www.emballagedigest.fr\/en\/wp-json\/wp\/v2\/posts\/45821\/revisions"}],"predecessor-version":[{"id":45839,"href":"https:\/\/www.emballagedigest.fr\/en\/wp-json\/wp\/v2\/posts\/45821\/revisions\/45839"}],"wp:featuredmedia":[{"embeddable":true,"href":"https:\/\/www.emballagedigest.fr\/en\/wp-json\/wp\/v2\/media\/45822"}],"wp:attachment":[{"href":"https:\/\/www.emballagedigest.fr\/en\/wp-json\/wp\/v2\/media?parent=45821"}],"wp:term":[{"taxonomy":"category","embeddable":true,"href":"https:\/\/www.emballagedigest.fr\/en\/wp-json\/wp\/v2\/categories?post=45821"},{"taxonomy":"post_tag","embeddable":true,"href":"https:\/\/www.emballagedigest.fr\/en\/wp-json\/wp\/v2\/tags?post=45821"}],"curies":[{"name":"wp","href":"https:\/\/api.w.org\/{rel}","templated":true}]}}