{"id":45825,"date":"2025-10-22T00:12:00","date_gmt":"2025-10-21T22:12:00","guid":{"rendered":"https:\/\/www.emballagedigest.fr\/?p=45825"},"modified":"2025-10-22T00:12:01","modified_gmt":"2025-10-21T22:12:01","slug":"weber-marking-systems-france-devoile-sa-nouvelle-gamme-dimpression-pose","status":"publish","type":"post","link":"https:\/\/www.emballagedigest.fr\/en\/weber-marking-systems-france-devoile-sa-nouvelle-gamme-dimpression-pose\/","title":{"rendered":"Weber Marking Systems France d\u00e9voile sa nouvelle gamme d\u2019impression-pose"},"content":{"rendered":"<p><strong>L\u2019automne s\u2019annonce riche en innovations chez Weber Marking Systems France. L\u2019entreprise d\u00e9voile sa nouvelle gamme d\u2019impression-pose 100% \u00e9lectrique Legi-E et annonce l\u2019arriv\u00e9e d\u2019une nouvelle Responsable Qualit\u00e9.<\/strong><\/p>\n\n\n\n<p>Weber Marking Systems d\u00e9voile la nouvelle g\u00e9n\u00e9ration Legi-E : des syst\u00e8mes d\u2019impression-pose 100% \u00e9lectriques qui red\u00e9finissent les standards de l\u2019\u00e9tiquetage industriel. Pens\u00e9es pour allier performance, flexibilit\u00e9, s\u00e9curit\u00e9 et durabilit\u00e9, les Legi-E incarnent d\u00e9j\u00e0 l\u2019usine connect\u00e9e de demain. Avec les Legi-E, les process sont maitris\u00e9s et permettent une tra\u00e7abilit\u00e9 100% digitale. La ligne offre une cadence de distribution jusqu\u2019\u00e0 60 \u00e9tiquettes\/minute et atteint des vitesses d\u2019impression allant jusqu\u2019\u00e0 40 mm\/s pour un format d\u2019\u00e9tiquette compris entre 40&#215;30 mm et 160&#215;210 mm. A savoir, diff\u00e9rents longueurs d\u2019applicateurs sont disponibles.<\/p>\n\n\n\n<p>En parall\u00e8le, la soci\u00e9t\u00e9 \u00e9toffe ses \u00e9quipes et nomme \u00c9lodie Vallentin, nouvelle Responsable Qualit\u00e9, S\u00e9curit\u00e9 &amp; Environnement chez Weber Marking Systems France.&nbsp;Elle veillera \u00e0 la qualit\u00e9 des produits, \u00e0 l\u2019optimisation des process et au renforcement des actions durables.&nbsp;<\/p>\n\n\n\n<p><\/p>","protected":false},"excerpt":{"rendered":"<p>L\u2019automne s\u2019annonce riche en innovations chez Weber Marking Systems France. L\u2019entreprise d\u00e9voile sa nouvelle gamme d\u2019impression-pose 100% \u00e9lectrique Legi-E et annonce l\u2019arriv\u00e9e d\u2019une nouvelle Responsable Qualit\u00e9. Weber Marking Systems d\u00e9voile la nouvelle g\u00e9n\u00e9ration Legi-E : des syst\u00e8mes d\u2019impression-pose 100% \u00e9lectriques qui red\u00e9finissent les standards de l\u2019\u00e9tiquetage industriel. Pens\u00e9es pour allier performance, flexibilit\u00e9, s\u00e9curit\u00e9 et durabilit\u00e9, [&hellip;]<\/p>","protected":false},"author":2,"featured_media":45826,"comment_status":"closed","ping_status":"closed","sticky":false,"template":"","format":"standard","meta":{"_acf_changed":false,"inline_featured_image":false,"iawp_total_views":2,"footnotes":""},"categories":[28,9],"tags":[],"class_list":["post-45825","post","type-post","status-publish","format-standard","has-post-thumbnail","hentry","category-article-entier","category-materiel"],"acf":[],"yoast_head":"<!-- This site is optimized with the Yoast SEO plugin v24.4 - https:\/\/yoast.com\/wordpress\/plugins\/seo\/ -->\n<title>Weber Marking Systems France d\u00e9voile sa nouvelle gamme d\u2019impression-pose - Emballage Digest<\/title>\n<meta name=\"robots\" content=\"index, follow, max-snippet:-1, max-image-preview:large, max-video-preview:-1\" \/>\n<link rel=\"canonical\" href=\"https:\/\/www.emballagedigest.fr\/en\/weber-marking-systems-france-devoile-sa-nouvelle-gamme-dimpression-pose\/\" \/>\n<meta property=\"og:locale\" content=\"en_GB\" \/>\n<meta property=\"og:type\" content=\"article\" \/>\n<meta property=\"og:title\" content=\"Weber Marking Systems France d\u00e9voile sa nouvelle gamme d\u2019impression-pose - Emballage Digest\" \/>\n<meta property=\"og:description\" content=\"L\u2019automne s\u2019annonce riche en innovations chez Weber Marking Systems France. L\u2019entreprise d\u00e9voile sa nouvelle gamme d\u2019impression-pose 100% \u00e9lectrique Legi-E et annonce l\u2019arriv\u00e9e d\u2019une nouvelle Responsable Qualit\u00e9. Weber Marking Systems d\u00e9voile la nouvelle g\u00e9n\u00e9ration Legi-E : des syst\u00e8mes d\u2019impression-pose 100% \u00e9lectriques qui red\u00e9finissent les standards de l\u2019\u00e9tiquetage industriel. Pens\u00e9es pour allier performance, flexibilit\u00e9, s\u00e9curit\u00e9 et durabilit\u00e9, [&hellip;]\" \/>\n<meta property=\"og:url\" content=\"https:\/\/www.emballagedigest.fr\/en\/weber-marking-systems-france-devoile-sa-nouvelle-gamme-dimpression-pose\/\" \/>\n<meta property=\"og:site_name\" content=\"Emballage Digest\" \/>\n<meta property=\"article:published_time\" content=\"2025-10-21T22:12:00+00:00\" \/>\n<meta property=\"article:modified_time\" content=\"2025-10-21T22:12:01+00:00\" \/>\n<meta property=\"og:image\" content=\"https:\/\/www.emballagedigest.fr\/wp-content\/uploads\/2025\/10\/Weber.jpg\" \/>\n\t<meta property=\"og:image:width\" content=\"800\" \/>\n\t<meta property=\"og:image:height\" content=\"600\" \/>\n\t<meta property=\"og:image:type\" content=\"image\/jpeg\" \/>\n<meta name=\"author\" content=\"Karine Duval\" \/>\n<meta name=\"twitter:card\" content=\"summary_large_image\" \/>\n<meta name=\"twitter:label1\" content=\"Written by\" \/>\n\t<meta name=\"twitter:data1\" content=\"Karine Duval\" \/>\n\t<meta name=\"twitter:label2\" content=\"Estimated reading time\" \/>\n\t<meta name=\"twitter:data2\" content=\"1 minute\" \/>\n<script type=\"application\/ld+json\" class=\"yoast-schema-graph\">{\"@context\":\"https:\/\/schema.org\",\"@graph\":[{\"@type\":\"Article\",\"@id\":\"https:\/\/www.emballagedigest.fr\/weber-marking-systems-france-devoile-sa-nouvelle-gamme-dimpression-pose\/#article\",\"isPartOf\":{\"@id\":\"https:\/\/www.emballagedigest.fr\/weber-marking-systems-france-devoile-sa-nouvelle-gamme-dimpression-pose\/\"},\"author\":{\"name\":\"Karine Duval\",\"@id\":\"https:\/\/www.emballagedigest.fr\/#\/schema\/person\/76abe9f2b2ee4d3d520594c7a35da59f\"},\"headline\":\"Weber Marking Systems France d\u00e9voile sa nouvelle gamme d\u2019impression-pose\",\"datePublished\":\"2025-10-21T22:12:00+00:00\",\"dateModified\":\"2025-10-21T22:12:01+00:00\",\"mainEntityOfPage\":{\"@id\":\"https:\/\/www.emballagedigest.fr\/weber-marking-systems-france-devoile-sa-nouvelle-gamme-dimpression-pose\/\"},\"wordCount\":189,\"publisher\":{\"@id\":\"https:\/\/www.emballagedigest.fr\/#organization\"},\"image\":{\"@id\":\"https:\/\/www.emballagedigest.fr\/weber-marking-systems-france-devoile-sa-nouvelle-gamme-dimpression-pose\/#primaryimage\"},\"thumbnailUrl\":\"https:\/\/www.emballagedigest.fr\/wp-content\/uploads\/2025\/10\/Weber.jpg\",\"articleSection\":[\"Article entier\",\"Mat\u00e9riel\"],\"inLanguage\":\"en-GB\"},{\"@type\":\"WebPage\",\"@id\":\"https:\/\/www.emballagedigest.fr\/weber-marking-systems-france-devoile-sa-nouvelle-gamme-dimpression-pose\/\",\"url\":\"https:\/\/www.emballagedigest.fr\/weber-marking-systems-france-devoile-sa-nouvelle-gamme-dimpression-pose\/\",\"name\":\"Weber Marking Systems France d\u00e9voile sa nouvelle gamme d\u2019impression-pose - Emballage Digest\",\"isPartOf\":{\"@id\":\"https:\/\/www.emballagedigest.fr\/#website\"},\"primaryImageOfPage\":{\"@id\":\"https:\/\/www.emballagedigest.fr\/weber-marking-systems-france-devoile-sa-nouvelle-gamme-dimpression-pose\/#primaryimage\"},\"image\":{\"@id\":\"https:\/\/www.emballagedigest.fr\/weber-marking-systems-france-devoile-sa-nouvelle-gamme-dimpression-pose\/#primaryimage\"},\"thumbnailUrl\":\"https:\/\/www.emballagedigest.fr\/wp-content\/uploads\/2025\/10\/Weber.jpg\",\"datePublished\":\"2025-10-21T22:12:00+00:00\",\"dateModified\":\"2025-10-21T22:12:01+00:00\",\"breadcrumb\":{\"@id\":\"https:\/\/www.emballagedigest.fr\/weber-marking-systems-france-devoile-sa-nouvelle-gamme-dimpression-pose\/#breadcrumb\"},\"inLanguage\":\"en-GB\",\"potentialAction\":[{\"@type\":\"ReadAction\",\"target\":[\"https:\/\/www.emballagedigest.fr\/weber-marking-systems-france-devoile-sa-nouvelle-gamme-dimpression-pose\/\"]}]},{\"@type\":\"ImageObject\",\"inLanguage\":\"en-GB\",\"@id\":\"https:\/\/www.emballagedigest.fr\/weber-marking-systems-france-devoile-sa-nouvelle-gamme-dimpression-pose\/#primaryimage\",\"url\":\"https:\/\/www.emballagedigest.fr\/wp-content\/uploads\/2025\/10\/Weber.jpg\",\"contentUrl\":\"https:\/\/www.emballagedigest.fr\/wp-content\/uploads\/2025\/10\/Weber.jpg\",\"width\":800,\"height\":600},{\"@type\":\"BreadcrumbList\",\"@id\":\"https:\/\/www.emballagedigest.fr\/weber-marking-systems-france-devoile-sa-nouvelle-gamme-dimpression-pose\/#breadcrumb\",\"itemListElement\":[{\"@type\":\"ListItem\",\"position\":1,\"name\":\"Accueil\",\"item\":\"https:\/\/www.emballagedigest.fr\/\"},{\"@type\":\"ListItem\",\"position\":2,\"name\":\"Weber Marking Systems France d\u00e9voile sa nouvelle gamme d\u2019impression-pose\"}]},{\"@type\":\"WebSite\",\"@id\":\"https:\/\/www.emballagedigest.fr\/#website\",\"url\":\"https:\/\/www.emballagedigest.fr\/\",\"name\":\"Emballage Digest\",\"description\":\"Revue professionnelle sur les emballages\",\"publisher\":{\"@id\":\"https:\/\/www.emballagedigest.fr\/#organization\"},\"potentialAction\":[{\"@type\":\"SearchAction\",\"target\":{\"@type\":\"EntryPoint\",\"urlTemplate\":\"https:\/\/www.emballagedigest.fr\/?s={search_term_string}\"},\"query-input\":{\"@type\":\"PropertyValueSpecification\",\"valueRequired\":true,\"valueName\":\"search_term_string\"}}],\"inLanguage\":\"en-GB\"},{\"@type\":\"Organization\",\"@id\":\"https:\/\/www.emballagedigest.fr\/#organization\",\"name\":\"Emballage Digest\",\"url\":\"https:\/\/www.emballagedigest.fr\/\",\"logo\":{\"@type\":\"ImageObject\",\"inLanguage\":\"en-GB\",\"@id\":\"https:\/\/www.emballagedigest.fr\/#\/schema\/logo\/image\/\",\"url\":\"https:\/\/www.emballagedigest.fr\/wp-content\/uploads\/2022\/07\/logo-ed.png\",\"contentUrl\":\"https:\/\/www.emballagedigest.fr\/wp-content\/uploads\/2022\/07\/logo-ed.png\",\"width\":379,\"height\":75,\"caption\":\"Emballage Digest\"},\"image\":{\"@id\":\"https:\/\/www.emballagedigest.fr\/#\/schema\/logo\/image\/\"}},{\"@type\":\"Person\",\"@id\":\"https:\/\/www.emballagedigest.fr\/#\/schema\/person\/76abe9f2b2ee4d3d520594c7a35da59f\",\"name\":\"Karine Duval\",\"image\":{\"@type\":\"ImageObject\",\"inLanguage\":\"en-GB\",\"@id\":\"https:\/\/www.emballagedigest.fr\/#\/schema\/person\/image\/\",\"url\":\"https:\/\/secure.gravatar.com\/avatar\/f552799261cdd2e076e6677d780ef07bdb13aa4c196ab75b39abcbcdcae2d4e5?s=96&d=mm&r=g\",\"contentUrl\":\"https:\/\/secure.gravatar.com\/avatar\/f552799261cdd2e076e6677d780ef07bdb13aa4c196ab75b39abcbcdcae2d4e5?s=96&d=mm&r=g\",\"caption\":\"Karine Duval\"},\"url\":\"https:\/\/www.emballagedigest.fr\/en\/author\/admin_karduv\/\"}]}<\/script>\n<!-- \/ Yoast SEO plugin. -->","yoast_head_json":{"title":"Weber Marking Systems France d\u00e9voile sa nouvelle gamme d\u2019impression-pose - Emballage Digest","robots":{"index":"index","follow":"follow","max-snippet":"max-snippet:-1","max-image-preview":"max-image-preview:large","max-video-preview":"max-video-preview:-1"},"canonical":"https:\/\/www.emballagedigest.fr\/en\/weber-marking-systems-france-devoile-sa-nouvelle-gamme-dimpression-pose\/","og_locale":"en_GB","og_type":"article","og_title":"Weber Marking Systems France d\u00e9voile sa nouvelle gamme d\u2019impression-pose - Emballage Digest","og_description":"L\u2019automne s\u2019annonce riche en innovations chez Weber Marking Systems France. L\u2019entreprise d\u00e9voile sa nouvelle gamme d\u2019impression-pose 100% \u00e9lectrique Legi-E et annonce l\u2019arriv\u00e9e d\u2019une nouvelle Responsable Qualit\u00e9. Weber Marking Systems d\u00e9voile la nouvelle g\u00e9n\u00e9ration Legi-E : des syst\u00e8mes d\u2019impression-pose 100% \u00e9lectriques qui red\u00e9finissent les standards de l\u2019\u00e9tiquetage industriel. Pens\u00e9es pour allier performance, flexibilit\u00e9, s\u00e9curit\u00e9 et durabilit\u00e9, [&hellip;]","og_url":"https:\/\/www.emballagedigest.fr\/en\/weber-marking-systems-france-devoile-sa-nouvelle-gamme-dimpression-pose\/","og_site_name":"Emballage Digest","article_published_time":"2025-10-21T22:12:00+00:00","article_modified_time":"2025-10-21T22:12:01+00:00","og_image":[{"width":800,"height":600,"url":"https:\/\/www.emballagedigest.fr\/wp-content\/uploads\/2025\/10\/Weber.jpg","type":"image\/jpeg"}],"author":"Karine Duval","twitter_card":"summary_large_image","twitter_misc":{"Written by":"Karine Duval","Estimated reading time":"1 minute"},"schema":{"@context":"https:\/\/schema.org","@graph":[{"@type":"Article","@id":"https:\/\/www.emballagedigest.fr\/weber-marking-systems-france-devoile-sa-nouvelle-gamme-dimpression-pose\/#article","isPartOf":{"@id":"https:\/\/www.emballagedigest.fr\/weber-marking-systems-france-devoile-sa-nouvelle-gamme-dimpression-pose\/"},"author":{"name":"Karine Duval","@id":"https:\/\/www.emballagedigest.fr\/#\/schema\/person\/76abe9f2b2ee4d3d520594c7a35da59f"},"headline":"Weber Marking Systems France d\u00e9voile sa nouvelle gamme d\u2019impression-pose","datePublished":"2025-10-21T22:12:00+00:00","dateModified":"2025-10-21T22:12:01+00:00","mainEntityOfPage":{"@id":"https:\/\/www.emballagedigest.fr\/weber-marking-systems-france-devoile-sa-nouvelle-gamme-dimpression-pose\/"},"wordCount":189,"publisher":{"@id":"https:\/\/www.emballagedigest.fr\/#organization"},"image":{"@id":"https:\/\/www.emballagedigest.fr\/weber-marking-systems-france-devoile-sa-nouvelle-gamme-dimpression-pose\/#primaryimage"},"thumbnailUrl":"https:\/\/www.emballagedigest.fr\/wp-content\/uploads\/2025\/10\/Weber.jpg","articleSection":["Article entier","Mat\u00e9riel"],"inLanguage":"en-GB"},{"@type":"WebPage","@id":"https:\/\/www.emballagedigest.fr\/weber-marking-systems-france-devoile-sa-nouvelle-gamme-dimpression-pose\/","url":"https:\/\/www.emballagedigest.fr\/weber-marking-systems-france-devoile-sa-nouvelle-gamme-dimpression-pose\/","name":"Weber Marking Systems France d\u00e9voile sa nouvelle gamme d\u2019impression-pose - Emballage Digest","isPartOf":{"@id":"https:\/\/www.emballagedigest.fr\/#website"},"primaryImageOfPage":{"@id":"https:\/\/www.emballagedigest.fr\/weber-marking-systems-france-devoile-sa-nouvelle-gamme-dimpression-pose\/#primaryimage"},"image":{"@id":"https:\/\/www.emballagedigest.fr\/weber-marking-systems-france-devoile-sa-nouvelle-gamme-dimpression-pose\/#primaryimage"},"thumbnailUrl":"https:\/\/www.emballagedigest.fr\/wp-content\/uploads\/2025\/10\/Weber.jpg","datePublished":"2025-10-21T22:12:00+00:00","dateModified":"2025-10-21T22:12:01+00:00","breadcrumb":{"@id":"https:\/\/www.emballagedigest.fr\/weber-marking-systems-france-devoile-sa-nouvelle-gamme-dimpression-pose\/#breadcrumb"},"inLanguage":"en-GB","potentialAction":[{"@type":"ReadAction","target":["https:\/\/www.emballagedigest.fr\/weber-marking-systems-france-devoile-sa-nouvelle-gamme-dimpression-pose\/"]}]},{"@type":"ImageObject","inLanguage":"en-GB","@id":"https:\/\/www.emballagedigest.fr\/weber-marking-systems-france-devoile-sa-nouvelle-gamme-dimpression-pose\/#primaryimage","url":"https:\/\/www.emballagedigest.fr\/wp-content\/uploads\/2025\/10\/Weber.jpg","contentUrl":"https:\/\/www.emballagedigest.fr\/wp-content\/uploads\/2025\/10\/Weber.jpg","width":800,"height":600},{"@type":"BreadcrumbList","@id":"https:\/\/www.emballagedigest.fr\/weber-marking-systems-france-devoile-sa-nouvelle-gamme-dimpression-pose\/#breadcrumb","itemListElement":[{"@type":"ListItem","position":1,"name":"Accueil","item":"https:\/\/www.emballagedigest.fr\/"},{"@type":"ListItem","position":2,"name":"Weber Marking Systems France d\u00e9voile sa nouvelle gamme d\u2019impression-pose"}]},{"@type":"WebSite","@id":"https:\/\/www.emballagedigest.fr\/#website","url":"https:\/\/www.emballagedigest.fr\/","name":"Emballage Digest","description":"Revue professionnelle sur les emballages","publisher":{"@id":"https:\/\/www.emballagedigest.fr\/#organization"},"potentialAction":[{"@type":"SearchAction","target":{"@type":"EntryPoint","urlTemplate":"https:\/\/www.emballagedigest.fr\/?s={search_term_string}"},"query-input":{"@type":"PropertyValueSpecification","valueRequired":true,"valueName":"search_term_string"}}],"inLanguage":"en-GB"},{"@type":"Organization","@id":"https:\/\/www.emballagedigest.fr\/#organization","name":"Emballage Digest","url":"https:\/\/www.emballagedigest.fr\/","logo":{"@type":"ImageObject","inLanguage":"en-GB","@id":"https:\/\/www.emballagedigest.fr\/#\/schema\/logo\/image\/","url":"https:\/\/www.emballagedigest.fr\/wp-content\/uploads\/2022\/07\/logo-ed.png","contentUrl":"https:\/\/www.emballagedigest.fr\/wp-content\/uploads\/2022\/07\/logo-ed.png","width":379,"height":75,"caption":"Emballage Digest"},"image":{"@id":"https:\/\/www.emballagedigest.fr\/#\/schema\/logo\/image\/"}},{"@type":"Person","@id":"https:\/\/www.emballagedigest.fr\/#\/schema\/person\/76abe9f2b2ee4d3d520594c7a35da59f","name":"Karine Duval","image":{"@type":"ImageObject","inLanguage":"en-GB","@id":"https:\/\/www.emballagedigest.fr\/#\/schema\/person\/image\/","url":"https:\/\/secure.gravatar.com\/avatar\/f552799261cdd2e076e6677d780ef07bdb13aa4c196ab75b39abcbcdcae2d4e5?s=96&d=mm&r=g","contentUrl":"https:\/\/secure.gravatar.com\/avatar\/f552799261cdd2e076e6677d780ef07bdb13aa4c196ab75b39abcbcdcae2d4e5?s=96&d=mm&r=g","caption":"Karine Duval"},"url":"https:\/\/www.emballagedigest.fr\/en\/author\/admin_karduv\/"}]}},"_links":{"self":[{"href":"https:\/\/www.emballagedigest.fr\/en\/wp-json\/wp\/v2\/posts\/45825","targetHints":{"allow":["GET"]}}],"collection":[{"href":"https:\/\/www.emballagedigest.fr\/en\/wp-json\/wp\/v2\/posts"}],"about":[{"href":"https:\/\/www.emballagedigest.fr\/en\/wp-json\/wp\/v2\/types\/post"}],"author":[{"embeddable":true,"href":"https:\/\/www.emballagedigest.fr\/en\/wp-json\/wp\/v2\/users\/2"}],"replies":[{"embeddable":true,"href":"https:\/\/www.emballagedigest.fr\/en\/wp-json\/wp\/v2\/comments?post=45825"}],"version-history":[{"count":1,"href":"https:\/\/www.emballagedigest.fr\/en\/wp-json\/wp\/v2\/posts\/45825\/revisions"}],"predecessor-version":[{"id":45827,"href":"https:\/\/www.emballagedigest.fr\/en\/wp-json\/wp\/v2\/posts\/45825\/revisions\/45827"}],"wp:featuredmedia":[{"embeddable":true,"href":"https:\/\/www.emballagedigest.fr\/en\/wp-json\/wp\/v2\/media\/45826"}],"wp:attachment":[{"href":"https:\/\/www.emballagedigest.fr\/en\/wp-json\/wp\/v2\/media?parent=45825"}],"wp:term":[{"taxonomy":"category","embeddable":true,"href":"https:\/\/www.emballagedigest.fr\/en\/wp-json\/wp\/v2\/categories?post=45825"},{"taxonomy":"post_tag","embeddable":true,"href":"https:\/\/www.emballagedigest.fr\/en\/wp-json\/wp\/v2\/tags?post=45825"}],"curies":[{"name":"wp","href":"https:\/\/api.w.org\/{rel}","templated":true}]}}