{"id":45854,"date":"2025-10-27T09:03:17","date_gmt":"2025-10-27T08:03:17","guid":{"rendered":"https:\/\/www.emballagedigest.fr\/?p=45854"},"modified":"2025-10-28T08:25:05","modified_gmt":"2025-10-28T07:25:05","slug":"gamma-wopla-accompagne-la-transition-logistique-de-vertbaudet","status":"publish","type":"post","link":"https:\/\/www.emballagedigest.fr\/en\/gamma-wopla-accompagne-la-transition-logistique-de-vertbaudet\/","title":{"rendered":"Gamma-Wopla accompagne la transition logistique de Vertbaudet"},"content":{"rendered":"<p><strong>Dans un contexte de transition \u00e9cologique et d\u2019exigence op\u00e9rationnelle, Vertbaudet repense en profondeur sa logistique magasin. En s\u2019associant \u00e0 Gamma-Wopla, l\u2019enseigne entame une bascule vers un mod\u00e8le circulaire, fond\u00e9 sur des bacs plastiques r\u00e9utilisables, et Chronopost, pour un circuit de livraison adapt\u00e9 \u00e0 son r\u00e9seau de 74 magasins.<\/strong><\/p>\n\n\n\n<p>Si 80% des ventes de l\u2019enseigne de v\u00eatements pour enfants Vertbaudet sont aujourd\u2019hui r\u00e9alis\u00e9es en ligne, la pr\u00e9sence physique reste essentielle pour l\u2019image, le conseil et l\u2019exp\u00e9rience client. Ces deux canaux supposent des flux logistiques distincts mais interconnect\u00e9s, avec des rythmes, des contraintes et des objectifs diff\u00e9rents.<\/p>\n\n\n\n<figure class=\"wp-block-image size-full is-resized\"><img loading=\"lazy\" decoding=\"async\" width=\"800\" height=\"533\" src=\"https:\/\/www.emballagedigest.fr\/wp-content\/uploads\/2025\/10\/Gamma2.jpg\" alt=\"\" class=\"wp-image-45856\" style=\"width:840px;height:auto\" srcset=\"https:\/\/www.emballagedigest.fr\/wp-content\/uploads\/2025\/10\/Gamma2.jpg 800w, https:\/\/www.emballagedigest.fr\/wp-content\/uploads\/2025\/10\/Gamma2-300x200.jpg 300w, https:\/\/www.emballagedigest.fr\/wp-content\/uploads\/2025\/10\/Gamma2-768x512.jpg 768w, https:\/\/www.emballagedigest.fr\/wp-content\/uploads\/2025\/10\/Gamma2-18x12.jpg 18w\" sizes=\"auto, (max-width: 800px) 100vw, 800px\" \/><\/figure>\n\n\n\n<p>Jusqu\u2019en 2024, les r\u00e9approvisionnements magasins \u00e9taient assur\u00e9s via des colis cartons \u00e0 usage unique. \u00c0 raison de cinq jours de livraison par semaine et d\u2019un maillage quotidien, ce syst\u00e8me repr\u00e9sentait environ 120 000 cartons exp\u00e9di\u00e9s chaque ann\u00e9e. Le mod\u00e8le induisait une consommation importante de consommables, un volume \u00e9lev\u00e9 de d\u00e9chets, une logistique peu flexible et une charge de travail inutilement r\u00e9p\u00e9titive, tant pour les \u00e9quipes logistiques que pour les collaborateurs en magasin.<\/p>\n\n\n\n<p>Vertbaudet a choisi de s\u2019orienter vers les solutions r\u00e9utilisables de Gamma-Wopla, adapt\u00e9es aux contraintes r\u00e9elles du terrain et capable d\u2019absorber un volume de flux quotidien tout en am\u00e9liorant la tra\u00e7abilit\u00e9, la s\u00e9curit\u00e9 et la qualit\u00e9 d\u2019ex\u00e9cution. \u00ab Le premier objectif \u00e9tait de mettre en place une circularit\u00e9 sur nos flux logistiques, et en particulier sur la pr\u00e9paration magasin \u00bb, explique Antoine Millamon, responsable flux &amp; transport chez Vertbaudet. \u00ab Nous cherchions une solution qui ne soit pas juste une substitution au carton, mais un vrai levier d\u2019am\u00e9lioration de nos m\u00e9thodes de travail, de la s\u00e9curit\u00e9 produit et de l\u2019exp\u00e9rience client \u00bb.<\/p>\n\n\n\n<figure class=\"wp-block-image size-full is-resized\"><img loading=\"lazy\" decoding=\"async\" width=\"800\" height=\"533\" src=\"https:\/\/www.emballagedigest.fr\/wp-content\/uploads\/2025\/10\/Gamma3.jpg\" alt=\"\" class=\"wp-image-45857\" style=\"width:840px;height:auto\" srcset=\"https:\/\/www.emballagedigest.fr\/wp-content\/uploads\/2025\/10\/Gamma3.jpg 800w, https:\/\/www.emballagedigest.fr\/wp-content\/uploads\/2025\/10\/Gamma3-300x200.jpg 300w, https:\/\/www.emballagedigest.fr\/wp-content\/uploads\/2025\/10\/Gamma3-768x512.jpg 768w, https:\/\/www.emballagedigest.fr\/wp-content\/uploads\/2025\/10\/Gamma3-18x12.jpg 18w\" sizes=\"auto, (max-width: 800px) 100vw, 800px\" \/><\/figure>\n\n\n\n<p>Une phase de test a permis de valider l\u2019ad\u00e9quation des bacs aux syst\u00e8mes automatis\u00e9s de pr\u00e9paration et d\u2019\u00e9tiquetage de Vertbaudet, mais aussi leur compatibilit\u00e9 avec le transporteur Chronopost, en charge de la distribution vers les magasins. Ce test grandeur nature a \u00e9t\u00e9 concluant. Au total 2500 bacs ont d\u00e9j\u00e0 \u00e9t\u00e9 command\u00e9s pour remplacer progressivement les cartons sur l\u2019ensemble du flux de pr\u00e9paration magasin. De dimensions standards 600&#215;400 mm et d\u2019une hauteur de 30 cm, ils se sont s\u2019int\u00e9gr\u00e9s parfaitement aux syst\u00e8mes automatis\u00e9s. \u00c9tiquet\u00e9s directement en entrep\u00f4t, ils sont exp\u00e9di\u00e9s empil\u00e9s, livr\u00e9s en magasin le lendemain avant 10h, puis r\u00e9cup\u00e9r\u00e9s, nettoy\u00e9s et remis en circulation. Cette boucle ferm\u00e9e garantit une rotation fluide et une parfaite visibilit\u00e9 sur les volumes en circulation.<\/p>\n\n\n\n<p>Vertbaudet a saisi de ce changement de contenant pour engager une transformation beaucoup plus large de son organisation logistique. La mise en place des bacs s\u2019est accompagn\u00e9e d\u2019une mutualisation des flux web et magasins, avec une ligne de pr\u00e9paration unique, centralis\u00e9e, optimis\u00e9e. Ce choix strat\u00e9gique permet de lisser les pics d\u2019activit\u00e9, de mieux ma\u00eetriser les volumes et de simplifier les process. Les gestes manuels ont \u00e9t\u00e9 r\u00e9duits, les pr\u00e9parations rationalis\u00e9es, les ressources mieux utilis\u00e9es.<\/p>\n\n\n\n<p>Pour les \u00e9quipes sur le terrain, les b\u00e9n\u00e9fices sont visibles imm\u00e9diatement. En entrep\u00f4t, les op\u00e9rateurs n\u2019ont plus \u00e0 monter, scotcher et manipuler des cartons \u00e0 chaque commande. En magasin, les collaborateurs re\u00e7oivent des bacs pr\u00eats \u00e0 l\u2019emploi, qu\u2019ils peuvent facilement ouvrir, vider et stocker. Et gr\u00e2ce \u00e0 l\u2019int\u00e9gration de 175 chariots \u00e0 roulettes, les bacs sont d\u00e9sormais transport\u00e9s sans effort, limitant les risques li\u00e9s au port de charges et am\u00e9liorant significativement l\u2019ergonomie au quotidien.<\/p>\n\n\n\n<p>L\u2019arriv\u00e9e quotidienne d\u2019une semi-remorque charg\u00e9e des bacs plastiques r\u00e9utilisables de Gamma-Wopla permet \u00e0 Chronopost de garantir une logistique efficace. \u00ab&nbsp;Les bacs BD de Gamma-Wopla sont livr\u00e9s en vrac, ce qui permet de charger jusqu\u2019\u00e0 950 unit\u00e9s par camion, contre environ 528 sur palettes. Ce choix repr\u00e9sente un gain de place sup\u00e9rieur \u00e0 55\u202f%, r\u00e9duisant \u00e0 la fois les trajets et les \u00e9missions associ\u00e9es&nbsp;\u00bb, confirme Valentin Huart, responsable grand compte national au sein de la direction commerciale, chez Chronopost.<\/p>\n\n\n\n<p>Gr\u00e2ce au nouveau dispositif, chaque point de vente re\u00e7oit ses bacs en moins de 24 heures, via Chronopost, sur tout le territoire. Plus de 1 365 bacs ont d\u00e9j\u00e0 effectu\u00e9 un aller-retour complet entre entrep\u00f4t et magasins. \u00c0 terme, l\u2019objectif est de remplacer totalement les cartons sur le flux magasin d\u2019ici fin 2025.<\/p>","protected":false},"excerpt":{"rendered":"<p>Dans un contexte de transition \u00e9cologique et d\u2019exigence op\u00e9rationnelle, Vertbaudet repense en profondeur sa logistique magasin. En s\u2019associant \u00e0 Gamma-Wopla, l\u2019enseigne entame une bascule vers un mod\u00e8le circulaire, fond\u00e9 sur des bacs plastiques r\u00e9utilisables, et Chronopost, pour un circuit de livraison adapt\u00e9 \u00e0 son r\u00e9seau de 74 magasins. Si 80% des ventes de l\u2019enseigne de [&hellip;]<\/p>","protected":false},"author":2,"featured_media":45855,"comment_status":"closed","ping_status":"closed","sticky":false,"template":"","format":"standard","meta":{"_acf_changed":false,"inline_featured_image":false,"iawp_total_views":4,"footnotes":""},"categories":[28,11,8],"tags":[],"class_list":["post-45854","post","type-post","status-publish","format-standard","has-post-thumbnail","hentry","category-article-entier","category-emballages","category-industrie"],"acf":[],"yoast_head":"<!-- This site is optimized with the Yoast SEO plugin v24.4 - https:\/\/yoast.com\/wordpress\/plugins\/seo\/ -->\n<title>Gamma-Wopla accompagne la transition logistique de Vertbaudet - Emballage Digest<\/title>\n<meta name=\"robots\" content=\"index, follow, max-snippet:-1, max-image-preview:large, max-video-preview:-1\" \/>\n<link rel=\"canonical\" href=\"https:\/\/www.emballagedigest.fr\/en\/gamma-wopla-accompagne-la-transition-logistique-de-vertbaudet\/\" \/>\n<meta property=\"og:locale\" content=\"en_GB\" \/>\n<meta property=\"og:type\" content=\"article\" \/>\n<meta property=\"og:title\" content=\"Gamma-Wopla accompagne la transition logistique de Vertbaudet - Emballage Digest\" \/>\n<meta property=\"og:description\" content=\"Dans un contexte de transition \u00e9cologique et d\u2019exigence op\u00e9rationnelle, Vertbaudet repense en profondeur sa logistique magasin. En s\u2019associant \u00e0 Gamma-Wopla, l\u2019enseigne entame une bascule vers un mod\u00e8le circulaire, fond\u00e9 sur des bacs plastiques r\u00e9utilisables, et Chronopost, pour un circuit de livraison adapt\u00e9 \u00e0 son r\u00e9seau de 74 magasins. Si 80% des ventes de l\u2019enseigne de [&hellip;]\" \/>\n<meta property=\"og:url\" content=\"https:\/\/www.emballagedigest.fr\/en\/gamma-wopla-accompagne-la-transition-logistique-de-vertbaudet\/\" \/>\n<meta property=\"og:site_name\" content=\"Emballage Digest\" \/>\n<meta property=\"article:published_time\" content=\"2025-10-27T08:03:17+00:00\" \/>\n<meta property=\"article:modified_time\" content=\"2025-10-28T07:25:05+00:00\" \/>\n<meta property=\"og:image\" content=\"https:\/\/www.emballagedigest.fr\/wp-content\/uploads\/2025\/10\/Gamma1.jpg\" \/>\n\t<meta property=\"og:image:width\" content=\"800\" \/>\n\t<meta property=\"og:image:height\" content=\"602\" \/>\n\t<meta property=\"og:image:type\" content=\"image\/jpeg\" \/>\n<meta name=\"author\" content=\"Karine Duval\" \/>\n<meta name=\"twitter:card\" content=\"summary_large_image\" \/>\n<meta name=\"twitter:label1\" content=\"Written by\" \/>\n\t<meta name=\"twitter:data1\" content=\"Karine Duval\" \/>\n\t<meta name=\"twitter:label2\" content=\"Estimated reading time\" \/>\n\t<meta name=\"twitter:data2\" content=\"4 minutes\" \/>\n<script type=\"application\/ld+json\" class=\"yoast-schema-graph\">{\"@context\":\"https:\/\/schema.org\",\"@graph\":[{\"@type\":\"Article\",\"@id\":\"https:\/\/www.emballagedigest.fr\/gamma-wopla-accompagne-la-transition-logistique-de-vertbaudet\/#article\",\"isPartOf\":{\"@id\":\"https:\/\/www.emballagedigest.fr\/gamma-wopla-accompagne-la-transition-logistique-de-vertbaudet\/\"},\"author\":{\"name\":\"Karine Duval\",\"@id\":\"https:\/\/www.emballagedigest.fr\/#\/schema\/person\/76abe9f2b2ee4d3d520594c7a35da59f\"},\"headline\":\"Gamma-Wopla accompagne la transition logistique de Vertbaudet\",\"datePublished\":\"2025-10-27T08:03:17+00:00\",\"dateModified\":\"2025-10-28T07:25:05+00:00\",\"mainEntityOfPage\":{\"@id\":\"https:\/\/www.emballagedigest.fr\/gamma-wopla-accompagne-la-transition-logistique-de-vertbaudet\/\"},\"wordCount\":767,\"publisher\":{\"@id\":\"https:\/\/www.emballagedigest.fr\/#organization\"},\"image\":{\"@id\":\"https:\/\/www.emballagedigest.fr\/gamma-wopla-accompagne-la-transition-logistique-de-vertbaudet\/#primaryimage\"},\"thumbnailUrl\":\"https:\/\/www.emballagedigest.fr\/wp-content\/uploads\/2025\/10\/Gamma1.jpg\",\"articleSection\":[\"Article entier\",\"Emballages\",\"Industrie\"],\"inLanguage\":\"en-GB\"},{\"@type\":\"WebPage\",\"@id\":\"https:\/\/www.emballagedigest.fr\/gamma-wopla-accompagne-la-transition-logistique-de-vertbaudet\/\",\"url\":\"https:\/\/www.emballagedigest.fr\/gamma-wopla-accompagne-la-transition-logistique-de-vertbaudet\/\",\"name\":\"Gamma-Wopla accompagne la transition logistique de Vertbaudet - Emballage Digest\",\"isPartOf\":{\"@id\":\"https:\/\/www.emballagedigest.fr\/#website\"},\"primaryImageOfPage\":{\"@id\":\"https:\/\/www.emballagedigest.fr\/gamma-wopla-accompagne-la-transition-logistique-de-vertbaudet\/#primaryimage\"},\"image\":{\"@id\":\"https:\/\/www.emballagedigest.fr\/gamma-wopla-accompagne-la-transition-logistique-de-vertbaudet\/#primaryimage\"},\"thumbnailUrl\":\"https:\/\/www.emballagedigest.fr\/wp-content\/uploads\/2025\/10\/Gamma1.jpg\",\"datePublished\":\"2025-10-27T08:03:17+00:00\",\"dateModified\":\"2025-10-28T07:25:05+00:00\",\"breadcrumb\":{\"@id\":\"https:\/\/www.emballagedigest.fr\/gamma-wopla-accompagne-la-transition-logistique-de-vertbaudet\/#breadcrumb\"},\"inLanguage\":\"en-GB\",\"potentialAction\":[{\"@type\":\"ReadAction\",\"target\":[\"https:\/\/www.emballagedigest.fr\/gamma-wopla-accompagne-la-transition-logistique-de-vertbaudet\/\"]}]},{\"@type\":\"ImageObject\",\"inLanguage\":\"en-GB\",\"@id\":\"https:\/\/www.emballagedigest.fr\/gamma-wopla-accompagne-la-transition-logistique-de-vertbaudet\/#primaryimage\",\"url\":\"https:\/\/www.emballagedigest.fr\/wp-content\/uploads\/2025\/10\/Gamma1.jpg\",\"contentUrl\":\"https:\/\/www.emballagedigest.fr\/wp-content\/uploads\/2025\/10\/Gamma1.jpg\",\"width\":800,\"height\":602},{\"@type\":\"BreadcrumbList\",\"@id\":\"https:\/\/www.emballagedigest.fr\/gamma-wopla-accompagne-la-transition-logistique-de-vertbaudet\/#breadcrumb\",\"itemListElement\":[{\"@type\":\"ListItem\",\"position\":1,\"name\":\"Accueil\",\"item\":\"https:\/\/www.emballagedigest.fr\/\"},{\"@type\":\"ListItem\",\"position\":2,\"name\":\"Gamma-Wopla accompagne la transition logistique de Vertbaudet\"}]},{\"@type\":\"WebSite\",\"@id\":\"https:\/\/www.emballagedigest.fr\/#website\",\"url\":\"https:\/\/www.emballagedigest.fr\/\",\"name\":\"Emballage Digest\",\"description\":\"Revue professionnelle sur les emballages\",\"publisher\":{\"@id\":\"https:\/\/www.emballagedigest.fr\/#organization\"},\"potentialAction\":[{\"@type\":\"SearchAction\",\"target\":{\"@type\":\"EntryPoint\",\"urlTemplate\":\"https:\/\/www.emballagedigest.fr\/?s={search_term_string}\"},\"query-input\":{\"@type\":\"PropertyValueSpecification\",\"valueRequired\":true,\"valueName\":\"search_term_string\"}}],\"inLanguage\":\"en-GB\"},{\"@type\":\"Organization\",\"@id\":\"https:\/\/www.emballagedigest.fr\/#organization\",\"name\":\"Emballage Digest\",\"url\":\"https:\/\/www.emballagedigest.fr\/\",\"logo\":{\"@type\":\"ImageObject\",\"inLanguage\":\"en-GB\",\"@id\":\"https:\/\/www.emballagedigest.fr\/#\/schema\/logo\/image\/\",\"url\":\"https:\/\/www.emballagedigest.fr\/wp-content\/uploads\/2022\/07\/logo-ed.png\",\"contentUrl\":\"https:\/\/www.emballagedigest.fr\/wp-content\/uploads\/2022\/07\/logo-ed.png\",\"width\":379,\"height\":75,\"caption\":\"Emballage Digest\"},\"image\":{\"@id\":\"https:\/\/www.emballagedigest.fr\/#\/schema\/logo\/image\/\"}},{\"@type\":\"Person\",\"@id\":\"https:\/\/www.emballagedigest.fr\/#\/schema\/person\/76abe9f2b2ee4d3d520594c7a35da59f\",\"name\":\"Karine Duval\",\"image\":{\"@type\":\"ImageObject\",\"inLanguage\":\"en-GB\",\"@id\":\"https:\/\/www.emballagedigest.fr\/#\/schema\/person\/image\/\",\"url\":\"https:\/\/secure.gravatar.com\/avatar\/f552799261cdd2e076e6677d780ef07bdb13aa4c196ab75b39abcbcdcae2d4e5?s=96&d=mm&r=g\",\"contentUrl\":\"https:\/\/secure.gravatar.com\/avatar\/f552799261cdd2e076e6677d780ef07bdb13aa4c196ab75b39abcbcdcae2d4e5?s=96&d=mm&r=g\",\"caption\":\"Karine Duval\"},\"url\":\"https:\/\/www.emballagedigest.fr\/en\/author\/admin_karduv\/\"}]}<\/script>\n<!-- \/ Yoast SEO plugin. -->","yoast_head_json":{"title":"Gamma-Wopla accompagne la transition logistique de Vertbaudet - Emballage Digest","robots":{"index":"index","follow":"follow","max-snippet":"max-snippet:-1","max-image-preview":"max-image-preview:large","max-video-preview":"max-video-preview:-1"},"canonical":"https:\/\/www.emballagedigest.fr\/en\/gamma-wopla-accompagne-la-transition-logistique-de-vertbaudet\/","og_locale":"en_GB","og_type":"article","og_title":"Gamma-Wopla accompagne la transition logistique de Vertbaudet - Emballage Digest","og_description":"Dans un contexte de transition \u00e9cologique et d\u2019exigence op\u00e9rationnelle, Vertbaudet repense en profondeur sa logistique magasin. En s\u2019associant \u00e0 Gamma-Wopla, l\u2019enseigne entame une bascule vers un mod\u00e8le circulaire, fond\u00e9 sur des bacs plastiques r\u00e9utilisables, et Chronopost, pour un circuit de livraison adapt\u00e9 \u00e0 son r\u00e9seau de 74 magasins. Si 80% des ventes de l\u2019enseigne de [&hellip;]","og_url":"https:\/\/www.emballagedigest.fr\/en\/gamma-wopla-accompagne-la-transition-logistique-de-vertbaudet\/","og_site_name":"Emballage Digest","article_published_time":"2025-10-27T08:03:17+00:00","article_modified_time":"2025-10-28T07:25:05+00:00","og_image":[{"width":800,"height":602,"url":"https:\/\/www.emballagedigest.fr\/wp-content\/uploads\/2025\/10\/Gamma1.jpg","type":"image\/jpeg"}],"author":"Karine Duval","twitter_card":"summary_large_image","twitter_misc":{"Written by":"Karine Duval","Estimated reading time":"4 minutes"},"schema":{"@context":"https:\/\/schema.org","@graph":[{"@type":"Article","@id":"https:\/\/www.emballagedigest.fr\/gamma-wopla-accompagne-la-transition-logistique-de-vertbaudet\/#article","isPartOf":{"@id":"https:\/\/www.emballagedigest.fr\/gamma-wopla-accompagne-la-transition-logistique-de-vertbaudet\/"},"author":{"name":"Karine Duval","@id":"https:\/\/www.emballagedigest.fr\/#\/schema\/person\/76abe9f2b2ee4d3d520594c7a35da59f"},"headline":"Gamma-Wopla accompagne la transition logistique de Vertbaudet","datePublished":"2025-10-27T08:03:17+00:00","dateModified":"2025-10-28T07:25:05+00:00","mainEntityOfPage":{"@id":"https:\/\/www.emballagedigest.fr\/gamma-wopla-accompagne-la-transition-logistique-de-vertbaudet\/"},"wordCount":767,"publisher":{"@id":"https:\/\/www.emballagedigest.fr\/#organization"},"image":{"@id":"https:\/\/www.emballagedigest.fr\/gamma-wopla-accompagne-la-transition-logistique-de-vertbaudet\/#primaryimage"},"thumbnailUrl":"https:\/\/www.emballagedigest.fr\/wp-content\/uploads\/2025\/10\/Gamma1.jpg","articleSection":["Article entier","Emballages","Industrie"],"inLanguage":"en-GB"},{"@type":"WebPage","@id":"https:\/\/www.emballagedigest.fr\/gamma-wopla-accompagne-la-transition-logistique-de-vertbaudet\/","url":"https:\/\/www.emballagedigest.fr\/gamma-wopla-accompagne-la-transition-logistique-de-vertbaudet\/","name":"Gamma-Wopla accompagne la transition logistique de Vertbaudet - Emballage Digest","isPartOf":{"@id":"https:\/\/www.emballagedigest.fr\/#website"},"primaryImageOfPage":{"@id":"https:\/\/www.emballagedigest.fr\/gamma-wopla-accompagne-la-transition-logistique-de-vertbaudet\/#primaryimage"},"image":{"@id":"https:\/\/www.emballagedigest.fr\/gamma-wopla-accompagne-la-transition-logistique-de-vertbaudet\/#primaryimage"},"thumbnailUrl":"https:\/\/www.emballagedigest.fr\/wp-content\/uploads\/2025\/10\/Gamma1.jpg","datePublished":"2025-10-27T08:03:17+00:00","dateModified":"2025-10-28T07:25:05+00:00","breadcrumb":{"@id":"https:\/\/www.emballagedigest.fr\/gamma-wopla-accompagne-la-transition-logistique-de-vertbaudet\/#breadcrumb"},"inLanguage":"en-GB","potentialAction":[{"@type":"ReadAction","target":["https:\/\/www.emballagedigest.fr\/gamma-wopla-accompagne-la-transition-logistique-de-vertbaudet\/"]}]},{"@type":"ImageObject","inLanguage":"en-GB","@id":"https:\/\/www.emballagedigest.fr\/gamma-wopla-accompagne-la-transition-logistique-de-vertbaudet\/#primaryimage","url":"https:\/\/www.emballagedigest.fr\/wp-content\/uploads\/2025\/10\/Gamma1.jpg","contentUrl":"https:\/\/www.emballagedigest.fr\/wp-content\/uploads\/2025\/10\/Gamma1.jpg","width":800,"height":602},{"@type":"BreadcrumbList","@id":"https:\/\/www.emballagedigest.fr\/gamma-wopla-accompagne-la-transition-logistique-de-vertbaudet\/#breadcrumb","itemListElement":[{"@type":"ListItem","position":1,"name":"Accueil","item":"https:\/\/www.emballagedigest.fr\/"},{"@type":"ListItem","position":2,"name":"Gamma-Wopla accompagne la transition logistique de Vertbaudet"}]},{"@type":"WebSite","@id":"https:\/\/www.emballagedigest.fr\/#website","url":"https:\/\/www.emballagedigest.fr\/","name":"Emballage Digest","description":"Revue professionnelle sur les emballages","publisher":{"@id":"https:\/\/www.emballagedigest.fr\/#organization"},"potentialAction":[{"@type":"SearchAction","target":{"@type":"EntryPoint","urlTemplate":"https:\/\/www.emballagedigest.fr\/?s={search_term_string}"},"query-input":{"@type":"PropertyValueSpecification","valueRequired":true,"valueName":"search_term_string"}}],"inLanguage":"en-GB"},{"@type":"Organization","@id":"https:\/\/www.emballagedigest.fr\/#organization","name":"Emballage Digest","url":"https:\/\/www.emballagedigest.fr\/","logo":{"@type":"ImageObject","inLanguage":"en-GB","@id":"https:\/\/www.emballagedigest.fr\/#\/schema\/logo\/image\/","url":"https:\/\/www.emballagedigest.fr\/wp-content\/uploads\/2022\/07\/logo-ed.png","contentUrl":"https:\/\/www.emballagedigest.fr\/wp-content\/uploads\/2022\/07\/logo-ed.png","width":379,"height":75,"caption":"Emballage Digest"},"image":{"@id":"https:\/\/www.emballagedigest.fr\/#\/schema\/logo\/image\/"}},{"@type":"Person","@id":"https:\/\/www.emballagedigest.fr\/#\/schema\/person\/76abe9f2b2ee4d3d520594c7a35da59f","name":"Karine Duval","image":{"@type":"ImageObject","inLanguage":"en-GB","@id":"https:\/\/www.emballagedigest.fr\/#\/schema\/person\/image\/","url":"https:\/\/secure.gravatar.com\/avatar\/f552799261cdd2e076e6677d780ef07bdb13aa4c196ab75b39abcbcdcae2d4e5?s=96&d=mm&r=g","contentUrl":"https:\/\/secure.gravatar.com\/avatar\/f552799261cdd2e076e6677d780ef07bdb13aa4c196ab75b39abcbcdcae2d4e5?s=96&d=mm&r=g","caption":"Karine Duval"},"url":"https:\/\/www.emballagedigest.fr\/en\/author\/admin_karduv\/"}]}},"_links":{"self":[{"href":"https:\/\/www.emballagedigest.fr\/en\/wp-json\/wp\/v2\/posts\/45854","targetHints":{"allow":["GET"]}}],"collection":[{"href":"https:\/\/www.emballagedigest.fr\/en\/wp-json\/wp\/v2\/posts"}],"about":[{"href":"https:\/\/www.emballagedigest.fr\/en\/wp-json\/wp\/v2\/types\/post"}],"author":[{"embeddable":true,"href":"https:\/\/www.emballagedigest.fr\/en\/wp-json\/wp\/v2\/users\/2"}],"replies":[{"embeddable":true,"href":"https:\/\/www.emballagedigest.fr\/en\/wp-json\/wp\/v2\/comments?post=45854"}],"version-history":[{"count":1,"href":"https:\/\/www.emballagedigest.fr\/en\/wp-json\/wp\/v2\/posts\/45854\/revisions"}],"predecessor-version":[{"id":45858,"href":"https:\/\/www.emballagedigest.fr\/en\/wp-json\/wp\/v2\/posts\/45854\/revisions\/45858"}],"wp:featuredmedia":[{"embeddable":true,"href":"https:\/\/www.emballagedigest.fr\/en\/wp-json\/wp\/v2\/media\/45855"}],"wp:attachment":[{"href":"https:\/\/www.emballagedigest.fr\/en\/wp-json\/wp\/v2\/media?parent=45854"}],"wp:term":[{"taxonomy":"category","embeddable":true,"href":"https:\/\/www.emballagedigest.fr\/en\/wp-json\/wp\/v2\/categories?post=45854"},{"taxonomy":"post_tag","embeddable":true,"href":"https:\/\/www.emballagedigest.fr\/en\/wp-json\/wp\/v2\/tags?post=45854"}],"curies":[{"name":"wp","href":"https:\/\/api.w.org\/{rel}","templated":true}]}}