{"id":45870,"date":"2025-10-28T08:26:37","date_gmt":"2025-10-28T07:26:37","guid":{"rendered":"https:\/\/www.emballagedigest.fr\/?p=45870"},"modified":"2025-10-29T08:26:22","modified_gmt":"2025-10-29T07:26:22","slug":"les-consommateurs-prets-a-basculer-vers-la-consigne","status":"publish","type":"post","link":"https:\/\/www.emballagedigest.fr\/en\/les-consommateurs-prets-a-basculer-vers-la-consigne\/","title":{"rendered":"Les consommateurs pr\u00eats \u00e0 basculer vers la consigne"},"content":{"rendered":"<p><strong>D\u2019apr\u00e8s un sondage CSA exclusif r\u00e9alis\u00e9 pour Citeo, les Fran\u00e7ais pl\u00e9biscitent massivement la consigne comme solution pour lutter contre la pollution plastique et r\u00e9duire la production de d\u00e9chets. 93% d\u2019entre eux se d\u00e9clarent favorables au d\u00e9veloppement de ce syst\u00e8me jug\u00e9 efficace, b\u00e9n\u00e9fique et familier.<\/strong><\/p>\n\n\n\n<p>Ainsi, 94% des Fran\u00e7ais ont d\u00e9j\u00e0 entendu parler de la consigne\u00a0et 3 Fran\u00e7ais sur 4 savent pr\u00e9cis\u00e9ment comment le syst\u00e8me fonctionne. La consigne\u00a0est per\u00e7ue comme un syst\u00e8me de bon sens, familier et qui a fait ses preuves. 93% des Fran\u00e7ais d\u00e9clarent \u00eatre en faveur de la consigne pour r\u00e9emploi et 92% sont en faveur de la consigne pour recyclage. La consigne b\u00e9n\u00e9ficie par ailleurs d\u2019une\u00a0adh\u00e9sion tr\u00e8s locale\u00a0: plus de 9 Fran\u00e7ais sur 10 souhaitent sa mise en place \u00e0 proximit\u00e9 de chez eux.<\/p>\n\n\n\n<p>Les Fran\u00e7ais associent \u00e0 la consigne de multiples avantages : efficace pour\u00a0am\u00e9liorer le r\u00e9emploi et le recyclage\u00a0(95%), capable de\u00a0diminuer la pr\u00e9sence de plastiques\u00a0dans les sols et les oc\u00e9ans\u00a0(89%) et limiter les d\u00e9chets abandonn\u00e9s\u00a0(88%), b\u00e9n\u00e9fique pour\u00a0l\u2019emploi\u00a0(85%) et facile\u00a0\u00e0 mettre en \u0153uvre (75%). Et ils sont pr\u00eats \u00e0 passer \u00e0 l\u2019action : 93% se disent dispos\u00e9s \u00e0 rapporter leurs emballages consign\u00e9s, et 83% sont favorables \u00e0 rendre obligatoire la consigne des bouteilles en plastique (seulement 16% y sont oppos\u00e9s).<\/p>\n\n\n\n<p>Au travers de l\u2019enqu\u00eate, plusieurs conditions sont mises en avant pour la r\u00e9ussite du d\u00e9ploiement de la consigne. La facilit\u00e9 d\u2019acc\u00e8s aux lieux de retour constitue l\u2019enjeu majeur, avec 56% des r\u00e9pondants souhaitant des&nbsp;points de collecte facilement rep\u00e9rables et accessibles. L\u2019aspect financier joue \u00e9galement un r\u00f4le d\u00e9terminant, puisque&nbsp;47% attendent une compensation suffisamment incitative. Un tiers des Fran\u00e7ais souligne l\u2019importance d\u2019avoir la certitude que les emballages rapport\u00e9s seront bien r\u00e9employ\u00e9s ou recycl\u00e9.&nbsp;56% des Fran\u00e7ais per\u00e7oivent tout de m\u00eame la consigne comme contraignante pour le consommateur.<\/p>\n\n\n\n<p>M\u00eame si la p\u00e9dagogie reste\u00a0n\u00e9cessaire,\u00a063% des Fran\u00e7ais d\u00e9clarent savoir faire la diff\u00e9rence entre la consigne pour r\u00e9emploi et celle pour le recyclage. Ils associent \u00e0 chacune d\u2019entre elles les bons b\u00e9n\u00e9fices et les bons usages\u00a0:\u00a0pour 90% des Fran\u00e7ais, ce sont les bouteilles plastiques qui doivent \u00eatre consign\u00e9es pour recyclage. Le r\u00e9emploi des bouteilles en plastique convainc moins (74%) \u2013 le r\u00e9emploi \u00e9tant davantage per\u00e7u pour les bouteilles en verre (94%).\u00a0<\/p>","protected":false},"excerpt":{"rendered":"<p>D\u2019apr\u00e8s un sondage CSA exclusif r\u00e9alis\u00e9 pour Citeo, les Fran\u00e7ais pl\u00e9biscitent massivement la consigne comme solution pour lutter contre la pollution plastique et r\u00e9duire la production de d\u00e9chets. 93% d\u2019entre eux se d\u00e9clarent favorables au d\u00e9veloppement de ce syst\u00e8me jug\u00e9 efficace, b\u00e9n\u00e9fique et familier. Ainsi, 94% des Fran\u00e7ais ont d\u00e9j\u00e0 entendu parler de la consigne\u00a0et [&hellip;]<\/p>","protected":false},"author":2,"featured_media":45871,"comment_status":"closed","ping_status":"closed","sticky":false,"template":"","format":"standard","meta":{"_acf_changed":false,"inline_featured_image":false,"iawp_total_views":11,"footnotes":""},"categories":[5,28,81],"tags":[],"class_list":["post-45870","post","type-post","status-publish","format-standard","has-post-thumbnail","hentry","category-alimentaire","category-article-entier","category-packaging"],"acf":[],"yoast_head":"<!-- This site is optimized with the Yoast SEO plugin v24.4 - https:\/\/yoast.com\/wordpress\/plugins\/seo\/ -->\n<title>Les consommateurs pr\u00eats \u00e0 basculer vers la consigne - Emballage Digest<\/title>\n<meta name=\"robots\" content=\"index, follow, max-snippet:-1, max-image-preview:large, max-video-preview:-1\" \/>\n<link rel=\"canonical\" href=\"https:\/\/www.emballagedigest.fr\/en\/les-consommateurs-prets-a-basculer-vers-la-consigne\/\" \/>\n<meta property=\"og:locale\" content=\"en_GB\" \/>\n<meta property=\"og:type\" content=\"article\" \/>\n<meta property=\"og:title\" content=\"Les consommateurs pr\u00eats \u00e0 basculer vers la consigne - Emballage Digest\" \/>\n<meta property=\"og:description\" content=\"D\u2019apr\u00e8s un sondage CSA exclusif r\u00e9alis\u00e9 pour Citeo, les Fran\u00e7ais pl\u00e9biscitent massivement la consigne comme solution pour lutter contre la pollution plastique et r\u00e9duire la production de d\u00e9chets. 93% d\u2019entre eux se d\u00e9clarent favorables au d\u00e9veloppement de ce syst\u00e8me jug\u00e9 efficace, b\u00e9n\u00e9fique et familier. Ainsi, 94% des Fran\u00e7ais ont d\u00e9j\u00e0 entendu parler de la consigne\u00a0et [&hellip;]\" \/>\n<meta property=\"og:url\" content=\"https:\/\/www.emballagedigest.fr\/en\/les-consommateurs-prets-a-basculer-vers-la-consigne\/\" \/>\n<meta property=\"og:site_name\" content=\"Emballage Digest\" \/>\n<meta property=\"article:published_time\" content=\"2025-10-28T07:26:37+00:00\" \/>\n<meta property=\"article:modified_time\" content=\"2025-10-29T07:26:22+00:00\" \/>\n<meta property=\"og:image\" content=\"https:\/\/www.emballagedigest.fr\/wp-content\/uploads\/2025\/10\/CITEO.jpg\" \/>\n\t<meta property=\"og:image:width\" content=\"800\" \/>\n\t<meta property=\"og:image:height\" content=\"533\" \/>\n\t<meta property=\"og:image:type\" content=\"image\/jpeg\" \/>\n<meta name=\"author\" content=\"Karine Duval\" \/>\n<meta name=\"twitter:card\" content=\"summary_large_image\" \/>\n<meta name=\"twitter:label1\" content=\"Written by\" \/>\n\t<meta name=\"twitter:data1\" content=\"Karine Duval\" \/>\n\t<meta name=\"twitter:label2\" content=\"Estimated reading time\" \/>\n\t<meta name=\"twitter:data2\" content=\"3 minutes\" \/>\n<script type=\"application\/ld+json\" class=\"yoast-schema-graph\">{\"@context\":\"https:\/\/schema.org\",\"@graph\":[{\"@type\":\"Article\",\"@id\":\"https:\/\/www.emballagedigest.fr\/les-consommateurs-prets-a-basculer-vers-la-consigne\/#article\",\"isPartOf\":{\"@id\":\"https:\/\/www.emballagedigest.fr\/les-consommateurs-prets-a-basculer-vers-la-consigne\/\"},\"author\":{\"name\":\"Karine Duval\",\"@id\":\"https:\/\/www.emballagedigest.fr\/#\/schema\/person\/76abe9f2b2ee4d3d520594c7a35da59f\"},\"headline\":\"Les consommateurs pr\u00eats \u00e0 basculer vers la consigne\",\"datePublished\":\"2025-10-28T07:26:37+00:00\",\"dateModified\":\"2025-10-29T07:26:22+00:00\",\"mainEntityOfPage\":{\"@id\":\"https:\/\/www.emballagedigest.fr\/les-consommateurs-prets-a-basculer-vers-la-consigne\/\"},\"wordCount\":434,\"publisher\":{\"@id\":\"https:\/\/www.emballagedigest.fr\/#organization\"},\"image\":{\"@id\":\"https:\/\/www.emballagedigest.fr\/les-consommateurs-prets-a-basculer-vers-la-consigne\/#primaryimage\"},\"thumbnailUrl\":\"https:\/\/www.emballagedigest.fr\/wp-content\/uploads\/2025\/10\/CITEO.jpg\",\"articleSection\":[\"Alimentaire\",\"Article entier\",\"Packaging\"],\"inLanguage\":\"en-GB\"},{\"@type\":\"WebPage\",\"@id\":\"https:\/\/www.emballagedigest.fr\/les-consommateurs-prets-a-basculer-vers-la-consigne\/\",\"url\":\"https:\/\/www.emballagedigest.fr\/les-consommateurs-prets-a-basculer-vers-la-consigne\/\",\"name\":\"Les consommateurs pr\u00eats \u00e0 basculer vers la consigne - Emballage Digest\",\"isPartOf\":{\"@id\":\"https:\/\/www.emballagedigest.fr\/#website\"},\"primaryImageOfPage\":{\"@id\":\"https:\/\/www.emballagedigest.fr\/les-consommateurs-prets-a-basculer-vers-la-consigne\/#primaryimage\"},\"image\":{\"@id\":\"https:\/\/www.emballagedigest.fr\/les-consommateurs-prets-a-basculer-vers-la-consigne\/#primaryimage\"},\"thumbnailUrl\":\"https:\/\/www.emballagedigest.fr\/wp-content\/uploads\/2025\/10\/CITEO.jpg\",\"datePublished\":\"2025-10-28T07:26:37+00:00\",\"dateModified\":\"2025-10-29T07:26:22+00:00\",\"breadcrumb\":{\"@id\":\"https:\/\/www.emballagedigest.fr\/les-consommateurs-prets-a-basculer-vers-la-consigne\/#breadcrumb\"},\"inLanguage\":\"en-GB\",\"potentialAction\":[{\"@type\":\"ReadAction\",\"target\":[\"https:\/\/www.emballagedigest.fr\/les-consommateurs-prets-a-basculer-vers-la-consigne\/\"]}]},{\"@type\":\"ImageObject\",\"inLanguage\":\"en-GB\",\"@id\":\"https:\/\/www.emballagedigest.fr\/les-consommateurs-prets-a-basculer-vers-la-consigne\/#primaryimage\",\"url\":\"https:\/\/www.emballagedigest.fr\/wp-content\/uploads\/2025\/10\/CITEO.jpg\",\"contentUrl\":\"https:\/\/www.emballagedigest.fr\/wp-content\/uploads\/2025\/10\/CITEO.jpg\",\"width\":800,\"height\":533},{\"@type\":\"BreadcrumbList\",\"@id\":\"https:\/\/www.emballagedigest.fr\/les-consommateurs-prets-a-basculer-vers-la-consigne\/#breadcrumb\",\"itemListElement\":[{\"@type\":\"ListItem\",\"position\":1,\"name\":\"Accueil\",\"item\":\"https:\/\/www.emballagedigest.fr\/\"},{\"@type\":\"ListItem\",\"position\":2,\"name\":\"Les consommateurs pr\u00eats \u00e0 basculer vers la consigne\"}]},{\"@type\":\"WebSite\",\"@id\":\"https:\/\/www.emballagedigest.fr\/#website\",\"url\":\"https:\/\/www.emballagedigest.fr\/\",\"name\":\"Emballage Digest\",\"description\":\"Revue professionnelle sur les emballages\",\"publisher\":{\"@id\":\"https:\/\/www.emballagedigest.fr\/#organization\"},\"potentialAction\":[{\"@type\":\"SearchAction\",\"target\":{\"@type\":\"EntryPoint\",\"urlTemplate\":\"https:\/\/www.emballagedigest.fr\/?s={search_term_string}\"},\"query-input\":{\"@type\":\"PropertyValueSpecification\",\"valueRequired\":true,\"valueName\":\"search_term_string\"}}],\"inLanguage\":\"en-GB\"},{\"@type\":\"Organization\",\"@id\":\"https:\/\/www.emballagedigest.fr\/#organization\",\"name\":\"Emballage Digest\",\"url\":\"https:\/\/www.emballagedigest.fr\/\",\"logo\":{\"@type\":\"ImageObject\",\"inLanguage\":\"en-GB\",\"@id\":\"https:\/\/www.emballagedigest.fr\/#\/schema\/logo\/image\/\",\"url\":\"https:\/\/www.emballagedigest.fr\/wp-content\/uploads\/2022\/07\/logo-ed.png\",\"contentUrl\":\"https:\/\/www.emballagedigest.fr\/wp-content\/uploads\/2022\/07\/logo-ed.png\",\"width\":379,\"height\":75,\"caption\":\"Emballage Digest\"},\"image\":{\"@id\":\"https:\/\/www.emballagedigest.fr\/#\/schema\/logo\/image\/\"}},{\"@type\":\"Person\",\"@id\":\"https:\/\/www.emballagedigest.fr\/#\/schema\/person\/76abe9f2b2ee4d3d520594c7a35da59f\",\"name\":\"Karine Duval\",\"image\":{\"@type\":\"ImageObject\",\"inLanguage\":\"en-GB\",\"@id\":\"https:\/\/www.emballagedigest.fr\/#\/schema\/person\/image\/\",\"url\":\"https:\/\/secure.gravatar.com\/avatar\/f552799261cdd2e076e6677d780ef07bdb13aa4c196ab75b39abcbcdcae2d4e5?s=96&d=mm&r=g\",\"contentUrl\":\"https:\/\/secure.gravatar.com\/avatar\/f552799261cdd2e076e6677d780ef07bdb13aa4c196ab75b39abcbcdcae2d4e5?s=96&d=mm&r=g\",\"caption\":\"Karine Duval\"},\"url\":\"https:\/\/www.emballagedigest.fr\/en\/author\/admin_karduv\/\"}]}<\/script>\n<!-- \/ Yoast SEO plugin. -->","yoast_head_json":{"title":"Les consommateurs pr\u00eats \u00e0 basculer vers la consigne - Emballage Digest","robots":{"index":"index","follow":"follow","max-snippet":"max-snippet:-1","max-image-preview":"max-image-preview:large","max-video-preview":"max-video-preview:-1"},"canonical":"https:\/\/www.emballagedigest.fr\/en\/les-consommateurs-prets-a-basculer-vers-la-consigne\/","og_locale":"en_GB","og_type":"article","og_title":"Les consommateurs pr\u00eats \u00e0 basculer vers la consigne - Emballage Digest","og_description":"D\u2019apr\u00e8s un sondage CSA exclusif r\u00e9alis\u00e9 pour Citeo, les Fran\u00e7ais pl\u00e9biscitent massivement la consigne comme solution pour lutter contre la pollution plastique et r\u00e9duire la production de d\u00e9chets. 93% d\u2019entre eux se d\u00e9clarent favorables au d\u00e9veloppement de ce syst\u00e8me jug\u00e9 efficace, b\u00e9n\u00e9fique et familier. Ainsi, 94% des Fran\u00e7ais ont d\u00e9j\u00e0 entendu parler de la consigne\u00a0et [&hellip;]","og_url":"https:\/\/www.emballagedigest.fr\/en\/les-consommateurs-prets-a-basculer-vers-la-consigne\/","og_site_name":"Emballage Digest","article_published_time":"2025-10-28T07:26:37+00:00","article_modified_time":"2025-10-29T07:26:22+00:00","og_image":[{"width":800,"height":533,"url":"https:\/\/www.emballagedigest.fr\/wp-content\/uploads\/2025\/10\/CITEO.jpg","type":"image\/jpeg"}],"author":"Karine Duval","twitter_card":"summary_large_image","twitter_misc":{"Written by":"Karine Duval","Estimated reading time":"3 minutes"},"schema":{"@context":"https:\/\/schema.org","@graph":[{"@type":"Article","@id":"https:\/\/www.emballagedigest.fr\/les-consommateurs-prets-a-basculer-vers-la-consigne\/#article","isPartOf":{"@id":"https:\/\/www.emballagedigest.fr\/les-consommateurs-prets-a-basculer-vers-la-consigne\/"},"author":{"name":"Karine Duval","@id":"https:\/\/www.emballagedigest.fr\/#\/schema\/person\/76abe9f2b2ee4d3d520594c7a35da59f"},"headline":"Les consommateurs pr\u00eats \u00e0 basculer vers la consigne","datePublished":"2025-10-28T07:26:37+00:00","dateModified":"2025-10-29T07:26:22+00:00","mainEntityOfPage":{"@id":"https:\/\/www.emballagedigest.fr\/les-consommateurs-prets-a-basculer-vers-la-consigne\/"},"wordCount":434,"publisher":{"@id":"https:\/\/www.emballagedigest.fr\/#organization"},"image":{"@id":"https:\/\/www.emballagedigest.fr\/les-consommateurs-prets-a-basculer-vers-la-consigne\/#primaryimage"},"thumbnailUrl":"https:\/\/www.emballagedigest.fr\/wp-content\/uploads\/2025\/10\/CITEO.jpg","articleSection":["Alimentaire","Article entier","Packaging"],"inLanguage":"en-GB"},{"@type":"WebPage","@id":"https:\/\/www.emballagedigest.fr\/les-consommateurs-prets-a-basculer-vers-la-consigne\/","url":"https:\/\/www.emballagedigest.fr\/les-consommateurs-prets-a-basculer-vers-la-consigne\/","name":"Les consommateurs pr\u00eats \u00e0 basculer vers la consigne - Emballage Digest","isPartOf":{"@id":"https:\/\/www.emballagedigest.fr\/#website"},"primaryImageOfPage":{"@id":"https:\/\/www.emballagedigest.fr\/les-consommateurs-prets-a-basculer-vers-la-consigne\/#primaryimage"},"image":{"@id":"https:\/\/www.emballagedigest.fr\/les-consommateurs-prets-a-basculer-vers-la-consigne\/#primaryimage"},"thumbnailUrl":"https:\/\/www.emballagedigest.fr\/wp-content\/uploads\/2025\/10\/CITEO.jpg","datePublished":"2025-10-28T07:26:37+00:00","dateModified":"2025-10-29T07:26:22+00:00","breadcrumb":{"@id":"https:\/\/www.emballagedigest.fr\/les-consommateurs-prets-a-basculer-vers-la-consigne\/#breadcrumb"},"inLanguage":"en-GB","potentialAction":[{"@type":"ReadAction","target":["https:\/\/www.emballagedigest.fr\/les-consommateurs-prets-a-basculer-vers-la-consigne\/"]}]},{"@type":"ImageObject","inLanguage":"en-GB","@id":"https:\/\/www.emballagedigest.fr\/les-consommateurs-prets-a-basculer-vers-la-consigne\/#primaryimage","url":"https:\/\/www.emballagedigest.fr\/wp-content\/uploads\/2025\/10\/CITEO.jpg","contentUrl":"https:\/\/www.emballagedigest.fr\/wp-content\/uploads\/2025\/10\/CITEO.jpg","width":800,"height":533},{"@type":"BreadcrumbList","@id":"https:\/\/www.emballagedigest.fr\/les-consommateurs-prets-a-basculer-vers-la-consigne\/#breadcrumb","itemListElement":[{"@type":"ListItem","position":1,"name":"Accueil","item":"https:\/\/www.emballagedigest.fr\/"},{"@type":"ListItem","position":2,"name":"Les consommateurs pr\u00eats \u00e0 basculer vers la consigne"}]},{"@type":"WebSite","@id":"https:\/\/www.emballagedigest.fr\/#website","url":"https:\/\/www.emballagedigest.fr\/","name":"Emballage Digest","description":"Revue professionnelle sur les emballages","publisher":{"@id":"https:\/\/www.emballagedigest.fr\/#organization"},"potentialAction":[{"@type":"SearchAction","target":{"@type":"EntryPoint","urlTemplate":"https:\/\/www.emballagedigest.fr\/?s={search_term_string}"},"query-input":{"@type":"PropertyValueSpecification","valueRequired":true,"valueName":"search_term_string"}}],"inLanguage":"en-GB"},{"@type":"Organization","@id":"https:\/\/www.emballagedigest.fr\/#organization","name":"Emballage Digest","url":"https:\/\/www.emballagedigest.fr\/","logo":{"@type":"ImageObject","inLanguage":"en-GB","@id":"https:\/\/www.emballagedigest.fr\/#\/schema\/logo\/image\/","url":"https:\/\/www.emballagedigest.fr\/wp-content\/uploads\/2022\/07\/logo-ed.png","contentUrl":"https:\/\/www.emballagedigest.fr\/wp-content\/uploads\/2022\/07\/logo-ed.png","width":379,"height":75,"caption":"Emballage Digest"},"image":{"@id":"https:\/\/www.emballagedigest.fr\/#\/schema\/logo\/image\/"}},{"@type":"Person","@id":"https:\/\/www.emballagedigest.fr\/#\/schema\/person\/76abe9f2b2ee4d3d520594c7a35da59f","name":"Karine Duval","image":{"@type":"ImageObject","inLanguage":"en-GB","@id":"https:\/\/www.emballagedigest.fr\/#\/schema\/person\/image\/","url":"https:\/\/secure.gravatar.com\/avatar\/f552799261cdd2e076e6677d780ef07bdb13aa4c196ab75b39abcbcdcae2d4e5?s=96&d=mm&r=g","contentUrl":"https:\/\/secure.gravatar.com\/avatar\/f552799261cdd2e076e6677d780ef07bdb13aa4c196ab75b39abcbcdcae2d4e5?s=96&d=mm&r=g","caption":"Karine Duval"},"url":"https:\/\/www.emballagedigest.fr\/en\/author\/admin_karduv\/"}]}},"_links":{"self":[{"href":"https:\/\/www.emballagedigest.fr\/en\/wp-json\/wp\/v2\/posts\/45870","targetHints":{"allow":["GET"]}}],"collection":[{"href":"https:\/\/www.emballagedigest.fr\/en\/wp-json\/wp\/v2\/posts"}],"about":[{"href":"https:\/\/www.emballagedigest.fr\/en\/wp-json\/wp\/v2\/types\/post"}],"author":[{"embeddable":true,"href":"https:\/\/www.emballagedigest.fr\/en\/wp-json\/wp\/v2\/users\/2"}],"replies":[{"embeddable":true,"href":"https:\/\/www.emballagedigest.fr\/en\/wp-json\/wp\/v2\/comments?post=45870"}],"version-history":[{"count":2,"href":"https:\/\/www.emballagedigest.fr\/en\/wp-json\/wp\/v2\/posts\/45870\/revisions"}],"predecessor-version":[{"id":45873,"href":"https:\/\/www.emballagedigest.fr\/en\/wp-json\/wp\/v2\/posts\/45870\/revisions\/45873"}],"wp:featuredmedia":[{"embeddable":true,"href":"https:\/\/www.emballagedigest.fr\/en\/wp-json\/wp\/v2\/media\/45871"}],"wp:attachment":[{"href":"https:\/\/www.emballagedigest.fr\/en\/wp-json\/wp\/v2\/media?parent=45870"}],"wp:term":[{"taxonomy":"category","embeddable":true,"href":"https:\/\/www.emballagedigest.fr\/en\/wp-json\/wp\/v2\/categories?post=45870"},{"taxonomy":"post_tag","embeddable":true,"href":"https:\/\/www.emballagedigest.fr\/en\/wp-json\/wp\/v2\/tags?post=45870"}],"curies":[{"name":"wp","href":"https:\/\/api.w.org\/{rel}","templated":true}]}}