{"id":45892,"date":"2025-10-30T08:44:16","date_gmt":"2025-10-30T07:44:16","guid":{"rendered":"https:\/\/www.emballagedigest.fr\/?p=45892"},"modified":"2025-10-31T09:09:21","modified_gmt":"2025-10-31T08:09:21","slug":"rdue-la-fnb-deplore-lorientation-prise-par-la-commission-europeenne","status":"publish","type":"post","link":"https:\/\/www.emballagedigest.fr\/en\/rdue-la-fnb-deplore-lorientation-prise-par-la-commission-europeenne\/","title":{"rendered":"RDUE : la FNB d\u00e9plore l\u2019orientation prise par la Commission europ\u00e9enne"},"content":{"rendered":"<p><strong>Si la fili\u00e8re du bois est favorable \u00e0 l\u2019encadrement d\u2019une lutte contre la d\u00e9forestation, elle d\u00e9plore la proposition de la commission europ\u00e9enne de modification du RDUE, par la voix de la F\u00e9d\u00e9ration Nationale du Bois (FNB). Elle manque de pragmatisme et de r\u00e9alisme et risque \u00ab\u00a0d\u2019\u00e9trangler \u00bb<\/strong> <strong>les PME europ\u00e9ennes. Par ailleurs, les propositions sont hors sol et d\u00e9montrent une forte d\u00e9connection des r\u00e9alit\u00e9s de terrain. Tandis que la<\/strong> <strong>distorsion de concurrence inflig\u00e9e aux entreprises europ\u00e9ennes perdure.<\/strong>\u00a0<\/p>\n\n\n\n<p>Premier point de d\u2019incompr\u00e9hension pour la FNB. Le classement des pays \u00e0 risque reste fantaisiste et d\u00e9cr\u00e9dibilise toute la d\u00e9marche. La Commission europ\u00e9enne s\u2019acharnant \u00e0 imposer RDUE pour le commerce intracommunautaire. Cette distorsion de concurrence rend furieuses les entreprises car la commission impose aux seules entreprises europ\u00e9ennes une charge administrative que ne supportent pas leurs concurrents. Cette charge administrative estim\u00e9e \u00e0 plus de 20 milliards par an alors qu\u2019il n\u2019y a pas de d\u00e9forestation en Europe. La surface foresti\u00e8re ne cesse de croitre. 85 000 ha\/an par exemple en France. Les entreprises europ\u00e9ennes demandent \u00e0 ce que cette punition collective inflig\u00e9e aux seules entreprises europ\u00e9ennes soit lev\u00e9e pour que tous les pays du monde soient soumis aux m\u00eames r\u00e8gles.<\/p>\n\n\n\n<p>Par ailleurs, les entreprises demandent \u00e9galement une m\u00eame date de mise en \u0153uvre pour tous. \u00ab&nbsp;Qui peut croire qu\u2019un TPE pourra imposer \u00e0 une multinationale une mise en \u0153uvre en 2027 quand la multinationale est contrainte en 2026. Cela va \u00e9trangler les PME&nbsp;\u00bb, r\u00e9agit la FNB. Par ailleurs, la proposition n\u2019apporte aucune s\u00e9curit\u00e9 juridique aux entreprises car les solutions d\u2019applications pr\u00e9vues dans les FAQ et lignes directrices n\u2019y sont pas int\u00e9gr\u00e9es.<\/p>\n\n\n\n<p>La base de donn\u00e9es n\u2019est pas s\u00e9curis\u00e9e et ne peut l\u2019\u00eatre d\u2019ici le 1er janvier 2026 alors que les donn\u00e9es collect\u00e9es seront ultra sensibles. En effet, aucune proc\u00e9dure de contr\u00f4le et de v\u00e9rification d\u2019identit\u00e9 n\u2019est propos\u00e9e. Le risque de \u00ab hacking \u00bb de la base de donn\u00e9es est tr\u00e8s \u00e9lev\u00e9. Les donn\u00e9es communiqu\u00e9es sont extr\u00eamement sensibles commercialement. Aucune proc\u00e9dure de s\u00e9curit\u00e9 en place : tout est stock\u00e9 en un seul et m\u00eame lieu.&nbsp; Cette d\u00e9cision met en \u00e9vidence un \u00e9cart pr\u00e9occupant entre les ambitions affich\u00e9es de la Commission en mati\u00e8re de comp\u00e9titivit\u00e9 et de simplification r\u00e9glementaire et la r\u00e9alit\u00e9 de ses actions.<\/p>\n\n\n\n<p>\u00ab&nbsp;Si la Commission, les \u00c9tats membres et le Parlement europ\u00e9en sont v\u00e9ritablement d\u00e9termin\u00e9s \u00e0 soutenir l&rsquo;industrie europ\u00e9enne tout en luttant contre la d\u00e9forestation, ils doivent de toute urgence revoir le calendrier et engager une r\u00e9vision approfondie de la l\u00e9gislation. Cela est n\u00e9cessaire pour garantir que la mise en \u0153uvre du RDUE soit \u00e0 la fois concr\u00e8te et juridiquement applicable&nbsp;\u00bb, conclut la FNB.<\/p>","protected":false},"excerpt":{"rendered":"<p>Si la fili\u00e8re du bois est favorable \u00e0 l\u2019encadrement d\u2019une lutte contre la d\u00e9forestation, elle d\u00e9plore la proposition de la commission europ\u00e9enne de modification du RDUE, par la voix de la F\u00e9d\u00e9ration Nationale du Bois (FNB). Elle manque de pragmatisme et de r\u00e9alisme et risque \u00ab\u00a0d\u2019\u00e9trangler \u00bb les PME europ\u00e9ennes. Par ailleurs, les propositions sont [&hellip;]<\/p>","protected":false},"author":2,"featured_media":45893,"comment_status":"closed","ping_status":"closed","sticky":false,"template":"","format":"standard","meta":{"_acf_changed":false,"inline_featured_image":false,"iawp_total_views":4,"footnotes":""},"categories":[28,69],"tags":[],"class_list":["post-45892","post","type-post","status-publish","format-standard","has-post-thumbnail","hentry","category-article-entier","category-materiaux-evenement"],"acf":[],"yoast_head":"<!-- This site is optimized with the Yoast SEO plugin v24.4 - https:\/\/yoast.com\/wordpress\/plugins\/seo\/ -->\n<title>RDUE : la FNB d\u00e9plore l\u2019orientation prise par la Commission europ\u00e9enne - Emballage Digest<\/title>\n<meta name=\"robots\" content=\"index, follow, max-snippet:-1, max-image-preview:large, max-video-preview:-1\" \/>\n<link rel=\"canonical\" href=\"https:\/\/www.emballagedigest.fr\/en\/rdue-la-fnb-deplore-lorientation-prise-par-la-commission-europeenne\/\" \/>\n<meta property=\"og:locale\" content=\"en_GB\" \/>\n<meta property=\"og:type\" content=\"article\" \/>\n<meta property=\"og:title\" content=\"RDUE : la FNB d\u00e9plore l\u2019orientation prise par la Commission europ\u00e9enne - Emballage Digest\" \/>\n<meta property=\"og:description\" content=\"Si la fili\u00e8re du bois est favorable \u00e0 l\u2019encadrement d\u2019une lutte contre la d\u00e9forestation, elle d\u00e9plore la proposition de la commission europ\u00e9enne de modification du RDUE, par la voix de la F\u00e9d\u00e9ration Nationale du Bois (FNB). Elle manque de pragmatisme et de r\u00e9alisme et risque \u00ab\u00a0d\u2019\u00e9trangler \u00bb les PME europ\u00e9ennes. Par ailleurs, les propositions sont [&hellip;]\" \/>\n<meta property=\"og:url\" content=\"https:\/\/www.emballagedigest.fr\/en\/rdue-la-fnb-deplore-lorientation-prise-par-la-commission-europeenne\/\" \/>\n<meta property=\"og:site_name\" content=\"Emballage Digest\" \/>\n<meta property=\"article:published_time\" content=\"2025-10-30T07:44:16+00:00\" \/>\n<meta property=\"article:modified_time\" content=\"2025-10-31T08:09:21+00:00\" \/>\n<meta property=\"og:image\" content=\"https:\/\/www.emballagedigest.fr\/wp-content\/uploads\/2025\/10\/FNB.jpg\" \/>\n\t<meta property=\"og:image:width\" content=\"800\" \/>\n\t<meta property=\"og:image:height\" content=\"600\" \/>\n\t<meta property=\"og:image:type\" content=\"image\/jpeg\" \/>\n<meta name=\"author\" content=\"Karine Duval\" \/>\n<meta name=\"twitter:card\" content=\"summary_large_image\" \/>\n<meta name=\"twitter:label1\" content=\"Written by\" \/>\n\t<meta name=\"twitter:data1\" content=\"Karine Duval\" \/>\n\t<meta name=\"twitter:label2\" content=\"Estimated reading time\" \/>\n\t<meta name=\"twitter:data2\" content=\"3 minutes\" \/>\n<script type=\"application\/ld+json\" class=\"yoast-schema-graph\">{\"@context\":\"https:\/\/schema.org\",\"@graph\":[{\"@type\":\"Article\",\"@id\":\"https:\/\/www.emballagedigest.fr\/rdue-la-fnb-deplore-lorientation-prise-par-la-commission-europeenne\/#article\",\"isPartOf\":{\"@id\":\"https:\/\/www.emballagedigest.fr\/rdue-la-fnb-deplore-lorientation-prise-par-la-commission-europeenne\/\"},\"author\":{\"name\":\"Karine Duval\",\"@id\":\"https:\/\/www.emballagedigest.fr\/#\/schema\/person\/76abe9f2b2ee4d3d520594c7a35da59f\"},\"headline\":\"RDUE : la FNB d\u00e9plore l\u2019orientation prise par la Commission europ\u00e9enne\",\"datePublished\":\"2025-10-30T07:44:16+00:00\",\"dateModified\":\"2025-10-31T08:09:21+00:00\",\"mainEntityOfPage\":{\"@id\":\"https:\/\/www.emballagedigest.fr\/rdue-la-fnb-deplore-lorientation-prise-par-la-commission-europeenne\/\"},\"wordCount\":518,\"publisher\":{\"@id\":\"https:\/\/www.emballagedigest.fr\/#organization\"},\"image\":{\"@id\":\"https:\/\/www.emballagedigest.fr\/rdue-la-fnb-deplore-lorientation-prise-par-la-commission-europeenne\/#primaryimage\"},\"thumbnailUrl\":\"https:\/\/www.emballagedigest.fr\/wp-content\/uploads\/2025\/10\/FNB.jpg\",\"articleSection\":[\"Article entier\",\"Mat\u00e9riaux\"],\"inLanguage\":\"en-GB\"},{\"@type\":\"WebPage\",\"@id\":\"https:\/\/www.emballagedigest.fr\/rdue-la-fnb-deplore-lorientation-prise-par-la-commission-europeenne\/\",\"url\":\"https:\/\/www.emballagedigest.fr\/rdue-la-fnb-deplore-lorientation-prise-par-la-commission-europeenne\/\",\"name\":\"RDUE : la FNB d\u00e9plore l\u2019orientation prise par la Commission europ\u00e9enne - Emballage Digest\",\"isPartOf\":{\"@id\":\"https:\/\/www.emballagedigest.fr\/#website\"},\"primaryImageOfPage\":{\"@id\":\"https:\/\/www.emballagedigest.fr\/rdue-la-fnb-deplore-lorientation-prise-par-la-commission-europeenne\/#primaryimage\"},\"image\":{\"@id\":\"https:\/\/www.emballagedigest.fr\/rdue-la-fnb-deplore-lorientation-prise-par-la-commission-europeenne\/#primaryimage\"},\"thumbnailUrl\":\"https:\/\/www.emballagedigest.fr\/wp-content\/uploads\/2025\/10\/FNB.jpg\",\"datePublished\":\"2025-10-30T07:44:16+00:00\",\"dateModified\":\"2025-10-31T08:09:21+00:00\",\"breadcrumb\":{\"@id\":\"https:\/\/www.emballagedigest.fr\/rdue-la-fnb-deplore-lorientation-prise-par-la-commission-europeenne\/#breadcrumb\"},\"inLanguage\":\"en-GB\",\"potentialAction\":[{\"@type\":\"ReadAction\",\"target\":[\"https:\/\/www.emballagedigest.fr\/rdue-la-fnb-deplore-lorientation-prise-par-la-commission-europeenne\/\"]}]},{\"@type\":\"ImageObject\",\"inLanguage\":\"en-GB\",\"@id\":\"https:\/\/www.emballagedigest.fr\/rdue-la-fnb-deplore-lorientation-prise-par-la-commission-europeenne\/#primaryimage\",\"url\":\"https:\/\/www.emballagedigest.fr\/wp-content\/uploads\/2025\/10\/FNB.jpg\",\"contentUrl\":\"https:\/\/www.emballagedigest.fr\/wp-content\/uploads\/2025\/10\/FNB.jpg\",\"width\":800,\"height\":600},{\"@type\":\"BreadcrumbList\",\"@id\":\"https:\/\/www.emballagedigest.fr\/rdue-la-fnb-deplore-lorientation-prise-par-la-commission-europeenne\/#breadcrumb\",\"itemListElement\":[{\"@type\":\"ListItem\",\"position\":1,\"name\":\"Accueil\",\"item\":\"https:\/\/www.emballagedigest.fr\/\"},{\"@type\":\"ListItem\",\"position\":2,\"name\":\"RDUE : la FNB d\u00e9plore l\u2019orientation prise par la Commission europ\u00e9enne\"}]},{\"@type\":\"WebSite\",\"@id\":\"https:\/\/www.emballagedigest.fr\/#website\",\"url\":\"https:\/\/www.emballagedigest.fr\/\",\"name\":\"Emballage Digest\",\"description\":\"Revue professionnelle sur les emballages\",\"publisher\":{\"@id\":\"https:\/\/www.emballagedigest.fr\/#organization\"},\"potentialAction\":[{\"@type\":\"SearchAction\",\"target\":{\"@type\":\"EntryPoint\",\"urlTemplate\":\"https:\/\/www.emballagedigest.fr\/?s={search_term_string}\"},\"query-input\":{\"@type\":\"PropertyValueSpecification\",\"valueRequired\":true,\"valueName\":\"search_term_string\"}}],\"inLanguage\":\"en-GB\"},{\"@type\":\"Organization\",\"@id\":\"https:\/\/www.emballagedigest.fr\/#organization\",\"name\":\"Emballage Digest\",\"url\":\"https:\/\/www.emballagedigest.fr\/\",\"logo\":{\"@type\":\"ImageObject\",\"inLanguage\":\"en-GB\",\"@id\":\"https:\/\/www.emballagedigest.fr\/#\/schema\/logo\/image\/\",\"url\":\"https:\/\/www.emballagedigest.fr\/wp-content\/uploads\/2022\/07\/logo-ed.png\",\"contentUrl\":\"https:\/\/www.emballagedigest.fr\/wp-content\/uploads\/2022\/07\/logo-ed.png\",\"width\":379,\"height\":75,\"caption\":\"Emballage Digest\"},\"image\":{\"@id\":\"https:\/\/www.emballagedigest.fr\/#\/schema\/logo\/image\/\"}},{\"@type\":\"Person\",\"@id\":\"https:\/\/www.emballagedigest.fr\/#\/schema\/person\/76abe9f2b2ee4d3d520594c7a35da59f\",\"name\":\"Karine Duval\",\"image\":{\"@type\":\"ImageObject\",\"inLanguage\":\"en-GB\",\"@id\":\"https:\/\/www.emballagedigest.fr\/#\/schema\/person\/image\/\",\"url\":\"https:\/\/secure.gravatar.com\/avatar\/f552799261cdd2e076e6677d780ef07bdb13aa4c196ab75b39abcbcdcae2d4e5?s=96&d=mm&r=g\",\"contentUrl\":\"https:\/\/secure.gravatar.com\/avatar\/f552799261cdd2e076e6677d780ef07bdb13aa4c196ab75b39abcbcdcae2d4e5?s=96&d=mm&r=g\",\"caption\":\"Karine Duval\"},\"url\":\"https:\/\/www.emballagedigest.fr\/en\/author\/admin_karduv\/\"}]}<\/script>\n<!-- \/ Yoast SEO plugin. -->","yoast_head_json":{"title":"RDUE : la FNB d\u00e9plore l\u2019orientation prise par la Commission europ\u00e9enne - Emballage Digest","robots":{"index":"index","follow":"follow","max-snippet":"max-snippet:-1","max-image-preview":"max-image-preview:large","max-video-preview":"max-video-preview:-1"},"canonical":"https:\/\/www.emballagedigest.fr\/en\/rdue-la-fnb-deplore-lorientation-prise-par-la-commission-europeenne\/","og_locale":"en_GB","og_type":"article","og_title":"RDUE : la FNB d\u00e9plore l\u2019orientation prise par la Commission europ\u00e9enne - Emballage Digest","og_description":"Si la fili\u00e8re du bois est favorable \u00e0 l\u2019encadrement d\u2019une lutte contre la d\u00e9forestation, elle d\u00e9plore la proposition de la commission europ\u00e9enne de modification du RDUE, par la voix de la F\u00e9d\u00e9ration Nationale du Bois (FNB). Elle manque de pragmatisme et de r\u00e9alisme et risque \u00ab\u00a0d\u2019\u00e9trangler \u00bb les PME europ\u00e9ennes. Par ailleurs, les propositions sont [&hellip;]","og_url":"https:\/\/www.emballagedigest.fr\/en\/rdue-la-fnb-deplore-lorientation-prise-par-la-commission-europeenne\/","og_site_name":"Emballage Digest","article_published_time":"2025-10-30T07:44:16+00:00","article_modified_time":"2025-10-31T08:09:21+00:00","og_image":[{"width":800,"height":600,"url":"https:\/\/www.emballagedigest.fr\/wp-content\/uploads\/2025\/10\/FNB.jpg","type":"image\/jpeg"}],"author":"Karine Duval","twitter_card":"summary_large_image","twitter_misc":{"Written by":"Karine Duval","Estimated reading time":"3 minutes"},"schema":{"@context":"https:\/\/schema.org","@graph":[{"@type":"Article","@id":"https:\/\/www.emballagedigest.fr\/rdue-la-fnb-deplore-lorientation-prise-par-la-commission-europeenne\/#article","isPartOf":{"@id":"https:\/\/www.emballagedigest.fr\/rdue-la-fnb-deplore-lorientation-prise-par-la-commission-europeenne\/"},"author":{"name":"Karine Duval","@id":"https:\/\/www.emballagedigest.fr\/#\/schema\/person\/76abe9f2b2ee4d3d520594c7a35da59f"},"headline":"RDUE : la FNB d\u00e9plore l\u2019orientation prise par la Commission europ\u00e9enne","datePublished":"2025-10-30T07:44:16+00:00","dateModified":"2025-10-31T08:09:21+00:00","mainEntityOfPage":{"@id":"https:\/\/www.emballagedigest.fr\/rdue-la-fnb-deplore-lorientation-prise-par-la-commission-europeenne\/"},"wordCount":518,"publisher":{"@id":"https:\/\/www.emballagedigest.fr\/#organization"},"image":{"@id":"https:\/\/www.emballagedigest.fr\/rdue-la-fnb-deplore-lorientation-prise-par-la-commission-europeenne\/#primaryimage"},"thumbnailUrl":"https:\/\/www.emballagedigest.fr\/wp-content\/uploads\/2025\/10\/FNB.jpg","articleSection":["Article entier","Mat\u00e9riaux"],"inLanguage":"en-GB"},{"@type":"WebPage","@id":"https:\/\/www.emballagedigest.fr\/rdue-la-fnb-deplore-lorientation-prise-par-la-commission-europeenne\/","url":"https:\/\/www.emballagedigest.fr\/rdue-la-fnb-deplore-lorientation-prise-par-la-commission-europeenne\/","name":"RDUE : la FNB d\u00e9plore l\u2019orientation prise par la Commission europ\u00e9enne - Emballage Digest","isPartOf":{"@id":"https:\/\/www.emballagedigest.fr\/#website"},"primaryImageOfPage":{"@id":"https:\/\/www.emballagedigest.fr\/rdue-la-fnb-deplore-lorientation-prise-par-la-commission-europeenne\/#primaryimage"},"image":{"@id":"https:\/\/www.emballagedigest.fr\/rdue-la-fnb-deplore-lorientation-prise-par-la-commission-europeenne\/#primaryimage"},"thumbnailUrl":"https:\/\/www.emballagedigest.fr\/wp-content\/uploads\/2025\/10\/FNB.jpg","datePublished":"2025-10-30T07:44:16+00:00","dateModified":"2025-10-31T08:09:21+00:00","breadcrumb":{"@id":"https:\/\/www.emballagedigest.fr\/rdue-la-fnb-deplore-lorientation-prise-par-la-commission-europeenne\/#breadcrumb"},"inLanguage":"en-GB","potentialAction":[{"@type":"ReadAction","target":["https:\/\/www.emballagedigest.fr\/rdue-la-fnb-deplore-lorientation-prise-par-la-commission-europeenne\/"]}]},{"@type":"ImageObject","inLanguage":"en-GB","@id":"https:\/\/www.emballagedigest.fr\/rdue-la-fnb-deplore-lorientation-prise-par-la-commission-europeenne\/#primaryimage","url":"https:\/\/www.emballagedigest.fr\/wp-content\/uploads\/2025\/10\/FNB.jpg","contentUrl":"https:\/\/www.emballagedigest.fr\/wp-content\/uploads\/2025\/10\/FNB.jpg","width":800,"height":600},{"@type":"BreadcrumbList","@id":"https:\/\/www.emballagedigest.fr\/rdue-la-fnb-deplore-lorientation-prise-par-la-commission-europeenne\/#breadcrumb","itemListElement":[{"@type":"ListItem","position":1,"name":"Accueil","item":"https:\/\/www.emballagedigest.fr\/"},{"@type":"ListItem","position":2,"name":"RDUE : la FNB d\u00e9plore l\u2019orientation prise par la Commission europ\u00e9enne"}]},{"@type":"WebSite","@id":"https:\/\/www.emballagedigest.fr\/#website","url":"https:\/\/www.emballagedigest.fr\/","name":"Emballage Digest","description":"Revue professionnelle sur les emballages","publisher":{"@id":"https:\/\/www.emballagedigest.fr\/#organization"},"potentialAction":[{"@type":"SearchAction","target":{"@type":"EntryPoint","urlTemplate":"https:\/\/www.emballagedigest.fr\/?s={search_term_string}"},"query-input":{"@type":"PropertyValueSpecification","valueRequired":true,"valueName":"search_term_string"}}],"inLanguage":"en-GB"},{"@type":"Organization","@id":"https:\/\/www.emballagedigest.fr\/#organization","name":"Emballage Digest","url":"https:\/\/www.emballagedigest.fr\/","logo":{"@type":"ImageObject","inLanguage":"en-GB","@id":"https:\/\/www.emballagedigest.fr\/#\/schema\/logo\/image\/","url":"https:\/\/www.emballagedigest.fr\/wp-content\/uploads\/2022\/07\/logo-ed.png","contentUrl":"https:\/\/www.emballagedigest.fr\/wp-content\/uploads\/2022\/07\/logo-ed.png","width":379,"height":75,"caption":"Emballage Digest"},"image":{"@id":"https:\/\/www.emballagedigest.fr\/#\/schema\/logo\/image\/"}},{"@type":"Person","@id":"https:\/\/www.emballagedigest.fr\/#\/schema\/person\/76abe9f2b2ee4d3d520594c7a35da59f","name":"Karine Duval","image":{"@type":"ImageObject","inLanguage":"en-GB","@id":"https:\/\/www.emballagedigest.fr\/#\/schema\/person\/image\/","url":"https:\/\/secure.gravatar.com\/avatar\/f552799261cdd2e076e6677d780ef07bdb13aa4c196ab75b39abcbcdcae2d4e5?s=96&d=mm&r=g","contentUrl":"https:\/\/secure.gravatar.com\/avatar\/f552799261cdd2e076e6677d780ef07bdb13aa4c196ab75b39abcbcdcae2d4e5?s=96&d=mm&r=g","caption":"Karine Duval"},"url":"https:\/\/www.emballagedigest.fr\/en\/author\/admin_karduv\/"}]}},"_links":{"self":[{"href":"https:\/\/www.emballagedigest.fr\/en\/wp-json\/wp\/v2\/posts\/45892","targetHints":{"allow":["GET"]}}],"collection":[{"href":"https:\/\/www.emballagedigest.fr\/en\/wp-json\/wp\/v2\/posts"}],"about":[{"href":"https:\/\/www.emballagedigest.fr\/en\/wp-json\/wp\/v2\/types\/post"}],"author":[{"embeddable":true,"href":"https:\/\/www.emballagedigest.fr\/en\/wp-json\/wp\/v2\/users\/2"}],"replies":[{"embeddable":true,"href":"https:\/\/www.emballagedigest.fr\/en\/wp-json\/wp\/v2\/comments?post=45892"}],"version-history":[{"count":1,"href":"https:\/\/www.emballagedigest.fr\/en\/wp-json\/wp\/v2\/posts\/45892\/revisions"}],"predecessor-version":[{"id":45894,"href":"https:\/\/www.emballagedigest.fr\/en\/wp-json\/wp\/v2\/posts\/45892\/revisions\/45894"}],"wp:featuredmedia":[{"embeddable":true,"href":"https:\/\/www.emballagedigest.fr\/en\/wp-json\/wp\/v2\/media\/45893"}],"wp:attachment":[{"href":"https:\/\/www.emballagedigest.fr\/en\/wp-json\/wp\/v2\/media?parent=45892"}],"wp:term":[{"taxonomy":"category","embeddable":true,"href":"https:\/\/www.emballagedigest.fr\/en\/wp-json\/wp\/v2\/categories?post=45892"},{"taxonomy":"post_tag","embeddable":true,"href":"https:\/\/www.emballagedigest.fr\/en\/wp-json\/wp\/v2\/tags?post=45892"}],"curies":[{"name":"wp","href":"https:\/\/api.w.org\/{rel}","templated":true}]}}