{"id":46155,"date":"2025-11-24T08:48:53","date_gmt":"2025-11-24T07:48:53","guid":{"rendered":"https:\/\/www.emballagedigest.fr\/?p=46155"},"modified":"2025-11-25T08:09:37","modified_gmt":"2025-11-25T07:09:37","slug":"taxe-sur-les-emballages-plastiques-les-deputes-votent-sa-suppression","status":"publish","type":"post","link":"https:\/\/www.emballagedigest.fr\/en\/taxe-sur-les-emballages-plastiques-les-deputes-votent-sa-suppression\/","title":{"rendered":"Taxe sur les emballages plastiques : les d\u00e9put\u00e9s votent sa suppression"},"content":{"rendered":"<p><strong>Mercredi dernier, l\u2019Assembl\u00e9e Nationale a rejet\u00e9 la mise en place d\u2019une taxe plastique pr\u00e9vue initialement dans le Projet de Loi de Finances (PLF) 2026. Si les associations professionnelles (Polyvia, Elipso, etc.), repr\u00e9sentant les plasturgistes, se f\u00e9licitent de cette d\u00e9cision, les associations Surfrider Foundation Europe, Zero Waste France et No Plastic In My Sea d\u00e9plorent un vote qui d\u00e9responsabilise les industriels.<\/strong><\/p>\n\n\n\n<p>Ce projet de loi d\u2019une \u00ab taxe sur les emballages plastiques \u00bb pr\u00e9voyait un imp\u00f4t de r\u00e9partition \u00e0 la charge des \u00e9co-organismes calcul\u00e9 sur la m\u00eame base que la contribution \u00e0 l\u2019Union europ\u00e9enne. Pour rappel, la France a d\u00e9bours\u00e9 en 2025 plus de 1,4 milliard d\u2019euros de p\u00e9nalit\u00e9 pour non atteinte des objectifs de recyclage fix\u00e9s par Bruxelles, l\u2019Hexagone affichant seulement un taux de 25% de recyclage des emballages fix\u00e9s.<\/p>\n\n\n\n<p>La suppression de cet amendement au PLF 2026 est salu\u00e9e notamment par Polyvia qui \u00ab&nbsp;n&rsquo;aurait pas permis d&rsquo;am\u00e9liorer les performances de recyclage des plastiques&nbsp;\u00bb. En effet, un tel dispositif aurait oblig\u00e9 les metteurs en march\u00e9 \u00e0 choisir entre importer des r\u00e9sines plastiques ou emballages en plastique produit dans des pays \u00e0 bas co\u00fbt, de moindre qualit\u00e9 et faire supporter l\u2019augmentation de l\u2019\u00e9cocontribution aux consommateurs fran\u00e7ais. Au-del\u00e0 d\u2019un risque d\u2019inflation de tous les emballages plastiques, la taxe risquait \u00e9galement de favoriser la substitution de ces emballages par des emballages alternatifs quand bien m\u00eame ceux-ci seraient moins vertueux sur le plan environnemental, indique Polyvia.<\/p>\n\n\n\n<p>Le syndicat national des industriels de la plasturgie et des composites appelle donc les d\u00e9cideurs publics \u00e0 privil\u00e9gier des solutions structurelles plut\u00f4t qu\u2019un empilement fiscal inefficace. Pour ce dernier, la mauvaise performance de la France en mati\u00e8re de recyclage des emballages plastiques r\u00e9sulte principalement d\u2019un d\u00e9ficit de tri et d\u2019une collecte perfectible. \u00ab Nous devons augmenter le volume d\u2019emballages plastiques recycl\u00e9s en travaillant collectivement avec les collectivit\u00e9s, les metteurs en march\u00e9, les recycleurs et les \u00e9co-organismes, et une nouvelle taxe ne nous rapproche pas de cet objectif. Nous invitons maintenant les s\u00e9nateurs \u00e0 confirmer ce vote de l\u2019Assembl\u00e9e et \u00e0 se prononcer en faveur de la suppression de cet imp\u00f4t d\u00e9guis\u00e9&nbsp;\u00bb, commente Xavier Chastel, directeur g\u00e9n\u00e9ral de Polyvia.&nbsp;<\/p>\n\n\n\n<p>M\u00eame soulagement chez Elipso, m\u00eame s\u2019il reste plus nuanc\u00e9. Si cette suppression est per\u00e7ue comme un signal encourageant pour toute la fili\u00e8re des industriels de la plasturgie et des emballages, d\u00e9j\u00e0 soumis \u00e0 des lourdes contraintes r\u00e9glementaires et financi\u00e8res, \u00ab&nbsp;rien n\u2019est d\u00e9finitivement acquis&nbsp;\u00bb. L\u2019organisation professionnelle \u2013 qui d\u00e9voilera prochainement sa feuille de route \u00ab&nbsp;Plastic Packaging Plan 2040&nbsp;\u00bb \u2013 appelle donc le S\u00e9nat \u00e0 rester pleinement vigilant, en particulier sur la partie 1 du PLF, qui d\u00e9terminera la suite du processus. &nbsp;<\/p>\n\n\n\n<p>De leur c\u00f4t\u00e9, les associations Surfrider Foundation Europe, Zero Waste France et No Plastic In My Sea s\u2019indignent d\u2019une \u00ab&nbsp;d\u00e9responsabilisation des industriels&nbsp;\u00bb. Les associations consid\u00e8rent que la suppression de la taxe&nbsp;fait peser&nbsp;les&nbsp;co\u00fbts&nbsp;de la&nbsp;pollution&nbsp;plastique sur&nbsp;les&nbsp;collectivit\u00e9s et&nbsp;les&nbsp;citoyens et appellent les s\u00e9nateurs \u00e0 r\u00e9int\u00e9grer la taxe dans le projet de loi de finances, \u00e0 en augmenter ses montants.<\/p>\n\n\n\n<p>\u00ab&nbsp;La suppression du projet de taxe fait suite \u00e0 une campagne de d\u00e9sinformation massive des lobbies industriels&nbsp;\u00bb, d\u00e9clare&nbsp;Lisa Pastor, charg\u00e9e de plaidoyer pour Surfrider Foundation Europe.&nbsp;\u00ab&nbsp;Certains d\u00e9put\u00e9s ont repris mot pour mot leur argumentaire laissant croire, \u00e0 tort, que cette taxe se reporterait sur le consommateur et n\u2019aurait aucun gain environnemental. En r\u00e9alit\u00e9, cette taxe aurait pour effet d\u2019inciter les entreprises \u00e0 produire mieux, via l\u2019\u00e9co-conception, et \u00e0 d\u00e9velopper des alternatives durables comme le r\u00e9emploi. Voter sa suppression est un non-sens \u00e9conomique, environnemental et sanitaire&nbsp;\u00bb.<\/p>\n\n\n\n<p>\u00ab&nbsp;La taxe plastique a d\u00e9j\u00e0 co\u00fbt\u00e9 sur plusieurs ann\u00e9es plus de 5 milliards d\u2019euros aux contribuables et rien aux industriels&nbsp;\u00bb,&nbsp;rappelle&nbsp;Muriel Papin, D\u00e9l\u00e9gu\u00e9e G\u00e9n\u00e9rale de No Plastic In My Sea.&nbsp;\u00ab&nbsp;Pourtant, ce sont ces derniers qui font le choix de recourir toujours davantage \u00e0 ce mat\u00e9riau, en r\u00e9alit\u00e9 peu recyclable et peu recycl\u00e9. Il est indispensable que le S\u00e9nat reprenne cette disposition de bon sens indispensable pour r\u00e9duire les plastiques \u00e0 usage unique, comme l\u2019ambitionne la France avec la loi AGEC (Anti-Gaspillage pour l\u2019\u00c9conomie Circulaire)&nbsp;\u00bb.&nbsp;&nbsp;<\/p>","protected":false},"excerpt":{"rendered":"<p>Mercredi dernier, l\u2019Assembl\u00e9e Nationale a rejet\u00e9 la mise en place d\u2019une taxe plastique pr\u00e9vue initialement dans le Projet de Loi de Finances (PLF) 2026. Si les associations professionnelles (Polyvia, Elipso, etc.), repr\u00e9sentant les plasturgistes, se f\u00e9licitent de cette d\u00e9cision, les associations Surfrider Foundation Europe, Zero Waste France et No Plastic In My Sea d\u00e9plorent un [&hellip;]<\/p>","protected":false},"author":2,"featured_media":46156,"comment_status":"closed","ping_status":"closed","sticky":false,"template":"","format":"standard","meta":{"_acf_changed":false,"inline_featured_image":false,"iawp_total_views":15,"footnotes":""},"categories":[5,28,81,6],"tags":[],"class_list":["post-46155","post","type-post","status-publish","format-standard","has-post-thumbnail","hentry","category-alimentaire","category-article-entier","category-packaging","category-parfumerie-cosmetique"],"acf":[],"yoast_head":"<!-- This site is optimized with the Yoast SEO plugin v24.4 - https:\/\/yoast.com\/wordpress\/plugins\/seo\/ -->\n<title>Taxe sur les emballages plastiques : les d\u00e9put\u00e9s votent sa suppression - Emballage Digest<\/title>\n<meta name=\"robots\" content=\"index, follow, max-snippet:-1, max-image-preview:large, max-video-preview:-1\" \/>\n<link rel=\"canonical\" href=\"https:\/\/www.emballagedigest.fr\/en\/taxe-sur-les-emballages-plastiques-les-deputes-votent-sa-suppression\/\" \/>\n<meta property=\"og:locale\" content=\"en_GB\" \/>\n<meta property=\"og:type\" content=\"article\" \/>\n<meta property=\"og:title\" content=\"Taxe sur les emballages plastiques : les d\u00e9put\u00e9s votent sa suppression - Emballage Digest\" \/>\n<meta property=\"og:description\" content=\"Mercredi dernier, l\u2019Assembl\u00e9e Nationale a rejet\u00e9 la mise en place d\u2019une taxe plastique pr\u00e9vue initialement dans le Projet de Loi de Finances (PLF) 2026. Si les associations professionnelles (Polyvia, Elipso, etc.), repr\u00e9sentant les plasturgistes, se f\u00e9licitent de cette d\u00e9cision, les associations Surfrider Foundation Europe, Zero Waste France et No Plastic In My Sea d\u00e9plorent un [&hellip;]\" \/>\n<meta property=\"og:url\" content=\"https:\/\/www.emballagedigest.fr\/en\/taxe-sur-les-emballages-plastiques-les-deputes-votent-sa-suppression\/\" \/>\n<meta property=\"og:site_name\" content=\"Emballage Digest\" \/>\n<meta property=\"article:published_time\" content=\"2025-11-24T07:48:53+00:00\" \/>\n<meta property=\"article:modified_time\" content=\"2025-11-25T07:09:37+00:00\" \/>\n<meta property=\"og:image\" content=\"https:\/\/www.emballagedigest.fr\/wp-content\/uploads\/2025\/11\/elipso.jpg\" \/>\n\t<meta property=\"og:image:width\" content=\"800\" \/>\n\t<meta property=\"og:image:height\" content=\"533\" \/>\n\t<meta property=\"og:image:type\" content=\"image\/jpeg\" \/>\n<meta name=\"author\" content=\"Karine Duval\" \/>\n<meta name=\"twitter:card\" content=\"summary_large_image\" \/>\n<meta name=\"twitter:label1\" content=\"Written by\" \/>\n\t<meta name=\"twitter:data1\" content=\"Karine Duval\" \/>\n\t<meta name=\"twitter:label2\" content=\"Estimated reading time\" \/>\n\t<meta name=\"twitter:data2\" content=\"4 minutes\" \/>\n<script type=\"application\/ld+json\" class=\"yoast-schema-graph\">{\"@context\":\"https:\/\/schema.org\",\"@graph\":[{\"@type\":\"Article\",\"@id\":\"https:\/\/www.emballagedigest.fr\/taxe-sur-les-emballages-plastiques-les-deputes-votent-sa-suppression\/#article\",\"isPartOf\":{\"@id\":\"https:\/\/www.emballagedigest.fr\/taxe-sur-les-emballages-plastiques-les-deputes-votent-sa-suppression\/\"},\"author\":{\"name\":\"Karine Duval\",\"@id\":\"https:\/\/www.emballagedigest.fr\/#\/schema\/person\/76abe9f2b2ee4d3d520594c7a35da59f\"},\"headline\":\"Taxe sur les emballages plastiques : les d\u00e9put\u00e9s votent sa suppression\",\"datePublished\":\"2025-11-24T07:48:53+00:00\",\"dateModified\":\"2025-11-25T07:09:37+00:00\",\"mainEntityOfPage\":{\"@id\":\"https:\/\/www.emballagedigest.fr\/taxe-sur-les-emballages-plastiques-les-deputes-votent-sa-suppression\/\"},\"wordCount\":789,\"publisher\":{\"@id\":\"https:\/\/www.emballagedigest.fr\/#organization\"},\"image\":{\"@id\":\"https:\/\/www.emballagedigest.fr\/taxe-sur-les-emballages-plastiques-les-deputes-votent-sa-suppression\/#primaryimage\"},\"thumbnailUrl\":\"https:\/\/www.emballagedigest.fr\/wp-content\/uploads\/2025\/11\/elipso.jpg\",\"articleSection\":[\"Alimentaire\",\"Article entier\",\"Packaging\",\"Parfumerie &amp; Cosm\u00e9tique\"],\"inLanguage\":\"en-GB\"},{\"@type\":\"WebPage\",\"@id\":\"https:\/\/www.emballagedigest.fr\/taxe-sur-les-emballages-plastiques-les-deputes-votent-sa-suppression\/\",\"url\":\"https:\/\/www.emballagedigest.fr\/taxe-sur-les-emballages-plastiques-les-deputes-votent-sa-suppression\/\",\"name\":\"Taxe sur les emballages plastiques : les d\u00e9put\u00e9s votent sa suppression - Emballage Digest\",\"isPartOf\":{\"@id\":\"https:\/\/www.emballagedigest.fr\/#website\"},\"primaryImageOfPage\":{\"@id\":\"https:\/\/www.emballagedigest.fr\/taxe-sur-les-emballages-plastiques-les-deputes-votent-sa-suppression\/#primaryimage\"},\"image\":{\"@id\":\"https:\/\/www.emballagedigest.fr\/taxe-sur-les-emballages-plastiques-les-deputes-votent-sa-suppression\/#primaryimage\"},\"thumbnailUrl\":\"https:\/\/www.emballagedigest.fr\/wp-content\/uploads\/2025\/11\/elipso.jpg\",\"datePublished\":\"2025-11-24T07:48:53+00:00\",\"dateModified\":\"2025-11-25T07:09:37+00:00\",\"breadcrumb\":{\"@id\":\"https:\/\/www.emballagedigest.fr\/taxe-sur-les-emballages-plastiques-les-deputes-votent-sa-suppression\/#breadcrumb\"},\"inLanguage\":\"en-GB\",\"potentialAction\":[{\"@type\":\"ReadAction\",\"target\":[\"https:\/\/www.emballagedigest.fr\/taxe-sur-les-emballages-plastiques-les-deputes-votent-sa-suppression\/\"]}]},{\"@type\":\"ImageObject\",\"inLanguage\":\"en-GB\",\"@id\":\"https:\/\/www.emballagedigest.fr\/taxe-sur-les-emballages-plastiques-les-deputes-votent-sa-suppression\/#primaryimage\",\"url\":\"https:\/\/www.emballagedigest.fr\/wp-content\/uploads\/2025\/11\/elipso.jpg\",\"contentUrl\":\"https:\/\/www.emballagedigest.fr\/wp-content\/uploads\/2025\/11\/elipso.jpg\",\"width\":800,\"height\":533},{\"@type\":\"BreadcrumbList\",\"@id\":\"https:\/\/www.emballagedigest.fr\/taxe-sur-les-emballages-plastiques-les-deputes-votent-sa-suppression\/#breadcrumb\",\"itemListElement\":[{\"@type\":\"ListItem\",\"position\":1,\"name\":\"Accueil\",\"item\":\"https:\/\/www.emballagedigest.fr\/\"},{\"@type\":\"ListItem\",\"position\":2,\"name\":\"Taxe sur les emballages plastiques : les d\u00e9put\u00e9s votent sa suppression\"}]},{\"@type\":\"WebSite\",\"@id\":\"https:\/\/www.emballagedigest.fr\/#website\",\"url\":\"https:\/\/www.emballagedigest.fr\/\",\"name\":\"Emballage Digest\",\"description\":\"Revue professionnelle sur les emballages\",\"publisher\":{\"@id\":\"https:\/\/www.emballagedigest.fr\/#organization\"},\"potentialAction\":[{\"@type\":\"SearchAction\",\"target\":{\"@type\":\"EntryPoint\",\"urlTemplate\":\"https:\/\/www.emballagedigest.fr\/?s={search_term_string}\"},\"query-input\":{\"@type\":\"PropertyValueSpecification\",\"valueRequired\":true,\"valueName\":\"search_term_string\"}}],\"inLanguage\":\"en-GB\"},{\"@type\":\"Organization\",\"@id\":\"https:\/\/www.emballagedigest.fr\/#organization\",\"name\":\"Emballage Digest\",\"url\":\"https:\/\/www.emballagedigest.fr\/\",\"logo\":{\"@type\":\"ImageObject\",\"inLanguage\":\"en-GB\",\"@id\":\"https:\/\/www.emballagedigest.fr\/#\/schema\/logo\/image\/\",\"url\":\"https:\/\/www.emballagedigest.fr\/wp-content\/uploads\/2022\/07\/logo-ed.png\",\"contentUrl\":\"https:\/\/www.emballagedigest.fr\/wp-content\/uploads\/2022\/07\/logo-ed.png\",\"width\":379,\"height\":75,\"caption\":\"Emballage Digest\"},\"image\":{\"@id\":\"https:\/\/www.emballagedigest.fr\/#\/schema\/logo\/image\/\"}},{\"@type\":\"Person\",\"@id\":\"https:\/\/www.emballagedigest.fr\/#\/schema\/person\/76abe9f2b2ee4d3d520594c7a35da59f\",\"name\":\"Karine Duval\",\"image\":{\"@type\":\"ImageObject\",\"inLanguage\":\"en-GB\",\"@id\":\"https:\/\/www.emballagedigest.fr\/#\/schema\/person\/image\/\",\"url\":\"https:\/\/secure.gravatar.com\/avatar\/f552799261cdd2e076e6677d780ef07bdb13aa4c196ab75b39abcbcdcae2d4e5?s=96&d=mm&r=g\",\"contentUrl\":\"https:\/\/secure.gravatar.com\/avatar\/f552799261cdd2e076e6677d780ef07bdb13aa4c196ab75b39abcbcdcae2d4e5?s=96&d=mm&r=g\",\"caption\":\"Karine Duval\"},\"url\":\"https:\/\/www.emballagedigest.fr\/en\/author\/admin_karduv\/\"}]}<\/script>\n<!-- \/ Yoast SEO plugin. -->","yoast_head_json":{"title":"Taxe sur les emballages plastiques : les d\u00e9put\u00e9s votent sa suppression - Emballage Digest","robots":{"index":"index","follow":"follow","max-snippet":"max-snippet:-1","max-image-preview":"max-image-preview:large","max-video-preview":"max-video-preview:-1"},"canonical":"https:\/\/www.emballagedigest.fr\/en\/taxe-sur-les-emballages-plastiques-les-deputes-votent-sa-suppression\/","og_locale":"en_GB","og_type":"article","og_title":"Taxe sur les emballages plastiques : les d\u00e9put\u00e9s votent sa suppression - Emballage Digest","og_description":"Mercredi dernier, l\u2019Assembl\u00e9e Nationale a rejet\u00e9 la mise en place d\u2019une taxe plastique pr\u00e9vue initialement dans le Projet de Loi de Finances (PLF) 2026. Si les associations professionnelles (Polyvia, Elipso, etc.), repr\u00e9sentant les plasturgistes, se f\u00e9licitent de cette d\u00e9cision, les associations Surfrider Foundation Europe, Zero Waste France et No Plastic In My Sea d\u00e9plorent un [&hellip;]","og_url":"https:\/\/www.emballagedigest.fr\/en\/taxe-sur-les-emballages-plastiques-les-deputes-votent-sa-suppression\/","og_site_name":"Emballage Digest","article_published_time":"2025-11-24T07:48:53+00:00","article_modified_time":"2025-11-25T07:09:37+00:00","og_image":[{"width":800,"height":533,"url":"https:\/\/www.emballagedigest.fr\/wp-content\/uploads\/2025\/11\/elipso.jpg","type":"image\/jpeg"}],"author":"Karine Duval","twitter_card":"summary_large_image","twitter_misc":{"Written by":"Karine Duval","Estimated reading time":"4 minutes"},"schema":{"@context":"https:\/\/schema.org","@graph":[{"@type":"Article","@id":"https:\/\/www.emballagedigest.fr\/taxe-sur-les-emballages-plastiques-les-deputes-votent-sa-suppression\/#article","isPartOf":{"@id":"https:\/\/www.emballagedigest.fr\/taxe-sur-les-emballages-plastiques-les-deputes-votent-sa-suppression\/"},"author":{"name":"Karine Duval","@id":"https:\/\/www.emballagedigest.fr\/#\/schema\/person\/76abe9f2b2ee4d3d520594c7a35da59f"},"headline":"Taxe sur les emballages plastiques : les d\u00e9put\u00e9s votent sa suppression","datePublished":"2025-11-24T07:48:53+00:00","dateModified":"2025-11-25T07:09:37+00:00","mainEntityOfPage":{"@id":"https:\/\/www.emballagedigest.fr\/taxe-sur-les-emballages-plastiques-les-deputes-votent-sa-suppression\/"},"wordCount":789,"publisher":{"@id":"https:\/\/www.emballagedigest.fr\/#organization"},"image":{"@id":"https:\/\/www.emballagedigest.fr\/taxe-sur-les-emballages-plastiques-les-deputes-votent-sa-suppression\/#primaryimage"},"thumbnailUrl":"https:\/\/www.emballagedigest.fr\/wp-content\/uploads\/2025\/11\/elipso.jpg","articleSection":["Alimentaire","Article entier","Packaging","Parfumerie &amp; Cosm\u00e9tique"],"inLanguage":"en-GB"},{"@type":"WebPage","@id":"https:\/\/www.emballagedigest.fr\/taxe-sur-les-emballages-plastiques-les-deputes-votent-sa-suppression\/","url":"https:\/\/www.emballagedigest.fr\/taxe-sur-les-emballages-plastiques-les-deputes-votent-sa-suppression\/","name":"Taxe sur les emballages plastiques : les d\u00e9put\u00e9s votent sa suppression - Emballage Digest","isPartOf":{"@id":"https:\/\/www.emballagedigest.fr\/#website"},"primaryImageOfPage":{"@id":"https:\/\/www.emballagedigest.fr\/taxe-sur-les-emballages-plastiques-les-deputes-votent-sa-suppression\/#primaryimage"},"image":{"@id":"https:\/\/www.emballagedigest.fr\/taxe-sur-les-emballages-plastiques-les-deputes-votent-sa-suppression\/#primaryimage"},"thumbnailUrl":"https:\/\/www.emballagedigest.fr\/wp-content\/uploads\/2025\/11\/elipso.jpg","datePublished":"2025-11-24T07:48:53+00:00","dateModified":"2025-11-25T07:09:37+00:00","breadcrumb":{"@id":"https:\/\/www.emballagedigest.fr\/taxe-sur-les-emballages-plastiques-les-deputes-votent-sa-suppression\/#breadcrumb"},"inLanguage":"en-GB","potentialAction":[{"@type":"ReadAction","target":["https:\/\/www.emballagedigest.fr\/taxe-sur-les-emballages-plastiques-les-deputes-votent-sa-suppression\/"]}]},{"@type":"ImageObject","inLanguage":"en-GB","@id":"https:\/\/www.emballagedigest.fr\/taxe-sur-les-emballages-plastiques-les-deputes-votent-sa-suppression\/#primaryimage","url":"https:\/\/www.emballagedigest.fr\/wp-content\/uploads\/2025\/11\/elipso.jpg","contentUrl":"https:\/\/www.emballagedigest.fr\/wp-content\/uploads\/2025\/11\/elipso.jpg","width":800,"height":533},{"@type":"BreadcrumbList","@id":"https:\/\/www.emballagedigest.fr\/taxe-sur-les-emballages-plastiques-les-deputes-votent-sa-suppression\/#breadcrumb","itemListElement":[{"@type":"ListItem","position":1,"name":"Accueil","item":"https:\/\/www.emballagedigest.fr\/"},{"@type":"ListItem","position":2,"name":"Taxe sur les emballages plastiques : les d\u00e9put\u00e9s votent sa suppression"}]},{"@type":"WebSite","@id":"https:\/\/www.emballagedigest.fr\/#website","url":"https:\/\/www.emballagedigest.fr\/","name":"Emballage Digest","description":"Revue professionnelle sur les emballages","publisher":{"@id":"https:\/\/www.emballagedigest.fr\/#organization"},"potentialAction":[{"@type":"SearchAction","target":{"@type":"EntryPoint","urlTemplate":"https:\/\/www.emballagedigest.fr\/?s={search_term_string}"},"query-input":{"@type":"PropertyValueSpecification","valueRequired":true,"valueName":"search_term_string"}}],"inLanguage":"en-GB"},{"@type":"Organization","@id":"https:\/\/www.emballagedigest.fr\/#organization","name":"Emballage Digest","url":"https:\/\/www.emballagedigest.fr\/","logo":{"@type":"ImageObject","inLanguage":"en-GB","@id":"https:\/\/www.emballagedigest.fr\/#\/schema\/logo\/image\/","url":"https:\/\/www.emballagedigest.fr\/wp-content\/uploads\/2022\/07\/logo-ed.png","contentUrl":"https:\/\/www.emballagedigest.fr\/wp-content\/uploads\/2022\/07\/logo-ed.png","width":379,"height":75,"caption":"Emballage Digest"},"image":{"@id":"https:\/\/www.emballagedigest.fr\/#\/schema\/logo\/image\/"}},{"@type":"Person","@id":"https:\/\/www.emballagedigest.fr\/#\/schema\/person\/76abe9f2b2ee4d3d520594c7a35da59f","name":"Karine Duval","image":{"@type":"ImageObject","inLanguage":"en-GB","@id":"https:\/\/www.emballagedigest.fr\/#\/schema\/person\/image\/","url":"https:\/\/secure.gravatar.com\/avatar\/f552799261cdd2e076e6677d780ef07bdb13aa4c196ab75b39abcbcdcae2d4e5?s=96&d=mm&r=g","contentUrl":"https:\/\/secure.gravatar.com\/avatar\/f552799261cdd2e076e6677d780ef07bdb13aa4c196ab75b39abcbcdcae2d4e5?s=96&d=mm&r=g","caption":"Karine Duval"},"url":"https:\/\/www.emballagedigest.fr\/en\/author\/admin_karduv\/"}]}},"_links":{"self":[{"href":"https:\/\/www.emballagedigest.fr\/en\/wp-json\/wp\/v2\/posts\/46155","targetHints":{"allow":["GET"]}}],"collection":[{"href":"https:\/\/www.emballagedigest.fr\/en\/wp-json\/wp\/v2\/posts"}],"about":[{"href":"https:\/\/www.emballagedigest.fr\/en\/wp-json\/wp\/v2\/types\/post"}],"author":[{"embeddable":true,"href":"https:\/\/www.emballagedigest.fr\/en\/wp-json\/wp\/v2\/users\/2"}],"replies":[{"embeddable":true,"href":"https:\/\/www.emballagedigest.fr\/en\/wp-json\/wp\/v2\/comments?post=46155"}],"version-history":[{"count":1,"href":"https:\/\/www.emballagedigest.fr\/en\/wp-json\/wp\/v2\/posts\/46155\/revisions"}],"predecessor-version":[{"id":46157,"href":"https:\/\/www.emballagedigest.fr\/en\/wp-json\/wp\/v2\/posts\/46155\/revisions\/46157"}],"wp:featuredmedia":[{"embeddable":true,"href":"https:\/\/www.emballagedigest.fr\/en\/wp-json\/wp\/v2\/media\/46156"}],"wp:attachment":[{"href":"https:\/\/www.emballagedigest.fr\/en\/wp-json\/wp\/v2\/media?parent=46155"}],"wp:term":[{"taxonomy":"category","embeddable":true,"href":"https:\/\/www.emballagedigest.fr\/en\/wp-json\/wp\/v2\/categories?post=46155"},{"taxonomy":"post_tag","embeddable":true,"href":"https:\/\/www.emballagedigest.fr\/en\/wp-json\/wp\/v2\/tags?post=46155"}],"curies":[{"name":"wp","href":"https:\/\/api.w.org\/{rel}","templated":true}]}}