{"id":46295,"date":"2025-12-01T08:52:44","date_gmt":"2025-12-01T07:52:44","guid":{"rendered":"https:\/\/www.emballagedigest.fr\/?p=46295"},"modified":"2025-12-02T00:39:27","modified_gmt":"2025-12-01T23:39:27","slug":"le-cne-reagit-a-la-tribune-collective-publiee-dans-les-echos","status":"publish","type":"post","link":"https:\/\/www.emballagedigest.fr\/en\/le-cne-reagit-a-la-tribune-collective-publiee-dans-les-echos\/","title":{"rendered":"Le CNE r\u00e9agit \u00e0 la tribune collective publi\u00e9e dans les Echos"},"content":{"rendered":"<p><strong>8 millions de tonnes d&#8217;emballages par an&nbsp;: \u00ab&nbsp;L&rsquo;Etat pr\u00e9f\u00e8re taxer les collectivit\u00e9s plut\u00f4t que contraindre les industriels&nbsp;\u00bb, la tribune \u00e0 charge publi\u00e9e par un collectif de collectivit\u00e9s et de syndicats le 21 novembre dernier dans les colonnes des Echos a fait bondir le Conseil National de l\u2019Emballage (CNE), qui r\u00e9pond \u00e0 chaque attaque.<\/strong><\/p>\n\n\n\n<p>La tribune \u2013 sign\u00e9e par le Syctom aux c\u00f4t\u00e9s d\u2019une quinzaine de collectivit\u00e9s et syndicats de gestion des d\u00e9chets ainsi que deux organismes nationaux (Amorce, Azur, CNR, Sevede, Siom, Valoseine, etc.) interpelle les pouvoirs publics quant \u00e0 la surproduction des emballages de la part des industriels, \u00e0 coup de chiffres erron\u00e9s et de fausses v\u00e9rit\u00e9s, s\u2019insurge le Conseil National de l\u2019Emballage.<\/p>\n\n\n\n<p>Ce dernier d\u00e9ment les chiffres avanc\u00e9s dont celui de 8 millions de tonnes d\u2019emballages m\u00e9nagers mis sur le march\u00e9 par an. Selon l\u2019Ademe, le chiffre officiel est de 5,5 Mt. Par ailleurs, les auteurs de la tribune affirment que pas moins que \u00ab 70 % des emballages mis en circulation pourraient \u00eatre \u00e9vit\u00e9s \u00bb. Cette assertion, qui ne correspond \u00e0 aucune r\u00e9alit\u00e9, est sans fondement et nulle part document\u00e9e, d\u00e9fend le Conseil National de l\u2019Emballage.<\/p>\n\n\n\n<p>Autre contre-v\u00e9rit\u00e9 point\u00e9e du doigt&nbsp;: contrairement \u00e0 ce qui est affirm\u00e9 dans cette tribune, le CNE rappelle que les metteurs en march\u00e9 participent au financement de la gestion de la fin de vie des emballages vides par les \u00e9cocontributions d\u00e9finies par les \u00e9co-organismes agr\u00e9\u00e9s par les pouvoirs publics comme Citeo et L\u00e9ko. Une manne financi\u00e8re de 1,6 milliards d\u2019euros en 2025 pour Citeo* qui permet de financer justement le tri des d\u00e9chets et la collecte s\u00e9lective g\u00e9r\u00e9es par les auteurs m\u00eames de cette tribune.<\/p>\n\n\n\n<p>Enfin, rappel essentiel et non des moindres fait par le CNE&nbsp;: ce ne sont pas des emballages qui sont mis sur le march\u00e9 mais bien des produits qui ont besoin d\u2019\u00eatre emball\u00e9s. Les emballages ont pour fonction de contenir, prot\u00e9ger et conserver les produits, d\u2019en permettre le transport et l\u2019entreposage, de fournir au consommateur des informations sur le produit qu\u2019il ach\u00e8te, d\u2019en faciliter l\u2019usage et d\u2019en prolonger la dur\u00e9e de vie&#8230; Sans emballages, il n\u2019y a pas de produits.<\/p>\n\n\n\n<p>Le CNE milite d\u2019ailleurs depuis de nombreuses ann\u00e9es pour le \u00ab Juste Emballage \u00bb. A savoir un emballage qui permette d\u2019assurer les fonctionnalit\u00e9s essentielles attendues par le produit, tout en minimisant son impact sur l\u2019environnement.<\/p>\n\n\n\n<figure class=\"wp-block-embed is-type-wp-embed is-provider-emballage-digest wp-block-embed-emballage-digest\"><div class=\"wp-block-embed__wrapper\">\n<blockquote class=\"wp-embedded-content\" data-secret=\"ahXt3RcFVx\"><a href=\"https:\/\/www.emballagedigest.fr\/en\/financement-de-la-rep-emballages-menagers-citeo-tire-la-sonnette-dalarme\/\">Financement de la REP emballages m\u00e9nagers : Citeo tire la sonnette d\u2019alarme<\/a><\/blockquote><iframe loading=\"lazy\" class=\"wp-embedded-content\" sandbox=\"allow-scripts\" security=\"restricted\" style=\"position: absolute; visibility: hidden;\" title=\"\u00ab\u00a0Financement de la REP emballages m\u00e9nagers : Citeo tire la sonnette d\u2019alarme\u00a0\u00bb &#8212; Emballage Digest\" src=\"https:\/\/www.emballagedigest.fr\/financement-de-la-rep-emballages-menagers-citeo-tire-la-sonnette-dalarme\/embed\/#?secret=c2WQjKUfmf#?secret=ahXt3RcFVx\" data-secret=\"ahXt3RcFVx\" width=\"500\" height=\"282\" frameborder=\"0\" marginwidth=\"0\" marginheight=\"0\" scrolling=\"no\"><\/iframe>\n<\/div><\/figure>","protected":false},"excerpt":{"rendered":"<p>8 millions de tonnes d&#8217;emballages par an&nbsp;: \u00ab&nbsp;L&rsquo;Etat pr\u00e9f\u00e8re taxer les collectivit\u00e9s plut\u00f4t que contraindre les industriels&nbsp;\u00bb, la tribune \u00e0 charge publi\u00e9e par un collectif de collectivit\u00e9s et de syndicats le 21 novembre dernier dans les colonnes des Echos a fait bondir le Conseil National de l\u2019Emballage (CNE), qui r\u00e9pond \u00e0 chaque attaque. La tribune [&hellip;]<\/p>","protected":false},"author":2,"featured_media":46296,"comment_status":"closed","ping_status":"closed","sticky":false,"template":"","format":"standard","meta":{"_acf_changed":false,"inline_featured_image":false,"iawp_total_views":1,"footnotes":""},"categories":[28,10],"tags":[],"class_list":["post-46295","post","type-post","status-publish","format-standard","has-post-thumbnail","hentry","category-article-entier","category-materiaux"],"acf":[],"yoast_head":"<!-- This site is optimized with the Yoast SEO plugin v24.4 - https:\/\/yoast.com\/wordpress\/plugins\/seo\/ -->\n<title>Le CNE r\u00e9agit \u00e0 la tribune collective publi\u00e9e dans les Echos - Emballage Digest<\/title>\n<meta name=\"robots\" content=\"index, follow, max-snippet:-1, max-image-preview:large, max-video-preview:-1\" \/>\n<link rel=\"canonical\" href=\"https:\/\/www.emballagedigest.fr\/en\/le-cne-reagit-a-la-tribune-collective-publiee-dans-les-echos\/\" \/>\n<meta property=\"og:locale\" content=\"en_GB\" \/>\n<meta property=\"og:type\" content=\"article\" \/>\n<meta property=\"og:title\" content=\"Le CNE r\u00e9agit \u00e0 la tribune collective publi\u00e9e dans les Echos - Emballage Digest\" \/>\n<meta property=\"og:description\" content=\"8 millions de tonnes d&#8217;emballages par an&nbsp;: \u00ab&nbsp;L&rsquo;Etat pr\u00e9f\u00e8re taxer les collectivit\u00e9s plut\u00f4t que contraindre les industriels&nbsp;\u00bb, la tribune \u00e0 charge publi\u00e9e par un collectif de collectivit\u00e9s et de syndicats le 21 novembre dernier dans les colonnes des Echos a fait bondir le Conseil National de l\u2019Emballage (CNE), qui r\u00e9pond \u00e0 chaque attaque. La tribune [&hellip;]\" \/>\n<meta property=\"og:url\" content=\"https:\/\/www.emballagedigest.fr\/en\/le-cne-reagit-a-la-tribune-collective-publiee-dans-les-echos\/\" \/>\n<meta property=\"og:site_name\" content=\"Emballage Digest\" \/>\n<meta property=\"article:published_time\" content=\"2025-12-01T07:52:44+00:00\" \/>\n<meta property=\"article:modified_time\" content=\"2025-12-01T23:39:27+00:00\" \/>\n<meta property=\"og:image\" content=\"https:\/\/www.emballagedigest.fr\/wp-content\/uploads\/2025\/12\/CNE.jpg\" \/>\n\t<meta property=\"og:image:width\" content=\"800\" \/>\n\t<meta property=\"og:image:height\" content=\"533\" \/>\n\t<meta property=\"og:image:type\" content=\"image\/jpeg\" \/>\n<meta name=\"author\" content=\"Karine Duval\" \/>\n<meta name=\"twitter:card\" content=\"summary_large_image\" \/>\n<meta name=\"twitter:label1\" content=\"Written by\" \/>\n\t<meta name=\"twitter:data1\" content=\"Karine Duval\" \/>\n\t<meta name=\"twitter:label2\" content=\"Estimated reading time\" \/>\n\t<meta name=\"twitter:data2\" content=\"3 minutes\" \/>\n<script type=\"application\/ld+json\" class=\"yoast-schema-graph\">{\"@context\":\"https:\/\/schema.org\",\"@graph\":[{\"@type\":\"Article\",\"@id\":\"https:\/\/www.emballagedigest.fr\/le-cne-reagit-a-la-tribune-collective-publiee-dans-les-echos\/#article\",\"isPartOf\":{\"@id\":\"https:\/\/www.emballagedigest.fr\/le-cne-reagit-a-la-tribune-collective-publiee-dans-les-echos\/\"},\"author\":{\"name\":\"Karine Duval\",\"@id\":\"https:\/\/www.emballagedigest.fr\/#\/schema\/person\/76abe9f2b2ee4d3d520594c7a35da59f\"},\"headline\":\"Le CNE r\u00e9agit \u00e0 la tribune collective publi\u00e9e dans les Echos\",\"datePublished\":\"2025-12-01T07:52:44+00:00\",\"dateModified\":\"2025-12-01T23:39:27+00:00\",\"mainEntityOfPage\":{\"@id\":\"https:\/\/www.emballagedigest.fr\/le-cne-reagit-a-la-tribune-collective-publiee-dans-les-echos\/\"},\"wordCount\":450,\"publisher\":{\"@id\":\"https:\/\/www.emballagedigest.fr\/#organization\"},\"image\":{\"@id\":\"https:\/\/www.emballagedigest.fr\/le-cne-reagit-a-la-tribune-collective-publiee-dans-les-echos\/#primaryimage\"},\"thumbnailUrl\":\"https:\/\/www.emballagedigest.fr\/wp-content\/uploads\/2025\/12\/CNE.jpg\",\"articleSection\":[\"Article entier\",\"Mat\u00e9riaux\"],\"inLanguage\":\"en-GB\"},{\"@type\":\"WebPage\",\"@id\":\"https:\/\/www.emballagedigest.fr\/le-cne-reagit-a-la-tribune-collective-publiee-dans-les-echos\/\",\"url\":\"https:\/\/www.emballagedigest.fr\/le-cne-reagit-a-la-tribune-collective-publiee-dans-les-echos\/\",\"name\":\"Le CNE r\u00e9agit \u00e0 la tribune collective publi\u00e9e dans les Echos - Emballage Digest\",\"isPartOf\":{\"@id\":\"https:\/\/www.emballagedigest.fr\/#website\"},\"primaryImageOfPage\":{\"@id\":\"https:\/\/www.emballagedigest.fr\/le-cne-reagit-a-la-tribune-collective-publiee-dans-les-echos\/#primaryimage\"},\"image\":{\"@id\":\"https:\/\/www.emballagedigest.fr\/le-cne-reagit-a-la-tribune-collective-publiee-dans-les-echos\/#primaryimage\"},\"thumbnailUrl\":\"https:\/\/www.emballagedigest.fr\/wp-content\/uploads\/2025\/12\/CNE.jpg\",\"datePublished\":\"2025-12-01T07:52:44+00:00\",\"dateModified\":\"2025-12-01T23:39:27+00:00\",\"breadcrumb\":{\"@id\":\"https:\/\/www.emballagedigest.fr\/le-cne-reagit-a-la-tribune-collective-publiee-dans-les-echos\/#breadcrumb\"},\"inLanguage\":\"en-GB\",\"potentialAction\":[{\"@type\":\"ReadAction\",\"target\":[\"https:\/\/www.emballagedigest.fr\/le-cne-reagit-a-la-tribune-collective-publiee-dans-les-echos\/\"]}]},{\"@type\":\"ImageObject\",\"inLanguage\":\"en-GB\",\"@id\":\"https:\/\/www.emballagedigest.fr\/le-cne-reagit-a-la-tribune-collective-publiee-dans-les-echos\/#primaryimage\",\"url\":\"https:\/\/www.emballagedigest.fr\/wp-content\/uploads\/2025\/12\/CNE.jpg\",\"contentUrl\":\"https:\/\/www.emballagedigest.fr\/wp-content\/uploads\/2025\/12\/CNE.jpg\",\"width\":800,\"height\":533},{\"@type\":\"BreadcrumbList\",\"@id\":\"https:\/\/www.emballagedigest.fr\/le-cne-reagit-a-la-tribune-collective-publiee-dans-les-echos\/#breadcrumb\",\"itemListElement\":[{\"@type\":\"ListItem\",\"position\":1,\"name\":\"Accueil\",\"item\":\"https:\/\/www.emballagedigest.fr\/\"},{\"@type\":\"ListItem\",\"position\":2,\"name\":\"Le CNE r\u00e9agit \u00e0 la tribune collective publi\u00e9e dans les Echos\"}]},{\"@type\":\"WebSite\",\"@id\":\"https:\/\/www.emballagedigest.fr\/#website\",\"url\":\"https:\/\/www.emballagedigest.fr\/\",\"name\":\"Emballage Digest\",\"description\":\"Revue professionnelle sur les emballages\",\"publisher\":{\"@id\":\"https:\/\/www.emballagedigest.fr\/#organization\"},\"potentialAction\":[{\"@type\":\"SearchAction\",\"target\":{\"@type\":\"EntryPoint\",\"urlTemplate\":\"https:\/\/www.emballagedigest.fr\/?s={search_term_string}\"},\"query-input\":{\"@type\":\"PropertyValueSpecification\",\"valueRequired\":true,\"valueName\":\"search_term_string\"}}],\"inLanguage\":\"en-GB\"},{\"@type\":\"Organization\",\"@id\":\"https:\/\/www.emballagedigest.fr\/#organization\",\"name\":\"Emballage Digest\",\"url\":\"https:\/\/www.emballagedigest.fr\/\",\"logo\":{\"@type\":\"ImageObject\",\"inLanguage\":\"en-GB\",\"@id\":\"https:\/\/www.emballagedigest.fr\/#\/schema\/logo\/image\/\",\"url\":\"https:\/\/www.emballagedigest.fr\/wp-content\/uploads\/2022\/07\/logo-ed.png\",\"contentUrl\":\"https:\/\/www.emballagedigest.fr\/wp-content\/uploads\/2022\/07\/logo-ed.png\",\"width\":379,\"height\":75,\"caption\":\"Emballage Digest\"},\"image\":{\"@id\":\"https:\/\/www.emballagedigest.fr\/#\/schema\/logo\/image\/\"}},{\"@type\":\"Person\",\"@id\":\"https:\/\/www.emballagedigest.fr\/#\/schema\/person\/76abe9f2b2ee4d3d520594c7a35da59f\",\"name\":\"Karine Duval\",\"image\":{\"@type\":\"ImageObject\",\"inLanguage\":\"en-GB\",\"@id\":\"https:\/\/www.emballagedigest.fr\/#\/schema\/person\/image\/\",\"url\":\"https:\/\/secure.gravatar.com\/avatar\/f552799261cdd2e076e6677d780ef07bdb13aa4c196ab75b39abcbcdcae2d4e5?s=96&d=mm&r=g\",\"contentUrl\":\"https:\/\/secure.gravatar.com\/avatar\/f552799261cdd2e076e6677d780ef07bdb13aa4c196ab75b39abcbcdcae2d4e5?s=96&d=mm&r=g\",\"caption\":\"Karine Duval\"},\"url\":\"https:\/\/www.emballagedigest.fr\/en\/author\/admin_karduv\/\"}]}<\/script>\n<!-- \/ Yoast SEO plugin. -->","yoast_head_json":{"title":"Le CNE r\u00e9agit \u00e0 la tribune collective publi\u00e9e dans les Echos - Emballage Digest","robots":{"index":"index","follow":"follow","max-snippet":"max-snippet:-1","max-image-preview":"max-image-preview:large","max-video-preview":"max-video-preview:-1"},"canonical":"https:\/\/www.emballagedigest.fr\/en\/le-cne-reagit-a-la-tribune-collective-publiee-dans-les-echos\/","og_locale":"en_GB","og_type":"article","og_title":"Le CNE r\u00e9agit \u00e0 la tribune collective publi\u00e9e dans les Echos - Emballage Digest","og_description":"8 millions de tonnes d&#8217;emballages par an&nbsp;: \u00ab&nbsp;L&rsquo;Etat pr\u00e9f\u00e8re taxer les collectivit\u00e9s plut\u00f4t que contraindre les industriels&nbsp;\u00bb, la tribune \u00e0 charge publi\u00e9e par un collectif de collectivit\u00e9s et de syndicats le 21 novembre dernier dans les colonnes des Echos a fait bondir le Conseil National de l\u2019Emballage (CNE), qui r\u00e9pond \u00e0 chaque attaque. La tribune [&hellip;]","og_url":"https:\/\/www.emballagedigest.fr\/en\/le-cne-reagit-a-la-tribune-collective-publiee-dans-les-echos\/","og_site_name":"Emballage Digest","article_published_time":"2025-12-01T07:52:44+00:00","article_modified_time":"2025-12-01T23:39:27+00:00","og_image":[{"width":800,"height":533,"url":"https:\/\/www.emballagedigest.fr\/wp-content\/uploads\/2025\/12\/CNE.jpg","type":"image\/jpeg"}],"author":"Karine Duval","twitter_card":"summary_large_image","twitter_misc":{"Written by":"Karine Duval","Estimated reading time":"3 minutes"},"schema":{"@context":"https:\/\/schema.org","@graph":[{"@type":"Article","@id":"https:\/\/www.emballagedigest.fr\/le-cne-reagit-a-la-tribune-collective-publiee-dans-les-echos\/#article","isPartOf":{"@id":"https:\/\/www.emballagedigest.fr\/le-cne-reagit-a-la-tribune-collective-publiee-dans-les-echos\/"},"author":{"name":"Karine Duval","@id":"https:\/\/www.emballagedigest.fr\/#\/schema\/person\/76abe9f2b2ee4d3d520594c7a35da59f"},"headline":"Le CNE r\u00e9agit \u00e0 la tribune collective publi\u00e9e dans les Echos","datePublished":"2025-12-01T07:52:44+00:00","dateModified":"2025-12-01T23:39:27+00:00","mainEntityOfPage":{"@id":"https:\/\/www.emballagedigest.fr\/le-cne-reagit-a-la-tribune-collective-publiee-dans-les-echos\/"},"wordCount":450,"publisher":{"@id":"https:\/\/www.emballagedigest.fr\/#organization"},"image":{"@id":"https:\/\/www.emballagedigest.fr\/le-cne-reagit-a-la-tribune-collective-publiee-dans-les-echos\/#primaryimage"},"thumbnailUrl":"https:\/\/www.emballagedigest.fr\/wp-content\/uploads\/2025\/12\/CNE.jpg","articleSection":["Article entier","Mat\u00e9riaux"],"inLanguage":"en-GB"},{"@type":"WebPage","@id":"https:\/\/www.emballagedigest.fr\/le-cne-reagit-a-la-tribune-collective-publiee-dans-les-echos\/","url":"https:\/\/www.emballagedigest.fr\/le-cne-reagit-a-la-tribune-collective-publiee-dans-les-echos\/","name":"Le CNE r\u00e9agit \u00e0 la tribune collective publi\u00e9e dans les Echos - Emballage Digest","isPartOf":{"@id":"https:\/\/www.emballagedigest.fr\/#website"},"primaryImageOfPage":{"@id":"https:\/\/www.emballagedigest.fr\/le-cne-reagit-a-la-tribune-collective-publiee-dans-les-echos\/#primaryimage"},"image":{"@id":"https:\/\/www.emballagedigest.fr\/le-cne-reagit-a-la-tribune-collective-publiee-dans-les-echos\/#primaryimage"},"thumbnailUrl":"https:\/\/www.emballagedigest.fr\/wp-content\/uploads\/2025\/12\/CNE.jpg","datePublished":"2025-12-01T07:52:44+00:00","dateModified":"2025-12-01T23:39:27+00:00","breadcrumb":{"@id":"https:\/\/www.emballagedigest.fr\/le-cne-reagit-a-la-tribune-collective-publiee-dans-les-echos\/#breadcrumb"},"inLanguage":"en-GB","potentialAction":[{"@type":"ReadAction","target":["https:\/\/www.emballagedigest.fr\/le-cne-reagit-a-la-tribune-collective-publiee-dans-les-echos\/"]}]},{"@type":"ImageObject","inLanguage":"en-GB","@id":"https:\/\/www.emballagedigest.fr\/le-cne-reagit-a-la-tribune-collective-publiee-dans-les-echos\/#primaryimage","url":"https:\/\/www.emballagedigest.fr\/wp-content\/uploads\/2025\/12\/CNE.jpg","contentUrl":"https:\/\/www.emballagedigest.fr\/wp-content\/uploads\/2025\/12\/CNE.jpg","width":800,"height":533},{"@type":"BreadcrumbList","@id":"https:\/\/www.emballagedigest.fr\/le-cne-reagit-a-la-tribune-collective-publiee-dans-les-echos\/#breadcrumb","itemListElement":[{"@type":"ListItem","position":1,"name":"Accueil","item":"https:\/\/www.emballagedigest.fr\/"},{"@type":"ListItem","position":2,"name":"Le CNE r\u00e9agit \u00e0 la tribune collective publi\u00e9e dans les Echos"}]},{"@type":"WebSite","@id":"https:\/\/www.emballagedigest.fr\/#website","url":"https:\/\/www.emballagedigest.fr\/","name":"Emballage Digest","description":"Revue professionnelle sur les emballages","publisher":{"@id":"https:\/\/www.emballagedigest.fr\/#organization"},"potentialAction":[{"@type":"SearchAction","target":{"@type":"EntryPoint","urlTemplate":"https:\/\/www.emballagedigest.fr\/?s={search_term_string}"},"query-input":{"@type":"PropertyValueSpecification","valueRequired":true,"valueName":"search_term_string"}}],"inLanguage":"en-GB"},{"@type":"Organization","@id":"https:\/\/www.emballagedigest.fr\/#organization","name":"Emballage Digest","url":"https:\/\/www.emballagedigest.fr\/","logo":{"@type":"ImageObject","inLanguage":"en-GB","@id":"https:\/\/www.emballagedigest.fr\/#\/schema\/logo\/image\/","url":"https:\/\/www.emballagedigest.fr\/wp-content\/uploads\/2022\/07\/logo-ed.png","contentUrl":"https:\/\/www.emballagedigest.fr\/wp-content\/uploads\/2022\/07\/logo-ed.png","width":379,"height":75,"caption":"Emballage Digest"},"image":{"@id":"https:\/\/www.emballagedigest.fr\/#\/schema\/logo\/image\/"}},{"@type":"Person","@id":"https:\/\/www.emballagedigest.fr\/#\/schema\/person\/76abe9f2b2ee4d3d520594c7a35da59f","name":"Karine Duval","image":{"@type":"ImageObject","inLanguage":"en-GB","@id":"https:\/\/www.emballagedigest.fr\/#\/schema\/person\/image\/","url":"https:\/\/secure.gravatar.com\/avatar\/f552799261cdd2e076e6677d780ef07bdb13aa4c196ab75b39abcbcdcae2d4e5?s=96&d=mm&r=g","contentUrl":"https:\/\/secure.gravatar.com\/avatar\/f552799261cdd2e076e6677d780ef07bdb13aa4c196ab75b39abcbcdcae2d4e5?s=96&d=mm&r=g","caption":"Karine Duval"},"url":"https:\/\/www.emballagedigest.fr\/en\/author\/admin_karduv\/"}]}},"_links":{"self":[{"href":"https:\/\/www.emballagedigest.fr\/en\/wp-json\/wp\/v2\/posts\/46295","targetHints":{"allow":["GET"]}}],"collection":[{"href":"https:\/\/www.emballagedigest.fr\/en\/wp-json\/wp\/v2\/posts"}],"about":[{"href":"https:\/\/www.emballagedigest.fr\/en\/wp-json\/wp\/v2\/types\/post"}],"author":[{"embeddable":true,"href":"https:\/\/www.emballagedigest.fr\/en\/wp-json\/wp\/v2\/users\/2"}],"replies":[{"embeddable":true,"href":"https:\/\/www.emballagedigest.fr\/en\/wp-json\/wp\/v2\/comments?post=46295"}],"version-history":[{"count":1,"href":"https:\/\/www.emballagedigest.fr\/en\/wp-json\/wp\/v2\/posts\/46295\/revisions"}],"predecessor-version":[{"id":46297,"href":"https:\/\/www.emballagedigest.fr\/en\/wp-json\/wp\/v2\/posts\/46295\/revisions\/46297"}],"wp:featuredmedia":[{"embeddable":true,"href":"https:\/\/www.emballagedigest.fr\/en\/wp-json\/wp\/v2\/media\/46296"}],"wp:attachment":[{"href":"https:\/\/www.emballagedigest.fr\/en\/wp-json\/wp\/v2\/media?parent=46295"}],"wp:term":[{"taxonomy":"category","embeddable":true,"href":"https:\/\/www.emballagedigest.fr\/en\/wp-json\/wp\/v2\/categories?post=46295"},{"taxonomy":"post_tag","embeddable":true,"href":"https:\/\/www.emballagedigest.fr\/en\/wp-json\/wp\/v2\/tags?post=46295"}],"curies":[{"name":"wp","href":"https:\/\/api.w.org\/{rel}","templated":true}]}}