{"id":46435,"date":"2025-12-10T08:05:51","date_gmt":"2025-12-10T07:05:51","guid":{"rendered":"https:\/\/www.emballagedigest.fr\/?p=46435"},"modified":"2025-12-11T00:20:07","modified_gmt":"2025-12-10T23:20:07","slug":"recyclage-du-pehd-alpla-accelere-le-pas","status":"publish","type":"post","link":"https:\/\/www.emballagedigest.fr\/en\/recyclage-du-pehd-alpla-accelere-le-pas\/","title":{"rendered":"Recyclage du PEHD : Alpla acc\u00e9l\u00e8re le pas"},"content":{"rendered":"<p><strong>Alpla poursuit son projet de mat\u00e9riaux recycl\u00e9s en PEHD de qualit\u00e9 alimentaire et annonce \u00eatre en cours d\u2019\u00e9valuation de son proc\u00e9d\u00e9 brevet\u00e9 \u00e0 base de solvants dans une usine pilote \u00e0 Heerenveen, en collaboration avec l&rsquo;institut technologique ind\u00e9pendant NTCP. Le projet, financ\u00e9 par le minist\u00e8re n\u00e9erlandais de la Politique climatique et de la Croissance verte, s&rsquo;\u00e9tendra sur quatre ans.<\/strong><\/p>\n\n\n\n<p>La technologie de recyclage brevet\u00e9e devrait permettre, pour la premi\u00e8re fois, de produire \u00e0 l&rsquo;\u00e9chelle industrielle du mat\u00e9riau recycl\u00e9 HDPE (rHDPE) adapt\u00e9 au contact alimentaire. Apr\u00e8s plusieurs ann\u00e9es de recherche et d\u00e9veloppement et des r\u00e9sultats de laboratoire concluants, les deux partenaires du projet viennent de commencer \u00e0 \u00e9valuer le proc\u00e9d\u00e9 \u00e0 base de solvants sur le site de NTCP \u00e0 Heerenveen.<\/p>\n\n\n\n<figure class=\"wp-block-image size-full is-resized\"><img loading=\"lazy\" decoding=\"async\" width=\"800\" height=\"536\" src=\"https:\/\/www.emballagedigest.fr\/wp-content\/uploads\/2025\/12\/ALPLA2.jpg\" alt=\"\" class=\"wp-image-46437\" style=\"width:840px;height:auto\" srcset=\"https:\/\/www.emballagedigest.fr\/wp-content\/uploads\/2025\/12\/ALPLA2.jpg 800w, https:\/\/www.emballagedigest.fr\/wp-content\/uploads\/2025\/12\/ALPLA2-300x201.jpg 300w, https:\/\/www.emballagedigest.fr\/wp-content\/uploads\/2025\/12\/ALPLA2-768x515.jpg 768w, https:\/\/www.emballagedigest.fr\/wp-content\/uploads\/2025\/12\/ALPLA2-18x12.jpg 18w\" sizes=\"auto, (max-width: 800px) 100vw, 800px\" \/><\/figure>\n\n\n\n<p>Des tests intensifs de toutes les \u00e9tapes du processus de la technologie brevet\u00e9e seront effectu\u00e9s dans le cadre d&rsquo;un projet d&rsquo;innovation collaboratif. Objectif&nbsp;: obtenir l&rsquo;agr\u00e9ment de l&rsquo;Autorit\u00e9 europ\u00e9enne de s\u00e9curit\u00e9 des aliments (EFSA) dans un avenir proche. La construction et l&rsquo;exploitation de l&rsquo;usine pilote fourniront des informations pr\u00e9cieuses pour la mise \u00e0 l&rsquo;\u00e9chelle du processus.<\/p>\n\n\n\n<p>\u00ab \u00c0 ce jour, il n&rsquo;existe aucun processus certifi\u00e9 dans l&rsquo;UE pour la production de mat\u00e9riaux recycl\u00e9s en PEHD de qualit\u00e9 alimentaire. Notre technologie hautement efficace pour le nettoyage et le traitement des mat\u00e9riaux recycl\u00e9s post-consommation pourrait v\u00e9ritablement changer la donne \u00bb, explique Michael Heyde, responsable de la division Technologie de recyclage chez Alpla.<\/p>\n\n\n\n<p>L&rsquo;entreprise produit d\u00e9j\u00e0 des mat\u00e9riaux recycl\u00e9s en PET et en PEHD dans sa propre division de recyclage sur 14 sites \u00e0 travers le monde, avec une capacit\u00e9 de production install\u00e9e et pr\u00e9vue de 400 000 tonnes. ALPLA transforme elle-m\u00eame la majeure partie de ces mat\u00e9riaux en emballages. L&rsquo;industrialisation future de cette technologie devrait permettre de disposer facilement d&#8217;emballages alimentaires en PEHD recycl\u00e9 pour le march\u00e9 des biens de grande consommation (FMCG).<\/p>","protected":false},"excerpt":{"rendered":"<p>Alpla poursuit son projet de mat\u00e9riaux recycl\u00e9s en PEHD de qualit\u00e9 alimentaire et annonce \u00eatre en cours d\u2019\u00e9valuation de son proc\u00e9d\u00e9 brevet\u00e9 \u00e0 base de solvants dans une usine pilote \u00e0 Heerenveen, en collaboration avec l&rsquo;institut technologique ind\u00e9pendant NTCP. Le projet, financ\u00e9 par le minist\u00e8re n\u00e9erlandais de la Politique climatique et de la Croissance verte, [&hellip;]<\/p>","protected":false},"author":2,"featured_media":46436,"comment_status":"closed","ping_status":"closed","sticky":false,"template":"","format":"standard","meta":{"_acf_changed":false,"inline_featured_image":false,"iawp_total_views":16,"footnotes":""},"categories":[28,10],"tags":[],"class_list":["post-46435","post","type-post","status-publish","format-standard","has-post-thumbnail","hentry","category-article-entier","category-materiaux"],"acf":[],"yoast_head":"<!-- This site is optimized with the Yoast SEO plugin v24.4 - https:\/\/yoast.com\/wordpress\/plugins\/seo\/ -->\n<title>Recyclage du PEHD : Alpla acc\u00e9l\u00e8re le pas - Emballage Digest<\/title>\n<meta name=\"robots\" content=\"index, follow, max-snippet:-1, max-image-preview:large, max-video-preview:-1\" \/>\n<link rel=\"canonical\" href=\"https:\/\/www.emballagedigest.fr\/en\/recyclage-du-pehd-alpla-accelere-le-pas\/\" \/>\n<meta property=\"og:locale\" content=\"en_GB\" \/>\n<meta property=\"og:type\" content=\"article\" \/>\n<meta property=\"og:title\" content=\"Recyclage du PEHD : Alpla acc\u00e9l\u00e8re le pas - Emballage Digest\" \/>\n<meta property=\"og:description\" content=\"Alpla poursuit son projet de mat\u00e9riaux recycl\u00e9s en PEHD de qualit\u00e9 alimentaire et annonce \u00eatre en cours d\u2019\u00e9valuation de son proc\u00e9d\u00e9 brevet\u00e9 \u00e0 base de solvants dans une usine pilote \u00e0 Heerenveen, en collaboration avec l&rsquo;institut technologique ind\u00e9pendant NTCP. Le projet, financ\u00e9 par le minist\u00e8re n\u00e9erlandais de la Politique climatique et de la Croissance verte, [&hellip;]\" \/>\n<meta property=\"og:url\" content=\"https:\/\/www.emballagedigest.fr\/en\/recyclage-du-pehd-alpla-accelere-le-pas\/\" \/>\n<meta property=\"og:site_name\" content=\"Emballage Digest\" \/>\n<meta property=\"article:published_time\" content=\"2025-12-10T07:05:51+00:00\" \/>\n<meta property=\"article:modified_time\" content=\"2025-12-10T23:20:07+00:00\" \/>\n<meta property=\"og:image\" content=\"https:\/\/www.emballagedigest.fr\/wp-content\/uploads\/2025\/12\/ALPLA1.jpg\" \/>\n\t<meta property=\"og:image:width\" content=\"800\" \/>\n\t<meta property=\"og:image:height\" content=\"600\" \/>\n\t<meta property=\"og:image:type\" content=\"image\/jpeg\" \/>\n<meta name=\"author\" content=\"Karine Duval\" \/>\n<meta name=\"twitter:card\" content=\"summary_large_image\" \/>\n<meta name=\"twitter:label1\" content=\"Written by\" \/>\n\t<meta name=\"twitter:data1\" content=\"Karine Duval\" \/>\n\t<meta name=\"twitter:label2\" content=\"Estimated reading time\" \/>\n\t<meta name=\"twitter:data2\" content=\"2 minutes\" \/>\n<script type=\"application\/ld+json\" class=\"yoast-schema-graph\">{\"@context\":\"https:\/\/schema.org\",\"@graph\":[{\"@type\":\"Article\",\"@id\":\"https:\/\/www.emballagedigest.fr\/recyclage-du-pehd-alpla-accelere-le-pas\/#article\",\"isPartOf\":{\"@id\":\"https:\/\/www.emballagedigest.fr\/recyclage-du-pehd-alpla-accelere-le-pas\/\"},\"author\":{\"name\":\"Karine Duval\",\"@id\":\"https:\/\/www.emballagedigest.fr\/#\/schema\/person\/76abe9f2b2ee4d3d520594c7a35da59f\"},\"headline\":\"Recyclage du PEHD : Alpla acc\u00e9l\u00e8re le pas\",\"datePublished\":\"2025-12-10T07:05:51+00:00\",\"dateModified\":\"2025-12-10T23:20:07+00:00\",\"mainEntityOfPage\":{\"@id\":\"https:\/\/www.emballagedigest.fr\/recyclage-du-pehd-alpla-accelere-le-pas\/\"},\"wordCount\":344,\"publisher\":{\"@id\":\"https:\/\/www.emballagedigest.fr\/#organization\"},\"image\":{\"@id\":\"https:\/\/www.emballagedigest.fr\/recyclage-du-pehd-alpla-accelere-le-pas\/#primaryimage\"},\"thumbnailUrl\":\"https:\/\/www.emballagedigest.fr\/wp-content\/uploads\/2025\/12\/ALPLA1.jpg\",\"articleSection\":[\"Article entier\",\"Mat\u00e9riaux\"],\"inLanguage\":\"en-GB\"},{\"@type\":\"WebPage\",\"@id\":\"https:\/\/www.emballagedigest.fr\/recyclage-du-pehd-alpla-accelere-le-pas\/\",\"url\":\"https:\/\/www.emballagedigest.fr\/recyclage-du-pehd-alpla-accelere-le-pas\/\",\"name\":\"Recyclage du PEHD : Alpla acc\u00e9l\u00e8re le pas - Emballage Digest\",\"isPartOf\":{\"@id\":\"https:\/\/www.emballagedigest.fr\/#website\"},\"primaryImageOfPage\":{\"@id\":\"https:\/\/www.emballagedigest.fr\/recyclage-du-pehd-alpla-accelere-le-pas\/#primaryimage\"},\"image\":{\"@id\":\"https:\/\/www.emballagedigest.fr\/recyclage-du-pehd-alpla-accelere-le-pas\/#primaryimage\"},\"thumbnailUrl\":\"https:\/\/www.emballagedigest.fr\/wp-content\/uploads\/2025\/12\/ALPLA1.jpg\",\"datePublished\":\"2025-12-10T07:05:51+00:00\",\"dateModified\":\"2025-12-10T23:20:07+00:00\",\"breadcrumb\":{\"@id\":\"https:\/\/www.emballagedigest.fr\/recyclage-du-pehd-alpla-accelere-le-pas\/#breadcrumb\"},\"inLanguage\":\"en-GB\",\"potentialAction\":[{\"@type\":\"ReadAction\",\"target\":[\"https:\/\/www.emballagedigest.fr\/recyclage-du-pehd-alpla-accelere-le-pas\/\"]}]},{\"@type\":\"ImageObject\",\"inLanguage\":\"en-GB\",\"@id\":\"https:\/\/www.emballagedigest.fr\/recyclage-du-pehd-alpla-accelere-le-pas\/#primaryimage\",\"url\":\"https:\/\/www.emballagedigest.fr\/wp-content\/uploads\/2025\/12\/ALPLA1.jpg\",\"contentUrl\":\"https:\/\/www.emballagedigest.fr\/wp-content\/uploads\/2025\/12\/ALPLA1.jpg\",\"width\":800,\"height\":600},{\"@type\":\"BreadcrumbList\",\"@id\":\"https:\/\/www.emballagedigest.fr\/recyclage-du-pehd-alpla-accelere-le-pas\/#breadcrumb\",\"itemListElement\":[{\"@type\":\"ListItem\",\"position\":1,\"name\":\"Accueil\",\"item\":\"https:\/\/www.emballagedigest.fr\/\"},{\"@type\":\"ListItem\",\"position\":2,\"name\":\"Recyclage du PEHD : Alpla acc\u00e9l\u00e8re le pas\"}]},{\"@type\":\"WebSite\",\"@id\":\"https:\/\/www.emballagedigest.fr\/#website\",\"url\":\"https:\/\/www.emballagedigest.fr\/\",\"name\":\"Emballage Digest\",\"description\":\"Revue professionnelle sur les emballages\",\"publisher\":{\"@id\":\"https:\/\/www.emballagedigest.fr\/#organization\"},\"potentialAction\":[{\"@type\":\"SearchAction\",\"target\":{\"@type\":\"EntryPoint\",\"urlTemplate\":\"https:\/\/www.emballagedigest.fr\/?s={search_term_string}\"},\"query-input\":{\"@type\":\"PropertyValueSpecification\",\"valueRequired\":true,\"valueName\":\"search_term_string\"}}],\"inLanguage\":\"en-GB\"},{\"@type\":\"Organization\",\"@id\":\"https:\/\/www.emballagedigest.fr\/#organization\",\"name\":\"Emballage Digest\",\"url\":\"https:\/\/www.emballagedigest.fr\/\",\"logo\":{\"@type\":\"ImageObject\",\"inLanguage\":\"en-GB\",\"@id\":\"https:\/\/www.emballagedigest.fr\/#\/schema\/logo\/image\/\",\"url\":\"https:\/\/www.emballagedigest.fr\/wp-content\/uploads\/2022\/07\/logo-ed.png\",\"contentUrl\":\"https:\/\/www.emballagedigest.fr\/wp-content\/uploads\/2022\/07\/logo-ed.png\",\"width\":379,\"height\":75,\"caption\":\"Emballage Digest\"},\"image\":{\"@id\":\"https:\/\/www.emballagedigest.fr\/#\/schema\/logo\/image\/\"}},{\"@type\":\"Person\",\"@id\":\"https:\/\/www.emballagedigest.fr\/#\/schema\/person\/76abe9f2b2ee4d3d520594c7a35da59f\",\"name\":\"Karine Duval\",\"image\":{\"@type\":\"ImageObject\",\"inLanguage\":\"en-GB\",\"@id\":\"https:\/\/www.emballagedigest.fr\/#\/schema\/person\/image\/\",\"url\":\"https:\/\/secure.gravatar.com\/avatar\/f552799261cdd2e076e6677d780ef07bdb13aa4c196ab75b39abcbcdcae2d4e5?s=96&d=mm&r=g\",\"contentUrl\":\"https:\/\/secure.gravatar.com\/avatar\/f552799261cdd2e076e6677d780ef07bdb13aa4c196ab75b39abcbcdcae2d4e5?s=96&d=mm&r=g\",\"caption\":\"Karine Duval\"},\"url\":\"https:\/\/www.emballagedigest.fr\/en\/author\/admin_karduv\/\"}]}<\/script>\n<!-- \/ Yoast SEO plugin. -->","yoast_head_json":{"title":"Recyclage du PEHD : Alpla acc\u00e9l\u00e8re le pas - Emballage Digest","robots":{"index":"index","follow":"follow","max-snippet":"max-snippet:-1","max-image-preview":"max-image-preview:large","max-video-preview":"max-video-preview:-1"},"canonical":"https:\/\/www.emballagedigest.fr\/en\/recyclage-du-pehd-alpla-accelere-le-pas\/","og_locale":"en_GB","og_type":"article","og_title":"Recyclage du PEHD : Alpla acc\u00e9l\u00e8re le pas - Emballage Digest","og_description":"Alpla poursuit son projet de mat\u00e9riaux recycl\u00e9s en PEHD de qualit\u00e9 alimentaire et annonce \u00eatre en cours d\u2019\u00e9valuation de son proc\u00e9d\u00e9 brevet\u00e9 \u00e0 base de solvants dans une usine pilote \u00e0 Heerenveen, en collaboration avec l&rsquo;institut technologique ind\u00e9pendant NTCP. Le projet, financ\u00e9 par le minist\u00e8re n\u00e9erlandais de la Politique climatique et de la Croissance verte, [&hellip;]","og_url":"https:\/\/www.emballagedigest.fr\/en\/recyclage-du-pehd-alpla-accelere-le-pas\/","og_site_name":"Emballage Digest","article_published_time":"2025-12-10T07:05:51+00:00","article_modified_time":"2025-12-10T23:20:07+00:00","og_image":[{"width":800,"height":600,"url":"https:\/\/www.emballagedigest.fr\/wp-content\/uploads\/2025\/12\/ALPLA1.jpg","type":"image\/jpeg"}],"author":"Karine Duval","twitter_card":"summary_large_image","twitter_misc":{"Written by":"Karine Duval","Estimated reading time":"2 minutes"},"schema":{"@context":"https:\/\/schema.org","@graph":[{"@type":"Article","@id":"https:\/\/www.emballagedigest.fr\/recyclage-du-pehd-alpla-accelere-le-pas\/#article","isPartOf":{"@id":"https:\/\/www.emballagedigest.fr\/recyclage-du-pehd-alpla-accelere-le-pas\/"},"author":{"name":"Karine Duval","@id":"https:\/\/www.emballagedigest.fr\/#\/schema\/person\/76abe9f2b2ee4d3d520594c7a35da59f"},"headline":"Recyclage du PEHD : Alpla acc\u00e9l\u00e8re le pas","datePublished":"2025-12-10T07:05:51+00:00","dateModified":"2025-12-10T23:20:07+00:00","mainEntityOfPage":{"@id":"https:\/\/www.emballagedigest.fr\/recyclage-du-pehd-alpla-accelere-le-pas\/"},"wordCount":344,"publisher":{"@id":"https:\/\/www.emballagedigest.fr\/#organization"},"image":{"@id":"https:\/\/www.emballagedigest.fr\/recyclage-du-pehd-alpla-accelere-le-pas\/#primaryimage"},"thumbnailUrl":"https:\/\/www.emballagedigest.fr\/wp-content\/uploads\/2025\/12\/ALPLA1.jpg","articleSection":["Article entier","Mat\u00e9riaux"],"inLanguage":"en-GB"},{"@type":"WebPage","@id":"https:\/\/www.emballagedigest.fr\/recyclage-du-pehd-alpla-accelere-le-pas\/","url":"https:\/\/www.emballagedigest.fr\/recyclage-du-pehd-alpla-accelere-le-pas\/","name":"Recyclage du PEHD : Alpla acc\u00e9l\u00e8re le pas - Emballage Digest","isPartOf":{"@id":"https:\/\/www.emballagedigest.fr\/#website"},"primaryImageOfPage":{"@id":"https:\/\/www.emballagedigest.fr\/recyclage-du-pehd-alpla-accelere-le-pas\/#primaryimage"},"image":{"@id":"https:\/\/www.emballagedigest.fr\/recyclage-du-pehd-alpla-accelere-le-pas\/#primaryimage"},"thumbnailUrl":"https:\/\/www.emballagedigest.fr\/wp-content\/uploads\/2025\/12\/ALPLA1.jpg","datePublished":"2025-12-10T07:05:51+00:00","dateModified":"2025-12-10T23:20:07+00:00","breadcrumb":{"@id":"https:\/\/www.emballagedigest.fr\/recyclage-du-pehd-alpla-accelere-le-pas\/#breadcrumb"},"inLanguage":"en-GB","potentialAction":[{"@type":"ReadAction","target":["https:\/\/www.emballagedigest.fr\/recyclage-du-pehd-alpla-accelere-le-pas\/"]}]},{"@type":"ImageObject","inLanguage":"en-GB","@id":"https:\/\/www.emballagedigest.fr\/recyclage-du-pehd-alpla-accelere-le-pas\/#primaryimage","url":"https:\/\/www.emballagedigest.fr\/wp-content\/uploads\/2025\/12\/ALPLA1.jpg","contentUrl":"https:\/\/www.emballagedigest.fr\/wp-content\/uploads\/2025\/12\/ALPLA1.jpg","width":800,"height":600},{"@type":"BreadcrumbList","@id":"https:\/\/www.emballagedigest.fr\/recyclage-du-pehd-alpla-accelere-le-pas\/#breadcrumb","itemListElement":[{"@type":"ListItem","position":1,"name":"Accueil","item":"https:\/\/www.emballagedigest.fr\/"},{"@type":"ListItem","position":2,"name":"Recyclage du PEHD : Alpla acc\u00e9l\u00e8re le pas"}]},{"@type":"WebSite","@id":"https:\/\/www.emballagedigest.fr\/#website","url":"https:\/\/www.emballagedigest.fr\/","name":"Emballage Digest","description":"Revue professionnelle sur les emballages","publisher":{"@id":"https:\/\/www.emballagedigest.fr\/#organization"},"potentialAction":[{"@type":"SearchAction","target":{"@type":"EntryPoint","urlTemplate":"https:\/\/www.emballagedigest.fr\/?s={search_term_string}"},"query-input":{"@type":"PropertyValueSpecification","valueRequired":true,"valueName":"search_term_string"}}],"inLanguage":"en-GB"},{"@type":"Organization","@id":"https:\/\/www.emballagedigest.fr\/#organization","name":"Emballage Digest","url":"https:\/\/www.emballagedigest.fr\/","logo":{"@type":"ImageObject","inLanguage":"en-GB","@id":"https:\/\/www.emballagedigest.fr\/#\/schema\/logo\/image\/","url":"https:\/\/www.emballagedigest.fr\/wp-content\/uploads\/2022\/07\/logo-ed.png","contentUrl":"https:\/\/www.emballagedigest.fr\/wp-content\/uploads\/2022\/07\/logo-ed.png","width":379,"height":75,"caption":"Emballage Digest"},"image":{"@id":"https:\/\/www.emballagedigest.fr\/#\/schema\/logo\/image\/"}},{"@type":"Person","@id":"https:\/\/www.emballagedigest.fr\/#\/schema\/person\/76abe9f2b2ee4d3d520594c7a35da59f","name":"Karine Duval","image":{"@type":"ImageObject","inLanguage":"en-GB","@id":"https:\/\/www.emballagedigest.fr\/#\/schema\/person\/image\/","url":"https:\/\/secure.gravatar.com\/avatar\/f552799261cdd2e076e6677d780ef07bdb13aa4c196ab75b39abcbcdcae2d4e5?s=96&d=mm&r=g","contentUrl":"https:\/\/secure.gravatar.com\/avatar\/f552799261cdd2e076e6677d780ef07bdb13aa4c196ab75b39abcbcdcae2d4e5?s=96&d=mm&r=g","caption":"Karine Duval"},"url":"https:\/\/www.emballagedigest.fr\/en\/author\/admin_karduv\/"}]}},"_links":{"self":[{"href":"https:\/\/www.emballagedigest.fr\/en\/wp-json\/wp\/v2\/posts\/46435","targetHints":{"allow":["GET"]}}],"collection":[{"href":"https:\/\/www.emballagedigest.fr\/en\/wp-json\/wp\/v2\/posts"}],"about":[{"href":"https:\/\/www.emballagedigest.fr\/en\/wp-json\/wp\/v2\/types\/post"}],"author":[{"embeddable":true,"href":"https:\/\/www.emballagedigest.fr\/en\/wp-json\/wp\/v2\/users\/2"}],"replies":[{"embeddable":true,"href":"https:\/\/www.emballagedigest.fr\/en\/wp-json\/wp\/v2\/comments?post=46435"}],"version-history":[{"count":1,"href":"https:\/\/www.emballagedigest.fr\/en\/wp-json\/wp\/v2\/posts\/46435\/revisions"}],"predecessor-version":[{"id":46438,"href":"https:\/\/www.emballagedigest.fr\/en\/wp-json\/wp\/v2\/posts\/46435\/revisions\/46438"}],"wp:featuredmedia":[{"embeddable":true,"href":"https:\/\/www.emballagedigest.fr\/en\/wp-json\/wp\/v2\/media\/46436"}],"wp:attachment":[{"href":"https:\/\/www.emballagedigest.fr\/en\/wp-json\/wp\/v2\/media?parent=46435"}],"wp:term":[{"taxonomy":"category","embeddable":true,"href":"https:\/\/www.emballagedigest.fr\/en\/wp-json\/wp\/v2\/categories?post=46435"},{"taxonomy":"post_tag","embeddable":true,"href":"https:\/\/www.emballagedigest.fr\/en\/wp-json\/wp\/v2\/tags?post=46435"}],"curies":[{"name":"wp","href":"https:\/\/api.w.org\/{rel}","templated":true}]}}