{"id":46439,"date":"2025-12-10T08:07:02","date_gmt":"2025-12-10T07:07:02","guid":{"rendered":"https:\/\/www.emballagedigest.fr\/?p=46439"},"modified":"2025-12-10T08:07:03","modified_gmt":"2025-12-10T07:07:03","slug":"soprema-valorise-le-recyclage-des-glassines-dans-un-nouvel-emballage","status":"publish","type":"post","link":"https:\/\/www.emballagedigest.fr\/en\/soprema-valorise-le-recyclage-des-glassines-dans-un-nouvel-emballage\/","title":{"rendered":"Soprema valorise le recyclage des glassines dans un nouvel emballage"},"content":{"rendered":"<p><strong>La solution biosourc\u00e9e ouate de cellulose Univercell Cristal de Soprema, destin\u00e9e \u00e0 l\u2019isolation des combles perdus en neuf et en r\u00e9novation, am\u00e9liore ses performances avec un nouveau packaging enti\u00e8rement recyclable et un meilleur pouvoir couvrant.<\/strong><\/p>\n\n\n\n<p>Lanc\u00e9e en 2023, la gamme ouate de cellulose Univercell Cristal est une innovation brevet\u00e9e issue des travaux R&amp;D du Groupe Soprema. Elle est fabriqu\u00e9e \u00e0 partir de papier glassine recycl\u00e9 (supports d\u2019\u00e9tiquettes autocollantes) pour constituer des isolants thermiques et acoustiques qui offrent d\u2019excellentes capacit\u00e9s de d\u00e9phasage thermique en \u00e9t\u00e9 comme en hiver. Ce support silicon\u00e9 des \u00e9tiquettes autocollantes est couramment utilis\u00e9 dans l&rsquo;agroalimentaire, l&rsquo;hygi\u00e8ne, la cosm\u00e9tique et la logistique. En l\u2019absence de solution de recyclage \u00e0 grande \u00e9chelle en France, ces d\u00e9chets sont encore \u00e0 95 % enfouis ou incin\u00e9r\u00e9s.<\/p>\n\n\n\n<p>Afin de valoriser cette mati\u00e8re, Soprema travaille depuis plusieurs ann\u00e9es \u00e0 l\u2019organisation d\u2019une fili\u00e8re p\u00e9renne et efficace de r\u00e9cup\u00e9ration de glassine partout en France. Le processus de collecte mis au point par l\u2019entreprise s\u2019appuie aujourd\u2019hui sur un r\u00e9seau de pr\u00e8s de 700 entreprises partenaires issues de divers secteurs d\u2019activit\u00e9.<\/p>\n\n\n\n<p>La gamme revue et am\u00e9lior\u00e9e propose donc d\u00e9sormais un nouveau packaging 100% recyclable, en passant par un filmage transparent et un taux d\u2019encrage r\u00e9duit. C\u00f4t\u00e9 performance produit, cette nouvelle version permet de r\u00e9duire de 18% la consommation de produit par rapport \u00e0 l\u2019ancienne version (15% par rapport aux autres ouates du march\u00e9*).<\/p>\n\n\n\n<p><em>* \u00c9tude comparative r\u00e9alis\u00e9e en janvier 2025, selon les donn\u00e9es techniques certifi\u00e9es disponibles sur la base ACERMI.<\/em><\/p>","protected":false},"excerpt":{"rendered":"<p>La solution biosourc\u00e9e ouate de cellulose Univercell Cristal de Soprema, destin\u00e9e \u00e0 l\u2019isolation des combles perdus en neuf et en r\u00e9novation, am\u00e9liore ses performances avec un nouveau packaging enti\u00e8rement recyclable et un meilleur pouvoir couvrant. Lanc\u00e9e en 2023, la gamme ouate de cellulose Univercell Cristal est une innovation brevet\u00e9e issue des travaux R&amp;D du Groupe [&hellip;]<\/p>","protected":false},"author":2,"featured_media":46440,"comment_status":"closed","ping_status":"closed","sticky":false,"template":"","format":"standard","meta":{"_acf_changed":false,"inline_featured_image":false,"iawp_total_views":12,"footnotes":""},"categories":[28,4],"tags":[],"class_list":["post-46439","post","type-post","status-publish","format-standard","has-post-thumbnail","hentry","category-article-entier","category-lineaires"],"acf":[],"yoast_head":"<!-- This site is optimized with the Yoast SEO plugin v24.4 - https:\/\/yoast.com\/wordpress\/plugins\/seo\/ -->\n<title>Soprema valorise le recyclage des glassines dans un nouvel emballage - Emballage Digest<\/title>\n<meta name=\"robots\" content=\"index, follow, max-snippet:-1, max-image-preview:large, max-video-preview:-1\" \/>\n<link rel=\"canonical\" href=\"https:\/\/www.emballagedigest.fr\/en\/soprema-valorise-le-recyclage-des-glassines-dans-un-nouvel-emballage\/\" \/>\n<meta property=\"og:locale\" content=\"en_GB\" \/>\n<meta property=\"og:type\" content=\"article\" \/>\n<meta property=\"og:title\" content=\"Soprema valorise le recyclage des glassines dans un nouvel emballage - Emballage Digest\" \/>\n<meta property=\"og:description\" content=\"La solution biosourc\u00e9e ouate de cellulose Univercell Cristal de Soprema, destin\u00e9e \u00e0 l\u2019isolation des combles perdus en neuf et en r\u00e9novation, am\u00e9liore ses performances avec un nouveau packaging enti\u00e8rement recyclable et un meilleur pouvoir couvrant. Lanc\u00e9e en 2023, la gamme ouate de cellulose Univercell Cristal est une innovation brevet\u00e9e issue des travaux R&amp;D du Groupe [&hellip;]\" \/>\n<meta property=\"og:url\" content=\"https:\/\/www.emballagedigest.fr\/en\/soprema-valorise-le-recyclage-des-glassines-dans-un-nouvel-emballage\/\" \/>\n<meta property=\"og:site_name\" content=\"Emballage Digest\" \/>\n<meta property=\"article:published_time\" content=\"2025-12-10T07:07:02+00:00\" \/>\n<meta property=\"article:modified_time\" content=\"2025-12-10T07:07:03+00:00\" \/>\n<meta property=\"og:image\" content=\"https:\/\/www.emballagedigest.fr\/wp-content\/uploads\/2025\/12\/SOPREMA.jpg\" \/>\n\t<meta property=\"og:image:width\" content=\"800\" \/>\n\t<meta property=\"og:image:height\" content=\"600\" \/>\n\t<meta property=\"og:image:type\" content=\"image\/jpeg\" \/>\n<meta name=\"author\" content=\"Karine Duval\" \/>\n<meta name=\"twitter:card\" content=\"summary_large_image\" \/>\n<meta name=\"twitter:label1\" content=\"Written by\" \/>\n\t<meta name=\"twitter:data1\" content=\"Karine Duval\" \/>\n\t<meta name=\"twitter:label2\" content=\"Estimated reading time\" \/>\n\t<meta name=\"twitter:data2\" content=\"2 minutes\" \/>\n<script type=\"application\/ld+json\" class=\"yoast-schema-graph\">{\"@context\":\"https:\/\/schema.org\",\"@graph\":[{\"@type\":\"Article\",\"@id\":\"https:\/\/www.emballagedigest.fr\/soprema-valorise-le-recyclage-des-glassines-dans-un-nouvel-emballage\/#article\",\"isPartOf\":{\"@id\":\"https:\/\/www.emballagedigest.fr\/soprema-valorise-le-recyclage-des-glassines-dans-un-nouvel-emballage\/\"},\"author\":{\"name\":\"Karine Duval\",\"@id\":\"https:\/\/www.emballagedigest.fr\/#\/schema\/person\/76abe9f2b2ee4d3d520594c7a35da59f\"},\"headline\":\"Soprema valorise le recyclage des glassines dans un nouvel emballage\",\"datePublished\":\"2025-12-10T07:07:02+00:00\",\"dateModified\":\"2025-12-10T07:07:03+00:00\",\"mainEntityOfPage\":{\"@id\":\"https:\/\/www.emballagedigest.fr\/soprema-valorise-le-recyclage-des-glassines-dans-un-nouvel-emballage\/\"},\"wordCount\":287,\"publisher\":{\"@id\":\"https:\/\/www.emballagedigest.fr\/#organization\"},\"image\":{\"@id\":\"https:\/\/www.emballagedigest.fr\/soprema-valorise-le-recyclage-des-glassines-dans-un-nouvel-emballage\/#primaryimage\"},\"thumbnailUrl\":\"https:\/\/www.emballagedigest.fr\/wp-content\/uploads\/2025\/12\/SOPREMA.jpg\",\"articleSection\":[\"Article entier\",\"Lin\u00e9aires\"],\"inLanguage\":\"en-GB\"},{\"@type\":\"WebPage\",\"@id\":\"https:\/\/www.emballagedigest.fr\/soprema-valorise-le-recyclage-des-glassines-dans-un-nouvel-emballage\/\",\"url\":\"https:\/\/www.emballagedigest.fr\/soprema-valorise-le-recyclage-des-glassines-dans-un-nouvel-emballage\/\",\"name\":\"Soprema valorise le recyclage des glassines dans un nouvel emballage - Emballage Digest\",\"isPartOf\":{\"@id\":\"https:\/\/www.emballagedigest.fr\/#website\"},\"primaryImageOfPage\":{\"@id\":\"https:\/\/www.emballagedigest.fr\/soprema-valorise-le-recyclage-des-glassines-dans-un-nouvel-emballage\/#primaryimage\"},\"image\":{\"@id\":\"https:\/\/www.emballagedigest.fr\/soprema-valorise-le-recyclage-des-glassines-dans-un-nouvel-emballage\/#primaryimage\"},\"thumbnailUrl\":\"https:\/\/www.emballagedigest.fr\/wp-content\/uploads\/2025\/12\/SOPREMA.jpg\",\"datePublished\":\"2025-12-10T07:07:02+00:00\",\"dateModified\":\"2025-12-10T07:07:03+00:00\",\"breadcrumb\":{\"@id\":\"https:\/\/www.emballagedigest.fr\/soprema-valorise-le-recyclage-des-glassines-dans-un-nouvel-emballage\/#breadcrumb\"},\"inLanguage\":\"en-GB\",\"potentialAction\":[{\"@type\":\"ReadAction\",\"target\":[\"https:\/\/www.emballagedigest.fr\/soprema-valorise-le-recyclage-des-glassines-dans-un-nouvel-emballage\/\"]}]},{\"@type\":\"ImageObject\",\"inLanguage\":\"en-GB\",\"@id\":\"https:\/\/www.emballagedigest.fr\/soprema-valorise-le-recyclage-des-glassines-dans-un-nouvel-emballage\/#primaryimage\",\"url\":\"https:\/\/www.emballagedigest.fr\/wp-content\/uploads\/2025\/12\/SOPREMA.jpg\",\"contentUrl\":\"https:\/\/www.emballagedigest.fr\/wp-content\/uploads\/2025\/12\/SOPREMA.jpg\",\"width\":800,\"height\":600},{\"@type\":\"BreadcrumbList\",\"@id\":\"https:\/\/www.emballagedigest.fr\/soprema-valorise-le-recyclage-des-glassines-dans-un-nouvel-emballage\/#breadcrumb\",\"itemListElement\":[{\"@type\":\"ListItem\",\"position\":1,\"name\":\"Accueil\",\"item\":\"https:\/\/www.emballagedigest.fr\/\"},{\"@type\":\"ListItem\",\"position\":2,\"name\":\"Soprema valorise le recyclage des glassines dans un nouvel emballage\"}]},{\"@type\":\"WebSite\",\"@id\":\"https:\/\/www.emballagedigest.fr\/#website\",\"url\":\"https:\/\/www.emballagedigest.fr\/\",\"name\":\"Emballage Digest\",\"description\":\"Revue professionnelle sur les emballages\",\"publisher\":{\"@id\":\"https:\/\/www.emballagedigest.fr\/#organization\"},\"potentialAction\":[{\"@type\":\"SearchAction\",\"target\":{\"@type\":\"EntryPoint\",\"urlTemplate\":\"https:\/\/www.emballagedigest.fr\/?s={search_term_string}\"},\"query-input\":{\"@type\":\"PropertyValueSpecification\",\"valueRequired\":true,\"valueName\":\"search_term_string\"}}],\"inLanguage\":\"en-GB\"},{\"@type\":\"Organization\",\"@id\":\"https:\/\/www.emballagedigest.fr\/#organization\",\"name\":\"Emballage Digest\",\"url\":\"https:\/\/www.emballagedigest.fr\/\",\"logo\":{\"@type\":\"ImageObject\",\"inLanguage\":\"en-GB\",\"@id\":\"https:\/\/www.emballagedigest.fr\/#\/schema\/logo\/image\/\",\"url\":\"https:\/\/www.emballagedigest.fr\/wp-content\/uploads\/2022\/07\/logo-ed.png\",\"contentUrl\":\"https:\/\/www.emballagedigest.fr\/wp-content\/uploads\/2022\/07\/logo-ed.png\",\"width\":379,\"height\":75,\"caption\":\"Emballage Digest\"},\"image\":{\"@id\":\"https:\/\/www.emballagedigest.fr\/#\/schema\/logo\/image\/\"}},{\"@type\":\"Person\",\"@id\":\"https:\/\/www.emballagedigest.fr\/#\/schema\/person\/76abe9f2b2ee4d3d520594c7a35da59f\",\"name\":\"Karine Duval\",\"image\":{\"@type\":\"ImageObject\",\"inLanguage\":\"en-GB\",\"@id\":\"https:\/\/www.emballagedigest.fr\/#\/schema\/person\/image\/\",\"url\":\"https:\/\/secure.gravatar.com\/avatar\/f552799261cdd2e076e6677d780ef07bdb13aa4c196ab75b39abcbcdcae2d4e5?s=96&d=mm&r=g\",\"contentUrl\":\"https:\/\/secure.gravatar.com\/avatar\/f552799261cdd2e076e6677d780ef07bdb13aa4c196ab75b39abcbcdcae2d4e5?s=96&d=mm&r=g\",\"caption\":\"Karine Duval\"},\"url\":\"https:\/\/www.emballagedigest.fr\/en\/author\/admin_karduv\/\"}]}<\/script>\n<!-- \/ Yoast SEO plugin. -->","yoast_head_json":{"title":"Soprema valorise le recyclage des glassines dans un nouvel emballage - Emballage Digest","robots":{"index":"index","follow":"follow","max-snippet":"max-snippet:-1","max-image-preview":"max-image-preview:large","max-video-preview":"max-video-preview:-1"},"canonical":"https:\/\/www.emballagedigest.fr\/en\/soprema-valorise-le-recyclage-des-glassines-dans-un-nouvel-emballage\/","og_locale":"en_GB","og_type":"article","og_title":"Soprema valorise le recyclage des glassines dans un nouvel emballage - Emballage Digest","og_description":"La solution biosourc\u00e9e ouate de cellulose Univercell Cristal de Soprema, destin\u00e9e \u00e0 l\u2019isolation des combles perdus en neuf et en r\u00e9novation, am\u00e9liore ses performances avec un nouveau packaging enti\u00e8rement recyclable et un meilleur pouvoir couvrant. Lanc\u00e9e en 2023, la gamme ouate de cellulose Univercell Cristal est une innovation brevet\u00e9e issue des travaux R&amp;D du Groupe [&hellip;]","og_url":"https:\/\/www.emballagedigest.fr\/en\/soprema-valorise-le-recyclage-des-glassines-dans-un-nouvel-emballage\/","og_site_name":"Emballage Digest","article_published_time":"2025-12-10T07:07:02+00:00","article_modified_time":"2025-12-10T07:07:03+00:00","og_image":[{"width":800,"height":600,"url":"https:\/\/www.emballagedigest.fr\/wp-content\/uploads\/2025\/12\/SOPREMA.jpg","type":"image\/jpeg"}],"author":"Karine Duval","twitter_card":"summary_large_image","twitter_misc":{"Written by":"Karine Duval","Estimated reading time":"2 minutes"},"schema":{"@context":"https:\/\/schema.org","@graph":[{"@type":"Article","@id":"https:\/\/www.emballagedigest.fr\/soprema-valorise-le-recyclage-des-glassines-dans-un-nouvel-emballage\/#article","isPartOf":{"@id":"https:\/\/www.emballagedigest.fr\/soprema-valorise-le-recyclage-des-glassines-dans-un-nouvel-emballage\/"},"author":{"name":"Karine Duval","@id":"https:\/\/www.emballagedigest.fr\/#\/schema\/person\/76abe9f2b2ee4d3d520594c7a35da59f"},"headline":"Soprema valorise le recyclage des glassines dans un nouvel emballage","datePublished":"2025-12-10T07:07:02+00:00","dateModified":"2025-12-10T07:07:03+00:00","mainEntityOfPage":{"@id":"https:\/\/www.emballagedigest.fr\/soprema-valorise-le-recyclage-des-glassines-dans-un-nouvel-emballage\/"},"wordCount":287,"publisher":{"@id":"https:\/\/www.emballagedigest.fr\/#organization"},"image":{"@id":"https:\/\/www.emballagedigest.fr\/soprema-valorise-le-recyclage-des-glassines-dans-un-nouvel-emballage\/#primaryimage"},"thumbnailUrl":"https:\/\/www.emballagedigest.fr\/wp-content\/uploads\/2025\/12\/SOPREMA.jpg","articleSection":["Article entier","Lin\u00e9aires"],"inLanguage":"en-GB"},{"@type":"WebPage","@id":"https:\/\/www.emballagedigest.fr\/soprema-valorise-le-recyclage-des-glassines-dans-un-nouvel-emballage\/","url":"https:\/\/www.emballagedigest.fr\/soprema-valorise-le-recyclage-des-glassines-dans-un-nouvel-emballage\/","name":"Soprema valorise le recyclage des glassines dans un nouvel emballage - Emballage Digest","isPartOf":{"@id":"https:\/\/www.emballagedigest.fr\/#website"},"primaryImageOfPage":{"@id":"https:\/\/www.emballagedigest.fr\/soprema-valorise-le-recyclage-des-glassines-dans-un-nouvel-emballage\/#primaryimage"},"image":{"@id":"https:\/\/www.emballagedigest.fr\/soprema-valorise-le-recyclage-des-glassines-dans-un-nouvel-emballage\/#primaryimage"},"thumbnailUrl":"https:\/\/www.emballagedigest.fr\/wp-content\/uploads\/2025\/12\/SOPREMA.jpg","datePublished":"2025-12-10T07:07:02+00:00","dateModified":"2025-12-10T07:07:03+00:00","breadcrumb":{"@id":"https:\/\/www.emballagedigest.fr\/soprema-valorise-le-recyclage-des-glassines-dans-un-nouvel-emballage\/#breadcrumb"},"inLanguage":"en-GB","potentialAction":[{"@type":"ReadAction","target":["https:\/\/www.emballagedigest.fr\/soprema-valorise-le-recyclage-des-glassines-dans-un-nouvel-emballage\/"]}]},{"@type":"ImageObject","inLanguage":"en-GB","@id":"https:\/\/www.emballagedigest.fr\/soprema-valorise-le-recyclage-des-glassines-dans-un-nouvel-emballage\/#primaryimage","url":"https:\/\/www.emballagedigest.fr\/wp-content\/uploads\/2025\/12\/SOPREMA.jpg","contentUrl":"https:\/\/www.emballagedigest.fr\/wp-content\/uploads\/2025\/12\/SOPREMA.jpg","width":800,"height":600},{"@type":"BreadcrumbList","@id":"https:\/\/www.emballagedigest.fr\/soprema-valorise-le-recyclage-des-glassines-dans-un-nouvel-emballage\/#breadcrumb","itemListElement":[{"@type":"ListItem","position":1,"name":"Accueil","item":"https:\/\/www.emballagedigest.fr\/"},{"@type":"ListItem","position":2,"name":"Soprema valorise le recyclage des glassines dans un nouvel emballage"}]},{"@type":"WebSite","@id":"https:\/\/www.emballagedigest.fr\/#website","url":"https:\/\/www.emballagedigest.fr\/","name":"Emballage Digest","description":"Revue professionnelle sur les emballages","publisher":{"@id":"https:\/\/www.emballagedigest.fr\/#organization"},"potentialAction":[{"@type":"SearchAction","target":{"@type":"EntryPoint","urlTemplate":"https:\/\/www.emballagedigest.fr\/?s={search_term_string}"},"query-input":{"@type":"PropertyValueSpecification","valueRequired":true,"valueName":"search_term_string"}}],"inLanguage":"en-GB"},{"@type":"Organization","@id":"https:\/\/www.emballagedigest.fr\/#organization","name":"Emballage Digest","url":"https:\/\/www.emballagedigest.fr\/","logo":{"@type":"ImageObject","inLanguage":"en-GB","@id":"https:\/\/www.emballagedigest.fr\/#\/schema\/logo\/image\/","url":"https:\/\/www.emballagedigest.fr\/wp-content\/uploads\/2022\/07\/logo-ed.png","contentUrl":"https:\/\/www.emballagedigest.fr\/wp-content\/uploads\/2022\/07\/logo-ed.png","width":379,"height":75,"caption":"Emballage Digest"},"image":{"@id":"https:\/\/www.emballagedigest.fr\/#\/schema\/logo\/image\/"}},{"@type":"Person","@id":"https:\/\/www.emballagedigest.fr\/#\/schema\/person\/76abe9f2b2ee4d3d520594c7a35da59f","name":"Karine Duval","image":{"@type":"ImageObject","inLanguage":"en-GB","@id":"https:\/\/www.emballagedigest.fr\/#\/schema\/person\/image\/","url":"https:\/\/secure.gravatar.com\/avatar\/f552799261cdd2e076e6677d780ef07bdb13aa4c196ab75b39abcbcdcae2d4e5?s=96&d=mm&r=g","contentUrl":"https:\/\/secure.gravatar.com\/avatar\/f552799261cdd2e076e6677d780ef07bdb13aa4c196ab75b39abcbcdcae2d4e5?s=96&d=mm&r=g","caption":"Karine Duval"},"url":"https:\/\/www.emballagedigest.fr\/en\/author\/admin_karduv\/"}]}},"_links":{"self":[{"href":"https:\/\/www.emballagedigest.fr\/en\/wp-json\/wp\/v2\/posts\/46439","targetHints":{"allow":["GET"]}}],"collection":[{"href":"https:\/\/www.emballagedigest.fr\/en\/wp-json\/wp\/v2\/posts"}],"about":[{"href":"https:\/\/www.emballagedigest.fr\/en\/wp-json\/wp\/v2\/types\/post"}],"author":[{"embeddable":true,"href":"https:\/\/www.emballagedigest.fr\/en\/wp-json\/wp\/v2\/users\/2"}],"replies":[{"embeddable":true,"href":"https:\/\/www.emballagedigest.fr\/en\/wp-json\/wp\/v2\/comments?post=46439"}],"version-history":[{"count":1,"href":"https:\/\/www.emballagedigest.fr\/en\/wp-json\/wp\/v2\/posts\/46439\/revisions"}],"predecessor-version":[{"id":46441,"href":"https:\/\/www.emballagedigest.fr\/en\/wp-json\/wp\/v2\/posts\/46439\/revisions\/46441"}],"wp:featuredmedia":[{"embeddable":true,"href":"https:\/\/www.emballagedigest.fr\/en\/wp-json\/wp\/v2\/media\/46440"}],"wp:attachment":[{"href":"https:\/\/www.emballagedigest.fr\/en\/wp-json\/wp\/v2\/media?parent=46439"}],"wp:term":[{"taxonomy":"category","embeddable":true,"href":"https:\/\/www.emballagedigest.fr\/en\/wp-json\/wp\/v2\/categories?post=46439"},{"taxonomy":"post_tag","embeddable":true,"href":"https:\/\/www.emballagedigest.fr\/en\/wp-json\/wp\/v2\/tags?post=46439"}],"curies":[{"name":"wp","href":"https:\/\/api.w.org\/{rel}","templated":true}]}}