{"id":46465,"date":"2025-12-15T08:59:49","date_gmt":"2025-12-15T07:59:49","guid":{"rendered":"https:\/\/www.emballagedigest.fr\/?p=46465"},"modified":"2025-12-16T00:02:07","modified_gmt":"2025-12-15T23:02:07","slug":"global-industrie-prone-une-vision-positive-de-lindustrie","status":"publish","type":"post","link":"https:\/\/www.emballagedigest.fr\/en\/global-industrie-prone-une-vision-positive-de-lindustrie\/","title":{"rendered":"Global Industrie pr\u00f4ne une vision positive de l\u2019industrie"},"content":{"rendered":"<p><strong>Sous le haut patronage d\u2019Emmanuel Macron, la 8<sup>e<\/sup> \u00e9dition du salon Global Industrie se tiendra du 30 mars au 2 avril 2026 au Parc des expositions de Villepinte, en r\u00e9gion parisienne. Un rendez-vous pour \u00ab&nbsp;positiver l\u2019industrie&nbsp;\u00bb, qui r\u00e9unira sur 100&nbsp;000 m\u00b2 d\u2019exposition, 2500 exposants et 60&nbsp;000 industriels, venus de 91 pays.<\/strong><\/p>\n\n\n\n<p>En mettant en lumi\u00e8re 14 univers compl\u00e9mentaires, Global Industrie mettra en lumi\u00e8re les interconnexions entre technologies industrielles, cr\u00e9ativit\u00e9 et Made in France en faveur de la souverainet\u00e9 industrielle. Au programme : un parcours original au c\u0153ur du salon, illustrant comment les technologies industrielles irriguent aussi la cr\u00e9ation. Ce th\u00e8me inspirera \u00e9galement les Golden Tech 2026, le concours d\u2019excellence qui distingue chaque ann\u00e9e les savoir-faire de l\u2019industrie.<\/p>\n\n\n\n<figure class=\"wp-block-image size-full is-resized\"><img loading=\"lazy\" decoding=\"async\" width=\"800\" height=\"472\" src=\"https:\/\/www.emballagedigest.fr\/wp-content\/uploads\/2025\/12\/Global2.jpg\" alt=\"\" class=\"wp-image-46467\" style=\"width:840px;height:auto\" srcset=\"https:\/\/www.emballagedigest.fr\/wp-content\/uploads\/2025\/12\/Global2.jpg 800w, https:\/\/www.emballagedigest.fr\/wp-content\/uploads\/2025\/12\/Global2-300x177.jpg 300w, https:\/\/www.emballagedigest.fr\/wp-content\/uploads\/2025\/12\/Global2-768x453.jpg 768w, https:\/\/www.emballagedigest.fr\/wp-content\/uploads\/2025\/12\/Global2-18x12.jpg 18w\" sizes=\"auto, (max-width: 800px) 100vw, 800px\" \/><\/figure>\n\n\n\n<p>\u00ab Positivons l\u2019industrie ! Tel sera le ma\u00eetre mot de cette \u00e9dition 2026 qui, sans renier les difficult\u00e9s rencontr\u00e9es par le secteur, souhaite faire la lumi\u00e8re sur les actions b\u00e9n\u00e9fiques men\u00e9es par les entreprises telles que la modernisation des outils industriels par certaines fili\u00e8res, la d\u00e9carbonation, l\u2019embauche des jeunes, la f\u00e9minisation\u2026 \u00bb, explique S\u00e9bastien Gillet, directeur g\u00e9n\u00e9ral de GL Events.<\/p>\n\n\n\n<p>Cette 8e \u00e9dition se tiendra alors que plusieurs indicateurs t\u00e9moignent d\u2019une dynamique industrielle positive. A savoir, selon l\u2019Insee, une progression annonc\u00e9e du PIB fran\u00e7ais de +0,8 % en 2025 (Insee), port\u00e9e notamment par l\u2019a\u00e9ronautique, et un fort rebond de la production manufacturi\u00e8re en juin 2025 (+3,5 %), soutenu par un financement de 500 millions d\u2019euros mobilis\u00e9s par Ark\u00e9a Banque Entreprises et Institutionnels et Bpifrance pour financer les PME et ETI de la Base industrielle et technologie de la d\u00e9fense (BITD) (source Bpifrance).<\/p>\n\n\n\n<p>Enfin, selon une enqu\u00eate exclusive \u00ab&nbsp;Les Fran\u00e7ais et l\u2019industrie&nbsp;\u00bb r\u00e9alis\u00e9 par Ipsos bva\/Cesi pour Global Industrie, 75% des interrog\u00e9s ont une bonne image de l\u2019industrie fran\u00e7aise, 93% estiment qu\u2019une industrie forte est indispensable. 89% des fran\u00e7ais sond\u00e9s consid\u00e8rent ainsi que la r\u00e9industrialisation est indispensable ou prioritaire et 85% sont pr\u00eats \u00e0 payer plus cher du Made in France. Enfin, 85% sont favorables \u00e0 des mesures protectionnistes au niveau europ\u00e9en m\u00eame avec une augmentation des prix.<\/p>","protected":false},"excerpt":{"rendered":"<p>Sous le haut patronage d\u2019Emmanuel Macron, la 8e \u00e9dition du salon Global Industrie se tiendra du 30 mars au 2 avril 2026 au Parc des expositions de Villepinte, en r\u00e9gion parisienne. Un rendez-vous pour \u00ab&nbsp;positiver l\u2019industrie&nbsp;\u00bb, qui r\u00e9unira sur 100&nbsp;000 m\u00b2 d\u2019exposition, 2500 exposants et 60&nbsp;000 industriels, venus de 91 pays. En mettant en lumi\u00e8re [&hellip;]<\/p>","protected":false},"author":2,"featured_media":46466,"comment_status":"closed","ping_status":"closed","sticky":false,"template":"","format":"standard","meta":{"_acf_changed":false,"inline_featured_image":false,"iawp_total_views":2,"footnotes":""},"categories":[28,11,8,72],"tags":[],"class_list":["post-46465","post","type-post","status-publish","format-standard","has-post-thumbnail","hentry","category-article-entier","category-emballages","category-industrie","category-salon"],"acf":[],"yoast_head":"<!-- This site is optimized with the Yoast SEO plugin v24.4 - https:\/\/yoast.com\/wordpress\/plugins\/seo\/ -->\n<title>Global Industrie pr\u00f4ne une vision positive de l\u2019industrie - Emballage Digest<\/title>\n<meta name=\"robots\" content=\"index, follow, max-snippet:-1, max-image-preview:large, max-video-preview:-1\" \/>\n<link rel=\"canonical\" href=\"https:\/\/www.emballagedigest.fr\/en\/global-industrie-prone-une-vision-positive-de-lindustrie\/\" \/>\n<meta property=\"og:locale\" content=\"en_GB\" \/>\n<meta property=\"og:type\" content=\"article\" \/>\n<meta property=\"og:title\" content=\"Global Industrie pr\u00f4ne une vision positive de l\u2019industrie - Emballage Digest\" \/>\n<meta property=\"og:description\" content=\"Sous le haut patronage d\u2019Emmanuel Macron, la 8e \u00e9dition du salon Global Industrie se tiendra du 30 mars au 2 avril 2026 au Parc des expositions de Villepinte, en r\u00e9gion parisienne. Un rendez-vous pour \u00ab&nbsp;positiver l\u2019industrie&nbsp;\u00bb, qui r\u00e9unira sur 100&nbsp;000 m\u00b2 d\u2019exposition, 2500 exposants et 60&nbsp;000 industriels, venus de 91 pays. En mettant en lumi\u00e8re [&hellip;]\" \/>\n<meta property=\"og:url\" content=\"https:\/\/www.emballagedigest.fr\/en\/global-industrie-prone-une-vision-positive-de-lindustrie\/\" \/>\n<meta property=\"og:site_name\" content=\"Emballage Digest\" \/>\n<meta property=\"article:published_time\" content=\"2025-12-15T07:59:49+00:00\" \/>\n<meta property=\"article:modified_time\" content=\"2025-12-15T23:02:07+00:00\" \/>\n<meta property=\"og:image\" content=\"https:\/\/www.emballagedigest.fr\/wp-content\/uploads\/2025\/12\/Global1.jpg\" \/>\n\t<meta property=\"og:image:width\" content=\"800\" \/>\n\t<meta property=\"og:image:height\" content=\"533\" \/>\n\t<meta property=\"og:image:type\" content=\"image\/jpeg\" \/>\n<meta name=\"author\" content=\"Karine Duval\" \/>\n<meta name=\"twitter:card\" content=\"summary_large_image\" \/>\n<meta name=\"twitter:label1\" content=\"Written by\" \/>\n\t<meta name=\"twitter:data1\" content=\"Karine Duval\" \/>\n\t<meta name=\"twitter:label2\" content=\"Estimated reading time\" \/>\n\t<meta name=\"twitter:data2\" content=\"3 minutes\" \/>\n<script type=\"application\/ld+json\" class=\"yoast-schema-graph\">{\"@context\":\"https:\/\/schema.org\",\"@graph\":[{\"@type\":\"Article\",\"@id\":\"https:\/\/www.emballagedigest.fr\/global-industrie-prone-une-vision-positive-de-lindustrie\/#article\",\"isPartOf\":{\"@id\":\"https:\/\/www.emballagedigest.fr\/global-industrie-prone-une-vision-positive-de-lindustrie\/\"},\"author\":{\"name\":\"Karine Duval\",\"@id\":\"https:\/\/www.emballagedigest.fr\/#\/schema\/person\/76abe9f2b2ee4d3d520594c7a35da59f\"},\"headline\":\"Global Industrie pr\u00f4ne une vision positive de l\u2019industrie\",\"datePublished\":\"2025-12-15T07:59:49+00:00\",\"dateModified\":\"2025-12-15T23:02:07+00:00\",\"mainEntityOfPage\":{\"@id\":\"https:\/\/www.emballagedigest.fr\/global-industrie-prone-une-vision-positive-de-lindustrie\/\"},\"wordCount\":381,\"publisher\":{\"@id\":\"https:\/\/www.emballagedigest.fr\/#organization\"},\"image\":{\"@id\":\"https:\/\/www.emballagedigest.fr\/global-industrie-prone-une-vision-positive-de-lindustrie\/#primaryimage\"},\"thumbnailUrl\":\"https:\/\/www.emballagedigest.fr\/wp-content\/uploads\/2025\/12\/Global1.jpg\",\"articleSection\":[\"Article entier\",\"Emballages\",\"Industrie\",\"Salon\"],\"inLanguage\":\"en-GB\"},{\"@type\":\"WebPage\",\"@id\":\"https:\/\/www.emballagedigest.fr\/global-industrie-prone-une-vision-positive-de-lindustrie\/\",\"url\":\"https:\/\/www.emballagedigest.fr\/global-industrie-prone-une-vision-positive-de-lindustrie\/\",\"name\":\"Global Industrie pr\u00f4ne une vision positive de l\u2019industrie - Emballage Digest\",\"isPartOf\":{\"@id\":\"https:\/\/www.emballagedigest.fr\/#website\"},\"primaryImageOfPage\":{\"@id\":\"https:\/\/www.emballagedigest.fr\/global-industrie-prone-une-vision-positive-de-lindustrie\/#primaryimage\"},\"image\":{\"@id\":\"https:\/\/www.emballagedigest.fr\/global-industrie-prone-une-vision-positive-de-lindustrie\/#primaryimage\"},\"thumbnailUrl\":\"https:\/\/www.emballagedigest.fr\/wp-content\/uploads\/2025\/12\/Global1.jpg\",\"datePublished\":\"2025-12-15T07:59:49+00:00\",\"dateModified\":\"2025-12-15T23:02:07+00:00\",\"breadcrumb\":{\"@id\":\"https:\/\/www.emballagedigest.fr\/global-industrie-prone-une-vision-positive-de-lindustrie\/#breadcrumb\"},\"inLanguage\":\"en-GB\",\"potentialAction\":[{\"@type\":\"ReadAction\",\"target\":[\"https:\/\/www.emballagedigest.fr\/global-industrie-prone-une-vision-positive-de-lindustrie\/\"]}]},{\"@type\":\"ImageObject\",\"inLanguage\":\"en-GB\",\"@id\":\"https:\/\/www.emballagedigest.fr\/global-industrie-prone-une-vision-positive-de-lindustrie\/#primaryimage\",\"url\":\"https:\/\/www.emballagedigest.fr\/wp-content\/uploads\/2025\/12\/Global1.jpg\",\"contentUrl\":\"https:\/\/www.emballagedigest.fr\/wp-content\/uploads\/2025\/12\/Global1.jpg\",\"width\":800,\"height\":533},{\"@type\":\"BreadcrumbList\",\"@id\":\"https:\/\/www.emballagedigest.fr\/global-industrie-prone-une-vision-positive-de-lindustrie\/#breadcrumb\",\"itemListElement\":[{\"@type\":\"ListItem\",\"position\":1,\"name\":\"Accueil\",\"item\":\"https:\/\/www.emballagedigest.fr\/\"},{\"@type\":\"ListItem\",\"position\":2,\"name\":\"Global Industrie pr\u00f4ne une vision positive de l\u2019industrie\"}]},{\"@type\":\"WebSite\",\"@id\":\"https:\/\/www.emballagedigest.fr\/#website\",\"url\":\"https:\/\/www.emballagedigest.fr\/\",\"name\":\"Emballage Digest\",\"description\":\"Revue professionnelle sur les emballages\",\"publisher\":{\"@id\":\"https:\/\/www.emballagedigest.fr\/#organization\"},\"potentialAction\":[{\"@type\":\"SearchAction\",\"target\":{\"@type\":\"EntryPoint\",\"urlTemplate\":\"https:\/\/www.emballagedigest.fr\/?s={search_term_string}\"},\"query-input\":{\"@type\":\"PropertyValueSpecification\",\"valueRequired\":true,\"valueName\":\"search_term_string\"}}],\"inLanguage\":\"en-GB\"},{\"@type\":\"Organization\",\"@id\":\"https:\/\/www.emballagedigest.fr\/#organization\",\"name\":\"Emballage Digest\",\"url\":\"https:\/\/www.emballagedigest.fr\/\",\"logo\":{\"@type\":\"ImageObject\",\"inLanguage\":\"en-GB\",\"@id\":\"https:\/\/www.emballagedigest.fr\/#\/schema\/logo\/image\/\",\"url\":\"https:\/\/www.emballagedigest.fr\/wp-content\/uploads\/2022\/07\/logo-ed.png\",\"contentUrl\":\"https:\/\/www.emballagedigest.fr\/wp-content\/uploads\/2022\/07\/logo-ed.png\",\"width\":379,\"height\":75,\"caption\":\"Emballage Digest\"},\"image\":{\"@id\":\"https:\/\/www.emballagedigest.fr\/#\/schema\/logo\/image\/\"}},{\"@type\":\"Person\",\"@id\":\"https:\/\/www.emballagedigest.fr\/#\/schema\/person\/76abe9f2b2ee4d3d520594c7a35da59f\",\"name\":\"Karine Duval\",\"image\":{\"@type\":\"ImageObject\",\"inLanguage\":\"en-GB\",\"@id\":\"https:\/\/www.emballagedigest.fr\/#\/schema\/person\/image\/\",\"url\":\"https:\/\/secure.gravatar.com\/avatar\/f552799261cdd2e076e6677d780ef07bdb13aa4c196ab75b39abcbcdcae2d4e5?s=96&d=mm&r=g\",\"contentUrl\":\"https:\/\/secure.gravatar.com\/avatar\/f552799261cdd2e076e6677d780ef07bdb13aa4c196ab75b39abcbcdcae2d4e5?s=96&d=mm&r=g\",\"caption\":\"Karine Duval\"},\"url\":\"https:\/\/www.emballagedigest.fr\/en\/author\/admin_karduv\/\"}]}<\/script>\n<!-- \/ Yoast SEO plugin. -->","yoast_head_json":{"title":"Global Industrie pr\u00f4ne une vision positive de l\u2019industrie - Emballage Digest","robots":{"index":"index","follow":"follow","max-snippet":"max-snippet:-1","max-image-preview":"max-image-preview:large","max-video-preview":"max-video-preview:-1"},"canonical":"https:\/\/www.emballagedigest.fr\/en\/global-industrie-prone-une-vision-positive-de-lindustrie\/","og_locale":"en_GB","og_type":"article","og_title":"Global Industrie pr\u00f4ne une vision positive de l\u2019industrie - Emballage Digest","og_description":"Sous le haut patronage d\u2019Emmanuel Macron, la 8e \u00e9dition du salon Global Industrie se tiendra du 30 mars au 2 avril 2026 au Parc des expositions de Villepinte, en r\u00e9gion parisienne. Un rendez-vous pour \u00ab&nbsp;positiver l\u2019industrie&nbsp;\u00bb, qui r\u00e9unira sur 100&nbsp;000 m\u00b2 d\u2019exposition, 2500 exposants et 60&nbsp;000 industriels, venus de 91 pays. En mettant en lumi\u00e8re [&hellip;]","og_url":"https:\/\/www.emballagedigest.fr\/en\/global-industrie-prone-une-vision-positive-de-lindustrie\/","og_site_name":"Emballage Digest","article_published_time":"2025-12-15T07:59:49+00:00","article_modified_time":"2025-12-15T23:02:07+00:00","og_image":[{"width":800,"height":533,"url":"https:\/\/www.emballagedigest.fr\/wp-content\/uploads\/2025\/12\/Global1.jpg","type":"image\/jpeg"}],"author":"Karine Duval","twitter_card":"summary_large_image","twitter_misc":{"Written by":"Karine Duval","Estimated reading time":"3 minutes"},"schema":{"@context":"https:\/\/schema.org","@graph":[{"@type":"Article","@id":"https:\/\/www.emballagedigest.fr\/global-industrie-prone-une-vision-positive-de-lindustrie\/#article","isPartOf":{"@id":"https:\/\/www.emballagedigest.fr\/global-industrie-prone-une-vision-positive-de-lindustrie\/"},"author":{"name":"Karine Duval","@id":"https:\/\/www.emballagedigest.fr\/#\/schema\/person\/76abe9f2b2ee4d3d520594c7a35da59f"},"headline":"Global Industrie pr\u00f4ne une vision positive de l\u2019industrie","datePublished":"2025-12-15T07:59:49+00:00","dateModified":"2025-12-15T23:02:07+00:00","mainEntityOfPage":{"@id":"https:\/\/www.emballagedigest.fr\/global-industrie-prone-une-vision-positive-de-lindustrie\/"},"wordCount":381,"publisher":{"@id":"https:\/\/www.emballagedigest.fr\/#organization"},"image":{"@id":"https:\/\/www.emballagedigest.fr\/global-industrie-prone-une-vision-positive-de-lindustrie\/#primaryimage"},"thumbnailUrl":"https:\/\/www.emballagedigest.fr\/wp-content\/uploads\/2025\/12\/Global1.jpg","articleSection":["Article entier","Emballages","Industrie","Salon"],"inLanguage":"en-GB"},{"@type":"WebPage","@id":"https:\/\/www.emballagedigest.fr\/global-industrie-prone-une-vision-positive-de-lindustrie\/","url":"https:\/\/www.emballagedigest.fr\/global-industrie-prone-une-vision-positive-de-lindustrie\/","name":"Global Industrie pr\u00f4ne une vision positive de l\u2019industrie - Emballage Digest","isPartOf":{"@id":"https:\/\/www.emballagedigest.fr\/#website"},"primaryImageOfPage":{"@id":"https:\/\/www.emballagedigest.fr\/global-industrie-prone-une-vision-positive-de-lindustrie\/#primaryimage"},"image":{"@id":"https:\/\/www.emballagedigest.fr\/global-industrie-prone-une-vision-positive-de-lindustrie\/#primaryimage"},"thumbnailUrl":"https:\/\/www.emballagedigest.fr\/wp-content\/uploads\/2025\/12\/Global1.jpg","datePublished":"2025-12-15T07:59:49+00:00","dateModified":"2025-12-15T23:02:07+00:00","breadcrumb":{"@id":"https:\/\/www.emballagedigest.fr\/global-industrie-prone-une-vision-positive-de-lindustrie\/#breadcrumb"},"inLanguage":"en-GB","potentialAction":[{"@type":"ReadAction","target":["https:\/\/www.emballagedigest.fr\/global-industrie-prone-une-vision-positive-de-lindustrie\/"]}]},{"@type":"ImageObject","inLanguage":"en-GB","@id":"https:\/\/www.emballagedigest.fr\/global-industrie-prone-une-vision-positive-de-lindustrie\/#primaryimage","url":"https:\/\/www.emballagedigest.fr\/wp-content\/uploads\/2025\/12\/Global1.jpg","contentUrl":"https:\/\/www.emballagedigest.fr\/wp-content\/uploads\/2025\/12\/Global1.jpg","width":800,"height":533},{"@type":"BreadcrumbList","@id":"https:\/\/www.emballagedigest.fr\/global-industrie-prone-une-vision-positive-de-lindustrie\/#breadcrumb","itemListElement":[{"@type":"ListItem","position":1,"name":"Accueil","item":"https:\/\/www.emballagedigest.fr\/"},{"@type":"ListItem","position":2,"name":"Global Industrie pr\u00f4ne une vision positive de l\u2019industrie"}]},{"@type":"WebSite","@id":"https:\/\/www.emballagedigest.fr\/#website","url":"https:\/\/www.emballagedigest.fr\/","name":"Emballage Digest","description":"Revue professionnelle sur les emballages","publisher":{"@id":"https:\/\/www.emballagedigest.fr\/#organization"},"potentialAction":[{"@type":"SearchAction","target":{"@type":"EntryPoint","urlTemplate":"https:\/\/www.emballagedigest.fr\/?s={search_term_string}"},"query-input":{"@type":"PropertyValueSpecification","valueRequired":true,"valueName":"search_term_string"}}],"inLanguage":"en-GB"},{"@type":"Organization","@id":"https:\/\/www.emballagedigest.fr\/#organization","name":"Emballage Digest","url":"https:\/\/www.emballagedigest.fr\/","logo":{"@type":"ImageObject","inLanguage":"en-GB","@id":"https:\/\/www.emballagedigest.fr\/#\/schema\/logo\/image\/","url":"https:\/\/www.emballagedigest.fr\/wp-content\/uploads\/2022\/07\/logo-ed.png","contentUrl":"https:\/\/www.emballagedigest.fr\/wp-content\/uploads\/2022\/07\/logo-ed.png","width":379,"height":75,"caption":"Emballage Digest"},"image":{"@id":"https:\/\/www.emballagedigest.fr\/#\/schema\/logo\/image\/"}},{"@type":"Person","@id":"https:\/\/www.emballagedigest.fr\/#\/schema\/person\/76abe9f2b2ee4d3d520594c7a35da59f","name":"Karine Duval","image":{"@type":"ImageObject","inLanguage":"en-GB","@id":"https:\/\/www.emballagedigest.fr\/#\/schema\/person\/image\/","url":"https:\/\/secure.gravatar.com\/avatar\/f552799261cdd2e076e6677d780ef07bdb13aa4c196ab75b39abcbcdcae2d4e5?s=96&d=mm&r=g","contentUrl":"https:\/\/secure.gravatar.com\/avatar\/f552799261cdd2e076e6677d780ef07bdb13aa4c196ab75b39abcbcdcae2d4e5?s=96&d=mm&r=g","caption":"Karine Duval"},"url":"https:\/\/www.emballagedigest.fr\/en\/author\/admin_karduv\/"}]}},"_links":{"self":[{"href":"https:\/\/www.emballagedigest.fr\/en\/wp-json\/wp\/v2\/posts\/46465","targetHints":{"allow":["GET"]}}],"collection":[{"href":"https:\/\/www.emballagedigest.fr\/en\/wp-json\/wp\/v2\/posts"}],"about":[{"href":"https:\/\/www.emballagedigest.fr\/en\/wp-json\/wp\/v2\/types\/post"}],"author":[{"embeddable":true,"href":"https:\/\/www.emballagedigest.fr\/en\/wp-json\/wp\/v2\/users\/2"}],"replies":[{"embeddable":true,"href":"https:\/\/www.emballagedigest.fr\/en\/wp-json\/wp\/v2\/comments?post=46465"}],"version-history":[{"count":1,"href":"https:\/\/www.emballagedigest.fr\/en\/wp-json\/wp\/v2\/posts\/46465\/revisions"}],"predecessor-version":[{"id":46468,"href":"https:\/\/www.emballagedigest.fr\/en\/wp-json\/wp\/v2\/posts\/46465\/revisions\/46468"}],"wp:featuredmedia":[{"embeddable":true,"href":"https:\/\/www.emballagedigest.fr\/en\/wp-json\/wp\/v2\/media\/46466"}],"wp:attachment":[{"href":"https:\/\/www.emballagedigest.fr\/en\/wp-json\/wp\/v2\/media?parent=46465"}],"wp:term":[{"taxonomy":"category","embeddable":true,"href":"https:\/\/www.emballagedigest.fr\/en\/wp-json\/wp\/v2\/categories?post=46465"},{"taxonomy":"post_tag","embeddable":true,"href":"https:\/\/www.emballagedigest.fr\/en\/wp-json\/wp\/v2\/tags?post=46465"}],"curies":[{"name":"wp","href":"https:\/\/api.w.org\/{rel}","templated":true}]}}