{"id":46469,"date":"2025-12-15T09:01:02","date_gmt":"2025-12-15T08:01:02","guid":{"rendered":"https:\/\/www.emballagedigest.fr\/?p=46469"},"modified":"2025-12-15T09:01:04","modified_gmt":"2025-12-15T08:01:04","slug":"nuxe-transforme-son-huile-iconique-en-calendrier-de-lavent","status":"publish","type":"post","link":"https:\/\/www.emballagedigest.fr\/en\/nuxe-transforme-son-huile-iconique-en-calendrier-de-lavent\/","title":{"rendered":"Nuxe transforme son huile iconique en calendrier de l\u2019Avent"},"content":{"rendered":"<p><strong>Pour son \u00e9dition 2025 du calendrier de l\u2019Avent, la marque cosm\u00e9tique Nuxe a choisi de reproduire en volume le flacon de son Huile prodigieuse\u00ae. Un projet accompagn\u00e9 et r\u00e9alis\u00e9 par le groupe Verpack, de la conception technique \u00e0 la livraison des coffrets conditionn\u00e9s.<\/strong><\/p>\n\n\n\n<p>Dans le cadre de ce projet, les recherches auront essentiellement port\u00e9 sur le design du produit et sur une conception capable de supporter les contraintes li\u00e9es au poids du calendrier une fois rempli, celui-ci \u00e9tant con\u00e7u pour \u00eatre saisi par le bouchon&nbsp;: d\u00e9coupes sp\u00e9cifiques, choix des habillages, qualit\u00e9 de collage.<\/p>\n\n\n\n<p>Respectant les proportions et les formes du flacon et recr\u00e9ant son bouchon dor\u00e9 en volume, ce coffret rigide est con\u00e7u en deux volets abritant de part et d\u2019autre, les 24 \u00e9tuis de tailles diff\u00e9rentes. \u00c0 la fermeture, le bouchon prend forme lorsque les deux pi\u00e8ces s\u2019ajustent entre elles.<\/p>\n\n\n\n<figure class=\"wp-block-image size-full\"><img loading=\"lazy\" decoding=\"async\" width=\"800\" height=\"400\" src=\"https:\/\/www.emballagedigest.fr\/wp-content\/uploads\/2025\/12\/NUXE2.jpg\" alt=\"\" class=\"wp-image-46471\" srcset=\"https:\/\/www.emballagedigest.fr\/wp-content\/uploads\/2025\/12\/NUXE2.jpg 800w, https:\/\/www.emballagedigest.fr\/wp-content\/uploads\/2025\/12\/NUXE2-300x150.jpg 300w, https:\/\/www.emballagedigest.fr\/wp-content\/uploads\/2025\/12\/NUXE2-768x384.jpg 768w, https:\/\/www.emballagedigest.fr\/wp-content\/uploads\/2025\/12\/NUXE2-18x9.jpg 18w\" sizes=\"auto, (max-width: 800px) 100vw, 800px\" \/><\/figure>\n\n\n\n<p>Les d\u00e9cors sont r\u00e9alis\u00e9s en transfert de m\u00e9tallisation soit une d\u00e9pose de film dont la part plastique est ensuite retir\u00e9e. Les impressions sont appliqu\u00e9es en quadrichromie et le nom de la marque en marquage \u00e0 chaud. L\u2019assemblage du bouchon est r\u00e9alis\u00e9 \u00e0 la main et celui de la structure en automatique.<\/p>\n\n\n\n<p>Verpack a aussi assur\u00e9 le conditionnement des produits dans les \u00e9tuis et leur installation dans la structure, avec pour chacun, une croix en carte destin\u00e9e \u00e0 rigidifier la structure. Un service full&nbsp;service&nbsp;rendu possible gr\u00e2ce \u00e0 l\u2019expertise de trois de ses sites&nbsp;: impression \u00e0 Avallon, op\u00e9rations manuelles et conditionnement \u00e0 Migennes, tous deux en Bourgogne, et assemblage manuel du bouchon \u00e0 Sousse en Tunisie.<\/p>","protected":false},"excerpt":{"rendered":"<p>Pour son \u00e9dition 2025 du calendrier de l\u2019Avent, la marque cosm\u00e9tique Nuxe a choisi de reproduire en volume le flacon de son Huile prodigieuse\u00ae. Un projet accompagn\u00e9 et r\u00e9alis\u00e9 par le groupe Verpack, de la conception technique \u00e0 la livraison des coffrets conditionn\u00e9s. Dans le cadre de ce projet, les recherches auront essentiellement port\u00e9 sur [&hellip;]<\/p>","protected":false},"author":2,"featured_media":46470,"comment_status":"closed","ping_status":"closed","sticky":false,"template":"","format":"standard","meta":{"_acf_changed":false,"inline_featured_image":false,"iawp_total_views":4,"footnotes":""},"categories":[28,4],"tags":[],"class_list":["post-46469","post","type-post","status-publish","format-standard","has-post-thumbnail","hentry","category-article-entier","category-lineaires"],"acf":[],"yoast_head":"<!-- This site is optimized with the Yoast SEO plugin v24.4 - https:\/\/yoast.com\/wordpress\/plugins\/seo\/ -->\n<title>Nuxe transforme son huile iconique en calendrier de l\u2019Avent - Emballage Digest<\/title>\n<meta name=\"robots\" content=\"index, follow, max-snippet:-1, max-image-preview:large, max-video-preview:-1\" \/>\n<link rel=\"canonical\" href=\"https:\/\/www.emballagedigest.fr\/en\/nuxe-transforme-son-huile-iconique-en-calendrier-de-lavent\/\" \/>\n<meta property=\"og:locale\" content=\"en_GB\" \/>\n<meta property=\"og:type\" content=\"article\" \/>\n<meta property=\"og:title\" content=\"Nuxe transforme son huile iconique en calendrier de l\u2019Avent - Emballage Digest\" \/>\n<meta property=\"og:description\" content=\"Pour son \u00e9dition 2025 du calendrier de l\u2019Avent, la marque cosm\u00e9tique Nuxe a choisi de reproduire en volume le flacon de son Huile prodigieuse\u00ae. Un projet accompagn\u00e9 et r\u00e9alis\u00e9 par le groupe Verpack, de la conception technique \u00e0 la livraison des coffrets conditionn\u00e9s. Dans le cadre de ce projet, les recherches auront essentiellement port\u00e9 sur [&hellip;]\" \/>\n<meta property=\"og:url\" content=\"https:\/\/www.emballagedigest.fr\/en\/nuxe-transforme-son-huile-iconique-en-calendrier-de-lavent\/\" \/>\n<meta property=\"og:site_name\" content=\"Emballage Digest\" \/>\n<meta property=\"article:published_time\" content=\"2025-12-15T08:01:02+00:00\" \/>\n<meta property=\"article:modified_time\" content=\"2025-12-15T08:01:04+00:00\" \/>\n<meta property=\"og:image\" content=\"https:\/\/www.emballagedigest.fr\/wp-content\/uploads\/2025\/12\/NUXE1.jpg\" \/>\n\t<meta property=\"og:image:width\" content=\"752\" \/>\n\t<meta property=\"og:image:height\" content=\"600\" \/>\n\t<meta property=\"og:image:type\" content=\"image\/jpeg\" \/>\n<meta name=\"author\" content=\"Karine Duval\" \/>\n<meta name=\"twitter:card\" content=\"summary_large_image\" \/>\n<meta name=\"twitter:label1\" content=\"Written by\" \/>\n\t<meta name=\"twitter:data1\" content=\"Karine Duval\" \/>\n\t<meta name=\"twitter:label2\" content=\"Estimated reading time\" \/>\n\t<meta name=\"twitter:data2\" content=\"2 minutes\" \/>\n<script type=\"application\/ld+json\" class=\"yoast-schema-graph\">{\"@context\":\"https:\/\/schema.org\",\"@graph\":[{\"@type\":\"Article\",\"@id\":\"https:\/\/www.emballagedigest.fr\/nuxe-transforme-son-huile-iconique-en-calendrier-de-lavent\/#article\",\"isPartOf\":{\"@id\":\"https:\/\/www.emballagedigest.fr\/nuxe-transforme-son-huile-iconique-en-calendrier-de-lavent\/\"},\"author\":{\"name\":\"Karine Duval\",\"@id\":\"https:\/\/www.emballagedigest.fr\/#\/schema\/person\/76abe9f2b2ee4d3d520594c7a35da59f\"},\"headline\":\"Nuxe transforme son huile iconique en calendrier de l\u2019Avent\",\"datePublished\":\"2025-12-15T08:01:02+00:00\",\"dateModified\":\"2025-12-15T08:01:04+00:00\",\"mainEntityOfPage\":{\"@id\":\"https:\/\/www.emballagedigest.fr\/nuxe-transforme-son-huile-iconique-en-calendrier-de-lavent\/\"},\"wordCount\":287,\"publisher\":{\"@id\":\"https:\/\/www.emballagedigest.fr\/#organization\"},\"image\":{\"@id\":\"https:\/\/www.emballagedigest.fr\/nuxe-transforme-son-huile-iconique-en-calendrier-de-lavent\/#primaryimage\"},\"thumbnailUrl\":\"https:\/\/www.emballagedigest.fr\/wp-content\/uploads\/2025\/12\/NUXE1.jpg\",\"articleSection\":[\"Article entier\",\"Lin\u00e9aires\"],\"inLanguage\":\"en-GB\"},{\"@type\":\"WebPage\",\"@id\":\"https:\/\/www.emballagedigest.fr\/nuxe-transforme-son-huile-iconique-en-calendrier-de-lavent\/\",\"url\":\"https:\/\/www.emballagedigest.fr\/nuxe-transforme-son-huile-iconique-en-calendrier-de-lavent\/\",\"name\":\"Nuxe transforme son huile iconique en calendrier de l\u2019Avent - Emballage Digest\",\"isPartOf\":{\"@id\":\"https:\/\/www.emballagedigest.fr\/#website\"},\"primaryImageOfPage\":{\"@id\":\"https:\/\/www.emballagedigest.fr\/nuxe-transforme-son-huile-iconique-en-calendrier-de-lavent\/#primaryimage\"},\"image\":{\"@id\":\"https:\/\/www.emballagedigest.fr\/nuxe-transforme-son-huile-iconique-en-calendrier-de-lavent\/#primaryimage\"},\"thumbnailUrl\":\"https:\/\/www.emballagedigest.fr\/wp-content\/uploads\/2025\/12\/NUXE1.jpg\",\"datePublished\":\"2025-12-15T08:01:02+00:00\",\"dateModified\":\"2025-12-15T08:01:04+00:00\",\"breadcrumb\":{\"@id\":\"https:\/\/www.emballagedigest.fr\/nuxe-transforme-son-huile-iconique-en-calendrier-de-lavent\/#breadcrumb\"},\"inLanguage\":\"en-GB\",\"potentialAction\":[{\"@type\":\"ReadAction\",\"target\":[\"https:\/\/www.emballagedigest.fr\/nuxe-transforme-son-huile-iconique-en-calendrier-de-lavent\/\"]}]},{\"@type\":\"ImageObject\",\"inLanguage\":\"en-GB\",\"@id\":\"https:\/\/www.emballagedigest.fr\/nuxe-transforme-son-huile-iconique-en-calendrier-de-lavent\/#primaryimage\",\"url\":\"https:\/\/www.emballagedigest.fr\/wp-content\/uploads\/2025\/12\/NUXE1.jpg\",\"contentUrl\":\"https:\/\/www.emballagedigest.fr\/wp-content\/uploads\/2025\/12\/NUXE1.jpg\",\"width\":752,\"height\":600},{\"@type\":\"BreadcrumbList\",\"@id\":\"https:\/\/www.emballagedigest.fr\/nuxe-transforme-son-huile-iconique-en-calendrier-de-lavent\/#breadcrumb\",\"itemListElement\":[{\"@type\":\"ListItem\",\"position\":1,\"name\":\"Accueil\",\"item\":\"https:\/\/www.emballagedigest.fr\/\"},{\"@type\":\"ListItem\",\"position\":2,\"name\":\"Nuxe transforme son huile iconique en calendrier de l\u2019Avent\"}]},{\"@type\":\"WebSite\",\"@id\":\"https:\/\/www.emballagedigest.fr\/#website\",\"url\":\"https:\/\/www.emballagedigest.fr\/\",\"name\":\"Emballage Digest\",\"description\":\"Revue professionnelle sur les emballages\",\"publisher\":{\"@id\":\"https:\/\/www.emballagedigest.fr\/#organization\"},\"potentialAction\":[{\"@type\":\"SearchAction\",\"target\":{\"@type\":\"EntryPoint\",\"urlTemplate\":\"https:\/\/www.emballagedigest.fr\/?s={search_term_string}\"},\"query-input\":{\"@type\":\"PropertyValueSpecification\",\"valueRequired\":true,\"valueName\":\"search_term_string\"}}],\"inLanguage\":\"en-GB\"},{\"@type\":\"Organization\",\"@id\":\"https:\/\/www.emballagedigest.fr\/#organization\",\"name\":\"Emballage Digest\",\"url\":\"https:\/\/www.emballagedigest.fr\/\",\"logo\":{\"@type\":\"ImageObject\",\"inLanguage\":\"en-GB\",\"@id\":\"https:\/\/www.emballagedigest.fr\/#\/schema\/logo\/image\/\",\"url\":\"https:\/\/www.emballagedigest.fr\/wp-content\/uploads\/2022\/07\/logo-ed.png\",\"contentUrl\":\"https:\/\/www.emballagedigest.fr\/wp-content\/uploads\/2022\/07\/logo-ed.png\",\"width\":379,\"height\":75,\"caption\":\"Emballage Digest\"},\"image\":{\"@id\":\"https:\/\/www.emballagedigest.fr\/#\/schema\/logo\/image\/\"}},{\"@type\":\"Person\",\"@id\":\"https:\/\/www.emballagedigest.fr\/#\/schema\/person\/76abe9f2b2ee4d3d520594c7a35da59f\",\"name\":\"Karine Duval\",\"image\":{\"@type\":\"ImageObject\",\"inLanguage\":\"en-GB\",\"@id\":\"https:\/\/www.emballagedigest.fr\/#\/schema\/person\/image\/\",\"url\":\"https:\/\/secure.gravatar.com\/avatar\/f552799261cdd2e076e6677d780ef07bdb13aa4c196ab75b39abcbcdcae2d4e5?s=96&d=mm&r=g\",\"contentUrl\":\"https:\/\/secure.gravatar.com\/avatar\/f552799261cdd2e076e6677d780ef07bdb13aa4c196ab75b39abcbcdcae2d4e5?s=96&d=mm&r=g\",\"caption\":\"Karine Duval\"},\"url\":\"https:\/\/www.emballagedigest.fr\/en\/author\/admin_karduv\/\"}]}<\/script>\n<!-- \/ Yoast SEO plugin. -->","yoast_head_json":{"title":"Nuxe transforme son huile iconique en calendrier de l\u2019Avent - Emballage Digest","robots":{"index":"index","follow":"follow","max-snippet":"max-snippet:-1","max-image-preview":"max-image-preview:large","max-video-preview":"max-video-preview:-1"},"canonical":"https:\/\/www.emballagedigest.fr\/en\/nuxe-transforme-son-huile-iconique-en-calendrier-de-lavent\/","og_locale":"en_GB","og_type":"article","og_title":"Nuxe transforme son huile iconique en calendrier de l\u2019Avent - Emballage Digest","og_description":"Pour son \u00e9dition 2025 du calendrier de l\u2019Avent, la marque cosm\u00e9tique Nuxe a choisi de reproduire en volume le flacon de son Huile prodigieuse\u00ae. Un projet accompagn\u00e9 et r\u00e9alis\u00e9 par le groupe Verpack, de la conception technique \u00e0 la livraison des coffrets conditionn\u00e9s. Dans le cadre de ce projet, les recherches auront essentiellement port\u00e9 sur [&hellip;]","og_url":"https:\/\/www.emballagedigest.fr\/en\/nuxe-transforme-son-huile-iconique-en-calendrier-de-lavent\/","og_site_name":"Emballage Digest","article_published_time":"2025-12-15T08:01:02+00:00","article_modified_time":"2025-12-15T08:01:04+00:00","og_image":[{"width":752,"height":600,"url":"https:\/\/www.emballagedigest.fr\/wp-content\/uploads\/2025\/12\/NUXE1.jpg","type":"image\/jpeg"}],"author":"Karine Duval","twitter_card":"summary_large_image","twitter_misc":{"Written by":"Karine Duval","Estimated reading time":"2 minutes"},"schema":{"@context":"https:\/\/schema.org","@graph":[{"@type":"Article","@id":"https:\/\/www.emballagedigest.fr\/nuxe-transforme-son-huile-iconique-en-calendrier-de-lavent\/#article","isPartOf":{"@id":"https:\/\/www.emballagedigest.fr\/nuxe-transforme-son-huile-iconique-en-calendrier-de-lavent\/"},"author":{"name":"Karine Duval","@id":"https:\/\/www.emballagedigest.fr\/#\/schema\/person\/76abe9f2b2ee4d3d520594c7a35da59f"},"headline":"Nuxe transforme son huile iconique en calendrier de l\u2019Avent","datePublished":"2025-12-15T08:01:02+00:00","dateModified":"2025-12-15T08:01:04+00:00","mainEntityOfPage":{"@id":"https:\/\/www.emballagedigest.fr\/nuxe-transforme-son-huile-iconique-en-calendrier-de-lavent\/"},"wordCount":287,"publisher":{"@id":"https:\/\/www.emballagedigest.fr\/#organization"},"image":{"@id":"https:\/\/www.emballagedigest.fr\/nuxe-transforme-son-huile-iconique-en-calendrier-de-lavent\/#primaryimage"},"thumbnailUrl":"https:\/\/www.emballagedigest.fr\/wp-content\/uploads\/2025\/12\/NUXE1.jpg","articleSection":["Article entier","Lin\u00e9aires"],"inLanguage":"en-GB"},{"@type":"WebPage","@id":"https:\/\/www.emballagedigest.fr\/nuxe-transforme-son-huile-iconique-en-calendrier-de-lavent\/","url":"https:\/\/www.emballagedigest.fr\/nuxe-transforme-son-huile-iconique-en-calendrier-de-lavent\/","name":"Nuxe transforme son huile iconique en calendrier de l\u2019Avent - Emballage Digest","isPartOf":{"@id":"https:\/\/www.emballagedigest.fr\/#website"},"primaryImageOfPage":{"@id":"https:\/\/www.emballagedigest.fr\/nuxe-transforme-son-huile-iconique-en-calendrier-de-lavent\/#primaryimage"},"image":{"@id":"https:\/\/www.emballagedigest.fr\/nuxe-transforme-son-huile-iconique-en-calendrier-de-lavent\/#primaryimage"},"thumbnailUrl":"https:\/\/www.emballagedigest.fr\/wp-content\/uploads\/2025\/12\/NUXE1.jpg","datePublished":"2025-12-15T08:01:02+00:00","dateModified":"2025-12-15T08:01:04+00:00","breadcrumb":{"@id":"https:\/\/www.emballagedigest.fr\/nuxe-transforme-son-huile-iconique-en-calendrier-de-lavent\/#breadcrumb"},"inLanguage":"en-GB","potentialAction":[{"@type":"ReadAction","target":["https:\/\/www.emballagedigest.fr\/nuxe-transforme-son-huile-iconique-en-calendrier-de-lavent\/"]}]},{"@type":"ImageObject","inLanguage":"en-GB","@id":"https:\/\/www.emballagedigest.fr\/nuxe-transforme-son-huile-iconique-en-calendrier-de-lavent\/#primaryimage","url":"https:\/\/www.emballagedigest.fr\/wp-content\/uploads\/2025\/12\/NUXE1.jpg","contentUrl":"https:\/\/www.emballagedigest.fr\/wp-content\/uploads\/2025\/12\/NUXE1.jpg","width":752,"height":600},{"@type":"BreadcrumbList","@id":"https:\/\/www.emballagedigest.fr\/nuxe-transforme-son-huile-iconique-en-calendrier-de-lavent\/#breadcrumb","itemListElement":[{"@type":"ListItem","position":1,"name":"Accueil","item":"https:\/\/www.emballagedigest.fr\/"},{"@type":"ListItem","position":2,"name":"Nuxe transforme son huile iconique en calendrier de l\u2019Avent"}]},{"@type":"WebSite","@id":"https:\/\/www.emballagedigest.fr\/#website","url":"https:\/\/www.emballagedigest.fr\/","name":"Emballage Digest","description":"Revue professionnelle sur les emballages","publisher":{"@id":"https:\/\/www.emballagedigest.fr\/#organization"},"potentialAction":[{"@type":"SearchAction","target":{"@type":"EntryPoint","urlTemplate":"https:\/\/www.emballagedigest.fr\/?s={search_term_string}"},"query-input":{"@type":"PropertyValueSpecification","valueRequired":true,"valueName":"search_term_string"}}],"inLanguage":"en-GB"},{"@type":"Organization","@id":"https:\/\/www.emballagedigest.fr\/#organization","name":"Emballage Digest","url":"https:\/\/www.emballagedigest.fr\/","logo":{"@type":"ImageObject","inLanguage":"en-GB","@id":"https:\/\/www.emballagedigest.fr\/#\/schema\/logo\/image\/","url":"https:\/\/www.emballagedigest.fr\/wp-content\/uploads\/2022\/07\/logo-ed.png","contentUrl":"https:\/\/www.emballagedigest.fr\/wp-content\/uploads\/2022\/07\/logo-ed.png","width":379,"height":75,"caption":"Emballage Digest"},"image":{"@id":"https:\/\/www.emballagedigest.fr\/#\/schema\/logo\/image\/"}},{"@type":"Person","@id":"https:\/\/www.emballagedigest.fr\/#\/schema\/person\/76abe9f2b2ee4d3d520594c7a35da59f","name":"Karine Duval","image":{"@type":"ImageObject","inLanguage":"en-GB","@id":"https:\/\/www.emballagedigest.fr\/#\/schema\/person\/image\/","url":"https:\/\/secure.gravatar.com\/avatar\/f552799261cdd2e076e6677d780ef07bdb13aa4c196ab75b39abcbcdcae2d4e5?s=96&d=mm&r=g","contentUrl":"https:\/\/secure.gravatar.com\/avatar\/f552799261cdd2e076e6677d780ef07bdb13aa4c196ab75b39abcbcdcae2d4e5?s=96&d=mm&r=g","caption":"Karine Duval"},"url":"https:\/\/www.emballagedigest.fr\/en\/author\/admin_karduv\/"}]}},"_links":{"self":[{"href":"https:\/\/www.emballagedigest.fr\/en\/wp-json\/wp\/v2\/posts\/46469","targetHints":{"allow":["GET"]}}],"collection":[{"href":"https:\/\/www.emballagedigest.fr\/en\/wp-json\/wp\/v2\/posts"}],"about":[{"href":"https:\/\/www.emballagedigest.fr\/en\/wp-json\/wp\/v2\/types\/post"}],"author":[{"embeddable":true,"href":"https:\/\/www.emballagedigest.fr\/en\/wp-json\/wp\/v2\/users\/2"}],"replies":[{"embeddable":true,"href":"https:\/\/www.emballagedigest.fr\/en\/wp-json\/wp\/v2\/comments?post=46469"}],"version-history":[{"count":1,"href":"https:\/\/www.emballagedigest.fr\/en\/wp-json\/wp\/v2\/posts\/46469\/revisions"}],"predecessor-version":[{"id":46472,"href":"https:\/\/www.emballagedigest.fr\/en\/wp-json\/wp\/v2\/posts\/46469\/revisions\/46472"}],"wp:featuredmedia":[{"embeddable":true,"href":"https:\/\/www.emballagedigest.fr\/en\/wp-json\/wp\/v2\/media\/46470"}],"wp:attachment":[{"href":"https:\/\/www.emballagedigest.fr\/en\/wp-json\/wp\/v2\/media?parent=46469"}],"wp:term":[{"taxonomy":"category","embeddable":true,"href":"https:\/\/www.emballagedigest.fr\/en\/wp-json\/wp\/v2\/categories?post=46469"},{"taxonomy":"post_tag","embeddable":true,"href":"https:\/\/www.emballagedigest.fr\/en\/wp-json\/wp\/v2\/tags?post=46469"}],"curies":[{"name":"wp","href":"https:\/\/api.w.org\/{rel}","templated":true}]}}