{"id":46473,"date":"2025-12-16T00:04:18","date_gmt":"2025-12-15T23:04:18","guid":{"rendered":"https:\/\/www.emballagedigest.fr\/?p=46473"},"modified":"2025-12-17T08:18:42","modified_gmt":"2025-12-17T07:18:42","slug":"burban-palettes-reprend-spe-sarthe-palettes-emballages","status":"publish","type":"post","link":"https:\/\/www.emballagedigest.fr\/en\/burban-palettes-reprend-spe-sarthe-palettes-emballages\/","title":{"rendered":"Burban Palettes reprend SPE Sarthe Palettes Emballages"},"content":{"rendered":"<p><strong>Le groupe Burban Palettes rach\u00e8te la soci\u00e9t\u00e9 SPE Sarthe Palettes Emballages, PME familiale implant\u00e9e \u00e0 Champagn\u00e9, pr\u00e8s du Mans. Cette op\u00e9ration strat\u00e9gique s\u2019inscrit dans une dynamique de croissance externe du Groupe et renforce son positionnement son maillage territorial sur le march\u00e9 de la palette et de l\u2019emballage bois.<\/strong><\/p>\n\n\n\n<p>Burban Palettes acc\u00e9l\u00e8re sa croissance pour r\u00e9pondre \u00e0 une demande de plus en plus forte sur tout le territoire fran\u00e7ais et avec la volont\u00e9 de centraliser les flux pour \u00eatre toujours plus proche de ses clients et de ses fournisseurs. L\u2019entreprise poursuit ainsi sa croissance externe dans le Grand Ouest et le Centre.<\/p>\n\n\n\n<p>En effet, vendredi 12 d\u00e9cembre, Eric Leret, fondateur de SPE Sarthe Palettes Emballage (dont le si\u00e8ge est \u00e0 Champagn\u00e9), et Didier Burban, Pr\u00e9sident du groupe Burban, ont sign\u00e9 un accord pour la cession et la reprise de la soci\u00e9t\u00e9. La reprise est effective \u00e0 compter du jour-m\u00eame. Cette PME familiale r\u00e9alise un chiffre d\u2019affaires de 7 millions d\u2019euros de chiffre d\u2019affaires HT. Elle exerce les m\u00eames m\u00e9tiers que le Groupe Burban. Elle dispose de cinq agences implant\u00e9es \u00e0 Caen (14), Chartres (28), Tours (37), Champagn\u00e9 (72) et Thouars (79). Gr\u00e2ce \u00e0 ce maillage territorial compl\u00e9mentaire, le groupe Burban Palettes Recyclage poursuivra ses \u00e9conomies logistiques et de transport. Dans une volont\u00e9 de respect de l\u2019environnement, l\u2019agence la plus proche du client sera en effet choisie pour limiter la distance parcourue par les chauffeurs.<\/p>\n\n\n\n<p>SPE Sarthe Palettes Emballages conservera le m\u00eame nom et les 50 collaborateurs leur poste. Les clients auront toujours les m\u00eames contacts commerciaux au sein de l\u2019entreprise. Burban Palettes souhaite assurer une transition fluide et s\u00e9curis\u00e9e, tout en permettant \u00e0 SPE de b\u00e9n\u00e9ficier progressivement de sa structuration et de ses outils. Le groupe apportera en effet aux collaborateurs son savoir-faire et ses process \u00e9prouv\u00e9s, ses outils de pilotage et son expertise organisationnelle.<\/p>","protected":false},"excerpt":{"rendered":"<p>Le groupe Burban Palettes rach\u00e8te la soci\u00e9t\u00e9 SPE Sarthe Palettes Emballages, PME familiale implant\u00e9e \u00e0 Champagn\u00e9, pr\u00e8s du Mans. Cette op\u00e9ration strat\u00e9gique s\u2019inscrit dans une dynamique de croissance externe du Groupe et renforce son positionnement son maillage territorial sur le march\u00e9 de la palette et de l\u2019emballage bois. Burban Palettes acc\u00e9l\u00e8re sa croissance pour r\u00e9pondre [&hellip;]<\/p>","protected":false},"author":2,"featured_media":46474,"comment_status":"closed","ping_status":"closed","sticky":false,"template":"","format":"standard","meta":{"_acf_changed":false,"inline_featured_image":false,"iawp_total_views":33,"footnotes":""},"categories":[28,11,8],"tags":[],"class_list":["post-46473","post","type-post","status-publish","format-standard","has-post-thumbnail","hentry","category-article-entier","category-emballages","category-industrie"],"acf":[],"yoast_head":"<!-- This site is optimized with the Yoast SEO plugin v24.4 - https:\/\/yoast.com\/wordpress\/plugins\/seo\/ -->\n<title>Burban Palettes reprend SPE Sarthe Palettes Emballages - Emballage Digest<\/title>\n<meta name=\"robots\" content=\"index, follow, max-snippet:-1, max-image-preview:large, max-video-preview:-1\" \/>\n<link rel=\"canonical\" href=\"https:\/\/www.emballagedigest.fr\/en\/burban-palettes-reprend-spe-sarthe-palettes-emballages\/\" \/>\n<meta property=\"og:locale\" content=\"en_GB\" \/>\n<meta property=\"og:type\" content=\"article\" \/>\n<meta property=\"og:title\" content=\"Burban Palettes reprend SPE Sarthe Palettes Emballages - Emballage Digest\" \/>\n<meta property=\"og:description\" content=\"Le groupe Burban Palettes rach\u00e8te la soci\u00e9t\u00e9 SPE Sarthe Palettes Emballages, PME familiale implant\u00e9e \u00e0 Champagn\u00e9, pr\u00e8s du Mans. Cette op\u00e9ration strat\u00e9gique s\u2019inscrit dans une dynamique de croissance externe du Groupe et renforce son positionnement son maillage territorial sur le march\u00e9 de la palette et de l\u2019emballage bois. Burban Palettes acc\u00e9l\u00e8re sa croissance pour r\u00e9pondre [&hellip;]\" \/>\n<meta property=\"og:url\" content=\"https:\/\/www.emballagedigest.fr\/en\/burban-palettes-reprend-spe-sarthe-palettes-emballages\/\" \/>\n<meta property=\"og:site_name\" content=\"Emballage Digest\" \/>\n<meta property=\"article:published_time\" content=\"2025-12-15T23:04:18+00:00\" \/>\n<meta property=\"article:modified_time\" content=\"2025-12-17T07:18:42+00:00\" \/>\n<meta property=\"og:image\" content=\"https:\/\/www.emballagedigest.fr\/wp-content\/uploads\/2025\/12\/burban.jpg\" \/>\n\t<meta property=\"og:image:width\" content=\"800\" \/>\n\t<meta property=\"og:image:height\" content=\"584\" \/>\n\t<meta property=\"og:image:type\" content=\"image\/jpeg\" \/>\n<meta name=\"author\" content=\"Karine Duval\" \/>\n<meta name=\"twitter:card\" content=\"summary_large_image\" \/>\n<meta name=\"twitter:label1\" content=\"Written by\" \/>\n\t<meta name=\"twitter:data1\" content=\"Karine Duval\" \/>\n\t<meta name=\"twitter:label2\" content=\"Estimated reading time\" \/>\n\t<meta name=\"twitter:data2\" content=\"2 minutes\" \/>\n<script type=\"application\/ld+json\" class=\"yoast-schema-graph\">{\"@context\":\"https:\/\/schema.org\",\"@graph\":[{\"@type\":\"Article\",\"@id\":\"https:\/\/www.emballagedigest.fr\/burban-palettes-reprend-spe-sarthe-palettes-emballages\/#article\",\"isPartOf\":{\"@id\":\"https:\/\/www.emballagedigest.fr\/burban-palettes-reprend-spe-sarthe-palettes-emballages\/\"},\"author\":{\"name\":\"Karine Duval\",\"@id\":\"https:\/\/www.emballagedigest.fr\/#\/schema\/person\/76abe9f2b2ee4d3d520594c7a35da59f\"},\"headline\":\"Burban Palettes reprend SPE Sarthe Palettes Emballages\",\"datePublished\":\"2025-12-15T23:04:18+00:00\",\"dateModified\":\"2025-12-17T07:18:42+00:00\",\"mainEntityOfPage\":{\"@id\":\"https:\/\/www.emballagedigest.fr\/burban-palettes-reprend-spe-sarthe-palettes-emballages\/\"},\"wordCount\":333,\"publisher\":{\"@id\":\"https:\/\/www.emballagedigest.fr\/#organization\"},\"image\":{\"@id\":\"https:\/\/www.emballagedigest.fr\/burban-palettes-reprend-spe-sarthe-palettes-emballages\/#primaryimage\"},\"thumbnailUrl\":\"https:\/\/www.emballagedigest.fr\/wp-content\/uploads\/2025\/12\/burban.jpg\",\"articleSection\":[\"Article entier\",\"Emballages\",\"Industrie\"],\"inLanguage\":\"en-GB\"},{\"@type\":\"WebPage\",\"@id\":\"https:\/\/www.emballagedigest.fr\/burban-palettes-reprend-spe-sarthe-palettes-emballages\/\",\"url\":\"https:\/\/www.emballagedigest.fr\/burban-palettes-reprend-spe-sarthe-palettes-emballages\/\",\"name\":\"Burban Palettes reprend SPE Sarthe Palettes Emballages - Emballage Digest\",\"isPartOf\":{\"@id\":\"https:\/\/www.emballagedigest.fr\/#website\"},\"primaryImageOfPage\":{\"@id\":\"https:\/\/www.emballagedigest.fr\/burban-palettes-reprend-spe-sarthe-palettes-emballages\/#primaryimage\"},\"image\":{\"@id\":\"https:\/\/www.emballagedigest.fr\/burban-palettes-reprend-spe-sarthe-palettes-emballages\/#primaryimage\"},\"thumbnailUrl\":\"https:\/\/www.emballagedigest.fr\/wp-content\/uploads\/2025\/12\/burban.jpg\",\"datePublished\":\"2025-12-15T23:04:18+00:00\",\"dateModified\":\"2025-12-17T07:18:42+00:00\",\"breadcrumb\":{\"@id\":\"https:\/\/www.emballagedigest.fr\/burban-palettes-reprend-spe-sarthe-palettes-emballages\/#breadcrumb\"},\"inLanguage\":\"en-GB\",\"potentialAction\":[{\"@type\":\"ReadAction\",\"target\":[\"https:\/\/www.emballagedigest.fr\/burban-palettes-reprend-spe-sarthe-palettes-emballages\/\"]}]},{\"@type\":\"ImageObject\",\"inLanguage\":\"en-GB\",\"@id\":\"https:\/\/www.emballagedigest.fr\/burban-palettes-reprend-spe-sarthe-palettes-emballages\/#primaryimage\",\"url\":\"https:\/\/www.emballagedigest.fr\/wp-content\/uploads\/2025\/12\/burban.jpg\",\"contentUrl\":\"https:\/\/www.emballagedigest.fr\/wp-content\/uploads\/2025\/12\/burban.jpg\",\"width\":800,\"height\":584},{\"@type\":\"BreadcrumbList\",\"@id\":\"https:\/\/www.emballagedigest.fr\/burban-palettes-reprend-spe-sarthe-palettes-emballages\/#breadcrumb\",\"itemListElement\":[{\"@type\":\"ListItem\",\"position\":1,\"name\":\"Accueil\",\"item\":\"https:\/\/www.emballagedigest.fr\/\"},{\"@type\":\"ListItem\",\"position\":2,\"name\":\"Burban Palettes reprend SPE Sarthe Palettes Emballages\"}]},{\"@type\":\"WebSite\",\"@id\":\"https:\/\/www.emballagedigest.fr\/#website\",\"url\":\"https:\/\/www.emballagedigest.fr\/\",\"name\":\"Emballage Digest\",\"description\":\"Revue professionnelle sur les emballages\",\"publisher\":{\"@id\":\"https:\/\/www.emballagedigest.fr\/#organization\"},\"potentialAction\":[{\"@type\":\"SearchAction\",\"target\":{\"@type\":\"EntryPoint\",\"urlTemplate\":\"https:\/\/www.emballagedigest.fr\/?s={search_term_string}\"},\"query-input\":{\"@type\":\"PropertyValueSpecification\",\"valueRequired\":true,\"valueName\":\"search_term_string\"}}],\"inLanguage\":\"en-GB\"},{\"@type\":\"Organization\",\"@id\":\"https:\/\/www.emballagedigest.fr\/#organization\",\"name\":\"Emballage Digest\",\"url\":\"https:\/\/www.emballagedigest.fr\/\",\"logo\":{\"@type\":\"ImageObject\",\"inLanguage\":\"en-GB\",\"@id\":\"https:\/\/www.emballagedigest.fr\/#\/schema\/logo\/image\/\",\"url\":\"https:\/\/www.emballagedigest.fr\/wp-content\/uploads\/2022\/07\/logo-ed.png\",\"contentUrl\":\"https:\/\/www.emballagedigest.fr\/wp-content\/uploads\/2022\/07\/logo-ed.png\",\"width\":379,\"height\":75,\"caption\":\"Emballage Digest\"},\"image\":{\"@id\":\"https:\/\/www.emballagedigest.fr\/#\/schema\/logo\/image\/\"}},{\"@type\":\"Person\",\"@id\":\"https:\/\/www.emballagedigest.fr\/#\/schema\/person\/76abe9f2b2ee4d3d520594c7a35da59f\",\"name\":\"Karine Duval\",\"image\":{\"@type\":\"ImageObject\",\"inLanguage\":\"en-GB\",\"@id\":\"https:\/\/www.emballagedigest.fr\/#\/schema\/person\/image\/\",\"url\":\"https:\/\/secure.gravatar.com\/avatar\/f552799261cdd2e076e6677d780ef07bdb13aa4c196ab75b39abcbcdcae2d4e5?s=96&d=mm&r=g\",\"contentUrl\":\"https:\/\/secure.gravatar.com\/avatar\/f552799261cdd2e076e6677d780ef07bdb13aa4c196ab75b39abcbcdcae2d4e5?s=96&d=mm&r=g\",\"caption\":\"Karine Duval\"},\"url\":\"https:\/\/www.emballagedigest.fr\/en\/author\/admin_karduv\/\"}]}<\/script>\n<!-- \/ Yoast SEO plugin. -->","yoast_head_json":{"title":"Burban Palettes reprend SPE Sarthe Palettes Emballages - Emballage Digest","robots":{"index":"index","follow":"follow","max-snippet":"max-snippet:-1","max-image-preview":"max-image-preview:large","max-video-preview":"max-video-preview:-1"},"canonical":"https:\/\/www.emballagedigest.fr\/en\/burban-palettes-reprend-spe-sarthe-palettes-emballages\/","og_locale":"en_GB","og_type":"article","og_title":"Burban Palettes reprend SPE Sarthe Palettes Emballages - Emballage Digest","og_description":"Le groupe Burban Palettes rach\u00e8te la soci\u00e9t\u00e9 SPE Sarthe Palettes Emballages, PME familiale implant\u00e9e \u00e0 Champagn\u00e9, pr\u00e8s du Mans. Cette op\u00e9ration strat\u00e9gique s\u2019inscrit dans une dynamique de croissance externe du Groupe et renforce son positionnement son maillage territorial sur le march\u00e9 de la palette et de l\u2019emballage bois. Burban Palettes acc\u00e9l\u00e8re sa croissance pour r\u00e9pondre [&hellip;]","og_url":"https:\/\/www.emballagedigest.fr\/en\/burban-palettes-reprend-spe-sarthe-palettes-emballages\/","og_site_name":"Emballage Digest","article_published_time":"2025-12-15T23:04:18+00:00","article_modified_time":"2025-12-17T07:18:42+00:00","og_image":[{"width":800,"height":584,"url":"https:\/\/www.emballagedigest.fr\/wp-content\/uploads\/2025\/12\/burban.jpg","type":"image\/jpeg"}],"author":"Karine Duval","twitter_card":"summary_large_image","twitter_misc":{"Written by":"Karine Duval","Estimated reading time":"2 minutes"},"schema":{"@context":"https:\/\/schema.org","@graph":[{"@type":"Article","@id":"https:\/\/www.emballagedigest.fr\/burban-palettes-reprend-spe-sarthe-palettes-emballages\/#article","isPartOf":{"@id":"https:\/\/www.emballagedigest.fr\/burban-palettes-reprend-spe-sarthe-palettes-emballages\/"},"author":{"name":"Karine Duval","@id":"https:\/\/www.emballagedigest.fr\/#\/schema\/person\/76abe9f2b2ee4d3d520594c7a35da59f"},"headline":"Burban Palettes reprend SPE Sarthe Palettes Emballages","datePublished":"2025-12-15T23:04:18+00:00","dateModified":"2025-12-17T07:18:42+00:00","mainEntityOfPage":{"@id":"https:\/\/www.emballagedigest.fr\/burban-palettes-reprend-spe-sarthe-palettes-emballages\/"},"wordCount":333,"publisher":{"@id":"https:\/\/www.emballagedigest.fr\/#organization"},"image":{"@id":"https:\/\/www.emballagedigest.fr\/burban-palettes-reprend-spe-sarthe-palettes-emballages\/#primaryimage"},"thumbnailUrl":"https:\/\/www.emballagedigest.fr\/wp-content\/uploads\/2025\/12\/burban.jpg","articleSection":["Article entier","Emballages","Industrie"],"inLanguage":"en-GB"},{"@type":"WebPage","@id":"https:\/\/www.emballagedigest.fr\/burban-palettes-reprend-spe-sarthe-palettes-emballages\/","url":"https:\/\/www.emballagedigest.fr\/burban-palettes-reprend-spe-sarthe-palettes-emballages\/","name":"Burban Palettes reprend SPE Sarthe Palettes Emballages - Emballage Digest","isPartOf":{"@id":"https:\/\/www.emballagedigest.fr\/#website"},"primaryImageOfPage":{"@id":"https:\/\/www.emballagedigest.fr\/burban-palettes-reprend-spe-sarthe-palettes-emballages\/#primaryimage"},"image":{"@id":"https:\/\/www.emballagedigest.fr\/burban-palettes-reprend-spe-sarthe-palettes-emballages\/#primaryimage"},"thumbnailUrl":"https:\/\/www.emballagedigest.fr\/wp-content\/uploads\/2025\/12\/burban.jpg","datePublished":"2025-12-15T23:04:18+00:00","dateModified":"2025-12-17T07:18:42+00:00","breadcrumb":{"@id":"https:\/\/www.emballagedigest.fr\/burban-palettes-reprend-spe-sarthe-palettes-emballages\/#breadcrumb"},"inLanguage":"en-GB","potentialAction":[{"@type":"ReadAction","target":["https:\/\/www.emballagedigest.fr\/burban-palettes-reprend-spe-sarthe-palettes-emballages\/"]}]},{"@type":"ImageObject","inLanguage":"en-GB","@id":"https:\/\/www.emballagedigest.fr\/burban-palettes-reprend-spe-sarthe-palettes-emballages\/#primaryimage","url":"https:\/\/www.emballagedigest.fr\/wp-content\/uploads\/2025\/12\/burban.jpg","contentUrl":"https:\/\/www.emballagedigest.fr\/wp-content\/uploads\/2025\/12\/burban.jpg","width":800,"height":584},{"@type":"BreadcrumbList","@id":"https:\/\/www.emballagedigest.fr\/burban-palettes-reprend-spe-sarthe-palettes-emballages\/#breadcrumb","itemListElement":[{"@type":"ListItem","position":1,"name":"Accueil","item":"https:\/\/www.emballagedigest.fr\/"},{"@type":"ListItem","position":2,"name":"Burban Palettes reprend SPE Sarthe Palettes Emballages"}]},{"@type":"WebSite","@id":"https:\/\/www.emballagedigest.fr\/#website","url":"https:\/\/www.emballagedigest.fr\/","name":"Emballage Digest","description":"Revue professionnelle sur les emballages","publisher":{"@id":"https:\/\/www.emballagedigest.fr\/#organization"},"potentialAction":[{"@type":"SearchAction","target":{"@type":"EntryPoint","urlTemplate":"https:\/\/www.emballagedigest.fr\/?s={search_term_string}"},"query-input":{"@type":"PropertyValueSpecification","valueRequired":true,"valueName":"search_term_string"}}],"inLanguage":"en-GB"},{"@type":"Organization","@id":"https:\/\/www.emballagedigest.fr\/#organization","name":"Emballage Digest","url":"https:\/\/www.emballagedigest.fr\/","logo":{"@type":"ImageObject","inLanguage":"en-GB","@id":"https:\/\/www.emballagedigest.fr\/#\/schema\/logo\/image\/","url":"https:\/\/www.emballagedigest.fr\/wp-content\/uploads\/2022\/07\/logo-ed.png","contentUrl":"https:\/\/www.emballagedigest.fr\/wp-content\/uploads\/2022\/07\/logo-ed.png","width":379,"height":75,"caption":"Emballage Digest"},"image":{"@id":"https:\/\/www.emballagedigest.fr\/#\/schema\/logo\/image\/"}},{"@type":"Person","@id":"https:\/\/www.emballagedigest.fr\/#\/schema\/person\/76abe9f2b2ee4d3d520594c7a35da59f","name":"Karine Duval","image":{"@type":"ImageObject","inLanguage":"en-GB","@id":"https:\/\/www.emballagedigest.fr\/#\/schema\/person\/image\/","url":"https:\/\/secure.gravatar.com\/avatar\/f552799261cdd2e076e6677d780ef07bdb13aa4c196ab75b39abcbcdcae2d4e5?s=96&d=mm&r=g","contentUrl":"https:\/\/secure.gravatar.com\/avatar\/f552799261cdd2e076e6677d780ef07bdb13aa4c196ab75b39abcbcdcae2d4e5?s=96&d=mm&r=g","caption":"Karine Duval"},"url":"https:\/\/www.emballagedigest.fr\/en\/author\/admin_karduv\/"}]}},"_links":{"self":[{"href":"https:\/\/www.emballagedigest.fr\/en\/wp-json\/wp\/v2\/posts\/46473","targetHints":{"allow":["GET"]}}],"collection":[{"href":"https:\/\/www.emballagedigest.fr\/en\/wp-json\/wp\/v2\/posts"}],"about":[{"href":"https:\/\/www.emballagedigest.fr\/en\/wp-json\/wp\/v2\/types\/post"}],"author":[{"embeddable":true,"href":"https:\/\/www.emballagedigest.fr\/en\/wp-json\/wp\/v2\/users\/2"}],"replies":[{"embeddable":true,"href":"https:\/\/www.emballagedigest.fr\/en\/wp-json\/wp\/v2\/comments?post=46473"}],"version-history":[{"count":2,"href":"https:\/\/www.emballagedigest.fr\/en\/wp-json\/wp\/v2\/posts\/46473\/revisions"}],"predecessor-version":[{"id":46477,"href":"https:\/\/www.emballagedigest.fr\/en\/wp-json\/wp\/v2\/posts\/46473\/revisions\/46477"}],"wp:featuredmedia":[{"embeddable":true,"href":"https:\/\/www.emballagedigest.fr\/en\/wp-json\/wp\/v2\/media\/46474"}],"wp:attachment":[{"href":"https:\/\/www.emballagedigest.fr\/en\/wp-json\/wp\/v2\/media?parent=46473"}],"wp:term":[{"taxonomy":"category","embeddable":true,"href":"https:\/\/www.emballagedigest.fr\/en\/wp-json\/wp\/v2\/categories?post=46473"},{"taxonomy":"post_tag","embeddable":true,"href":"https:\/\/www.emballagedigest.fr\/en\/wp-json\/wp\/v2\/tags?post=46473"}],"curies":[{"name":"wp","href":"https:\/\/api.w.org\/{rel}","templated":true}]}}