{"id":46479,"date":"2025-12-16T00:07:30","date_gmt":"2025-12-15T23:07:30","guid":{"rendered":"https:\/\/www.emballagedigest.fr\/?p=46479"},"modified":"2025-12-16T00:07:41","modified_gmt":"2025-12-15T23:07:41","slug":"tc-transcontinental-packaging-tombe-dans-le-giron-de-proampac","status":"publish","type":"post","link":"https:\/\/www.emballagedigest.fr\/en\/tc-transcontinental-packaging-tombe-dans-le-giron-de-proampac\/","title":{"rendered":"TC Transcontinental Packaging tombe dans le giron de ProAmpac"},"content":{"rendered":"<p><strong>ProAmpac, expert de l\u2019emballage souple et des mat\u00e9riaux, annonce l\u2019acquisition de TC Transcontinental Packaging (CA de 1,2 Mrds \u20ac au 27 juillet 2025) aupr\u00e8s de TC Transcontinental pour un montant de 1,51&nbsp;milliard de dollars. La transaction devrait \u00eatre conclue au premier trimestre de 2026, sous r\u00e9serve de l\u2019approbation des actionnaires et des autorisations r\u00e9glementaires.<\/strong><\/p>\n\n\n\n<p>L&rsquo;acquisition de TCP renforcera les capacit\u00e9s d\u2019emballages de Proampac sur les march\u00e9s des produits laitiers, de la viande, du m\u00e9dical et du pharmaceutique, ainsi que ses capacit\u00e9s de production en Am\u00e9rique du Nord, en Am\u00e9rique latine, au Royaume-Uni et en Nouvelle-Z\u00e9lande. Ce rapprochement permettra \u00e0 ProAmpac d&rsquo;acc\u00e9l\u00e9rer le d\u00e9veloppement d&#8217;emballages de nouvelle g\u00e9n\u00e9ration, notamment des films barri\u00e8res, des structures mono-mat\u00e9riaux et des solutions \u00e0 base de fibres.<\/p>\n\n\n\n<p>\u00ab Cette acquisition repr\u00e9sente une \u00e9tape majeure pour ProAmpac et TCP. Gr\u00e2ce \u00e0 TCP, ProAmpac \u00e9largit son champ d&rsquo;action aux secteurs des prot\u00e9ines, des produits laitiers et du m\u00e9dical, et renforce sa pr\u00e9sence g\u00e9ographique. Ensemble, nous nous engageons \u00e0 fournir \u00e0 nos clients des solutions d&#8217;emballage performantes et toujours plus durables \u00bb, a d\u00e9clar\u00e9 Greg Tucker, fondateur, vice-pr\u00e9sident et directeur g\u00e9n\u00e9ral de ProAmpac.<\/p>\n\n\n\n<p>Bas\u00e9e \u00e0 Chicago et fort de 3&nbsp;500 personnes, TC Transcontinental Packaging exploite 25 usines de production en Am\u00e9rique du Nord, en Am\u00e9rique latine, au Royaume-Uni et en Nouvelle-Z\u00e9lande. Ces usines sont sp\u00e9cialis\u00e9es dans l\u2019extrusion, l\u2019impression, le laminage, la transformation et le recyclage. L\u2019entreprise propose une vaste gamme d\u2019emballages souples \u00e0 destination des secteurs des produits laitiers, du caf\u00e9, de la viande et de la volaille, de l\u2019alimentation animale, de l\u2019agriculture, des boissons, des produits d\u2019entretien m\u00e9nager et d\u2019hygi\u00e8ne\/beaut\u00e9, des biens de grande consommation et du m\u00e9dical.<\/p>","protected":false},"excerpt":{"rendered":"<p>ProAmpac, expert de l\u2019emballage souple et des mat\u00e9riaux, annonce l\u2019acquisition de TC Transcontinental Packaging (CA de 1,2 Mrds \u20ac au 27 juillet 2025) aupr\u00e8s de TC Transcontinental pour un montant de 1,51&nbsp;milliard de dollars. La transaction devrait \u00eatre conclue au premier trimestre de 2026, sous r\u00e9serve de l\u2019approbation des actionnaires et des autorisations r\u00e9glementaires. L&rsquo;acquisition [&hellip;]<\/p>","protected":false},"author":2,"featured_media":46480,"comment_status":"closed","ping_status":"closed","sticky":false,"template":"","format":"standard","meta":{"_acf_changed":false,"inline_featured_image":false,"iawp_total_views":3,"footnotes":""},"categories":[5,28,81],"tags":[],"class_list":["post-46479","post","type-post","status-publish","format-standard","has-post-thumbnail","hentry","category-alimentaire","category-article-entier","category-packaging"],"acf":[],"yoast_head":"<!-- This site is optimized with the Yoast SEO plugin v24.4 - https:\/\/yoast.com\/wordpress\/plugins\/seo\/ -->\n<title>TC Transcontinental Packaging tombe dans le giron de ProAmpac - Emballage Digest<\/title>\n<meta name=\"robots\" content=\"index, follow, max-snippet:-1, max-image-preview:large, max-video-preview:-1\" \/>\n<link rel=\"canonical\" href=\"https:\/\/www.emballagedigest.fr\/en\/tc-transcontinental-packaging-tombe-dans-le-giron-de-proampac\/\" \/>\n<meta property=\"og:locale\" content=\"en_GB\" \/>\n<meta property=\"og:type\" content=\"article\" \/>\n<meta property=\"og:title\" content=\"TC Transcontinental Packaging tombe dans le giron de ProAmpac - Emballage Digest\" \/>\n<meta property=\"og:description\" content=\"ProAmpac, expert de l\u2019emballage souple et des mat\u00e9riaux, annonce l\u2019acquisition de TC Transcontinental Packaging (CA de 1,2 Mrds \u20ac au 27 juillet 2025) aupr\u00e8s de TC Transcontinental pour un montant de 1,51&nbsp;milliard de dollars. La transaction devrait \u00eatre conclue au premier trimestre de 2026, sous r\u00e9serve de l\u2019approbation des actionnaires et des autorisations r\u00e9glementaires. L&rsquo;acquisition [&hellip;]\" \/>\n<meta property=\"og:url\" content=\"https:\/\/www.emballagedigest.fr\/en\/tc-transcontinental-packaging-tombe-dans-le-giron-de-proampac\/\" \/>\n<meta property=\"og:site_name\" content=\"Emballage Digest\" \/>\n<meta property=\"article:published_time\" content=\"2025-12-15T23:07:30+00:00\" \/>\n<meta property=\"article:modified_time\" content=\"2025-12-15T23:07:41+00:00\" \/>\n<meta property=\"og:image\" content=\"https:\/\/www.emballagedigest.fr\/wp-content\/uploads\/2025\/12\/pro_ampac.jpg\" \/>\n\t<meta property=\"og:image:width\" content=\"800\" \/>\n\t<meta property=\"og:image:height\" content=\"600\" \/>\n\t<meta property=\"og:image:type\" content=\"image\/jpeg\" \/>\n<meta name=\"author\" content=\"Karine Duval\" \/>\n<meta name=\"twitter:card\" content=\"summary_large_image\" \/>\n<meta name=\"twitter:label1\" content=\"Written by\" \/>\n\t<meta name=\"twitter:data1\" content=\"Karine Duval\" \/>\n\t<meta name=\"twitter:label2\" content=\"Estimated reading time\" \/>\n\t<meta name=\"twitter:data2\" content=\"2 minutes\" \/>\n<script type=\"application\/ld+json\" class=\"yoast-schema-graph\">{\"@context\":\"https:\/\/schema.org\",\"@graph\":[{\"@type\":\"Article\",\"@id\":\"https:\/\/www.emballagedigest.fr\/tc-transcontinental-packaging-tombe-dans-le-giron-de-proampac\/#article\",\"isPartOf\":{\"@id\":\"https:\/\/www.emballagedigest.fr\/tc-transcontinental-packaging-tombe-dans-le-giron-de-proampac\/\"},\"author\":{\"name\":\"Karine Duval\",\"@id\":\"https:\/\/www.emballagedigest.fr\/#\/schema\/person\/76abe9f2b2ee4d3d520594c7a35da59f\"},\"headline\":\"TC Transcontinental Packaging tombe dans le giron de ProAmpac\",\"datePublished\":\"2025-12-15T23:07:30+00:00\",\"dateModified\":\"2025-12-15T23:07:41+00:00\",\"mainEntityOfPage\":{\"@id\":\"https:\/\/www.emballagedigest.fr\/tc-transcontinental-packaging-tombe-dans-le-giron-de-proampac\/\"},\"wordCount\":320,\"publisher\":{\"@id\":\"https:\/\/www.emballagedigest.fr\/#organization\"},\"image\":{\"@id\":\"https:\/\/www.emballagedigest.fr\/tc-transcontinental-packaging-tombe-dans-le-giron-de-proampac\/#primaryimage\"},\"thumbnailUrl\":\"https:\/\/www.emballagedigest.fr\/wp-content\/uploads\/2025\/12\/pro_ampac.jpg\",\"articleSection\":[\"Alimentaire\",\"Article entier\",\"Packaging\"],\"inLanguage\":\"en-GB\"},{\"@type\":\"WebPage\",\"@id\":\"https:\/\/www.emballagedigest.fr\/tc-transcontinental-packaging-tombe-dans-le-giron-de-proampac\/\",\"url\":\"https:\/\/www.emballagedigest.fr\/tc-transcontinental-packaging-tombe-dans-le-giron-de-proampac\/\",\"name\":\"TC Transcontinental Packaging tombe dans le giron de ProAmpac - Emballage Digest\",\"isPartOf\":{\"@id\":\"https:\/\/www.emballagedigest.fr\/#website\"},\"primaryImageOfPage\":{\"@id\":\"https:\/\/www.emballagedigest.fr\/tc-transcontinental-packaging-tombe-dans-le-giron-de-proampac\/#primaryimage\"},\"image\":{\"@id\":\"https:\/\/www.emballagedigest.fr\/tc-transcontinental-packaging-tombe-dans-le-giron-de-proampac\/#primaryimage\"},\"thumbnailUrl\":\"https:\/\/www.emballagedigest.fr\/wp-content\/uploads\/2025\/12\/pro_ampac.jpg\",\"datePublished\":\"2025-12-15T23:07:30+00:00\",\"dateModified\":\"2025-12-15T23:07:41+00:00\",\"breadcrumb\":{\"@id\":\"https:\/\/www.emballagedigest.fr\/tc-transcontinental-packaging-tombe-dans-le-giron-de-proampac\/#breadcrumb\"},\"inLanguage\":\"en-GB\",\"potentialAction\":[{\"@type\":\"ReadAction\",\"target\":[\"https:\/\/www.emballagedigest.fr\/tc-transcontinental-packaging-tombe-dans-le-giron-de-proampac\/\"]}]},{\"@type\":\"ImageObject\",\"inLanguage\":\"en-GB\",\"@id\":\"https:\/\/www.emballagedigest.fr\/tc-transcontinental-packaging-tombe-dans-le-giron-de-proampac\/#primaryimage\",\"url\":\"https:\/\/www.emballagedigest.fr\/wp-content\/uploads\/2025\/12\/pro_ampac.jpg\",\"contentUrl\":\"https:\/\/www.emballagedigest.fr\/wp-content\/uploads\/2025\/12\/pro_ampac.jpg\",\"width\":800,\"height\":600},{\"@type\":\"BreadcrumbList\",\"@id\":\"https:\/\/www.emballagedigest.fr\/tc-transcontinental-packaging-tombe-dans-le-giron-de-proampac\/#breadcrumb\",\"itemListElement\":[{\"@type\":\"ListItem\",\"position\":1,\"name\":\"Accueil\",\"item\":\"https:\/\/www.emballagedigest.fr\/\"},{\"@type\":\"ListItem\",\"position\":2,\"name\":\"TC Transcontinental Packaging tombe dans le giron de ProAmpac\"}]},{\"@type\":\"WebSite\",\"@id\":\"https:\/\/www.emballagedigest.fr\/#website\",\"url\":\"https:\/\/www.emballagedigest.fr\/\",\"name\":\"Emballage Digest\",\"description\":\"Revue professionnelle sur les emballages\",\"publisher\":{\"@id\":\"https:\/\/www.emballagedigest.fr\/#organization\"},\"potentialAction\":[{\"@type\":\"SearchAction\",\"target\":{\"@type\":\"EntryPoint\",\"urlTemplate\":\"https:\/\/www.emballagedigest.fr\/?s={search_term_string}\"},\"query-input\":{\"@type\":\"PropertyValueSpecification\",\"valueRequired\":true,\"valueName\":\"search_term_string\"}}],\"inLanguage\":\"en-GB\"},{\"@type\":\"Organization\",\"@id\":\"https:\/\/www.emballagedigest.fr\/#organization\",\"name\":\"Emballage Digest\",\"url\":\"https:\/\/www.emballagedigest.fr\/\",\"logo\":{\"@type\":\"ImageObject\",\"inLanguage\":\"en-GB\",\"@id\":\"https:\/\/www.emballagedigest.fr\/#\/schema\/logo\/image\/\",\"url\":\"https:\/\/www.emballagedigest.fr\/wp-content\/uploads\/2022\/07\/logo-ed.png\",\"contentUrl\":\"https:\/\/www.emballagedigest.fr\/wp-content\/uploads\/2022\/07\/logo-ed.png\",\"width\":379,\"height\":75,\"caption\":\"Emballage Digest\"},\"image\":{\"@id\":\"https:\/\/www.emballagedigest.fr\/#\/schema\/logo\/image\/\"}},{\"@type\":\"Person\",\"@id\":\"https:\/\/www.emballagedigest.fr\/#\/schema\/person\/76abe9f2b2ee4d3d520594c7a35da59f\",\"name\":\"Karine Duval\",\"image\":{\"@type\":\"ImageObject\",\"inLanguage\":\"en-GB\",\"@id\":\"https:\/\/www.emballagedigest.fr\/#\/schema\/person\/image\/\",\"url\":\"https:\/\/secure.gravatar.com\/avatar\/f552799261cdd2e076e6677d780ef07bdb13aa4c196ab75b39abcbcdcae2d4e5?s=96&d=mm&r=g\",\"contentUrl\":\"https:\/\/secure.gravatar.com\/avatar\/f552799261cdd2e076e6677d780ef07bdb13aa4c196ab75b39abcbcdcae2d4e5?s=96&d=mm&r=g\",\"caption\":\"Karine Duval\"},\"url\":\"https:\/\/www.emballagedigest.fr\/en\/author\/admin_karduv\/\"}]}<\/script>\n<!-- \/ Yoast SEO plugin. -->","yoast_head_json":{"title":"TC Transcontinental Packaging tombe dans le giron de ProAmpac - Emballage Digest","robots":{"index":"index","follow":"follow","max-snippet":"max-snippet:-1","max-image-preview":"max-image-preview:large","max-video-preview":"max-video-preview:-1"},"canonical":"https:\/\/www.emballagedigest.fr\/en\/tc-transcontinental-packaging-tombe-dans-le-giron-de-proampac\/","og_locale":"en_GB","og_type":"article","og_title":"TC Transcontinental Packaging tombe dans le giron de ProAmpac - Emballage Digest","og_description":"ProAmpac, expert de l\u2019emballage souple et des mat\u00e9riaux, annonce l\u2019acquisition de TC Transcontinental Packaging (CA de 1,2 Mrds \u20ac au 27 juillet 2025) aupr\u00e8s de TC Transcontinental pour un montant de 1,51&nbsp;milliard de dollars. La transaction devrait \u00eatre conclue au premier trimestre de 2026, sous r\u00e9serve de l\u2019approbation des actionnaires et des autorisations r\u00e9glementaires. L&rsquo;acquisition [&hellip;]","og_url":"https:\/\/www.emballagedigest.fr\/en\/tc-transcontinental-packaging-tombe-dans-le-giron-de-proampac\/","og_site_name":"Emballage Digest","article_published_time":"2025-12-15T23:07:30+00:00","article_modified_time":"2025-12-15T23:07:41+00:00","og_image":[{"width":800,"height":600,"url":"https:\/\/www.emballagedigest.fr\/wp-content\/uploads\/2025\/12\/pro_ampac.jpg","type":"image\/jpeg"}],"author":"Karine Duval","twitter_card":"summary_large_image","twitter_misc":{"Written by":"Karine Duval","Estimated reading time":"2 minutes"},"schema":{"@context":"https:\/\/schema.org","@graph":[{"@type":"Article","@id":"https:\/\/www.emballagedigest.fr\/tc-transcontinental-packaging-tombe-dans-le-giron-de-proampac\/#article","isPartOf":{"@id":"https:\/\/www.emballagedigest.fr\/tc-transcontinental-packaging-tombe-dans-le-giron-de-proampac\/"},"author":{"name":"Karine Duval","@id":"https:\/\/www.emballagedigest.fr\/#\/schema\/person\/76abe9f2b2ee4d3d520594c7a35da59f"},"headline":"TC Transcontinental Packaging tombe dans le giron de ProAmpac","datePublished":"2025-12-15T23:07:30+00:00","dateModified":"2025-12-15T23:07:41+00:00","mainEntityOfPage":{"@id":"https:\/\/www.emballagedigest.fr\/tc-transcontinental-packaging-tombe-dans-le-giron-de-proampac\/"},"wordCount":320,"publisher":{"@id":"https:\/\/www.emballagedigest.fr\/#organization"},"image":{"@id":"https:\/\/www.emballagedigest.fr\/tc-transcontinental-packaging-tombe-dans-le-giron-de-proampac\/#primaryimage"},"thumbnailUrl":"https:\/\/www.emballagedigest.fr\/wp-content\/uploads\/2025\/12\/pro_ampac.jpg","articleSection":["Alimentaire","Article entier","Packaging"],"inLanguage":"en-GB"},{"@type":"WebPage","@id":"https:\/\/www.emballagedigest.fr\/tc-transcontinental-packaging-tombe-dans-le-giron-de-proampac\/","url":"https:\/\/www.emballagedigest.fr\/tc-transcontinental-packaging-tombe-dans-le-giron-de-proampac\/","name":"TC Transcontinental Packaging tombe dans le giron de ProAmpac - Emballage Digest","isPartOf":{"@id":"https:\/\/www.emballagedigest.fr\/#website"},"primaryImageOfPage":{"@id":"https:\/\/www.emballagedigest.fr\/tc-transcontinental-packaging-tombe-dans-le-giron-de-proampac\/#primaryimage"},"image":{"@id":"https:\/\/www.emballagedigest.fr\/tc-transcontinental-packaging-tombe-dans-le-giron-de-proampac\/#primaryimage"},"thumbnailUrl":"https:\/\/www.emballagedigest.fr\/wp-content\/uploads\/2025\/12\/pro_ampac.jpg","datePublished":"2025-12-15T23:07:30+00:00","dateModified":"2025-12-15T23:07:41+00:00","breadcrumb":{"@id":"https:\/\/www.emballagedigest.fr\/tc-transcontinental-packaging-tombe-dans-le-giron-de-proampac\/#breadcrumb"},"inLanguage":"en-GB","potentialAction":[{"@type":"ReadAction","target":["https:\/\/www.emballagedigest.fr\/tc-transcontinental-packaging-tombe-dans-le-giron-de-proampac\/"]}]},{"@type":"ImageObject","inLanguage":"en-GB","@id":"https:\/\/www.emballagedigest.fr\/tc-transcontinental-packaging-tombe-dans-le-giron-de-proampac\/#primaryimage","url":"https:\/\/www.emballagedigest.fr\/wp-content\/uploads\/2025\/12\/pro_ampac.jpg","contentUrl":"https:\/\/www.emballagedigest.fr\/wp-content\/uploads\/2025\/12\/pro_ampac.jpg","width":800,"height":600},{"@type":"BreadcrumbList","@id":"https:\/\/www.emballagedigest.fr\/tc-transcontinental-packaging-tombe-dans-le-giron-de-proampac\/#breadcrumb","itemListElement":[{"@type":"ListItem","position":1,"name":"Accueil","item":"https:\/\/www.emballagedigest.fr\/"},{"@type":"ListItem","position":2,"name":"TC Transcontinental Packaging tombe dans le giron de ProAmpac"}]},{"@type":"WebSite","@id":"https:\/\/www.emballagedigest.fr\/#website","url":"https:\/\/www.emballagedigest.fr\/","name":"Emballage Digest","description":"Revue professionnelle sur les emballages","publisher":{"@id":"https:\/\/www.emballagedigest.fr\/#organization"},"potentialAction":[{"@type":"SearchAction","target":{"@type":"EntryPoint","urlTemplate":"https:\/\/www.emballagedigest.fr\/?s={search_term_string}"},"query-input":{"@type":"PropertyValueSpecification","valueRequired":true,"valueName":"search_term_string"}}],"inLanguage":"en-GB"},{"@type":"Organization","@id":"https:\/\/www.emballagedigest.fr\/#organization","name":"Emballage Digest","url":"https:\/\/www.emballagedigest.fr\/","logo":{"@type":"ImageObject","inLanguage":"en-GB","@id":"https:\/\/www.emballagedigest.fr\/#\/schema\/logo\/image\/","url":"https:\/\/www.emballagedigest.fr\/wp-content\/uploads\/2022\/07\/logo-ed.png","contentUrl":"https:\/\/www.emballagedigest.fr\/wp-content\/uploads\/2022\/07\/logo-ed.png","width":379,"height":75,"caption":"Emballage Digest"},"image":{"@id":"https:\/\/www.emballagedigest.fr\/#\/schema\/logo\/image\/"}},{"@type":"Person","@id":"https:\/\/www.emballagedigest.fr\/#\/schema\/person\/76abe9f2b2ee4d3d520594c7a35da59f","name":"Karine Duval","image":{"@type":"ImageObject","inLanguage":"en-GB","@id":"https:\/\/www.emballagedigest.fr\/#\/schema\/person\/image\/","url":"https:\/\/secure.gravatar.com\/avatar\/f552799261cdd2e076e6677d780ef07bdb13aa4c196ab75b39abcbcdcae2d4e5?s=96&d=mm&r=g","contentUrl":"https:\/\/secure.gravatar.com\/avatar\/f552799261cdd2e076e6677d780ef07bdb13aa4c196ab75b39abcbcdcae2d4e5?s=96&d=mm&r=g","caption":"Karine Duval"},"url":"https:\/\/www.emballagedigest.fr\/en\/author\/admin_karduv\/"}]}},"_links":{"self":[{"href":"https:\/\/www.emballagedigest.fr\/en\/wp-json\/wp\/v2\/posts\/46479","targetHints":{"allow":["GET"]}}],"collection":[{"href":"https:\/\/www.emballagedigest.fr\/en\/wp-json\/wp\/v2\/posts"}],"about":[{"href":"https:\/\/www.emballagedigest.fr\/en\/wp-json\/wp\/v2\/types\/post"}],"author":[{"embeddable":true,"href":"https:\/\/www.emballagedigest.fr\/en\/wp-json\/wp\/v2\/users\/2"}],"replies":[{"embeddable":true,"href":"https:\/\/www.emballagedigest.fr\/en\/wp-json\/wp\/v2\/comments?post=46479"}],"version-history":[{"count":1,"href":"https:\/\/www.emballagedigest.fr\/en\/wp-json\/wp\/v2\/posts\/46479\/revisions"}],"predecessor-version":[{"id":46481,"href":"https:\/\/www.emballagedigest.fr\/en\/wp-json\/wp\/v2\/posts\/46479\/revisions\/46481"}],"wp:featuredmedia":[{"embeddable":true,"href":"https:\/\/www.emballagedigest.fr\/en\/wp-json\/wp\/v2\/media\/46480"}],"wp:attachment":[{"href":"https:\/\/www.emballagedigest.fr\/en\/wp-json\/wp\/v2\/media?parent=46479"}],"wp:term":[{"taxonomy":"category","embeddable":true,"href":"https:\/\/www.emballagedigest.fr\/en\/wp-json\/wp\/v2\/categories?post=46479"},{"taxonomy":"post_tag","embeddable":true,"href":"https:\/\/www.emballagedigest.fr\/en\/wp-json\/wp\/v2\/tags?post=46479"}],"curies":[{"name":"wp","href":"https:\/\/api.w.org\/{rel}","templated":true}]}}