{"id":46483,"date":"2025-12-17T08:19:56","date_gmt":"2025-12-17T07:19:56","guid":{"rendered":"https:\/\/www.emballagedigest.fr\/?p=46483"},"modified":"2025-12-18T07:35:29","modified_gmt":"2025-12-18T06:35:29","slug":"amcor-lance-la-tete-de-pompe-grace","status":"publish","type":"post","link":"https:\/\/www.emballagedigest.fr\/en\/amcor-lance-la-tete-de-pompe-grace\/","title":{"rendered":"Amcor lance la t\u00eate de pompe Grace"},"content":{"rendered":"<p><strong>Amcor a d\u00e9voil\u00e9 l\u2019actionn<\/strong><strong>eur<\/strong><strong> Grace pour la pompe Wave 2cc enti\u00e8rement en plastique, <\/strong><strong>\u00e0 destination des produits cosm\u00e9tiques et d\u2019hygi\u00e8ne\/beaut\u00e9. <\/strong><strong>Son design \u00e9l\u00e9gant garantit une distribution sans effort<\/strong><strong> <\/strong><strong>pour un \u00e9quilibre entre forme et fonctionnalit\u00e9.<\/strong><\/p>\n\n\n\n<p>Les tests effectu\u00e9s aupr\u00e8s des consommateurs ont confirm\u00e9 que les utilisateurs appr\u00e9cient la facilit\u00e9 d&rsquo;utilisation, le contr\u00f4le pr\u00e9cis du dosage et l&rsquo;esth\u00e9tique haut de gamme de la t\u00eate Grace. Avec un d\u00e9bit maximal de 2 cc, la pompe Wave permet une distribution contr\u00f4l\u00e9e et efficace du produit et minimise les r\u00e9sidus dans le flacon.<\/p>\n\n\n\n<p>Au-del\u00e0 de sa conception, la pompe Wave est fabriqu\u00e9e \u00e0 partir de polyol\u00e9fine \u00e0 100%, elle est recyclable dans les pays disposant des infrastructures appropri\u00e9es et peut \u00eatre produite avec jusqu&rsquo;\u00e0 30 % de polypropyl\u00e8ne recycl\u00e9 (rPP) CleanStream\u00ae. Elle est \u00e9galement conforme \u00e0 la norme RecyClass B lorsqu&rsquo;elle est utilis\u00e9e avec du PET ou \u00e0 la norme RecyClass C avec des flacons en PEHD. De plus, la pompe est capable de g\u00e9rer une large gamme de viscosit\u00e9s, des lotions l\u00e9g\u00e8res aux cr\u00e8mes plus \u00e9paisses, ce qui en fait une solution polyvalente pour le march\u00e9 des produits d\u2019hygi\u00e8ne\/beaut\u00e9.<\/p>\n\n\n\n<p>\u00ab Nous avons con\u00e7u la t\u00eate de pompe Grace pour prouver que recyclabilit\u00e9 et esth\u00e9tique peuvent aller de pair. Les consommateurs veulent des emballages qui ont l&rsquo;air haut de gamme et qui sont agr\u00e9ables au toucher, et nous y sommes parvenus sans compromettre les aspects li\u00e9s \u00e0 la circularit\u00e9 \u00bb, explique Lara Alemany, directrice de la gamme de produits beaut\u00e9 et bien-\u00eatre chez Amcor.<\/p>","protected":false},"excerpt":{"rendered":"<p>Amcor a d\u00e9voil\u00e9 l\u2019actionneur Grace pour la pompe Wave 2cc enti\u00e8rement en plastique, \u00e0 destination des produits cosm\u00e9tiques et d\u2019hygi\u00e8ne\/beaut\u00e9. Son design \u00e9l\u00e9gant garantit une distribution sans effort pour un \u00e9quilibre entre forme et fonctionnalit\u00e9. Les tests effectu\u00e9s aupr\u00e8s des consommateurs ont confirm\u00e9 que les utilisateurs appr\u00e9cient la facilit\u00e9 d&rsquo;utilisation, le contr\u00f4le pr\u00e9cis du dosage [&hellip;]<\/p>","protected":false},"author":2,"featured_media":46484,"comment_status":"closed","ping_status":"closed","sticky":false,"template":"","format":"standard","meta":{"_acf_changed":false,"inline_featured_image":false,"iawp_total_views":5,"footnotes":""},"categories":[28,81,6],"tags":[],"class_list":["post-46483","post","type-post","status-publish","format-standard","has-post-thumbnail","hentry","category-article-entier","category-packaging","category-parfumerie-cosmetique"],"acf":[],"yoast_head":"<!-- This site is optimized with the Yoast SEO plugin v24.4 - https:\/\/yoast.com\/wordpress\/plugins\/seo\/ -->\n<title>Amcor lance la t\u00eate de pompe Grace - Emballage Digest<\/title>\n<meta name=\"robots\" content=\"index, follow, max-snippet:-1, max-image-preview:large, max-video-preview:-1\" \/>\n<link rel=\"canonical\" href=\"https:\/\/www.emballagedigest.fr\/en\/amcor-lance-la-tete-de-pompe-grace\/\" \/>\n<meta property=\"og:locale\" content=\"en_GB\" \/>\n<meta property=\"og:type\" content=\"article\" \/>\n<meta property=\"og:title\" content=\"Amcor lance la t\u00eate de pompe Grace - Emballage Digest\" \/>\n<meta property=\"og:description\" content=\"Amcor a d\u00e9voil\u00e9 l\u2019actionneur Grace pour la pompe Wave 2cc enti\u00e8rement en plastique, \u00e0 destination des produits cosm\u00e9tiques et d\u2019hygi\u00e8ne\/beaut\u00e9. Son design \u00e9l\u00e9gant garantit une distribution sans effort pour un \u00e9quilibre entre forme et fonctionnalit\u00e9. Les tests effectu\u00e9s aupr\u00e8s des consommateurs ont confirm\u00e9 que les utilisateurs appr\u00e9cient la facilit\u00e9 d&rsquo;utilisation, le contr\u00f4le pr\u00e9cis du dosage [&hellip;]\" \/>\n<meta property=\"og:url\" content=\"https:\/\/www.emballagedigest.fr\/en\/amcor-lance-la-tete-de-pompe-grace\/\" \/>\n<meta property=\"og:site_name\" content=\"Emballage Digest\" \/>\n<meta property=\"article:published_time\" content=\"2025-12-17T07:19:56+00:00\" \/>\n<meta property=\"article:modified_time\" content=\"2025-12-18T06:35:29+00:00\" \/>\n<meta property=\"og:image\" content=\"https:\/\/www.emballagedigest.fr\/wp-content\/uploads\/2025\/12\/Amcor.jpg\" \/>\n\t<meta property=\"og:image:width\" content=\"800\" \/>\n\t<meta property=\"og:image:height\" content=\"571\" \/>\n\t<meta property=\"og:image:type\" content=\"image\/jpeg\" \/>\n<meta name=\"author\" content=\"Karine Duval\" \/>\n<meta name=\"twitter:card\" content=\"summary_large_image\" \/>\n<meta name=\"twitter:label1\" content=\"Written by\" \/>\n\t<meta name=\"twitter:data1\" content=\"Karine Duval\" \/>\n\t<meta name=\"twitter:label2\" content=\"Estimated reading time\" \/>\n\t<meta name=\"twitter:data2\" content=\"2 minutes\" \/>\n<script type=\"application\/ld+json\" class=\"yoast-schema-graph\">{\"@context\":\"https:\/\/schema.org\",\"@graph\":[{\"@type\":\"Article\",\"@id\":\"https:\/\/www.emballagedigest.fr\/amcor-lance-la-tete-de-pompe-grace\/#article\",\"isPartOf\":{\"@id\":\"https:\/\/www.emballagedigest.fr\/amcor-lance-la-tete-de-pompe-grace\/\"},\"author\":{\"name\":\"Karine Duval\",\"@id\":\"https:\/\/www.emballagedigest.fr\/#\/schema\/person\/76abe9f2b2ee4d3d520594c7a35da59f\"},\"headline\":\"Amcor lance la t\u00eate de pompe Grace\",\"datePublished\":\"2025-12-17T07:19:56+00:00\",\"dateModified\":\"2025-12-18T06:35:29+00:00\",\"mainEntityOfPage\":{\"@id\":\"https:\/\/www.emballagedigest.fr\/amcor-lance-la-tete-de-pompe-grace\/\"},\"wordCount\":289,\"publisher\":{\"@id\":\"https:\/\/www.emballagedigest.fr\/#organization\"},\"image\":{\"@id\":\"https:\/\/www.emballagedigest.fr\/amcor-lance-la-tete-de-pompe-grace\/#primaryimage\"},\"thumbnailUrl\":\"https:\/\/www.emballagedigest.fr\/wp-content\/uploads\/2025\/12\/Amcor.jpg\",\"articleSection\":[\"Article entier\",\"Packaging\",\"Parfumerie &amp; Cosm\u00e9tique\"],\"inLanguage\":\"en-GB\"},{\"@type\":\"WebPage\",\"@id\":\"https:\/\/www.emballagedigest.fr\/amcor-lance-la-tete-de-pompe-grace\/\",\"url\":\"https:\/\/www.emballagedigest.fr\/amcor-lance-la-tete-de-pompe-grace\/\",\"name\":\"Amcor lance la t\u00eate de pompe Grace - Emballage Digest\",\"isPartOf\":{\"@id\":\"https:\/\/www.emballagedigest.fr\/#website\"},\"primaryImageOfPage\":{\"@id\":\"https:\/\/www.emballagedigest.fr\/amcor-lance-la-tete-de-pompe-grace\/#primaryimage\"},\"image\":{\"@id\":\"https:\/\/www.emballagedigest.fr\/amcor-lance-la-tete-de-pompe-grace\/#primaryimage\"},\"thumbnailUrl\":\"https:\/\/www.emballagedigest.fr\/wp-content\/uploads\/2025\/12\/Amcor.jpg\",\"datePublished\":\"2025-12-17T07:19:56+00:00\",\"dateModified\":\"2025-12-18T06:35:29+00:00\",\"breadcrumb\":{\"@id\":\"https:\/\/www.emballagedigest.fr\/amcor-lance-la-tete-de-pompe-grace\/#breadcrumb\"},\"inLanguage\":\"en-GB\",\"potentialAction\":[{\"@type\":\"ReadAction\",\"target\":[\"https:\/\/www.emballagedigest.fr\/amcor-lance-la-tete-de-pompe-grace\/\"]}]},{\"@type\":\"ImageObject\",\"inLanguage\":\"en-GB\",\"@id\":\"https:\/\/www.emballagedigest.fr\/amcor-lance-la-tete-de-pompe-grace\/#primaryimage\",\"url\":\"https:\/\/www.emballagedigest.fr\/wp-content\/uploads\/2025\/12\/Amcor.jpg\",\"contentUrl\":\"https:\/\/www.emballagedigest.fr\/wp-content\/uploads\/2025\/12\/Amcor.jpg\",\"width\":800,\"height\":571},{\"@type\":\"BreadcrumbList\",\"@id\":\"https:\/\/www.emballagedigest.fr\/amcor-lance-la-tete-de-pompe-grace\/#breadcrumb\",\"itemListElement\":[{\"@type\":\"ListItem\",\"position\":1,\"name\":\"Accueil\",\"item\":\"https:\/\/www.emballagedigest.fr\/\"},{\"@type\":\"ListItem\",\"position\":2,\"name\":\"Amcor lance la t\u00eate de pompe Grace\"}]},{\"@type\":\"WebSite\",\"@id\":\"https:\/\/www.emballagedigest.fr\/#website\",\"url\":\"https:\/\/www.emballagedigest.fr\/\",\"name\":\"Emballage Digest\",\"description\":\"Revue professionnelle sur les emballages\",\"publisher\":{\"@id\":\"https:\/\/www.emballagedigest.fr\/#organization\"},\"potentialAction\":[{\"@type\":\"SearchAction\",\"target\":{\"@type\":\"EntryPoint\",\"urlTemplate\":\"https:\/\/www.emballagedigest.fr\/?s={search_term_string}\"},\"query-input\":{\"@type\":\"PropertyValueSpecification\",\"valueRequired\":true,\"valueName\":\"search_term_string\"}}],\"inLanguage\":\"en-GB\"},{\"@type\":\"Organization\",\"@id\":\"https:\/\/www.emballagedigest.fr\/#organization\",\"name\":\"Emballage Digest\",\"url\":\"https:\/\/www.emballagedigest.fr\/\",\"logo\":{\"@type\":\"ImageObject\",\"inLanguage\":\"en-GB\",\"@id\":\"https:\/\/www.emballagedigest.fr\/#\/schema\/logo\/image\/\",\"url\":\"https:\/\/www.emballagedigest.fr\/wp-content\/uploads\/2022\/07\/logo-ed.png\",\"contentUrl\":\"https:\/\/www.emballagedigest.fr\/wp-content\/uploads\/2022\/07\/logo-ed.png\",\"width\":379,\"height\":75,\"caption\":\"Emballage Digest\"},\"image\":{\"@id\":\"https:\/\/www.emballagedigest.fr\/#\/schema\/logo\/image\/\"}},{\"@type\":\"Person\",\"@id\":\"https:\/\/www.emballagedigest.fr\/#\/schema\/person\/76abe9f2b2ee4d3d520594c7a35da59f\",\"name\":\"Karine Duval\",\"image\":{\"@type\":\"ImageObject\",\"inLanguage\":\"en-GB\",\"@id\":\"https:\/\/www.emballagedigest.fr\/#\/schema\/person\/image\/\",\"url\":\"https:\/\/secure.gravatar.com\/avatar\/f552799261cdd2e076e6677d780ef07bdb13aa4c196ab75b39abcbcdcae2d4e5?s=96&d=mm&r=g\",\"contentUrl\":\"https:\/\/secure.gravatar.com\/avatar\/f552799261cdd2e076e6677d780ef07bdb13aa4c196ab75b39abcbcdcae2d4e5?s=96&d=mm&r=g\",\"caption\":\"Karine Duval\"},\"url\":\"https:\/\/www.emballagedigest.fr\/en\/author\/admin_karduv\/\"}]}<\/script>\n<!-- \/ Yoast SEO plugin. -->","yoast_head_json":{"title":"Amcor lance la t\u00eate de pompe Grace - Emballage Digest","robots":{"index":"index","follow":"follow","max-snippet":"max-snippet:-1","max-image-preview":"max-image-preview:large","max-video-preview":"max-video-preview:-1"},"canonical":"https:\/\/www.emballagedigest.fr\/en\/amcor-lance-la-tete-de-pompe-grace\/","og_locale":"en_GB","og_type":"article","og_title":"Amcor lance la t\u00eate de pompe Grace - Emballage Digest","og_description":"Amcor a d\u00e9voil\u00e9 l\u2019actionneur Grace pour la pompe Wave 2cc enti\u00e8rement en plastique, \u00e0 destination des produits cosm\u00e9tiques et d\u2019hygi\u00e8ne\/beaut\u00e9. Son design \u00e9l\u00e9gant garantit une distribution sans effort pour un \u00e9quilibre entre forme et fonctionnalit\u00e9. Les tests effectu\u00e9s aupr\u00e8s des consommateurs ont confirm\u00e9 que les utilisateurs appr\u00e9cient la facilit\u00e9 d&rsquo;utilisation, le contr\u00f4le pr\u00e9cis du dosage [&hellip;]","og_url":"https:\/\/www.emballagedigest.fr\/en\/amcor-lance-la-tete-de-pompe-grace\/","og_site_name":"Emballage Digest","article_published_time":"2025-12-17T07:19:56+00:00","article_modified_time":"2025-12-18T06:35:29+00:00","og_image":[{"width":800,"height":571,"url":"https:\/\/www.emballagedigest.fr\/wp-content\/uploads\/2025\/12\/Amcor.jpg","type":"image\/jpeg"}],"author":"Karine Duval","twitter_card":"summary_large_image","twitter_misc":{"Written by":"Karine Duval","Estimated reading time":"2 minutes"},"schema":{"@context":"https:\/\/schema.org","@graph":[{"@type":"Article","@id":"https:\/\/www.emballagedigest.fr\/amcor-lance-la-tete-de-pompe-grace\/#article","isPartOf":{"@id":"https:\/\/www.emballagedigest.fr\/amcor-lance-la-tete-de-pompe-grace\/"},"author":{"name":"Karine Duval","@id":"https:\/\/www.emballagedigest.fr\/#\/schema\/person\/76abe9f2b2ee4d3d520594c7a35da59f"},"headline":"Amcor lance la t\u00eate de pompe Grace","datePublished":"2025-12-17T07:19:56+00:00","dateModified":"2025-12-18T06:35:29+00:00","mainEntityOfPage":{"@id":"https:\/\/www.emballagedigest.fr\/amcor-lance-la-tete-de-pompe-grace\/"},"wordCount":289,"publisher":{"@id":"https:\/\/www.emballagedigest.fr\/#organization"},"image":{"@id":"https:\/\/www.emballagedigest.fr\/amcor-lance-la-tete-de-pompe-grace\/#primaryimage"},"thumbnailUrl":"https:\/\/www.emballagedigest.fr\/wp-content\/uploads\/2025\/12\/Amcor.jpg","articleSection":["Article entier","Packaging","Parfumerie &amp; Cosm\u00e9tique"],"inLanguage":"en-GB"},{"@type":"WebPage","@id":"https:\/\/www.emballagedigest.fr\/amcor-lance-la-tete-de-pompe-grace\/","url":"https:\/\/www.emballagedigest.fr\/amcor-lance-la-tete-de-pompe-grace\/","name":"Amcor lance la t\u00eate de pompe Grace - Emballage Digest","isPartOf":{"@id":"https:\/\/www.emballagedigest.fr\/#website"},"primaryImageOfPage":{"@id":"https:\/\/www.emballagedigest.fr\/amcor-lance-la-tete-de-pompe-grace\/#primaryimage"},"image":{"@id":"https:\/\/www.emballagedigest.fr\/amcor-lance-la-tete-de-pompe-grace\/#primaryimage"},"thumbnailUrl":"https:\/\/www.emballagedigest.fr\/wp-content\/uploads\/2025\/12\/Amcor.jpg","datePublished":"2025-12-17T07:19:56+00:00","dateModified":"2025-12-18T06:35:29+00:00","breadcrumb":{"@id":"https:\/\/www.emballagedigest.fr\/amcor-lance-la-tete-de-pompe-grace\/#breadcrumb"},"inLanguage":"en-GB","potentialAction":[{"@type":"ReadAction","target":["https:\/\/www.emballagedigest.fr\/amcor-lance-la-tete-de-pompe-grace\/"]}]},{"@type":"ImageObject","inLanguage":"en-GB","@id":"https:\/\/www.emballagedigest.fr\/amcor-lance-la-tete-de-pompe-grace\/#primaryimage","url":"https:\/\/www.emballagedigest.fr\/wp-content\/uploads\/2025\/12\/Amcor.jpg","contentUrl":"https:\/\/www.emballagedigest.fr\/wp-content\/uploads\/2025\/12\/Amcor.jpg","width":800,"height":571},{"@type":"BreadcrumbList","@id":"https:\/\/www.emballagedigest.fr\/amcor-lance-la-tete-de-pompe-grace\/#breadcrumb","itemListElement":[{"@type":"ListItem","position":1,"name":"Accueil","item":"https:\/\/www.emballagedigest.fr\/"},{"@type":"ListItem","position":2,"name":"Amcor lance la t\u00eate de pompe Grace"}]},{"@type":"WebSite","@id":"https:\/\/www.emballagedigest.fr\/#website","url":"https:\/\/www.emballagedigest.fr\/","name":"Emballage Digest","description":"Revue professionnelle sur les emballages","publisher":{"@id":"https:\/\/www.emballagedigest.fr\/#organization"},"potentialAction":[{"@type":"SearchAction","target":{"@type":"EntryPoint","urlTemplate":"https:\/\/www.emballagedigest.fr\/?s={search_term_string}"},"query-input":{"@type":"PropertyValueSpecification","valueRequired":true,"valueName":"search_term_string"}}],"inLanguage":"en-GB"},{"@type":"Organization","@id":"https:\/\/www.emballagedigest.fr\/#organization","name":"Emballage Digest","url":"https:\/\/www.emballagedigest.fr\/","logo":{"@type":"ImageObject","inLanguage":"en-GB","@id":"https:\/\/www.emballagedigest.fr\/#\/schema\/logo\/image\/","url":"https:\/\/www.emballagedigest.fr\/wp-content\/uploads\/2022\/07\/logo-ed.png","contentUrl":"https:\/\/www.emballagedigest.fr\/wp-content\/uploads\/2022\/07\/logo-ed.png","width":379,"height":75,"caption":"Emballage Digest"},"image":{"@id":"https:\/\/www.emballagedigest.fr\/#\/schema\/logo\/image\/"}},{"@type":"Person","@id":"https:\/\/www.emballagedigest.fr\/#\/schema\/person\/76abe9f2b2ee4d3d520594c7a35da59f","name":"Karine Duval","image":{"@type":"ImageObject","inLanguage":"en-GB","@id":"https:\/\/www.emballagedigest.fr\/#\/schema\/person\/image\/","url":"https:\/\/secure.gravatar.com\/avatar\/f552799261cdd2e076e6677d780ef07bdb13aa4c196ab75b39abcbcdcae2d4e5?s=96&d=mm&r=g","contentUrl":"https:\/\/secure.gravatar.com\/avatar\/f552799261cdd2e076e6677d780ef07bdb13aa4c196ab75b39abcbcdcae2d4e5?s=96&d=mm&r=g","caption":"Karine Duval"},"url":"https:\/\/www.emballagedigest.fr\/en\/author\/admin_karduv\/"}]}},"_links":{"self":[{"href":"https:\/\/www.emballagedigest.fr\/en\/wp-json\/wp\/v2\/posts\/46483","targetHints":{"allow":["GET"]}}],"collection":[{"href":"https:\/\/www.emballagedigest.fr\/en\/wp-json\/wp\/v2\/posts"}],"about":[{"href":"https:\/\/www.emballagedigest.fr\/en\/wp-json\/wp\/v2\/types\/post"}],"author":[{"embeddable":true,"href":"https:\/\/www.emballagedigest.fr\/en\/wp-json\/wp\/v2\/users\/2"}],"replies":[{"embeddable":true,"href":"https:\/\/www.emballagedigest.fr\/en\/wp-json\/wp\/v2\/comments?post=46483"}],"version-history":[{"count":1,"href":"https:\/\/www.emballagedigest.fr\/en\/wp-json\/wp\/v2\/posts\/46483\/revisions"}],"predecessor-version":[{"id":46485,"href":"https:\/\/www.emballagedigest.fr\/en\/wp-json\/wp\/v2\/posts\/46483\/revisions\/46485"}],"wp:featuredmedia":[{"embeddable":true,"href":"https:\/\/www.emballagedigest.fr\/en\/wp-json\/wp\/v2\/media\/46484"}],"wp:attachment":[{"href":"https:\/\/www.emballagedigest.fr\/en\/wp-json\/wp\/v2\/media?parent=46483"}],"wp:term":[{"taxonomy":"category","embeddable":true,"href":"https:\/\/www.emballagedigest.fr\/en\/wp-json\/wp\/v2\/categories?post=46483"},{"taxonomy":"post_tag","embeddable":true,"href":"https:\/\/www.emballagedigest.fr\/en\/wp-json\/wp\/v2\/tags?post=46483"}],"curies":[{"name":"wp","href":"https:\/\/api.w.org\/{rel}","templated":true}]}}