{"id":46744,"date":"2026-01-21T07:49:09","date_gmt":"2026-01-21T06:49:09","guid":{"rendered":"https:\/\/www.emballagedigest.fr\/?p=46744"},"modified":"2026-01-22T08:51:59","modified_gmt":"2026-01-22T07:51:59","slug":"autajon-renforce-sa-presence-aux-pays-bas-avec-une-nouvelle-acquisition","status":"publish","type":"post","link":"https:\/\/www.emballagedigest.fr\/en\/autajon-renforce-sa-presence-aux-pays-bas-avec-une-nouvelle-acquisition\/","title":{"rendered":"Autajon renforce sa pr\u00e9sence aux Pays-Bas avec une nouvelle acquisition"},"content":{"rendered":"<p><strong>Le groupe Autajon annonce l\u2019int\u00e9gration de la soci\u00e9t\u00e9 Quality Label, sp\u00e9cialis\u00e9e depuis 1997 dans les solutions d\u2019\u00e9tiquetage pour les produits du quotidien, principalement \u00e0 destination de l\u2019industrie agro-alimentaire.<\/strong><\/p>\n\n\n\n<p>Bas\u00e9e \u00e0 Terschuur, au c\u0153ur d\u2019une r\u00e9gion industrielle dynamique, l\u2019entreprise n\u00e9erlandaise emploie 14 salari\u00e9s et a b\u00e2ti sa r\u00e9putation gr\u00e2ce \u00e0 des solutions fiables, pratiques et sur mesure, port\u00e9es par l\u2019expertise de ses employ\u00e9s. Certifi\u00e9e BRC, Quality Label produit des \u00e9tiquettes refermables, des \u00e9tiquettes promotionnelles et des \u00e9tiquettes pour emballages sp\u00e9ciaux, r\u00e9pondant \u00e0 un large \u00e9ventail de besoins industriels et de distribution.<\/p>\n\n\n\n<p>Dans le cadre de ce rachat, Quality Label poursuivra ses activit\u00e9s sous le nom d\u2019Autajon Quality Label et b\u00e9n\u00e9ficiera du soutien du groupe Autajon pour le d\u00e9veloppement de l\u2019activit\u00e9, en ad\u00e9quation avec les attentes du march\u00e9 et de ses clients. \u00ab&nbsp;Cette int\u00e9gration, align\u00e9e avec nos valeurs, renforce notre pr\u00e9sence aux Pays-Bas et confirme notre engagement \u00e0 fournir \u00e0 nos clients des solutions d\u2019\u00e9tiquetage fiables et de haute qualit\u00e9&nbsp;\u00bb, commente G\u00e9rard Autajon, pdg du groupe Autajon.<\/p>\n\n\n\n<p>Le nouveau site est implant\u00e9 \u00e0 proximit\u00e9 du site Autajon Labels Nederland (bas\u00e9 \u00e0 Utrecht), et renforce la pr\u00e9sence du groupe aux Pays-Bas. La transition et les op\u00e9rations futures seront pilot\u00e9es et supervis\u00e9es par Autajon Labels Nederland. Cette int\u00e9gration et la compl\u00e9mentarit\u00e9 des deux sites permettront au groupe Autajon de renforcer sa capacit\u00e9 \u00e0 servir ses clients avec davantage de r\u00e9activit\u00e9 et de proximit\u00e9. \u00ab\u00a0Je suis convaincu que les clients et les collaborateurs de Quality Label b\u00e9n\u00e9ficieront pleinement de l\u2019int\u00e9gration au sein du groupe Autajon, gr\u00e2ce \u00e0 l\u2019acc\u00e8s \u00e0 des technologies de pointe suppl\u00e9mentaires, \u00e0 des standards de production \u00e9lev\u00e9s et \u00e0 des capacit\u00e9s d\u2019innovation renforc\u00e9es\u00a0\u00bb, explique Fred Vahle, fondateur et dirigeant de Quality Label.<\/p>\n\n\n\n<p>\u00ab&nbsp;Cette op\u00e9ration apporte une capacit\u00e9 de production suppl\u00e9mentaire significative, qui nous permet de renforcer encore notre flexibilit\u00e9 vis-\u00e0-vis des clients d\u2019Autajon Labels Quality Label comme d\u2019Autajon Labels Nederland. Nos entreprises peuvent d\u00e9sormais se relayer mutuellement, garantissant une fiabilit\u00e9 de livraison accrue pour l\u2019ensemble des clients&nbsp;\u00bb, ajoute Peter De Vries, Directeur de Site Autajon Labels Nederland.<\/p>","protected":false},"excerpt":{"rendered":"<p>Le groupe Autajon annonce l\u2019int\u00e9gration de la soci\u00e9t\u00e9 Quality Label, sp\u00e9cialis\u00e9e depuis 1997 dans les solutions d\u2019\u00e9tiquetage pour les produits du quotidien, principalement \u00e0 destination de l\u2019industrie agro-alimentaire. Bas\u00e9e \u00e0 Terschuur, au c\u0153ur d\u2019une r\u00e9gion industrielle dynamique, l\u2019entreprise n\u00e9erlandaise emploie 14 salari\u00e9s et a b\u00e2ti sa r\u00e9putation gr\u00e2ce \u00e0 des solutions fiables, pratiques et sur [&hellip;]<\/p>","protected":false},"author":2,"featured_media":46745,"comment_status":"closed","ping_status":"closed","sticky":false,"template":"","format":"standard","meta":{"_acf_changed":false,"inline_featured_image":false,"iawp_total_views":23,"footnotes":""},"categories":[5,28,81],"tags":[],"class_list":["post-46744","post","type-post","status-publish","format-standard","has-post-thumbnail","hentry","category-alimentaire","category-article-entier","category-packaging"],"acf":[],"yoast_head":"<!-- This site is optimized with the Yoast SEO plugin v24.4 - https:\/\/yoast.com\/wordpress\/plugins\/seo\/ -->\n<title>Autajon renforce sa pr\u00e9sence aux Pays-Bas avec une nouvelle acquisition - Emballage Digest<\/title>\n<meta name=\"robots\" content=\"index, follow, max-snippet:-1, max-image-preview:large, max-video-preview:-1\" \/>\n<link rel=\"canonical\" href=\"https:\/\/www.emballagedigest.fr\/en\/autajon-renforce-sa-presence-aux-pays-bas-avec-une-nouvelle-acquisition\/\" \/>\n<meta property=\"og:locale\" content=\"en_GB\" \/>\n<meta property=\"og:type\" content=\"article\" \/>\n<meta property=\"og:title\" content=\"Autajon renforce sa pr\u00e9sence aux Pays-Bas avec une nouvelle acquisition - Emballage Digest\" \/>\n<meta property=\"og:description\" content=\"Le groupe Autajon annonce l\u2019int\u00e9gration de la soci\u00e9t\u00e9 Quality Label, sp\u00e9cialis\u00e9e depuis 1997 dans les solutions d\u2019\u00e9tiquetage pour les produits du quotidien, principalement \u00e0 destination de l\u2019industrie agro-alimentaire. Bas\u00e9e \u00e0 Terschuur, au c\u0153ur d\u2019une r\u00e9gion industrielle dynamique, l\u2019entreprise n\u00e9erlandaise emploie 14 salari\u00e9s et a b\u00e2ti sa r\u00e9putation gr\u00e2ce \u00e0 des solutions fiables, pratiques et sur [&hellip;]\" \/>\n<meta property=\"og:url\" content=\"https:\/\/www.emballagedigest.fr\/en\/autajon-renforce-sa-presence-aux-pays-bas-avec-une-nouvelle-acquisition\/\" \/>\n<meta property=\"og:site_name\" content=\"Emballage Digest\" \/>\n<meta property=\"article:published_time\" content=\"2026-01-21T06:49:09+00:00\" \/>\n<meta property=\"article:modified_time\" content=\"2026-01-22T07:51:59+00:00\" \/>\n<meta property=\"og:image\" content=\"https:\/\/www.emballagedigest.fr\/wp-content\/uploads\/2026\/01\/AUTAJON.jpg\" \/>\n\t<meta property=\"og:image:width\" content=\"800\" \/>\n\t<meta property=\"og:image:height\" content=\"563\" \/>\n\t<meta property=\"og:image:type\" content=\"image\/jpeg\" \/>\n<meta name=\"author\" content=\"Karine Duval\" \/>\n<meta name=\"twitter:card\" content=\"summary_large_image\" \/>\n<meta name=\"twitter:label1\" content=\"Written by\" \/>\n\t<meta name=\"twitter:data1\" content=\"Karine Duval\" \/>\n\t<meta name=\"twitter:label2\" content=\"Estimated reading time\" \/>\n\t<meta name=\"twitter:data2\" content=\"2 minutes\" \/>\n<script type=\"application\/ld+json\" class=\"yoast-schema-graph\">{\"@context\":\"https:\/\/schema.org\",\"@graph\":[{\"@type\":\"Article\",\"@id\":\"https:\/\/www.emballagedigest.fr\/autajon-renforce-sa-presence-aux-pays-bas-avec-une-nouvelle-acquisition\/#article\",\"isPartOf\":{\"@id\":\"https:\/\/www.emballagedigest.fr\/autajon-renforce-sa-presence-aux-pays-bas-avec-une-nouvelle-acquisition\/\"},\"author\":{\"name\":\"Karine Duval\",\"@id\":\"https:\/\/www.emballagedigest.fr\/#\/schema\/person\/76abe9f2b2ee4d3d520594c7a35da59f\"},\"headline\":\"Autajon renforce sa pr\u00e9sence aux Pays-Bas avec une nouvelle acquisition\",\"datePublished\":\"2026-01-21T06:49:09+00:00\",\"dateModified\":\"2026-01-22T07:51:59+00:00\",\"mainEntityOfPage\":{\"@id\":\"https:\/\/www.emballagedigest.fr\/autajon-renforce-sa-presence-aux-pays-bas-avec-une-nouvelle-acquisition\/\"},\"wordCount\":396,\"publisher\":{\"@id\":\"https:\/\/www.emballagedigest.fr\/#organization\"},\"image\":{\"@id\":\"https:\/\/www.emballagedigest.fr\/autajon-renforce-sa-presence-aux-pays-bas-avec-une-nouvelle-acquisition\/#primaryimage\"},\"thumbnailUrl\":\"https:\/\/www.emballagedigest.fr\/wp-content\/uploads\/2026\/01\/AUTAJON.jpg\",\"articleSection\":[\"Alimentaire\",\"Article entier\",\"Packaging\"],\"inLanguage\":\"en-GB\"},{\"@type\":\"WebPage\",\"@id\":\"https:\/\/www.emballagedigest.fr\/autajon-renforce-sa-presence-aux-pays-bas-avec-une-nouvelle-acquisition\/\",\"url\":\"https:\/\/www.emballagedigest.fr\/autajon-renforce-sa-presence-aux-pays-bas-avec-une-nouvelle-acquisition\/\",\"name\":\"Autajon renforce sa pr\u00e9sence aux Pays-Bas avec une nouvelle acquisition - Emballage Digest\",\"isPartOf\":{\"@id\":\"https:\/\/www.emballagedigest.fr\/#website\"},\"primaryImageOfPage\":{\"@id\":\"https:\/\/www.emballagedigest.fr\/autajon-renforce-sa-presence-aux-pays-bas-avec-une-nouvelle-acquisition\/#primaryimage\"},\"image\":{\"@id\":\"https:\/\/www.emballagedigest.fr\/autajon-renforce-sa-presence-aux-pays-bas-avec-une-nouvelle-acquisition\/#primaryimage\"},\"thumbnailUrl\":\"https:\/\/www.emballagedigest.fr\/wp-content\/uploads\/2026\/01\/AUTAJON.jpg\",\"datePublished\":\"2026-01-21T06:49:09+00:00\",\"dateModified\":\"2026-01-22T07:51:59+00:00\",\"breadcrumb\":{\"@id\":\"https:\/\/www.emballagedigest.fr\/autajon-renforce-sa-presence-aux-pays-bas-avec-une-nouvelle-acquisition\/#breadcrumb\"},\"inLanguage\":\"en-GB\",\"potentialAction\":[{\"@type\":\"ReadAction\",\"target\":[\"https:\/\/www.emballagedigest.fr\/autajon-renforce-sa-presence-aux-pays-bas-avec-une-nouvelle-acquisition\/\"]}]},{\"@type\":\"ImageObject\",\"inLanguage\":\"en-GB\",\"@id\":\"https:\/\/www.emballagedigest.fr\/autajon-renforce-sa-presence-aux-pays-bas-avec-une-nouvelle-acquisition\/#primaryimage\",\"url\":\"https:\/\/www.emballagedigest.fr\/wp-content\/uploads\/2026\/01\/AUTAJON.jpg\",\"contentUrl\":\"https:\/\/www.emballagedigest.fr\/wp-content\/uploads\/2026\/01\/AUTAJON.jpg\",\"width\":800,\"height\":563},{\"@type\":\"BreadcrumbList\",\"@id\":\"https:\/\/www.emballagedigest.fr\/autajon-renforce-sa-presence-aux-pays-bas-avec-une-nouvelle-acquisition\/#breadcrumb\",\"itemListElement\":[{\"@type\":\"ListItem\",\"position\":1,\"name\":\"Accueil\",\"item\":\"https:\/\/www.emballagedigest.fr\/\"},{\"@type\":\"ListItem\",\"position\":2,\"name\":\"Autajon renforce sa pr\u00e9sence aux Pays-Bas avec une nouvelle acquisition\"}]},{\"@type\":\"WebSite\",\"@id\":\"https:\/\/www.emballagedigest.fr\/#website\",\"url\":\"https:\/\/www.emballagedigest.fr\/\",\"name\":\"Emballage Digest\",\"description\":\"Revue professionnelle sur les emballages\",\"publisher\":{\"@id\":\"https:\/\/www.emballagedigest.fr\/#organization\"},\"potentialAction\":[{\"@type\":\"SearchAction\",\"target\":{\"@type\":\"EntryPoint\",\"urlTemplate\":\"https:\/\/www.emballagedigest.fr\/?s={search_term_string}\"},\"query-input\":{\"@type\":\"PropertyValueSpecification\",\"valueRequired\":true,\"valueName\":\"search_term_string\"}}],\"inLanguage\":\"en-GB\"},{\"@type\":\"Organization\",\"@id\":\"https:\/\/www.emballagedigest.fr\/#organization\",\"name\":\"Emballage Digest\",\"url\":\"https:\/\/www.emballagedigest.fr\/\",\"logo\":{\"@type\":\"ImageObject\",\"inLanguage\":\"en-GB\",\"@id\":\"https:\/\/www.emballagedigest.fr\/#\/schema\/logo\/image\/\",\"url\":\"https:\/\/www.emballagedigest.fr\/wp-content\/uploads\/2022\/07\/logo-ed.png\",\"contentUrl\":\"https:\/\/www.emballagedigest.fr\/wp-content\/uploads\/2022\/07\/logo-ed.png\",\"width\":379,\"height\":75,\"caption\":\"Emballage Digest\"},\"image\":{\"@id\":\"https:\/\/www.emballagedigest.fr\/#\/schema\/logo\/image\/\"}},{\"@type\":\"Person\",\"@id\":\"https:\/\/www.emballagedigest.fr\/#\/schema\/person\/76abe9f2b2ee4d3d520594c7a35da59f\",\"name\":\"Karine Duval\",\"image\":{\"@type\":\"ImageObject\",\"inLanguage\":\"en-GB\",\"@id\":\"https:\/\/www.emballagedigest.fr\/#\/schema\/person\/image\/\",\"url\":\"https:\/\/secure.gravatar.com\/avatar\/f552799261cdd2e076e6677d780ef07bdb13aa4c196ab75b39abcbcdcae2d4e5?s=96&d=mm&r=g\",\"contentUrl\":\"https:\/\/secure.gravatar.com\/avatar\/f552799261cdd2e076e6677d780ef07bdb13aa4c196ab75b39abcbcdcae2d4e5?s=96&d=mm&r=g\",\"caption\":\"Karine Duval\"},\"url\":\"https:\/\/www.emballagedigest.fr\/en\/author\/admin_karduv\/\"}]}<\/script>\n<!-- \/ Yoast SEO plugin. -->","yoast_head_json":{"title":"Autajon renforce sa pr\u00e9sence aux Pays-Bas avec une nouvelle acquisition - Emballage Digest","robots":{"index":"index","follow":"follow","max-snippet":"max-snippet:-1","max-image-preview":"max-image-preview:large","max-video-preview":"max-video-preview:-1"},"canonical":"https:\/\/www.emballagedigest.fr\/en\/autajon-renforce-sa-presence-aux-pays-bas-avec-une-nouvelle-acquisition\/","og_locale":"en_GB","og_type":"article","og_title":"Autajon renforce sa pr\u00e9sence aux Pays-Bas avec une nouvelle acquisition - Emballage Digest","og_description":"Le groupe Autajon annonce l\u2019int\u00e9gration de la soci\u00e9t\u00e9 Quality Label, sp\u00e9cialis\u00e9e depuis 1997 dans les solutions d\u2019\u00e9tiquetage pour les produits du quotidien, principalement \u00e0 destination de l\u2019industrie agro-alimentaire. Bas\u00e9e \u00e0 Terschuur, au c\u0153ur d\u2019une r\u00e9gion industrielle dynamique, l\u2019entreprise n\u00e9erlandaise emploie 14 salari\u00e9s et a b\u00e2ti sa r\u00e9putation gr\u00e2ce \u00e0 des solutions fiables, pratiques et sur [&hellip;]","og_url":"https:\/\/www.emballagedigest.fr\/en\/autajon-renforce-sa-presence-aux-pays-bas-avec-une-nouvelle-acquisition\/","og_site_name":"Emballage Digest","article_published_time":"2026-01-21T06:49:09+00:00","article_modified_time":"2026-01-22T07:51:59+00:00","og_image":[{"width":800,"height":563,"url":"https:\/\/www.emballagedigest.fr\/wp-content\/uploads\/2026\/01\/AUTAJON.jpg","type":"image\/jpeg"}],"author":"Karine Duval","twitter_card":"summary_large_image","twitter_misc":{"Written by":"Karine Duval","Estimated reading time":"2 minutes"},"schema":{"@context":"https:\/\/schema.org","@graph":[{"@type":"Article","@id":"https:\/\/www.emballagedigest.fr\/autajon-renforce-sa-presence-aux-pays-bas-avec-une-nouvelle-acquisition\/#article","isPartOf":{"@id":"https:\/\/www.emballagedigest.fr\/autajon-renforce-sa-presence-aux-pays-bas-avec-une-nouvelle-acquisition\/"},"author":{"name":"Karine Duval","@id":"https:\/\/www.emballagedigest.fr\/#\/schema\/person\/76abe9f2b2ee4d3d520594c7a35da59f"},"headline":"Autajon renforce sa pr\u00e9sence aux Pays-Bas avec une nouvelle acquisition","datePublished":"2026-01-21T06:49:09+00:00","dateModified":"2026-01-22T07:51:59+00:00","mainEntityOfPage":{"@id":"https:\/\/www.emballagedigest.fr\/autajon-renforce-sa-presence-aux-pays-bas-avec-une-nouvelle-acquisition\/"},"wordCount":396,"publisher":{"@id":"https:\/\/www.emballagedigest.fr\/#organization"},"image":{"@id":"https:\/\/www.emballagedigest.fr\/autajon-renforce-sa-presence-aux-pays-bas-avec-une-nouvelle-acquisition\/#primaryimage"},"thumbnailUrl":"https:\/\/www.emballagedigest.fr\/wp-content\/uploads\/2026\/01\/AUTAJON.jpg","articleSection":["Alimentaire","Article entier","Packaging"],"inLanguage":"en-GB"},{"@type":"WebPage","@id":"https:\/\/www.emballagedigest.fr\/autajon-renforce-sa-presence-aux-pays-bas-avec-une-nouvelle-acquisition\/","url":"https:\/\/www.emballagedigest.fr\/autajon-renforce-sa-presence-aux-pays-bas-avec-une-nouvelle-acquisition\/","name":"Autajon renforce sa pr\u00e9sence aux Pays-Bas avec une nouvelle acquisition - Emballage Digest","isPartOf":{"@id":"https:\/\/www.emballagedigest.fr\/#website"},"primaryImageOfPage":{"@id":"https:\/\/www.emballagedigest.fr\/autajon-renforce-sa-presence-aux-pays-bas-avec-une-nouvelle-acquisition\/#primaryimage"},"image":{"@id":"https:\/\/www.emballagedigest.fr\/autajon-renforce-sa-presence-aux-pays-bas-avec-une-nouvelle-acquisition\/#primaryimage"},"thumbnailUrl":"https:\/\/www.emballagedigest.fr\/wp-content\/uploads\/2026\/01\/AUTAJON.jpg","datePublished":"2026-01-21T06:49:09+00:00","dateModified":"2026-01-22T07:51:59+00:00","breadcrumb":{"@id":"https:\/\/www.emballagedigest.fr\/autajon-renforce-sa-presence-aux-pays-bas-avec-une-nouvelle-acquisition\/#breadcrumb"},"inLanguage":"en-GB","potentialAction":[{"@type":"ReadAction","target":["https:\/\/www.emballagedigest.fr\/autajon-renforce-sa-presence-aux-pays-bas-avec-une-nouvelle-acquisition\/"]}]},{"@type":"ImageObject","inLanguage":"en-GB","@id":"https:\/\/www.emballagedigest.fr\/autajon-renforce-sa-presence-aux-pays-bas-avec-une-nouvelle-acquisition\/#primaryimage","url":"https:\/\/www.emballagedigest.fr\/wp-content\/uploads\/2026\/01\/AUTAJON.jpg","contentUrl":"https:\/\/www.emballagedigest.fr\/wp-content\/uploads\/2026\/01\/AUTAJON.jpg","width":800,"height":563},{"@type":"BreadcrumbList","@id":"https:\/\/www.emballagedigest.fr\/autajon-renforce-sa-presence-aux-pays-bas-avec-une-nouvelle-acquisition\/#breadcrumb","itemListElement":[{"@type":"ListItem","position":1,"name":"Accueil","item":"https:\/\/www.emballagedigest.fr\/"},{"@type":"ListItem","position":2,"name":"Autajon renforce sa pr\u00e9sence aux Pays-Bas avec une nouvelle acquisition"}]},{"@type":"WebSite","@id":"https:\/\/www.emballagedigest.fr\/#website","url":"https:\/\/www.emballagedigest.fr\/","name":"Emballage Digest","description":"Revue professionnelle sur les emballages","publisher":{"@id":"https:\/\/www.emballagedigest.fr\/#organization"},"potentialAction":[{"@type":"SearchAction","target":{"@type":"EntryPoint","urlTemplate":"https:\/\/www.emballagedigest.fr\/?s={search_term_string}"},"query-input":{"@type":"PropertyValueSpecification","valueRequired":true,"valueName":"search_term_string"}}],"inLanguage":"en-GB"},{"@type":"Organization","@id":"https:\/\/www.emballagedigest.fr\/#organization","name":"Emballage Digest","url":"https:\/\/www.emballagedigest.fr\/","logo":{"@type":"ImageObject","inLanguage":"en-GB","@id":"https:\/\/www.emballagedigest.fr\/#\/schema\/logo\/image\/","url":"https:\/\/www.emballagedigest.fr\/wp-content\/uploads\/2022\/07\/logo-ed.png","contentUrl":"https:\/\/www.emballagedigest.fr\/wp-content\/uploads\/2022\/07\/logo-ed.png","width":379,"height":75,"caption":"Emballage Digest"},"image":{"@id":"https:\/\/www.emballagedigest.fr\/#\/schema\/logo\/image\/"}},{"@type":"Person","@id":"https:\/\/www.emballagedigest.fr\/#\/schema\/person\/76abe9f2b2ee4d3d520594c7a35da59f","name":"Karine Duval","image":{"@type":"ImageObject","inLanguage":"en-GB","@id":"https:\/\/www.emballagedigest.fr\/#\/schema\/person\/image\/","url":"https:\/\/secure.gravatar.com\/avatar\/f552799261cdd2e076e6677d780ef07bdb13aa4c196ab75b39abcbcdcae2d4e5?s=96&d=mm&r=g","contentUrl":"https:\/\/secure.gravatar.com\/avatar\/f552799261cdd2e076e6677d780ef07bdb13aa4c196ab75b39abcbcdcae2d4e5?s=96&d=mm&r=g","caption":"Karine Duval"},"url":"https:\/\/www.emballagedigest.fr\/en\/author\/admin_karduv\/"}]}},"_links":{"self":[{"href":"https:\/\/www.emballagedigest.fr\/en\/wp-json\/wp\/v2\/posts\/46744","targetHints":{"allow":["GET"]}}],"collection":[{"href":"https:\/\/www.emballagedigest.fr\/en\/wp-json\/wp\/v2\/posts"}],"about":[{"href":"https:\/\/www.emballagedigest.fr\/en\/wp-json\/wp\/v2\/types\/post"}],"author":[{"embeddable":true,"href":"https:\/\/www.emballagedigest.fr\/en\/wp-json\/wp\/v2\/users\/2"}],"replies":[{"embeddable":true,"href":"https:\/\/www.emballagedigest.fr\/en\/wp-json\/wp\/v2\/comments?post=46744"}],"version-history":[{"count":1,"href":"https:\/\/www.emballagedigest.fr\/en\/wp-json\/wp\/v2\/posts\/46744\/revisions"}],"predecessor-version":[{"id":46746,"href":"https:\/\/www.emballagedigest.fr\/en\/wp-json\/wp\/v2\/posts\/46744\/revisions\/46746"}],"wp:featuredmedia":[{"embeddable":true,"href":"https:\/\/www.emballagedigest.fr\/en\/wp-json\/wp\/v2\/media\/46745"}],"wp:attachment":[{"href":"https:\/\/www.emballagedigest.fr\/en\/wp-json\/wp\/v2\/media?parent=46744"}],"wp:term":[{"taxonomy":"category","embeddable":true,"href":"https:\/\/www.emballagedigest.fr\/en\/wp-json\/wp\/v2\/categories?post=46744"},{"taxonomy":"post_tag","embeddable":true,"href":"https:\/\/www.emballagedigest.fr\/en\/wp-json\/wp\/v2\/tags?post=46744"}],"curies":[{"name":"wp","href":"https:\/\/api.w.org\/{rel}","templated":true}]}}