{"id":46747,"date":"2026-01-21T07:50:53","date_gmt":"2026-01-21T06:50:53","guid":{"rendered":"https:\/\/www.emballagedigest.fr\/?p=46747"},"modified":"2026-01-21T07:50:54","modified_gmt":"2026-01-21T06:50:54","slug":"le-parfait-habille-ses-bocaux-dun-nouveau-couvercle-en-edition-limitee","status":"publish","type":"post","link":"https:\/\/www.emballagedigest.fr\/en\/le-parfait-habille-ses-bocaux-dun-nouveau-couvercle-en-edition-limitee\/","title":{"rendered":"Le Parfait habille ses bocaux d\u2019un nouveau couvercle en \u00e9dition limit\u00e9e"},"content":{"rendered":"<p><strong>Pour leur 15 ans de partenariat, la marque fran\u00e7aise de bocaux en verre Le Parfait et Plastiques P\u00f6ppelmann France ont lanc\u00e9 un couvercle Color Vis orange paillet\u00e9 en \u00e9dition limit\u00e9e. Cette nouveaut\u00e9 illustre leur capacit\u00e9 \u00e0 adapter rapidement leurs produits aux tendances du march\u00e9, tout en maintenant une production Made in France et une qualit\u00e9 constante.<\/strong><\/p>\n\n\n\n<p>Depuis son rachat par Berlin Packaging en 2022, la marque Le Parfait travaille sur l&rsquo;\u00e9largissement de la cible consommateurs pour toucher davantage les nouvelles g\u00e9n\u00e9rations moins adeptes de la conservation par traitement thermique. Pour cela, elle renforce le d\u00e9veloppement de Color Vis, sa gamme de bocaux avec couvercles \u00e0 vis color\u00e9s. Dot\u00e9e d&rsquo;un joint d&rsquo;\u00e9tanch\u00e9it\u00e9 optimis\u00e9 et d&rsquo;un design modernis\u00e9, Color Vis propose 11 coloris \u2013 dont les teintes historiques et les best-sellers orange et bleu \u2013 permettant aux consommateurs de personnaliser leurs bocaux. Parmi les nouveaut\u00e9s de l\u2019ann\u00e9e figure le couvercle orange paillet\u00e9, lanc\u00e9 en \u00e9dition limit\u00e9e \u00e0 10 000 exemplaires cet automne. Con\u00e7u en un temps record de moins d\u2019un mois, il illustre la capacit\u00e9 de Plastiques P\u00f6ppelmann France \u00e0 accompagner rapidement des projets ponctuels et cr\u00e9atifs qui renforcent la visibilit\u00e9 et l\u2019attractivit\u00e9 de la gamme. Entre 2022 et 2024, la production de couvercles Color Vis a progress\u00e9 de 144%, t\u00e9moignant du succ\u00e8s durable de la gamme sur les march\u00e9s fran\u00e7ais et internationaux.<\/p>\n\n\n\n<p>\u00ab Plastiques P\u00f6ppelmann France se distingue par leur flexibilit\u00e9, leur capacit\u00e9 \u00e0 se challenger et \u00e0 proposer des solutions sur mesure. Cela nous a permis de tester de nouvelles couleurs, mati\u00e8res et finitions, pour identifier les teintes les plus porteuses avant de les commercialiser. La nouvelle teinte orange paillet\u00e9 est le parfait exemple d\u2019un partenariat de confiance r\u00e9ussi \u00bb, explique Nicolas Gauch, directeur marketing Le Parfait.<\/p>\n\n\n\n<p>Au-del\u00e0 des \u00e9ditions limit\u00e9es, la gamme poursuit son \u00e9volution. Un couvercle blanc vient tout juste d\u2019\u00eatre lanc\u00e9 pour r\u00e9pondre aux tendances du march\u00e9 am\u00e9ricain, tandis qu\u2019un couvercle transparent sans joint est actuellement en cours de d\u00e9veloppement, destin\u00e9 notamment au march\u00e9 japonais.<\/p>","protected":false},"excerpt":{"rendered":"<p>Pour leur 15 ans de partenariat, la marque fran\u00e7aise de bocaux en verre Le Parfait et Plastiques P\u00f6ppelmann France ont lanc\u00e9 un couvercle Color Vis orange paillet\u00e9 en \u00e9dition limit\u00e9e. Cette nouveaut\u00e9 illustre leur capacit\u00e9 \u00e0 adapter rapidement leurs produits aux tendances du march\u00e9, tout en maintenant une production Made in France et une qualit\u00e9 [&hellip;]<\/p>","protected":false},"author":2,"featured_media":46748,"comment_status":"closed","ping_status":"closed","sticky":false,"template":"","format":"standard","meta":{"_acf_changed":false,"inline_featured_image":false,"iawp_total_views":5,"footnotes":""},"categories":[28,4],"tags":[],"class_list":["post-46747","post","type-post","status-publish","format-standard","has-post-thumbnail","hentry","category-article-entier","category-lineaires"],"acf":[],"yoast_head":"<!-- This site is optimized with the Yoast SEO plugin v24.4 - https:\/\/yoast.com\/wordpress\/plugins\/seo\/ -->\n<title>Le Parfait habille ses bocaux d\u2019un nouveau couvercle en \u00e9dition limit\u00e9e - Emballage Digest<\/title>\n<meta name=\"robots\" content=\"index, follow, max-snippet:-1, max-image-preview:large, max-video-preview:-1\" \/>\n<link rel=\"canonical\" href=\"https:\/\/www.emballagedigest.fr\/en\/le-parfait-habille-ses-bocaux-dun-nouveau-couvercle-en-edition-limitee\/\" \/>\n<meta property=\"og:locale\" content=\"en_GB\" \/>\n<meta property=\"og:type\" content=\"article\" \/>\n<meta property=\"og:title\" content=\"Le Parfait habille ses bocaux d\u2019un nouveau couvercle en \u00e9dition limit\u00e9e - Emballage Digest\" \/>\n<meta property=\"og:description\" content=\"Pour leur 15 ans de partenariat, la marque fran\u00e7aise de bocaux en verre Le Parfait et Plastiques P\u00f6ppelmann France ont lanc\u00e9 un couvercle Color Vis orange paillet\u00e9 en \u00e9dition limit\u00e9e. Cette nouveaut\u00e9 illustre leur capacit\u00e9 \u00e0 adapter rapidement leurs produits aux tendances du march\u00e9, tout en maintenant une production Made in France et une qualit\u00e9 [&hellip;]\" \/>\n<meta property=\"og:url\" content=\"https:\/\/www.emballagedigest.fr\/en\/le-parfait-habille-ses-bocaux-dun-nouveau-couvercle-en-edition-limitee\/\" \/>\n<meta property=\"og:site_name\" content=\"Emballage Digest\" \/>\n<meta property=\"article:published_time\" content=\"2026-01-21T06:50:53+00:00\" \/>\n<meta property=\"article:modified_time\" content=\"2026-01-21T06:50:54+00:00\" \/>\n<meta property=\"og:image\" content=\"https:\/\/www.emballagedigest.fr\/wp-content\/uploads\/2026\/01\/LE-PARFAIT.jpg\" \/>\n\t<meta property=\"og:image:width\" content=\"800\" \/>\n\t<meta property=\"og:image:height\" content=\"600\" \/>\n\t<meta property=\"og:image:type\" content=\"image\/jpeg\" \/>\n<meta name=\"author\" content=\"Karine Duval\" \/>\n<meta name=\"twitter:card\" content=\"summary_large_image\" \/>\n<meta name=\"twitter:label1\" content=\"Written by\" \/>\n\t<meta name=\"twitter:data1\" content=\"Karine Duval\" \/>\n\t<meta name=\"twitter:label2\" content=\"Estimated reading time\" \/>\n\t<meta name=\"twitter:data2\" content=\"2 minutes\" \/>\n<script type=\"application\/ld+json\" class=\"yoast-schema-graph\">{\"@context\":\"https:\/\/schema.org\",\"@graph\":[{\"@type\":\"Article\",\"@id\":\"https:\/\/www.emballagedigest.fr\/le-parfait-habille-ses-bocaux-dun-nouveau-couvercle-en-edition-limitee\/#article\",\"isPartOf\":{\"@id\":\"https:\/\/www.emballagedigest.fr\/le-parfait-habille-ses-bocaux-dun-nouveau-couvercle-en-edition-limitee\/\"},\"author\":{\"name\":\"Karine Duval\",\"@id\":\"https:\/\/www.emballagedigest.fr\/#\/schema\/person\/76abe9f2b2ee4d3d520594c7a35da59f\"},\"headline\":\"Le Parfait habille ses bocaux d\u2019un nouveau couvercle en \u00e9dition limit\u00e9e\",\"datePublished\":\"2026-01-21T06:50:53+00:00\",\"dateModified\":\"2026-01-21T06:50:54+00:00\",\"mainEntityOfPage\":{\"@id\":\"https:\/\/www.emballagedigest.fr\/le-parfait-habille-ses-bocaux-dun-nouveau-couvercle-en-edition-limitee\/\"},\"wordCount\":359,\"publisher\":{\"@id\":\"https:\/\/www.emballagedigest.fr\/#organization\"},\"image\":{\"@id\":\"https:\/\/www.emballagedigest.fr\/le-parfait-habille-ses-bocaux-dun-nouveau-couvercle-en-edition-limitee\/#primaryimage\"},\"thumbnailUrl\":\"https:\/\/www.emballagedigest.fr\/wp-content\/uploads\/2026\/01\/LE-PARFAIT.jpg\",\"articleSection\":[\"Article entier\",\"Lin\u00e9aires\"],\"inLanguage\":\"en-GB\"},{\"@type\":\"WebPage\",\"@id\":\"https:\/\/www.emballagedigest.fr\/le-parfait-habille-ses-bocaux-dun-nouveau-couvercle-en-edition-limitee\/\",\"url\":\"https:\/\/www.emballagedigest.fr\/le-parfait-habille-ses-bocaux-dun-nouveau-couvercle-en-edition-limitee\/\",\"name\":\"Le Parfait habille ses bocaux d\u2019un nouveau couvercle en \u00e9dition limit\u00e9e - Emballage Digest\",\"isPartOf\":{\"@id\":\"https:\/\/www.emballagedigest.fr\/#website\"},\"primaryImageOfPage\":{\"@id\":\"https:\/\/www.emballagedigest.fr\/le-parfait-habille-ses-bocaux-dun-nouveau-couvercle-en-edition-limitee\/#primaryimage\"},\"image\":{\"@id\":\"https:\/\/www.emballagedigest.fr\/le-parfait-habille-ses-bocaux-dun-nouveau-couvercle-en-edition-limitee\/#primaryimage\"},\"thumbnailUrl\":\"https:\/\/www.emballagedigest.fr\/wp-content\/uploads\/2026\/01\/LE-PARFAIT.jpg\",\"datePublished\":\"2026-01-21T06:50:53+00:00\",\"dateModified\":\"2026-01-21T06:50:54+00:00\",\"breadcrumb\":{\"@id\":\"https:\/\/www.emballagedigest.fr\/le-parfait-habille-ses-bocaux-dun-nouveau-couvercle-en-edition-limitee\/#breadcrumb\"},\"inLanguage\":\"en-GB\",\"potentialAction\":[{\"@type\":\"ReadAction\",\"target\":[\"https:\/\/www.emballagedigest.fr\/le-parfait-habille-ses-bocaux-dun-nouveau-couvercle-en-edition-limitee\/\"]}]},{\"@type\":\"ImageObject\",\"inLanguage\":\"en-GB\",\"@id\":\"https:\/\/www.emballagedigest.fr\/le-parfait-habille-ses-bocaux-dun-nouveau-couvercle-en-edition-limitee\/#primaryimage\",\"url\":\"https:\/\/www.emballagedigest.fr\/wp-content\/uploads\/2026\/01\/LE-PARFAIT.jpg\",\"contentUrl\":\"https:\/\/www.emballagedigest.fr\/wp-content\/uploads\/2026\/01\/LE-PARFAIT.jpg\",\"width\":800,\"height\":600},{\"@type\":\"BreadcrumbList\",\"@id\":\"https:\/\/www.emballagedigest.fr\/le-parfait-habille-ses-bocaux-dun-nouveau-couvercle-en-edition-limitee\/#breadcrumb\",\"itemListElement\":[{\"@type\":\"ListItem\",\"position\":1,\"name\":\"Accueil\",\"item\":\"https:\/\/www.emballagedigest.fr\/\"},{\"@type\":\"ListItem\",\"position\":2,\"name\":\"Le Parfait habille ses bocaux d\u2019un nouveau couvercle en \u00e9dition limit\u00e9e\"}]},{\"@type\":\"WebSite\",\"@id\":\"https:\/\/www.emballagedigest.fr\/#website\",\"url\":\"https:\/\/www.emballagedigest.fr\/\",\"name\":\"Emballage Digest\",\"description\":\"Revue professionnelle sur les emballages\",\"publisher\":{\"@id\":\"https:\/\/www.emballagedigest.fr\/#organization\"},\"potentialAction\":[{\"@type\":\"SearchAction\",\"target\":{\"@type\":\"EntryPoint\",\"urlTemplate\":\"https:\/\/www.emballagedigest.fr\/?s={search_term_string}\"},\"query-input\":{\"@type\":\"PropertyValueSpecification\",\"valueRequired\":true,\"valueName\":\"search_term_string\"}}],\"inLanguage\":\"en-GB\"},{\"@type\":\"Organization\",\"@id\":\"https:\/\/www.emballagedigest.fr\/#organization\",\"name\":\"Emballage Digest\",\"url\":\"https:\/\/www.emballagedigest.fr\/\",\"logo\":{\"@type\":\"ImageObject\",\"inLanguage\":\"en-GB\",\"@id\":\"https:\/\/www.emballagedigest.fr\/#\/schema\/logo\/image\/\",\"url\":\"https:\/\/www.emballagedigest.fr\/wp-content\/uploads\/2022\/07\/logo-ed.png\",\"contentUrl\":\"https:\/\/www.emballagedigest.fr\/wp-content\/uploads\/2022\/07\/logo-ed.png\",\"width\":379,\"height\":75,\"caption\":\"Emballage Digest\"},\"image\":{\"@id\":\"https:\/\/www.emballagedigest.fr\/#\/schema\/logo\/image\/\"}},{\"@type\":\"Person\",\"@id\":\"https:\/\/www.emballagedigest.fr\/#\/schema\/person\/76abe9f2b2ee4d3d520594c7a35da59f\",\"name\":\"Karine Duval\",\"image\":{\"@type\":\"ImageObject\",\"inLanguage\":\"en-GB\",\"@id\":\"https:\/\/www.emballagedigest.fr\/#\/schema\/person\/image\/\",\"url\":\"https:\/\/secure.gravatar.com\/avatar\/f552799261cdd2e076e6677d780ef07bdb13aa4c196ab75b39abcbcdcae2d4e5?s=96&d=mm&r=g\",\"contentUrl\":\"https:\/\/secure.gravatar.com\/avatar\/f552799261cdd2e076e6677d780ef07bdb13aa4c196ab75b39abcbcdcae2d4e5?s=96&d=mm&r=g\",\"caption\":\"Karine Duval\"},\"url\":\"https:\/\/www.emballagedigest.fr\/en\/author\/admin_karduv\/\"}]}<\/script>\n<!-- \/ Yoast SEO plugin. -->","yoast_head_json":{"title":"Le Parfait habille ses bocaux d\u2019un nouveau couvercle en \u00e9dition limit\u00e9e - Emballage Digest","robots":{"index":"index","follow":"follow","max-snippet":"max-snippet:-1","max-image-preview":"max-image-preview:large","max-video-preview":"max-video-preview:-1"},"canonical":"https:\/\/www.emballagedigest.fr\/en\/le-parfait-habille-ses-bocaux-dun-nouveau-couvercle-en-edition-limitee\/","og_locale":"en_GB","og_type":"article","og_title":"Le Parfait habille ses bocaux d\u2019un nouveau couvercle en \u00e9dition limit\u00e9e - Emballage Digest","og_description":"Pour leur 15 ans de partenariat, la marque fran\u00e7aise de bocaux en verre Le Parfait et Plastiques P\u00f6ppelmann France ont lanc\u00e9 un couvercle Color Vis orange paillet\u00e9 en \u00e9dition limit\u00e9e. Cette nouveaut\u00e9 illustre leur capacit\u00e9 \u00e0 adapter rapidement leurs produits aux tendances du march\u00e9, tout en maintenant une production Made in France et une qualit\u00e9 [&hellip;]","og_url":"https:\/\/www.emballagedigest.fr\/en\/le-parfait-habille-ses-bocaux-dun-nouveau-couvercle-en-edition-limitee\/","og_site_name":"Emballage Digest","article_published_time":"2026-01-21T06:50:53+00:00","article_modified_time":"2026-01-21T06:50:54+00:00","og_image":[{"width":800,"height":600,"url":"https:\/\/www.emballagedigest.fr\/wp-content\/uploads\/2026\/01\/LE-PARFAIT.jpg","type":"image\/jpeg"}],"author":"Karine Duval","twitter_card":"summary_large_image","twitter_misc":{"Written by":"Karine Duval","Estimated reading time":"2 minutes"},"schema":{"@context":"https:\/\/schema.org","@graph":[{"@type":"Article","@id":"https:\/\/www.emballagedigest.fr\/le-parfait-habille-ses-bocaux-dun-nouveau-couvercle-en-edition-limitee\/#article","isPartOf":{"@id":"https:\/\/www.emballagedigest.fr\/le-parfait-habille-ses-bocaux-dun-nouveau-couvercle-en-edition-limitee\/"},"author":{"name":"Karine Duval","@id":"https:\/\/www.emballagedigest.fr\/#\/schema\/person\/76abe9f2b2ee4d3d520594c7a35da59f"},"headline":"Le Parfait habille ses bocaux d\u2019un nouveau couvercle en \u00e9dition limit\u00e9e","datePublished":"2026-01-21T06:50:53+00:00","dateModified":"2026-01-21T06:50:54+00:00","mainEntityOfPage":{"@id":"https:\/\/www.emballagedigest.fr\/le-parfait-habille-ses-bocaux-dun-nouveau-couvercle-en-edition-limitee\/"},"wordCount":359,"publisher":{"@id":"https:\/\/www.emballagedigest.fr\/#organization"},"image":{"@id":"https:\/\/www.emballagedigest.fr\/le-parfait-habille-ses-bocaux-dun-nouveau-couvercle-en-edition-limitee\/#primaryimage"},"thumbnailUrl":"https:\/\/www.emballagedigest.fr\/wp-content\/uploads\/2026\/01\/LE-PARFAIT.jpg","articleSection":["Article entier","Lin\u00e9aires"],"inLanguage":"en-GB"},{"@type":"WebPage","@id":"https:\/\/www.emballagedigest.fr\/le-parfait-habille-ses-bocaux-dun-nouveau-couvercle-en-edition-limitee\/","url":"https:\/\/www.emballagedigest.fr\/le-parfait-habille-ses-bocaux-dun-nouveau-couvercle-en-edition-limitee\/","name":"Le Parfait habille ses bocaux d\u2019un nouveau couvercle en \u00e9dition limit\u00e9e - Emballage Digest","isPartOf":{"@id":"https:\/\/www.emballagedigest.fr\/#website"},"primaryImageOfPage":{"@id":"https:\/\/www.emballagedigest.fr\/le-parfait-habille-ses-bocaux-dun-nouveau-couvercle-en-edition-limitee\/#primaryimage"},"image":{"@id":"https:\/\/www.emballagedigest.fr\/le-parfait-habille-ses-bocaux-dun-nouveau-couvercle-en-edition-limitee\/#primaryimage"},"thumbnailUrl":"https:\/\/www.emballagedigest.fr\/wp-content\/uploads\/2026\/01\/LE-PARFAIT.jpg","datePublished":"2026-01-21T06:50:53+00:00","dateModified":"2026-01-21T06:50:54+00:00","breadcrumb":{"@id":"https:\/\/www.emballagedigest.fr\/le-parfait-habille-ses-bocaux-dun-nouveau-couvercle-en-edition-limitee\/#breadcrumb"},"inLanguage":"en-GB","potentialAction":[{"@type":"ReadAction","target":["https:\/\/www.emballagedigest.fr\/le-parfait-habille-ses-bocaux-dun-nouveau-couvercle-en-edition-limitee\/"]}]},{"@type":"ImageObject","inLanguage":"en-GB","@id":"https:\/\/www.emballagedigest.fr\/le-parfait-habille-ses-bocaux-dun-nouveau-couvercle-en-edition-limitee\/#primaryimage","url":"https:\/\/www.emballagedigest.fr\/wp-content\/uploads\/2026\/01\/LE-PARFAIT.jpg","contentUrl":"https:\/\/www.emballagedigest.fr\/wp-content\/uploads\/2026\/01\/LE-PARFAIT.jpg","width":800,"height":600},{"@type":"BreadcrumbList","@id":"https:\/\/www.emballagedigest.fr\/le-parfait-habille-ses-bocaux-dun-nouveau-couvercle-en-edition-limitee\/#breadcrumb","itemListElement":[{"@type":"ListItem","position":1,"name":"Accueil","item":"https:\/\/www.emballagedigest.fr\/"},{"@type":"ListItem","position":2,"name":"Le Parfait habille ses bocaux d\u2019un nouveau couvercle en \u00e9dition limit\u00e9e"}]},{"@type":"WebSite","@id":"https:\/\/www.emballagedigest.fr\/#website","url":"https:\/\/www.emballagedigest.fr\/","name":"Emballage Digest","description":"Revue professionnelle sur les emballages","publisher":{"@id":"https:\/\/www.emballagedigest.fr\/#organization"},"potentialAction":[{"@type":"SearchAction","target":{"@type":"EntryPoint","urlTemplate":"https:\/\/www.emballagedigest.fr\/?s={search_term_string}"},"query-input":{"@type":"PropertyValueSpecification","valueRequired":true,"valueName":"search_term_string"}}],"inLanguage":"en-GB"},{"@type":"Organization","@id":"https:\/\/www.emballagedigest.fr\/#organization","name":"Emballage Digest","url":"https:\/\/www.emballagedigest.fr\/","logo":{"@type":"ImageObject","inLanguage":"en-GB","@id":"https:\/\/www.emballagedigest.fr\/#\/schema\/logo\/image\/","url":"https:\/\/www.emballagedigest.fr\/wp-content\/uploads\/2022\/07\/logo-ed.png","contentUrl":"https:\/\/www.emballagedigest.fr\/wp-content\/uploads\/2022\/07\/logo-ed.png","width":379,"height":75,"caption":"Emballage Digest"},"image":{"@id":"https:\/\/www.emballagedigest.fr\/#\/schema\/logo\/image\/"}},{"@type":"Person","@id":"https:\/\/www.emballagedigest.fr\/#\/schema\/person\/76abe9f2b2ee4d3d520594c7a35da59f","name":"Karine Duval","image":{"@type":"ImageObject","inLanguage":"en-GB","@id":"https:\/\/www.emballagedigest.fr\/#\/schema\/person\/image\/","url":"https:\/\/secure.gravatar.com\/avatar\/f552799261cdd2e076e6677d780ef07bdb13aa4c196ab75b39abcbcdcae2d4e5?s=96&d=mm&r=g","contentUrl":"https:\/\/secure.gravatar.com\/avatar\/f552799261cdd2e076e6677d780ef07bdb13aa4c196ab75b39abcbcdcae2d4e5?s=96&d=mm&r=g","caption":"Karine Duval"},"url":"https:\/\/www.emballagedigest.fr\/en\/author\/admin_karduv\/"}]}},"_links":{"self":[{"href":"https:\/\/www.emballagedigest.fr\/en\/wp-json\/wp\/v2\/posts\/46747","targetHints":{"allow":["GET"]}}],"collection":[{"href":"https:\/\/www.emballagedigest.fr\/en\/wp-json\/wp\/v2\/posts"}],"about":[{"href":"https:\/\/www.emballagedigest.fr\/en\/wp-json\/wp\/v2\/types\/post"}],"author":[{"embeddable":true,"href":"https:\/\/www.emballagedigest.fr\/en\/wp-json\/wp\/v2\/users\/2"}],"replies":[{"embeddable":true,"href":"https:\/\/www.emballagedigest.fr\/en\/wp-json\/wp\/v2\/comments?post=46747"}],"version-history":[{"count":1,"href":"https:\/\/www.emballagedigest.fr\/en\/wp-json\/wp\/v2\/posts\/46747\/revisions"}],"predecessor-version":[{"id":46749,"href":"https:\/\/www.emballagedigest.fr\/en\/wp-json\/wp\/v2\/posts\/46747\/revisions\/46749"}],"wp:featuredmedia":[{"embeddable":true,"href":"https:\/\/www.emballagedigest.fr\/en\/wp-json\/wp\/v2\/media\/46748"}],"wp:attachment":[{"href":"https:\/\/www.emballagedigest.fr\/en\/wp-json\/wp\/v2\/media?parent=46747"}],"wp:term":[{"taxonomy":"category","embeddable":true,"href":"https:\/\/www.emballagedigest.fr\/en\/wp-json\/wp\/v2\/categories?post=46747"},{"taxonomy":"post_tag","embeddable":true,"href":"https:\/\/www.emballagedigest.fr\/en\/wp-json\/wp\/v2\/tags?post=46747"}],"curies":[{"name":"wp","href":"https:\/\/api.w.org\/{rel}","templated":true}]}}