{"id":46851,"date":"2026-01-27T09:49:10","date_gmt":"2026-01-27T08:49:10","guid":{"rendered":"https:\/\/www.emballagedigest.fr\/?p=46851"},"modified":"2026-01-27T09:49:11","modified_gmt":"2026-01-27T08:49:11","slug":"pgs-simplante-en-italie-avec-un-nouveau-rachat","status":"publish","type":"post","link":"https:\/\/www.emballagedigest.fr\/en\/pgs-simplante-en-italie-avec-un-nouveau-rachat\/","title":{"rendered":"PGS s\u2019implante en Italie avec un nouveau rachat"},"content":{"rendered":"<p><strong>Dans le cadre de son d\u00e9veloppement \u00e0 l\u2019international, le\u00a0Groupe PGS, expert europ\u00e9en de la palette bois neuve et reconditionn\u00e9e, annonce son implantation en\u00a0Italie\u00a0\u00e0 travers l\u2019acquisition de\u00a0Beretta Pallets, entreprise familiale historique situ\u00e9e \u00e0 Mapello, dans la province de Bergame.<\/strong><\/p>\n\n\n\n<p>Fond\u00e9e en 1920 \u00e0 Bergame par Luigi Beretta, Beretta Pallets s\u2019est orient\u00e9e dans les ann\u00e9es 60 dans la fabrication de palettes posant les bases de son activit\u00e9 actuelle. Depuis 2011, la soci\u00e9t\u00e9 est implant\u00e9e \u00e0 Mapello, \u00e0 proximit\u00e9 imm\u00e9diate de Milan et de Brescia, sur un site strat\u00e9gique de 23 500 m\u00b2, dont 6 000 m\u00b2 de b\u00e2timents industriels. Avec cette acquisition, PGS int\u00e8gre une unit\u00e9 combinant production de palettes neuves et reconditionnement de palettes usag\u00e9es, avec une offre standard et sur mesure.<\/p>\n\n\n\n<p>Le groupe PGS a d\u2019ores et d\u00e9j\u00e0 engag\u00e9 d\u2019importants investissements industriels : deux nouvelles lignes de production, des fours de s\u00e9chage et une cabine de peinture seront op\u00e9rationnels d\u00e8s\u00a0mars 2026, renfor\u00e7ant significativement les capacit\u00e9s du site en les triplant pour porter la production annuelle \u00e0 1,5 million de palettes.<\/p>\n\n\n\n<p>Le site de Mapello dispose \u00e9galement de r\u00e9serves fonci\u00e8res pour de futurs d\u00e9veloppements.\u00a0Valerio Ruspino, directeur de Beretta Pallets a en charge le d\u00e9veloppement du groupe sur le march\u00e9 italien tandis que l\u2019\u00e9quipe actuelle de 15 collaborateurs est appel\u00e9e \u00e0 doubler \u00e0 moyen terme.<\/p>\n\n\n\n<p>\u00ab L\u2019Italie \u00e9tait une \u00e9tape logique et strat\u00e9gique pour PGS. La Lombardie est l\u2019un des c\u0153urs industriels de l\u2019Europe et nombre de nos clients internationaux y sont d\u00e9j\u00e0 implant\u00e9s \u00bb, souligne\u00a0Luc Grauwet, pdg du groupe PGS.\u00a0\u00ab Beretta Pallets se distingue par son expertise, la fid\u00e9lit\u00e9 de ses clients et son ADN familial, des valeurs parfaitement align\u00e9es avec celles de PGS \u00bb.<\/p>","protected":false},"excerpt":{"rendered":"<p>Dans le cadre de son d\u00e9veloppement \u00e0 l\u2019international, le\u00a0Groupe PGS, expert europ\u00e9en de la palette bois neuve et reconditionn\u00e9e, annonce son implantation en\u00a0Italie\u00a0\u00e0 travers l\u2019acquisition de\u00a0Beretta Pallets, entreprise familiale historique situ\u00e9e \u00e0 Mapello, dans la province de Bergame. Fond\u00e9e en 1920 \u00e0 Bergame par Luigi Beretta, Beretta Pallets s\u2019est orient\u00e9e dans les ann\u00e9es 60 dans [&hellip;]<\/p>","protected":false},"author":3,"featured_media":46849,"comment_status":"closed","ping_status":"closed","sticky":false,"template":"","format":"standard","meta":{"_acf_changed":false,"inline_featured_image":false,"iawp_total_views":3,"footnotes":""},"categories":[28,11,8],"tags":[],"class_list":["post-46851","post","type-post","status-publish","format-standard","has-post-thumbnail","hentry","category-article-entier","category-emballages","category-industrie"],"acf":[],"yoast_head":"<!-- This site is optimized with the Yoast SEO plugin v24.4 - https:\/\/yoast.com\/wordpress\/plugins\/seo\/ -->\n<title>PGS s\u2019implante en Italie avec un nouveau rachat - Emballage Digest<\/title>\n<meta name=\"robots\" content=\"index, follow, max-snippet:-1, max-image-preview:large, max-video-preview:-1\" \/>\n<link rel=\"canonical\" href=\"https:\/\/www.emballagedigest.fr\/en\/pgs-simplante-en-italie-avec-un-nouveau-rachat\/\" \/>\n<meta property=\"og:locale\" content=\"en_GB\" \/>\n<meta property=\"og:type\" content=\"article\" \/>\n<meta property=\"og:title\" content=\"PGS s\u2019implante en Italie avec un nouveau rachat - Emballage Digest\" \/>\n<meta property=\"og:description\" content=\"Dans le cadre de son d\u00e9veloppement \u00e0 l\u2019international, le\u00a0Groupe PGS, expert europ\u00e9en de la palette bois neuve et reconditionn\u00e9e, annonce son implantation en\u00a0Italie\u00a0\u00e0 travers l\u2019acquisition de\u00a0Beretta Pallets, entreprise familiale historique situ\u00e9e \u00e0 Mapello, dans la province de Bergame. Fond\u00e9e en 1920 \u00e0 Bergame par Luigi Beretta, Beretta Pallets s\u2019est orient\u00e9e dans les ann\u00e9es 60 dans [&hellip;]\" \/>\n<meta property=\"og:url\" content=\"https:\/\/www.emballagedigest.fr\/en\/pgs-simplante-en-italie-avec-un-nouveau-rachat\/\" \/>\n<meta property=\"og:site_name\" content=\"Emballage Digest\" \/>\n<meta property=\"article:published_time\" content=\"2026-01-27T08:49:10+00:00\" \/>\n<meta property=\"article:modified_time\" content=\"2026-01-27T08:49:11+00:00\" \/>\n<meta property=\"og:image\" content=\"https:\/\/www.emballagedigest.fr\/wp-content\/uploads\/2026\/01\/PGS-italie.jpg\" \/>\n\t<meta property=\"og:image:width\" content=\"404\" \/>\n\t<meta property=\"og:image:height\" content=\"289\" \/>\n\t<meta property=\"og:image:type\" content=\"image\/jpeg\" \/>\n<meta name=\"author\" content=\"Doria Maiz\" \/>\n<meta name=\"twitter:card\" content=\"summary_large_image\" \/>\n<meta name=\"twitter:label1\" content=\"Written by\" \/>\n\t<meta name=\"twitter:data1\" content=\"Doria Maiz\" \/>\n\t<meta name=\"twitter:label2\" content=\"Estimated reading time\" \/>\n\t<meta name=\"twitter:data2\" content=\"2 minutes\" \/>\n<script type=\"application\/ld+json\" class=\"yoast-schema-graph\">{\"@context\":\"https:\/\/schema.org\",\"@graph\":[{\"@type\":\"Article\",\"@id\":\"https:\/\/www.emballagedigest.fr\/pgs-simplante-en-italie-avec-un-nouveau-rachat\/#article\",\"isPartOf\":{\"@id\":\"https:\/\/www.emballagedigest.fr\/pgs-simplante-en-italie-avec-un-nouveau-rachat\/\"},\"author\":{\"name\":\"Doria Maiz\",\"@id\":\"https:\/\/www.emballagedigest.fr\/#\/schema\/person\/3aab00a16f4538367d9b3419c982ab4f\"},\"headline\":\"PGS s\u2019implante en Italie avec un nouveau rachat\",\"datePublished\":\"2026-01-27T08:49:10+00:00\",\"dateModified\":\"2026-01-27T08:49:11+00:00\",\"mainEntityOfPage\":{\"@id\":\"https:\/\/www.emballagedigest.fr\/pgs-simplante-en-italie-avec-un-nouveau-rachat\/\"},\"wordCount\":307,\"publisher\":{\"@id\":\"https:\/\/www.emballagedigest.fr\/#organization\"},\"image\":{\"@id\":\"https:\/\/www.emballagedigest.fr\/pgs-simplante-en-italie-avec-un-nouveau-rachat\/#primaryimage\"},\"thumbnailUrl\":\"https:\/\/www.emballagedigest.fr\/wp-content\/uploads\/2026\/01\/PGS-italie.jpg\",\"articleSection\":[\"Article entier\",\"Emballages\",\"Industrie\"],\"inLanguage\":\"en-GB\"},{\"@type\":\"WebPage\",\"@id\":\"https:\/\/www.emballagedigest.fr\/pgs-simplante-en-italie-avec-un-nouveau-rachat\/\",\"url\":\"https:\/\/www.emballagedigest.fr\/pgs-simplante-en-italie-avec-un-nouveau-rachat\/\",\"name\":\"PGS s\u2019implante en Italie avec un nouveau rachat - Emballage Digest\",\"isPartOf\":{\"@id\":\"https:\/\/www.emballagedigest.fr\/#website\"},\"primaryImageOfPage\":{\"@id\":\"https:\/\/www.emballagedigest.fr\/pgs-simplante-en-italie-avec-un-nouveau-rachat\/#primaryimage\"},\"image\":{\"@id\":\"https:\/\/www.emballagedigest.fr\/pgs-simplante-en-italie-avec-un-nouveau-rachat\/#primaryimage\"},\"thumbnailUrl\":\"https:\/\/www.emballagedigest.fr\/wp-content\/uploads\/2026\/01\/PGS-italie.jpg\",\"datePublished\":\"2026-01-27T08:49:10+00:00\",\"dateModified\":\"2026-01-27T08:49:11+00:00\",\"breadcrumb\":{\"@id\":\"https:\/\/www.emballagedigest.fr\/pgs-simplante-en-italie-avec-un-nouveau-rachat\/#breadcrumb\"},\"inLanguage\":\"en-GB\",\"potentialAction\":[{\"@type\":\"ReadAction\",\"target\":[\"https:\/\/www.emballagedigest.fr\/pgs-simplante-en-italie-avec-un-nouveau-rachat\/\"]}]},{\"@type\":\"ImageObject\",\"inLanguage\":\"en-GB\",\"@id\":\"https:\/\/www.emballagedigest.fr\/pgs-simplante-en-italie-avec-un-nouveau-rachat\/#primaryimage\",\"url\":\"https:\/\/www.emballagedigest.fr\/wp-content\/uploads\/2026\/01\/PGS-italie.jpg\",\"contentUrl\":\"https:\/\/www.emballagedigest.fr\/wp-content\/uploads\/2026\/01\/PGS-italie.jpg\",\"width\":404,\"height\":289},{\"@type\":\"BreadcrumbList\",\"@id\":\"https:\/\/www.emballagedigest.fr\/pgs-simplante-en-italie-avec-un-nouveau-rachat\/#breadcrumb\",\"itemListElement\":[{\"@type\":\"ListItem\",\"position\":1,\"name\":\"Accueil\",\"item\":\"https:\/\/www.emballagedigest.fr\/\"},{\"@type\":\"ListItem\",\"position\":2,\"name\":\"PGS s\u2019implante en Italie avec un nouveau rachat\"}]},{\"@type\":\"WebSite\",\"@id\":\"https:\/\/www.emballagedigest.fr\/#website\",\"url\":\"https:\/\/www.emballagedigest.fr\/\",\"name\":\"Emballage Digest\",\"description\":\"Revue professionnelle sur les emballages\",\"publisher\":{\"@id\":\"https:\/\/www.emballagedigest.fr\/#organization\"},\"potentialAction\":[{\"@type\":\"SearchAction\",\"target\":{\"@type\":\"EntryPoint\",\"urlTemplate\":\"https:\/\/www.emballagedigest.fr\/?s={search_term_string}\"},\"query-input\":{\"@type\":\"PropertyValueSpecification\",\"valueRequired\":true,\"valueName\":\"search_term_string\"}}],\"inLanguage\":\"en-GB\"},{\"@type\":\"Organization\",\"@id\":\"https:\/\/www.emballagedigest.fr\/#organization\",\"name\":\"Emballage Digest\",\"url\":\"https:\/\/www.emballagedigest.fr\/\",\"logo\":{\"@type\":\"ImageObject\",\"inLanguage\":\"en-GB\",\"@id\":\"https:\/\/www.emballagedigest.fr\/#\/schema\/logo\/image\/\",\"url\":\"https:\/\/www.emballagedigest.fr\/wp-content\/uploads\/2022\/07\/logo-ed.png\",\"contentUrl\":\"https:\/\/www.emballagedigest.fr\/wp-content\/uploads\/2022\/07\/logo-ed.png\",\"width\":379,\"height\":75,\"caption\":\"Emballage Digest\"},\"image\":{\"@id\":\"https:\/\/www.emballagedigest.fr\/#\/schema\/logo\/image\/\"}},{\"@type\":\"Person\",\"@id\":\"https:\/\/www.emballagedigest.fr\/#\/schema\/person\/3aab00a16f4538367d9b3419c982ab4f\",\"name\":\"Doria Maiz\",\"image\":{\"@type\":\"ImageObject\",\"inLanguage\":\"en-GB\",\"@id\":\"https:\/\/www.emballagedigest.fr\/#\/schema\/person\/image\/\",\"url\":\"https:\/\/secure.gravatar.com\/avatar\/2b761151bcc60015625feb1703055a0f1f4ca8ab7d9ffade5ea6d9e57579d4ac?s=96&d=mm&r=g\",\"contentUrl\":\"https:\/\/secure.gravatar.com\/avatar\/2b761151bcc60015625feb1703055a0f1f4ca8ab7d9ffade5ea6d9e57579d4ac?s=96&d=mm&r=g\",\"caption\":\"Doria Maiz\"},\"url\":\"https:\/\/www.emballagedigest.fr\/en\/author\/admin_dormai\/\"}]}<\/script>\n<!-- \/ Yoast SEO plugin. -->","yoast_head_json":{"title":"PGS s\u2019implante en Italie avec un nouveau rachat - Emballage Digest","robots":{"index":"index","follow":"follow","max-snippet":"max-snippet:-1","max-image-preview":"max-image-preview:large","max-video-preview":"max-video-preview:-1"},"canonical":"https:\/\/www.emballagedigest.fr\/en\/pgs-simplante-en-italie-avec-un-nouveau-rachat\/","og_locale":"en_GB","og_type":"article","og_title":"PGS s\u2019implante en Italie avec un nouveau rachat - Emballage Digest","og_description":"Dans le cadre de son d\u00e9veloppement \u00e0 l\u2019international, le\u00a0Groupe PGS, expert europ\u00e9en de la palette bois neuve et reconditionn\u00e9e, annonce son implantation en\u00a0Italie\u00a0\u00e0 travers l\u2019acquisition de\u00a0Beretta Pallets, entreprise familiale historique situ\u00e9e \u00e0 Mapello, dans la province de Bergame. Fond\u00e9e en 1920 \u00e0 Bergame par Luigi Beretta, Beretta Pallets s\u2019est orient\u00e9e dans les ann\u00e9es 60 dans [&hellip;]","og_url":"https:\/\/www.emballagedigest.fr\/en\/pgs-simplante-en-italie-avec-un-nouveau-rachat\/","og_site_name":"Emballage Digest","article_published_time":"2026-01-27T08:49:10+00:00","article_modified_time":"2026-01-27T08:49:11+00:00","og_image":[{"width":404,"height":289,"url":"https:\/\/www.emballagedigest.fr\/wp-content\/uploads\/2026\/01\/PGS-italie.jpg","type":"image\/jpeg"}],"author":"Doria Maiz","twitter_card":"summary_large_image","twitter_misc":{"Written by":"Doria Maiz","Estimated reading time":"2 minutes"},"schema":{"@context":"https:\/\/schema.org","@graph":[{"@type":"Article","@id":"https:\/\/www.emballagedigest.fr\/pgs-simplante-en-italie-avec-un-nouveau-rachat\/#article","isPartOf":{"@id":"https:\/\/www.emballagedigest.fr\/pgs-simplante-en-italie-avec-un-nouveau-rachat\/"},"author":{"name":"Doria Maiz","@id":"https:\/\/www.emballagedigest.fr\/#\/schema\/person\/3aab00a16f4538367d9b3419c982ab4f"},"headline":"PGS s\u2019implante en Italie avec un nouveau rachat","datePublished":"2026-01-27T08:49:10+00:00","dateModified":"2026-01-27T08:49:11+00:00","mainEntityOfPage":{"@id":"https:\/\/www.emballagedigest.fr\/pgs-simplante-en-italie-avec-un-nouveau-rachat\/"},"wordCount":307,"publisher":{"@id":"https:\/\/www.emballagedigest.fr\/#organization"},"image":{"@id":"https:\/\/www.emballagedigest.fr\/pgs-simplante-en-italie-avec-un-nouveau-rachat\/#primaryimage"},"thumbnailUrl":"https:\/\/www.emballagedigest.fr\/wp-content\/uploads\/2026\/01\/PGS-italie.jpg","articleSection":["Article entier","Emballages","Industrie"],"inLanguage":"en-GB"},{"@type":"WebPage","@id":"https:\/\/www.emballagedigest.fr\/pgs-simplante-en-italie-avec-un-nouveau-rachat\/","url":"https:\/\/www.emballagedigest.fr\/pgs-simplante-en-italie-avec-un-nouveau-rachat\/","name":"PGS s\u2019implante en Italie avec un nouveau rachat - Emballage Digest","isPartOf":{"@id":"https:\/\/www.emballagedigest.fr\/#website"},"primaryImageOfPage":{"@id":"https:\/\/www.emballagedigest.fr\/pgs-simplante-en-italie-avec-un-nouveau-rachat\/#primaryimage"},"image":{"@id":"https:\/\/www.emballagedigest.fr\/pgs-simplante-en-italie-avec-un-nouveau-rachat\/#primaryimage"},"thumbnailUrl":"https:\/\/www.emballagedigest.fr\/wp-content\/uploads\/2026\/01\/PGS-italie.jpg","datePublished":"2026-01-27T08:49:10+00:00","dateModified":"2026-01-27T08:49:11+00:00","breadcrumb":{"@id":"https:\/\/www.emballagedigest.fr\/pgs-simplante-en-italie-avec-un-nouveau-rachat\/#breadcrumb"},"inLanguage":"en-GB","potentialAction":[{"@type":"ReadAction","target":["https:\/\/www.emballagedigest.fr\/pgs-simplante-en-italie-avec-un-nouveau-rachat\/"]}]},{"@type":"ImageObject","inLanguage":"en-GB","@id":"https:\/\/www.emballagedigest.fr\/pgs-simplante-en-italie-avec-un-nouveau-rachat\/#primaryimage","url":"https:\/\/www.emballagedigest.fr\/wp-content\/uploads\/2026\/01\/PGS-italie.jpg","contentUrl":"https:\/\/www.emballagedigest.fr\/wp-content\/uploads\/2026\/01\/PGS-italie.jpg","width":404,"height":289},{"@type":"BreadcrumbList","@id":"https:\/\/www.emballagedigest.fr\/pgs-simplante-en-italie-avec-un-nouveau-rachat\/#breadcrumb","itemListElement":[{"@type":"ListItem","position":1,"name":"Accueil","item":"https:\/\/www.emballagedigest.fr\/"},{"@type":"ListItem","position":2,"name":"PGS s\u2019implante en Italie avec un nouveau rachat"}]},{"@type":"WebSite","@id":"https:\/\/www.emballagedigest.fr\/#website","url":"https:\/\/www.emballagedigest.fr\/","name":"Emballage Digest","description":"Revue professionnelle sur les emballages","publisher":{"@id":"https:\/\/www.emballagedigest.fr\/#organization"},"potentialAction":[{"@type":"SearchAction","target":{"@type":"EntryPoint","urlTemplate":"https:\/\/www.emballagedigest.fr\/?s={search_term_string}"},"query-input":{"@type":"PropertyValueSpecification","valueRequired":true,"valueName":"search_term_string"}}],"inLanguage":"en-GB"},{"@type":"Organization","@id":"https:\/\/www.emballagedigest.fr\/#organization","name":"Emballage Digest","url":"https:\/\/www.emballagedigest.fr\/","logo":{"@type":"ImageObject","inLanguage":"en-GB","@id":"https:\/\/www.emballagedigest.fr\/#\/schema\/logo\/image\/","url":"https:\/\/www.emballagedigest.fr\/wp-content\/uploads\/2022\/07\/logo-ed.png","contentUrl":"https:\/\/www.emballagedigest.fr\/wp-content\/uploads\/2022\/07\/logo-ed.png","width":379,"height":75,"caption":"Emballage Digest"},"image":{"@id":"https:\/\/www.emballagedigest.fr\/#\/schema\/logo\/image\/"}},{"@type":"Person","@id":"https:\/\/www.emballagedigest.fr\/#\/schema\/person\/3aab00a16f4538367d9b3419c982ab4f","name":"Doria Maiz","image":{"@type":"ImageObject","inLanguage":"en-GB","@id":"https:\/\/www.emballagedigest.fr\/#\/schema\/person\/image\/","url":"https:\/\/secure.gravatar.com\/avatar\/2b761151bcc60015625feb1703055a0f1f4ca8ab7d9ffade5ea6d9e57579d4ac?s=96&d=mm&r=g","contentUrl":"https:\/\/secure.gravatar.com\/avatar\/2b761151bcc60015625feb1703055a0f1f4ca8ab7d9ffade5ea6d9e57579d4ac?s=96&d=mm&r=g","caption":"Doria Maiz"},"url":"https:\/\/www.emballagedigest.fr\/en\/author\/admin_dormai\/"}]}},"_links":{"self":[{"href":"https:\/\/www.emballagedigest.fr\/en\/wp-json\/wp\/v2\/posts\/46851","targetHints":{"allow":["GET"]}}],"collection":[{"href":"https:\/\/www.emballagedigest.fr\/en\/wp-json\/wp\/v2\/posts"}],"about":[{"href":"https:\/\/www.emballagedigest.fr\/en\/wp-json\/wp\/v2\/types\/post"}],"author":[{"embeddable":true,"href":"https:\/\/www.emballagedigest.fr\/en\/wp-json\/wp\/v2\/users\/3"}],"replies":[{"embeddable":true,"href":"https:\/\/www.emballagedigest.fr\/en\/wp-json\/wp\/v2\/comments?post=46851"}],"version-history":[{"count":1,"href":"https:\/\/www.emballagedigest.fr\/en\/wp-json\/wp\/v2\/posts\/46851\/revisions"}],"predecessor-version":[{"id":46852,"href":"https:\/\/www.emballagedigest.fr\/en\/wp-json\/wp\/v2\/posts\/46851\/revisions\/46852"}],"wp:featuredmedia":[{"embeddable":true,"href":"https:\/\/www.emballagedigest.fr\/en\/wp-json\/wp\/v2\/media\/46849"}],"wp:attachment":[{"href":"https:\/\/www.emballagedigest.fr\/en\/wp-json\/wp\/v2\/media?parent=46851"}],"wp:term":[{"taxonomy":"category","embeddable":true,"href":"https:\/\/www.emballagedigest.fr\/en\/wp-json\/wp\/v2\/categories?post=46851"},{"taxonomy":"post_tag","embeddable":true,"href":"https:\/\/www.emballagedigest.fr\/en\/wp-json\/wp\/v2\/tags?post=46851"}],"curies":[{"name":"wp","href":"https:\/\/api.w.org\/{rel}","templated":true}]}}