{"id":46856,"date":"2026-01-28T08:27:21","date_gmt":"2026-01-28T07:27:21","guid":{"rendered":"https:\/\/www.emballagedigest.fr\/?p=46856"},"modified":"2026-01-28T08:27:22","modified_gmt":"2026-01-28T07:27:22","slug":"nicolas-chevrier-nomme-a-la-direction-commerciale-et-marketing-de-verallia-france","status":"publish","type":"post","link":"https:\/\/www.emballagedigest.fr\/en\/nicolas-chevrier-nomme-a-la-direction-commerciale-et-marketing-de-verallia-france\/","title":{"rendered":"Nicolas Chevrier nomm\u00e9 \u00e0 la direction commerciale et marketing de Verallia France"},"content":{"rendered":"<p><strong>Verallia France annonce la nomination de Nicolas Chevrier au poste de directeur commercial et marketing France. Il int\u00e8gre ainsi le Comit\u00e9 de Direction de Verallia France Verallia, 1er producteur europ\u00e9en et 3e producteur mondial d\u2019emballages en verre pour les boissons et les produits alimentaires.<\/strong><\/p>\n\n\n\n<p>Nicolas Chevrier est notamment charg\u00e9 de valoriser le savoir-faire fran\u00e7ais de Verallia, de renforcer la proximit\u00e9 avec les clients sur l\u2019ensemble du territoire et de continuer \u00e0 d\u00e9velopper l\u2019innovation. En lien avec la feuille de route ESG du Groupe, il a \u00e9galement pour mission de poursuivre la d\u00e9carbonation des activit\u00e9s \u2013 via l\u2019all\u00e8gement des bouteilles, le d\u00e9veloppement du r\u00e9emploi ou encore l\u2019accompagnement des clients dans leur transition durable.<\/p>\n\n\n\n<p>Fort d\u2019une exp\u00e9rience de 20 ans sur des fonctions commerciales et manag\u00e9riales au sein de grands groupes industriels en France et \u00e0 l\u2019international, Nicolas Chevrier d\u00e9bute sa carri\u00e8re dans l\u2019industrie automobile chez PSA Peugeot Citro\u00ebn, avant d\u2019\u00e9voluer pendant 11 ans dans l\u2019industrie agroalimentaire au sein du groupe allemand S\u00fcdzucker (propri\u00e9taire de Saint Louis Sucre en France). Il rejoint ensuite Verallia en 2022 en tant que Directeur des march\u00e9s spiritueux, bi\u00e8res et boissons non alcoolis\u00e9es, avant de prendre \u00e9galement la responsabilit\u00e9 du march\u00e9 Cognac en 2025. Tout au long de son parcours, il a su d\u00e9velopper \u00e0 la fois ses \u00e9quipes et les relations avec des clients grands comptes op\u00e9rant sur des march\u00e9s \u00e0 forts enjeux RSE. Il est dipl\u00f4m\u00e9 d\u2019un Master en Management de l\u2019EM Lyon Business School.<\/p>\n\n\n\n<p>\u00ab Nous sommes tr\u00e8s heureux d\u2019accueillir Nicolas Chevrier au poste de Directeur Commercial et Marketing France. Sa vision strat\u00e9gique, sa connaissance fine des march\u00e9s alimentaires et boissons et sa capacit\u00e9 \u00e0 construire des relations p\u00e9rennes avec nos diff\u00e9rents partenaires sont des atouts cl\u00e9s pour poursuivre la dynamique de croissance et accompagner nos clients tout en contribuant \u00e0 faire du verre le mat\u00e9riau le plus durable au monde \u00bb, a comment\u00e9 Pierre-Henri Desportes, pr\u00e9sident de Verallia France.<\/p>","protected":false},"excerpt":{"rendered":"<p>Verallia France annonce la nomination de Nicolas Chevrier au poste de directeur commercial et marketing France. Il int\u00e8gre ainsi le Comit\u00e9 de Direction de Verallia France Verallia, 1er producteur europ\u00e9en et 3e producteur mondial d\u2019emballages en verre pour les boissons et les produits alimentaires. Nicolas Chevrier est notamment charg\u00e9 de valoriser le savoir-faire fran\u00e7ais de [&hellip;]<\/p>","protected":false},"author":3,"featured_media":46857,"comment_status":"closed","ping_status":"closed","sticky":false,"template":"","format":"standard","meta":{"_acf_changed":false,"inline_featured_image":false,"iawp_total_views":5,"footnotes":""},"categories":[28,8,10],"tags":[],"class_list":["post-46856","post","type-post","status-publish","format-standard","has-post-thumbnail","hentry","category-article-entier","category-industrie","category-materiaux"],"acf":[],"yoast_head":"<!-- This site is optimized with the Yoast SEO plugin v24.4 - https:\/\/yoast.com\/wordpress\/plugins\/seo\/ -->\n<title>Nicolas Chevrier nomm\u00e9 \u00e0 la direction commerciale et marketing de Verallia France - Emballage Digest<\/title>\n<meta name=\"robots\" content=\"index, follow, max-snippet:-1, max-image-preview:large, max-video-preview:-1\" \/>\n<link rel=\"canonical\" href=\"https:\/\/www.emballagedigest.fr\/en\/nicolas-chevrier-nomme-a-la-direction-commerciale-et-marketing-de-verallia-france\/\" \/>\n<meta property=\"og:locale\" content=\"en_GB\" \/>\n<meta property=\"og:type\" content=\"article\" \/>\n<meta property=\"og:title\" content=\"Nicolas Chevrier nomm\u00e9 \u00e0 la direction commerciale et marketing de Verallia France - Emballage Digest\" \/>\n<meta property=\"og:description\" content=\"Verallia France annonce la nomination de Nicolas Chevrier au poste de directeur commercial et marketing France. Il int\u00e8gre ainsi le Comit\u00e9 de Direction de Verallia France Verallia, 1er producteur europ\u00e9en et 3e producteur mondial d\u2019emballages en verre pour les boissons et les produits alimentaires. Nicolas Chevrier est notamment charg\u00e9 de valoriser le savoir-faire fran\u00e7ais de [&hellip;]\" \/>\n<meta property=\"og:url\" content=\"https:\/\/www.emballagedigest.fr\/en\/nicolas-chevrier-nomme-a-la-direction-commerciale-et-marketing-de-verallia-france\/\" \/>\n<meta property=\"og:site_name\" content=\"Emballage Digest\" \/>\n<meta property=\"article:published_time\" content=\"2026-01-28T07:27:21+00:00\" \/>\n<meta property=\"article:modified_time\" content=\"2026-01-28T07:27:22+00:00\" \/>\n<meta property=\"og:image\" content=\"https:\/\/www.emballagedigest.fr\/wp-content\/uploads\/2026\/01\/Verallia-onboard-2024_trombi-013-HD-scaled.jpg\" \/>\n\t<meta property=\"og:image:width\" content=\"2560\" \/>\n\t<meta property=\"og:image:height\" content=\"2560\" \/>\n\t<meta property=\"og:image:type\" content=\"image\/jpeg\" \/>\n<meta name=\"author\" content=\"Doria Maiz\" \/>\n<meta name=\"twitter:card\" content=\"summary_large_image\" \/>\n<meta name=\"twitter:label1\" content=\"Written by\" \/>\n\t<meta name=\"twitter:data1\" content=\"Doria Maiz\" \/>\n\t<meta name=\"twitter:label2\" content=\"Estimated reading time\" \/>\n\t<meta name=\"twitter:data2\" content=\"2 minutes\" \/>\n<script type=\"application\/ld+json\" class=\"yoast-schema-graph\">{\"@context\":\"https:\/\/schema.org\",\"@graph\":[{\"@type\":\"Article\",\"@id\":\"https:\/\/www.emballagedigest.fr\/nicolas-chevrier-nomme-a-la-direction-commerciale-et-marketing-de-verallia-france\/#article\",\"isPartOf\":{\"@id\":\"https:\/\/www.emballagedigest.fr\/nicolas-chevrier-nomme-a-la-direction-commerciale-et-marketing-de-verallia-france\/\"},\"author\":{\"name\":\"Doria Maiz\",\"@id\":\"https:\/\/www.emballagedigest.fr\/#\/schema\/person\/3aab00a16f4538367d9b3419c982ab4f\"},\"headline\":\"Nicolas Chevrier nomm\u00e9 \u00e0 la direction commerciale et marketing de Verallia France\",\"datePublished\":\"2026-01-28T07:27:21+00:00\",\"dateModified\":\"2026-01-28T07:27:22+00:00\",\"mainEntityOfPage\":{\"@id\":\"https:\/\/www.emballagedigest.fr\/nicolas-chevrier-nomme-a-la-direction-commerciale-et-marketing-de-verallia-france\/\"},\"wordCount\":358,\"publisher\":{\"@id\":\"https:\/\/www.emballagedigest.fr\/#organization\"},\"image\":{\"@id\":\"https:\/\/www.emballagedigest.fr\/nicolas-chevrier-nomme-a-la-direction-commerciale-et-marketing-de-verallia-france\/#primaryimage\"},\"thumbnailUrl\":\"https:\/\/www.emballagedigest.fr\/wp-content\/uploads\/2026\/01\/Verallia-onboard-2024_trombi-013-HD-scaled.jpg\",\"articleSection\":[\"Article entier\",\"Industrie\",\"Mat\u00e9riaux\"],\"inLanguage\":\"en-GB\"},{\"@type\":\"WebPage\",\"@id\":\"https:\/\/www.emballagedigest.fr\/nicolas-chevrier-nomme-a-la-direction-commerciale-et-marketing-de-verallia-france\/\",\"url\":\"https:\/\/www.emballagedigest.fr\/nicolas-chevrier-nomme-a-la-direction-commerciale-et-marketing-de-verallia-france\/\",\"name\":\"Nicolas Chevrier nomm\u00e9 \u00e0 la direction commerciale et marketing de Verallia France - Emballage Digest\",\"isPartOf\":{\"@id\":\"https:\/\/www.emballagedigest.fr\/#website\"},\"primaryImageOfPage\":{\"@id\":\"https:\/\/www.emballagedigest.fr\/nicolas-chevrier-nomme-a-la-direction-commerciale-et-marketing-de-verallia-france\/#primaryimage\"},\"image\":{\"@id\":\"https:\/\/www.emballagedigest.fr\/nicolas-chevrier-nomme-a-la-direction-commerciale-et-marketing-de-verallia-france\/#primaryimage\"},\"thumbnailUrl\":\"https:\/\/www.emballagedigest.fr\/wp-content\/uploads\/2026\/01\/Verallia-onboard-2024_trombi-013-HD-scaled.jpg\",\"datePublished\":\"2026-01-28T07:27:21+00:00\",\"dateModified\":\"2026-01-28T07:27:22+00:00\",\"breadcrumb\":{\"@id\":\"https:\/\/www.emballagedigest.fr\/nicolas-chevrier-nomme-a-la-direction-commerciale-et-marketing-de-verallia-france\/#breadcrumb\"},\"inLanguage\":\"en-GB\",\"potentialAction\":[{\"@type\":\"ReadAction\",\"target\":[\"https:\/\/www.emballagedigest.fr\/nicolas-chevrier-nomme-a-la-direction-commerciale-et-marketing-de-verallia-france\/\"]}]},{\"@type\":\"ImageObject\",\"inLanguage\":\"en-GB\",\"@id\":\"https:\/\/www.emballagedigest.fr\/nicolas-chevrier-nomme-a-la-direction-commerciale-et-marketing-de-verallia-france\/#primaryimage\",\"url\":\"https:\/\/www.emballagedigest.fr\/wp-content\/uploads\/2026\/01\/Verallia-onboard-2024_trombi-013-HD-scaled.jpg\",\"contentUrl\":\"https:\/\/www.emballagedigest.fr\/wp-content\/uploads\/2026\/01\/Verallia-onboard-2024_trombi-013-HD-scaled.jpg\",\"width\":2560,\"height\":2560},{\"@type\":\"BreadcrumbList\",\"@id\":\"https:\/\/www.emballagedigest.fr\/nicolas-chevrier-nomme-a-la-direction-commerciale-et-marketing-de-verallia-france\/#breadcrumb\",\"itemListElement\":[{\"@type\":\"ListItem\",\"position\":1,\"name\":\"Accueil\",\"item\":\"https:\/\/www.emballagedigest.fr\/\"},{\"@type\":\"ListItem\",\"position\":2,\"name\":\"Nicolas Chevrier nomm\u00e9 \u00e0 la direction commerciale et marketing de Verallia France\"}]},{\"@type\":\"WebSite\",\"@id\":\"https:\/\/www.emballagedigest.fr\/#website\",\"url\":\"https:\/\/www.emballagedigest.fr\/\",\"name\":\"Emballage Digest\",\"description\":\"Revue professionnelle sur les emballages\",\"publisher\":{\"@id\":\"https:\/\/www.emballagedigest.fr\/#organization\"},\"potentialAction\":[{\"@type\":\"SearchAction\",\"target\":{\"@type\":\"EntryPoint\",\"urlTemplate\":\"https:\/\/www.emballagedigest.fr\/?s={search_term_string}\"},\"query-input\":{\"@type\":\"PropertyValueSpecification\",\"valueRequired\":true,\"valueName\":\"search_term_string\"}}],\"inLanguage\":\"en-GB\"},{\"@type\":\"Organization\",\"@id\":\"https:\/\/www.emballagedigest.fr\/#organization\",\"name\":\"Emballage Digest\",\"url\":\"https:\/\/www.emballagedigest.fr\/\",\"logo\":{\"@type\":\"ImageObject\",\"inLanguage\":\"en-GB\",\"@id\":\"https:\/\/www.emballagedigest.fr\/#\/schema\/logo\/image\/\",\"url\":\"https:\/\/www.emballagedigest.fr\/wp-content\/uploads\/2022\/07\/logo-ed.png\",\"contentUrl\":\"https:\/\/www.emballagedigest.fr\/wp-content\/uploads\/2022\/07\/logo-ed.png\",\"width\":379,\"height\":75,\"caption\":\"Emballage Digest\"},\"image\":{\"@id\":\"https:\/\/www.emballagedigest.fr\/#\/schema\/logo\/image\/\"}},{\"@type\":\"Person\",\"@id\":\"https:\/\/www.emballagedigest.fr\/#\/schema\/person\/3aab00a16f4538367d9b3419c982ab4f\",\"name\":\"Doria Maiz\",\"image\":{\"@type\":\"ImageObject\",\"inLanguage\":\"en-GB\",\"@id\":\"https:\/\/www.emballagedigest.fr\/#\/schema\/person\/image\/\",\"url\":\"https:\/\/secure.gravatar.com\/avatar\/2b761151bcc60015625feb1703055a0f1f4ca8ab7d9ffade5ea6d9e57579d4ac?s=96&d=mm&r=g\",\"contentUrl\":\"https:\/\/secure.gravatar.com\/avatar\/2b761151bcc60015625feb1703055a0f1f4ca8ab7d9ffade5ea6d9e57579d4ac?s=96&d=mm&r=g\",\"caption\":\"Doria Maiz\"},\"url\":\"https:\/\/www.emballagedigest.fr\/en\/author\/admin_dormai\/\"}]}<\/script>\n<!-- \/ Yoast SEO plugin. -->","yoast_head_json":{"title":"Nicolas Chevrier nomm\u00e9 \u00e0 la direction commerciale et marketing de Verallia France - Emballage Digest","robots":{"index":"index","follow":"follow","max-snippet":"max-snippet:-1","max-image-preview":"max-image-preview:large","max-video-preview":"max-video-preview:-1"},"canonical":"https:\/\/www.emballagedigest.fr\/en\/nicolas-chevrier-nomme-a-la-direction-commerciale-et-marketing-de-verallia-france\/","og_locale":"en_GB","og_type":"article","og_title":"Nicolas Chevrier nomm\u00e9 \u00e0 la direction commerciale et marketing de Verallia France - Emballage Digest","og_description":"Verallia France annonce la nomination de Nicolas Chevrier au poste de directeur commercial et marketing France. Il int\u00e8gre ainsi le Comit\u00e9 de Direction de Verallia France Verallia, 1er producteur europ\u00e9en et 3e producteur mondial d\u2019emballages en verre pour les boissons et les produits alimentaires. Nicolas Chevrier est notamment charg\u00e9 de valoriser le savoir-faire fran\u00e7ais de [&hellip;]","og_url":"https:\/\/www.emballagedigest.fr\/en\/nicolas-chevrier-nomme-a-la-direction-commerciale-et-marketing-de-verallia-france\/","og_site_name":"Emballage Digest","article_published_time":"2026-01-28T07:27:21+00:00","article_modified_time":"2026-01-28T07:27:22+00:00","og_image":[{"width":2560,"height":2560,"url":"https:\/\/www.emballagedigest.fr\/wp-content\/uploads\/2026\/01\/Verallia-onboard-2024_trombi-013-HD-scaled.jpg","type":"image\/jpeg"}],"author":"Doria Maiz","twitter_card":"summary_large_image","twitter_misc":{"Written by":"Doria Maiz","Estimated reading time":"2 minutes"},"schema":{"@context":"https:\/\/schema.org","@graph":[{"@type":"Article","@id":"https:\/\/www.emballagedigest.fr\/nicolas-chevrier-nomme-a-la-direction-commerciale-et-marketing-de-verallia-france\/#article","isPartOf":{"@id":"https:\/\/www.emballagedigest.fr\/nicolas-chevrier-nomme-a-la-direction-commerciale-et-marketing-de-verallia-france\/"},"author":{"name":"Doria Maiz","@id":"https:\/\/www.emballagedigest.fr\/#\/schema\/person\/3aab00a16f4538367d9b3419c982ab4f"},"headline":"Nicolas Chevrier nomm\u00e9 \u00e0 la direction commerciale et marketing de Verallia France","datePublished":"2026-01-28T07:27:21+00:00","dateModified":"2026-01-28T07:27:22+00:00","mainEntityOfPage":{"@id":"https:\/\/www.emballagedigest.fr\/nicolas-chevrier-nomme-a-la-direction-commerciale-et-marketing-de-verallia-france\/"},"wordCount":358,"publisher":{"@id":"https:\/\/www.emballagedigest.fr\/#organization"},"image":{"@id":"https:\/\/www.emballagedigest.fr\/nicolas-chevrier-nomme-a-la-direction-commerciale-et-marketing-de-verallia-france\/#primaryimage"},"thumbnailUrl":"https:\/\/www.emballagedigest.fr\/wp-content\/uploads\/2026\/01\/Verallia-onboard-2024_trombi-013-HD-scaled.jpg","articleSection":["Article entier","Industrie","Mat\u00e9riaux"],"inLanguage":"en-GB"},{"@type":"WebPage","@id":"https:\/\/www.emballagedigest.fr\/nicolas-chevrier-nomme-a-la-direction-commerciale-et-marketing-de-verallia-france\/","url":"https:\/\/www.emballagedigest.fr\/nicolas-chevrier-nomme-a-la-direction-commerciale-et-marketing-de-verallia-france\/","name":"Nicolas Chevrier nomm\u00e9 \u00e0 la direction commerciale et marketing de Verallia France - Emballage Digest","isPartOf":{"@id":"https:\/\/www.emballagedigest.fr\/#website"},"primaryImageOfPage":{"@id":"https:\/\/www.emballagedigest.fr\/nicolas-chevrier-nomme-a-la-direction-commerciale-et-marketing-de-verallia-france\/#primaryimage"},"image":{"@id":"https:\/\/www.emballagedigest.fr\/nicolas-chevrier-nomme-a-la-direction-commerciale-et-marketing-de-verallia-france\/#primaryimage"},"thumbnailUrl":"https:\/\/www.emballagedigest.fr\/wp-content\/uploads\/2026\/01\/Verallia-onboard-2024_trombi-013-HD-scaled.jpg","datePublished":"2026-01-28T07:27:21+00:00","dateModified":"2026-01-28T07:27:22+00:00","breadcrumb":{"@id":"https:\/\/www.emballagedigest.fr\/nicolas-chevrier-nomme-a-la-direction-commerciale-et-marketing-de-verallia-france\/#breadcrumb"},"inLanguage":"en-GB","potentialAction":[{"@type":"ReadAction","target":["https:\/\/www.emballagedigest.fr\/nicolas-chevrier-nomme-a-la-direction-commerciale-et-marketing-de-verallia-france\/"]}]},{"@type":"ImageObject","inLanguage":"en-GB","@id":"https:\/\/www.emballagedigest.fr\/nicolas-chevrier-nomme-a-la-direction-commerciale-et-marketing-de-verallia-france\/#primaryimage","url":"https:\/\/www.emballagedigest.fr\/wp-content\/uploads\/2026\/01\/Verallia-onboard-2024_trombi-013-HD-scaled.jpg","contentUrl":"https:\/\/www.emballagedigest.fr\/wp-content\/uploads\/2026\/01\/Verallia-onboard-2024_trombi-013-HD-scaled.jpg","width":2560,"height":2560},{"@type":"BreadcrumbList","@id":"https:\/\/www.emballagedigest.fr\/nicolas-chevrier-nomme-a-la-direction-commerciale-et-marketing-de-verallia-france\/#breadcrumb","itemListElement":[{"@type":"ListItem","position":1,"name":"Accueil","item":"https:\/\/www.emballagedigest.fr\/"},{"@type":"ListItem","position":2,"name":"Nicolas Chevrier nomm\u00e9 \u00e0 la direction commerciale et marketing de Verallia France"}]},{"@type":"WebSite","@id":"https:\/\/www.emballagedigest.fr\/#website","url":"https:\/\/www.emballagedigest.fr\/","name":"Emballage Digest","description":"Revue professionnelle sur les emballages","publisher":{"@id":"https:\/\/www.emballagedigest.fr\/#organization"},"potentialAction":[{"@type":"SearchAction","target":{"@type":"EntryPoint","urlTemplate":"https:\/\/www.emballagedigest.fr\/?s={search_term_string}"},"query-input":{"@type":"PropertyValueSpecification","valueRequired":true,"valueName":"search_term_string"}}],"inLanguage":"en-GB"},{"@type":"Organization","@id":"https:\/\/www.emballagedigest.fr\/#organization","name":"Emballage Digest","url":"https:\/\/www.emballagedigest.fr\/","logo":{"@type":"ImageObject","inLanguage":"en-GB","@id":"https:\/\/www.emballagedigest.fr\/#\/schema\/logo\/image\/","url":"https:\/\/www.emballagedigest.fr\/wp-content\/uploads\/2022\/07\/logo-ed.png","contentUrl":"https:\/\/www.emballagedigest.fr\/wp-content\/uploads\/2022\/07\/logo-ed.png","width":379,"height":75,"caption":"Emballage Digest"},"image":{"@id":"https:\/\/www.emballagedigest.fr\/#\/schema\/logo\/image\/"}},{"@type":"Person","@id":"https:\/\/www.emballagedigest.fr\/#\/schema\/person\/3aab00a16f4538367d9b3419c982ab4f","name":"Doria Maiz","image":{"@type":"ImageObject","inLanguage":"en-GB","@id":"https:\/\/www.emballagedigest.fr\/#\/schema\/person\/image\/","url":"https:\/\/secure.gravatar.com\/avatar\/2b761151bcc60015625feb1703055a0f1f4ca8ab7d9ffade5ea6d9e57579d4ac?s=96&d=mm&r=g","contentUrl":"https:\/\/secure.gravatar.com\/avatar\/2b761151bcc60015625feb1703055a0f1f4ca8ab7d9ffade5ea6d9e57579d4ac?s=96&d=mm&r=g","caption":"Doria Maiz"},"url":"https:\/\/www.emballagedigest.fr\/en\/author\/admin_dormai\/"}]}},"_links":{"self":[{"href":"https:\/\/www.emballagedigest.fr\/en\/wp-json\/wp\/v2\/posts\/46856","targetHints":{"allow":["GET"]}}],"collection":[{"href":"https:\/\/www.emballagedigest.fr\/en\/wp-json\/wp\/v2\/posts"}],"about":[{"href":"https:\/\/www.emballagedigest.fr\/en\/wp-json\/wp\/v2\/types\/post"}],"author":[{"embeddable":true,"href":"https:\/\/www.emballagedigest.fr\/en\/wp-json\/wp\/v2\/users\/3"}],"replies":[{"embeddable":true,"href":"https:\/\/www.emballagedigest.fr\/en\/wp-json\/wp\/v2\/comments?post=46856"}],"version-history":[{"count":1,"href":"https:\/\/www.emballagedigest.fr\/en\/wp-json\/wp\/v2\/posts\/46856\/revisions"}],"predecessor-version":[{"id":46858,"href":"https:\/\/www.emballagedigest.fr\/en\/wp-json\/wp\/v2\/posts\/46856\/revisions\/46858"}],"wp:featuredmedia":[{"embeddable":true,"href":"https:\/\/www.emballagedigest.fr\/en\/wp-json\/wp\/v2\/media\/46857"}],"wp:attachment":[{"href":"https:\/\/www.emballagedigest.fr\/en\/wp-json\/wp\/v2\/media?parent=46856"}],"wp:term":[{"taxonomy":"category","embeddable":true,"href":"https:\/\/www.emballagedigest.fr\/en\/wp-json\/wp\/v2\/categories?post=46856"},{"taxonomy":"post_tag","embeddable":true,"href":"https:\/\/www.emballagedigest.fr\/en\/wp-json\/wp\/v2\/tags?post=46856"}],"curies":[{"name":"wp","href":"https:\/\/api.w.org\/{rel}","templated":true}]}}