{"id":47243,"date":"2026-03-06T08:24:33","date_gmt":"2026-03-06T07:24:33","guid":{"rendered":"https:\/\/www.emballagedigest.fr\/?p=47243"},"modified":"2026-03-06T08:24:34","modified_gmt":"2026-03-06T07:24:34","slug":"leygatech-annonce-lacquisition-dadepack","status":"publish","type":"post","link":"https:\/\/www.emballagedigest.fr\/en\/leygatech-annonce-lacquisition-dadepack\/","title":{"rendered":"Leygatech annonce l\u2019acquisition d\u2019Adepack"},"content":{"rendered":"<p><strong>Le groupe fran\u00e7ais Leygatech, sp\u00e9cialis\u00e9 dans l&rsquo;extrusion de films et gaines de haute technicit\u00e9 destin\u00e9s \u00e0 r\u00e9pondre aux besoins et exigences des emballages alimentaires et pharmaceutiques, annonce l\u2019acquisition d\u2019Adepack et renforce son offre avec un nouveau m\u00e9tier compl\u00e9mentaire pour enrichir l\u2019accompagnement propos\u00e9 \u00e0 ses clients.<\/strong><\/p>\n\n\n\n<p>Bas\u00e9e pr\u00e8s d\u2019Avignon dans le Vaucluse, Adepack est sp\u00e9cialis\u00e9e dans la transformation de films plastiques&nbsp;(essentiellement alimentaires) par perforation, adjonction, impression, complexage, dossage, d\u00e9coupe et bobinage. Avec une capacit\u00e9 de d\u00e9coupe&nbsp;de 100 millions de m\u00e8tres lin\u00e9aires, auxquels s&rsquo;ajoutent plus de 50 millions de m\u00e8tres lin\u00e9aires en macro-perforation, Adepack r\u00e9alise aussi la reprise de bobines mal serr\u00e9es ou mont\u00e9es \u00e0 l&rsquo;envers, le remplacement de mandrins \u00e9cras\u00e9s, et l&rsquo;optimisation des vieux stocks \u00e0 adapter aux nouvelles dimensions.<\/p>\n\n\n\n<p>Dans le cadre de sa strat\u00e9gie de d\u00e9veloppement et afin de proposer un accompagnement toujours plus complet \u00e0 ses clients, Leygatech s\u2019appuiera sur les expertises combin\u00e9es des deux entit\u00e9s pour am\u00e9liorer encore sa qualit\u00e9 de service, tout en consolidant son savoir-faire et son niveau d\u2019expertise dans l\u2019ensemble de ses domaines d\u2019intervention.<\/p>\n\n\n\n<p>Dans le cadre de ce rapprochement, Adepack conservera son identit\u00e9, son savoir-faire et l\u2019ensemble de ses \u00e9quipes. \u00ab&nbsp;La continuit\u00e9 des activit\u00e9s et la qualit\u00e9 des prestations demeurent au c\u0153ur des priorit\u00e9s, afin de garantir aux clients et partenaires un accompagnement optimal. Cette op\u00e9ration n\u2019entra\u00eene aucune modification dans les relations \u00e9tablies avec les clients et partenaires du Groupe. Elle vise avant tout \u00e0 favoriser le partage d\u2019expertises, \u00e0 renforcer les capacit\u00e9s d\u2019accompagnement et \u00e0 cr\u00e9er des synergies au service des projets de chacun&nbsp;\u00bb, indique Leygatech dans un communiqu\u00e9.<\/p>\n\n\n\n<p>\u00ab Cette acquisition constitue une \u00e9tape suppl\u00e9mentaire dans le d\u00e9veloppement de notre groupe. Elle nous permet de compl\u00e9ter notre offre tout en continuant \u00e0 proposer \u00e0 nos clients un haut niveau de qualit\u00e9 et d\u2019expertise \u00bb, d\u00e9clare Thierry Bonnefoy, pdg du groupe Leygatech.<\/p>","protected":false},"excerpt":{"rendered":"<p>Le groupe fran\u00e7ais Leygatech, sp\u00e9cialis\u00e9 dans l&rsquo;extrusion de films et gaines de haute technicit\u00e9 destin\u00e9s \u00e0 r\u00e9pondre aux besoins et exigences des emballages alimentaires et pharmaceutiques, annonce l\u2019acquisition d\u2019Adepack et renforce son offre avec un nouveau m\u00e9tier compl\u00e9mentaire pour enrichir l\u2019accompagnement propos\u00e9 \u00e0 ses clients. Bas\u00e9e pr\u00e8s d\u2019Avignon dans le Vaucluse, Adepack est sp\u00e9cialis\u00e9e dans [&hellip;]<\/p>","protected":false},"author":2,"featured_media":47244,"comment_status":"closed","ping_status":"closed","sticky":false,"template":"","format":"standard","meta":{"_acf_changed":false,"inline_featured_image":false,"iawp_total_views":118,"footnotes":""},"categories":[28,10],"tags":[],"class_list":["post-47243","post","type-post","status-publish","format-standard","has-post-thumbnail","hentry","category-article-entier","category-materiaux"],"acf":[],"yoast_head":"<!-- This site is optimized with the Yoast SEO plugin v24.4 - https:\/\/yoast.com\/wordpress\/plugins\/seo\/ -->\n<title>Leygatech annonce l\u2019acquisition d\u2019Adepack - Emballage Digest<\/title>\n<meta name=\"robots\" content=\"index, follow, max-snippet:-1, max-image-preview:large, max-video-preview:-1\" \/>\n<link rel=\"canonical\" href=\"https:\/\/www.emballagedigest.fr\/en\/leygatech-annonce-lacquisition-dadepack\/\" \/>\n<meta property=\"og:locale\" content=\"en_GB\" \/>\n<meta property=\"og:type\" content=\"article\" \/>\n<meta property=\"og:title\" content=\"Leygatech annonce l\u2019acquisition d\u2019Adepack - Emballage Digest\" \/>\n<meta property=\"og:description\" content=\"Le groupe fran\u00e7ais Leygatech, sp\u00e9cialis\u00e9 dans l&rsquo;extrusion de films et gaines de haute technicit\u00e9 destin\u00e9s \u00e0 r\u00e9pondre aux besoins et exigences des emballages alimentaires et pharmaceutiques, annonce l\u2019acquisition d\u2019Adepack et renforce son offre avec un nouveau m\u00e9tier compl\u00e9mentaire pour enrichir l\u2019accompagnement propos\u00e9 \u00e0 ses clients. Bas\u00e9e pr\u00e8s d\u2019Avignon dans le Vaucluse, Adepack est sp\u00e9cialis\u00e9e dans [&hellip;]\" \/>\n<meta property=\"og:url\" content=\"https:\/\/www.emballagedigest.fr\/en\/leygatech-annonce-lacquisition-dadepack\/\" \/>\n<meta property=\"og:site_name\" content=\"Emballage Digest\" \/>\n<meta property=\"article:published_time\" content=\"2026-03-06T07:24:33+00:00\" \/>\n<meta property=\"article:modified_time\" content=\"2026-03-06T07:24:34+00:00\" \/>\n<meta property=\"og:image\" content=\"https:\/\/www.emballagedigest.fr\/wp-content\/uploads\/2026\/03\/Leygatech-adepack.jpg\" \/>\n\t<meta property=\"og:image:width\" content=\"800\" \/>\n\t<meta property=\"og:image:height\" content=\"534\" \/>\n\t<meta property=\"og:image:type\" content=\"image\/jpeg\" \/>\n<meta name=\"author\" content=\"Karine Duval\" \/>\n<meta name=\"twitter:card\" content=\"summary_large_image\" \/>\n<meta name=\"twitter:label1\" content=\"Written by\" \/>\n\t<meta name=\"twitter:data1\" content=\"Karine Duval\" \/>\n\t<meta name=\"twitter:label2\" content=\"Estimated reading time\" \/>\n\t<meta name=\"twitter:data2\" content=\"2 minutes\" \/>\n<script type=\"application\/ld+json\" class=\"yoast-schema-graph\">{\"@context\":\"https:\/\/schema.org\",\"@graph\":[{\"@type\":\"Article\",\"@id\":\"https:\/\/www.emballagedigest.fr\/leygatech-annonce-lacquisition-dadepack\/#article\",\"isPartOf\":{\"@id\":\"https:\/\/www.emballagedigest.fr\/leygatech-annonce-lacquisition-dadepack\/\"},\"author\":{\"name\":\"Karine Duval\",\"@id\":\"https:\/\/www.emballagedigest.fr\/#\/schema\/person\/76abe9f2b2ee4d3d520594c7a35da59f\"},\"headline\":\"Leygatech annonce l\u2019acquisition d\u2019Adepack\",\"datePublished\":\"2026-03-06T07:24:33+00:00\",\"dateModified\":\"2026-03-06T07:24:34+00:00\",\"mainEntityOfPage\":{\"@id\":\"https:\/\/www.emballagedigest.fr\/leygatech-annonce-lacquisition-dadepack\/\"},\"wordCount\":351,\"publisher\":{\"@id\":\"https:\/\/www.emballagedigest.fr\/#organization\"},\"image\":{\"@id\":\"https:\/\/www.emballagedigest.fr\/leygatech-annonce-lacquisition-dadepack\/#primaryimage\"},\"thumbnailUrl\":\"https:\/\/www.emballagedigest.fr\/wp-content\/uploads\/2026\/03\/Leygatech-adepack.jpg\",\"articleSection\":[\"Article entier\",\"Mat\u00e9riaux\"],\"inLanguage\":\"en-GB\"},{\"@type\":\"WebPage\",\"@id\":\"https:\/\/www.emballagedigest.fr\/leygatech-annonce-lacquisition-dadepack\/\",\"url\":\"https:\/\/www.emballagedigest.fr\/leygatech-annonce-lacquisition-dadepack\/\",\"name\":\"Leygatech annonce l\u2019acquisition d\u2019Adepack - Emballage Digest\",\"isPartOf\":{\"@id\":\"https:\/\/www.emballagedigest.fr\/#website\"},\"primaryImageOfPage\":{\"@id\":\"https:\/\/www.emballagedigest.fr\/leygatech-annonce-lacquisition-dadepack\/#primaryimage\"},\"image\":{\"@id\":\"https:\/\/www.emballagedigest.fr\/leygatech-annonce-lacquisition-dadepack\/#primaryimage\"},\"thumbnailUrl\":\"https:\/\/www.emballagedigest.fr\/wp-content\/uploads\/2026\/03\/Leygatech-adepack.jpg\",\"datePublished\":\"2026-03-06T07:24:33+00:00\",\"dateModified\":\"2026-03-06T07:24:34+00:00\",\"breadcrumb\":{\"@id\":\"https:\/\/www.emballagedigest.fr\/leygatech-annonce-lacquisition-dadepack\/#breadcrumb\"},\"inLanguage\":\"en-GB\",\"potentialAction\":[{\"@type\":\"ReadAction\",\"target\":[\"https:\/\/www.emballagedigest.fr\/leygatech-annonce-lacquisition-dadepack\/\"]}]},{\"@type\":\"ImageObject\",\"inLanguage\":\"en-GB\",\"@id\":\"https:\/\/www.emballagedigest.fr\/leygatech-annonce-lacquisition-dadepack\/#primaryimage\",\"url\":\"https:\/\/www.emballagedigest.fr\/wp-content\/uploads\/2026\/03\/Leygatech-adepack.jpg\",\"contentUrl\":\"https:\/\/www.emballagedigest.fr\/wp-content\/uploads\/2026\/03\/Leygatech-adepack.jpg\",\"width\":800,\"height\":534},{\"@type\":\"BreadcrumbList\",\"@id\":\"https:\/\/www.emballagedigest.fr\/leygatech-annonce-lacquisition-dadepack\/#breadcrumb\",\"itemListElement\":[{\"@type\":\"ListItem\",\"position\":1,\"name\":\"Accueil\",\"item\":\"https:\/\/www.emballagedigest.fr\/\"},{\"@type\":\"ListItem\",\"position\":2,\"name\":\"Leygatech annonce l\u2019acquisition d\u2019Adepack\"}]},{\"@type\":\"WebSite\",\"@id\":\"https:\/\/www.emballagedigest.fr\/#website\",\"url\":\"https:\/\/www.emballagedigest.fr\/\",\"name\":\"Emballage Digest\",\"description\":\"Revue professionnelle sur les emballages\",\"publisher\":{\"@id\":\"https:\/\/www.emballagedigest.fr\/#organization\"},\"potentialAction\":[{\"@type\":\"SearchAction\",\"target\":{\"@type\":\"EntryPoint\",\"urlTemplate\":\"https:\/\/www.emballagedigest.fr\/?s={search_term_string}\"},\"query-input\":{\"@type\":\"PropertyValueSpecification\",\"valueRequired\":true,\"valueName\":\"search_term_string\"}}],\"inLanguage\":\"en-GB\"},{\"@type\":\"Organization\",\"@id\":\"https:\/\/www.emballagedigest.fr\/#organization\",\"name\":\"Emballage Digest\",\"url\":\"https:\/\/www.emballagedigest.fr\/\",\"logo\":{\"@type\":\"ImageObject\",\"inLanguage\":\"en-GB\",\"@id\":\"https:\/\/www.emballagedigest.fr\/#\/schema\/logo\/image\/\",\"url\":\"https:\/\/www.emballagedigest.fr\/wp-content\/uploads\/2022\/07\/logo-ed.png\",\"contentUrl\":\"https:\/\/www.emballagedigest.fr\/wp-content\/uploads\/2022\/07\/logo-ed.png\",\"width\":379,\"height\":75,\"caption\":\"Emballage Digest\"},\"image\":{\"@id\":\"https:\/\/www.emballagedigest.fr\/#\/schema\/logo\/image\/\"}},{\"@type\":\"Person\",\"@id\":\"https:\/\/www.emballagedigest.fr\/#\/schema\/person\/76abe9f2b2ee4d3d520594c7a35da59f\",\"name\":\"Karine Duval\",\"image\":{\"@type\":\"ImageObject\",\"inLanguage\":\"en-GB\",\"@id\":\"https:\/\/www.emballagedigest.fr\/#\/schema\/person\/image\/\",\"url\":\"https:\/\/secure.gravatar.com\/avatar\/f552799261cdd2e076e6677d780ef07bdb13aa4c196ab75b39abcbcdcae2d4e5?s=96&d=mm&r=g\",\"contentUrl\":\"https:\/\/secure.gravatar.com\/avatar\/f552799261cdd2e076e6677d780ef07bdb13aa4c196ab75b39abcbcdcae2d4e5?s=96&d=mm&r=g\",\"caption\":\"Karine Duval\"},\"url\":\"https:\/\/www.emballagedigest.fr\/en\/author\/admin_karduv\/\"}]}<\/script>\n<!-- \/ Yoast SEO plugin. -->","yoast_head_json":{"title":"Leygatech annonce l\u2019acquisition d\u2019Adepack - Emballage Digest","robots":{"index":"index","follow":"follow","max-snippet":"max-snippet:-1","max-image-preview":"max-image-preview:large","max-video-preview":"max-video-preview:-1"},"canonical":"https:\/\/www.emballagedigest.fr\/en\/leygatech-annonce-lacquisition-dadepack\/","og_locale":"en_GB","og_type":"article","og_title":"Leygatech annonce l\u2019acquisition d\u2019Adepack - Emballage Digest","og_description":"Le groupe fran\u00e7ais Leygatech, sp\u00e9cialis\u00e9 dans l&rsquo;extrusion de films et gaines de haute technicit\u00e9 destin\u00e9s \u00e0 r\u00e9pondre aux besoins et exigences des emballages alimentaires et pharmaceutiques, annonce l\u2019acquisition d\u2019Adepack et renforce son offre avec un nouveau m\u00e9tier compl\u00e9mentaire pour enrichir l\u2019accompagnement propos\u00e9 \u00e0 ses clients. Bas\u00e9e pr\u00e8s d\u2019Avignon dans le Vaucluse, Adepack est sp\u00e9cialis\u00e9e dans [&hellip;]","og_url":"https:\/\/www.emballagedigest.fr\/en\/leygatech-annonce-lacquisition-dadepack\/","og_site_name":"Emballage Digest","article_published_time":"2026-03-06T07:24:33+00:00","article_modified_time":"2026-03-06T07:24:34+00:00","og_image":[{"width":800,"height":534,"url":"https:\/\/www.emballagedigest.fr\/wp-content\/uploads\/2026\/03\/Leygatech-adepack.jpg","type":"image\/jpeg"}],"author":"Karine Duval","twitter_card":"summary_large_image","twitter_misc":{"Written by":"Karine Duval","Estimated reading time":"2 minutes"},"schema":{"@context":"https:\/\/schema.org","@graph":[{"@type":"Article","@id":"https:\/\/www.emballagedigest.fr\/leygatech-annonce-lacquisition-dadepack\/#article","isPartOf":{"@id":"https:\/\/www.emballagedigest.fr\/leygatech-annonce-lacquisition-dadepack\/"},"author":{"name":"Karine Duval","@id":"https:\/\/www.emballagedigest.fr\/#\/schema\/person\/76abe9f2b2ee4d3d520594c7a35da59f"},"headline":"Leygatech annonce l\u2019acquisition d\u2019Adepack","datePublished":"2026-03-06T07:24:33+00:00","dateModified":"2026-03-06T07:24:34+00:00","mainEntityOfPage":{"@id":"https:\/\/www.emballagedigest.fr\/leygatech-annonce-lacquisition-dadepack\/"},"wordCount":351,"publisher":{"@id":"https:\/\/www.emballagedigest.fr\/#organization"},"image":{"@id":"https:\/\/www.emballagedigest.fr\/leygatech-annonce-lacquisition-dadepack\/#primaryimage"},"thumbnailUrl":"https:\/\/www.emballagedigest.fr\/wp-content\/uploads\/2026\/03\/Leygatech-adepack.jpg","articleSection":["Article entier","Mat\u00e9riaux"],"inLanguage":"en-GB"},{"@type":"WebPage","@id":"https:\/\/www.emballagedigest.fr\/leygatech-annonce-lacquisition-dadepack\/","url":"https:\/\/www.emballagedigest.fr\/leygatech-annonce-lacquisition-dadepack\/","name":"Leygatech annonce l\u2019acquisition d\u2019Adepack - Emballage Digest","isPartOf":{"@id":"https:\/\/www.emballagedigest.fr\/#website"},"primaryImageOfPage":{"@id":"https:\/\/www.emballagedigest.fr\/leygatech-annonce-lacquisition-dadepack\/#primaryimage"},"image":{"@id":"https:\/\/www.emballagedigest.fr\/leygatech-annonce-lacquisition-dadepack\/#primaryimage"},"thumbnailUrl":"https:\/\/www.emballagedigest.fr\/wp-content\/uploads\/2026\/03\/Leygatech-adepack.jpg","datePublished":"2026-03-06T07:24:33+00:00","dateModified":"2026-03-06T07:24:34+00:00","breadcrumb":{"@id":"https:\/\/www.emballagedigest.fr\/leygatech-annonce-lacquisition-dadepack\/#breadcrumb"},"inLanguage":"en-GB","potentialAction":[{"@type":"ReadAction","target":["https:\/\/www.emballagedigest.fr\/leygatech-annonce-lacquisition-dadepack\/"]}]},{"@type":"ImageObject","inLanguage":"en-GB","@id":"https:\/\/www.emballagedigest.fr\/leygatech-annonce-lacquisition-dadepack\/#primaryimage","url":"https:\/\/www.emballagedigest.fr\/wp-content\/uploads\/2026\/03\/Leygatech-adepack.jpg","contentUrl":"https:\/\/www.emballagedigest.fr\/wp-content\/uploads\/2026\/03\/Leygatech-adepack.jpg","width":800,"height":534},{"@type":"BreadcrumbList","@id":"https:\/\/www.emballagedigest.fr\/leygatech-annonce-lacquisition-dadepack\/#breadcrumb","itemListElement":[{"@type":"ListItem","position":1,"name":"Accueil","item":"https:\/\/www.emballagedigest.fr\/"},{"@type":"ListItem","position":2,"name":"Leygatech annonce l\u2019acquisition d\u2019Adepack"}]},{"@type":"WebSite","@id":"https:\/\/www.emballagedigest.fr\/#website","url":"https:\/\/www.emballagedigest.fr\/","name":"Emballage Digest","description":"Revue professionnelle sur les emballages","publisher":{"@id":"https:\/\/www.emballagedigest.fr\/#organization"},"potentialAction":[{"@type":"SearchAction","target":{"@type":"EntryPoint","urlTemplate":"https:\/\/www.emballagedigest.fr\/?s={search_term_string}"},"query-input":{"@type":"PropertyValueSpecification","valueRequired":true,"valueName":"search_term_string"}}],"inLanguage":"en-GB"},{"@type":"Organization","@id":"https:\/\/www.emballagedigest.fr\/#organization","name":"Emballage Digest","url":"https:\/\/www.emballagedigest.fr\/","logo":{"@type":"ImageObject","inLanguage":"en-GB","@id":"https:\/\/www.emballagedigest.fr\/#\/schema\/logo\/image\/","url":"https:\/\/www.emballagedigest.fr\/wp-content\/uploads\/2022\/07\/logo-ed.png","contentUrl":"https:\/\/www.emballagedigest.fr\/wp-content\/uploads\/2022\/07\/logo-ed.png","width":379,"height":75,"caption":"Emballage Digest"},"image":{"@id":"https:\/\/www.emballagedigest.fr\/#\/schema\/logo\/image\/"}},{"@type":"Person","@id":"https:\/\/www.emballagedigest.fr\/#\/schema\/person\/76abe9f2b2ee4d3d520594c7a35da59f","name":"Karine Duval","image":{"@type":"ImageObject","inLanguage":"en-GB","@id":"https:\/\/www.emballagedigest.fr\/#\/schema\/person\/image\/","url":"https:\/\/secure.gravatar.com\/avatar\/f552799261cdd2e076e6677d780ef07bdb13aa4c196ab75b39abcbcdcae2d4e5?s=96&d=mm&r=g","contentUrl":"https:\/\/secure.gravatar.com\/avatar\/f552799261cdd2e076e6677d780ef07bdb13aa4c196ab75b39abcbcdcae2d4e5?s=96&d=mm&r=g","caption":"Karine Duval"},"url":"https:\/\/www.emballagedigest.fr\/en\/author\/admin_karduv\/"}]}},"_links":{"self":[{"href":"https:\/\/www.emballagedigest.fr\/en\/wp-json\/wp\/v2\/posts\/47243","targetHints":{"allow":["GET"]}}],"collection":[{"href":"https:\/\/www.emballagedigest.fr\/en\/wp-json\/wp\/v2\/posts"}],"about":[{"href":"https:\/\/www.emballagedigest.fr\/en\/wp-json\/wp\/v2\/types\/post"}],"author":[{"embeddable":true,"href":"https:\/\/www.emballagedigest.fr\/en\/wp-json\/wp\/v2\/users\/2"}],"replies":[{"embeddable":true,"href":"https:\/\/www.emballagedigest.fr\/en\/wp-json\/wp\/v2\/comments?post=47243"}],"version-history":[{"count":1,"href":"https:\/\/www.emballagedigest.fr\/en\/wp-json\/wp\/v2\/posts\/47243\/revisions"}],"predecessor-version":[{"id":47245,"href":"https:\/\/www.emballagedigest.fr\/en\/wp-json\/wp\/v2\/posts\/47243\/revisions\/47245"}],"wp:featuredmedia":[{"embeddable":true,"href":"https:\/\/www.emballagedigest.fr\/en\/wp-json\/wp\/v2\/media\/47244"}],"wp:attachment":[{"href":"https:\/\/www.emballagedigest.fr\/en\/wp-json\/wp\/v2\/media?parent=47243"}],"wp:term":[{"taxonomy":"category","embeddable":true,"href":"https:\/\/www.emballagedigest.fr\/en\/wp-json\/wp\/v2\/categories?post=47243"},{"taxonomy":"post_tag","embeddable":true,"href":"https:\/\/www.emballagedigest.fr\/en\/wp-json\/wp\/v2\/tags?post=47243"}],"curies":[{"name":"wp","href":"https:\/\/api.w.org\/{rel}","templated":true}]}}