{"id":47285,"date":"2026-03-12T00:29:31","date_gmt":"2026-03-11T23:29:31","guid":{"rendered":"https:\/\/www.emballagedigest.fr\/?p=47285"},"modified":"2026-03-12T00:29:34","modified_gmt":"2026-03-11T23:29:34","slug":"dechets-industriels-pellenc-st-equipe-prezero-de-trieurs-optiques","status":"publish","type":"post","link":"https:\/\/www.emballagedigest.fr\/en\/dechets-industriels-pellenc-st-equipe-prezero-de-trieurs-optiques\/","title":{"rendered":"D\u00e9chets industriels : Pellenc ST \u00e9quipe PreZero de trieurs optiques"},"content":{"rendered":"<p><strong>Implant\u00e9e au c\u0153ur de la Zona Franca de Barcelona, la nouvelle usine du groupe allemand PreZero est pr\u00e9sent\u00e9e comme l\u2019une des plus avanc\u00e9es du pays dans la production de CSR \u00e0 partir de d\u00e9chets industriels non recyclables. Pour ce projet, le groupe allemand a fait appel \u00e0 Pellenc ST pour \u00e9quiper son site de six trieurs optiques assurant une r\u00e9cup\u00e9ration maximale des mat\u00e9riaux valorisables.<\/strong><\/p>\n\n\n\n<p>Le march\u00e9 europ\u00e9en de la gestion des d\u00e9chets industriels devrait atteindre 63,27 milliards de dollars d\u2019ici 2031, avec un taux de croissance annuel moyen estim\u00e9 \u00e0 6%. Dans ce contexte, les grands op\u00e9rateurs europ\u00e9ens engagent des investissements structurants. \u00c0 l\u2019image de la soci\u00e9t\u00e9 allemande PreZero, qui a d\u00e9cid\u00e9 de construire en Espagne la plus grande usine de production de combustible solide de r\u00e9cup\u00e9ration (CSR). Issu d\u2019un m\u00e9lange conforme aux standards europ\u00e9ens (plastiques, textiles, papiers), le CSR est principalement destin\u00e9 aux industries \u00e0 forte consommation \u00e9nerg\u00e9tique, notamment les cimenteries et les installations de production d\u2019\u00e9nergie thermique. Le CSR constitue en effet un gisement \u00e9nerg\u00e9tique \u00e0 haut rendement pour la production de chaleur et d\u2019\u00e9lectricit\u00e9.<\/p>\n\n\n\n<figure class=\"wp-block-image size-full is-resized\"><img loading=\"lazy\" decoding=\"async\" width=\"800\" height=\"533\" src=\"https:\/\/www.emballagedigest.fr\/wp-content\/uploads\/2026\/03\/Pellenc2.jpg\" alt=\"\" class=\"wp-image-47287\" style=\"width:840px;height:auto\" srcset=\"https:\/\/www.emballagedigest.fr\/wp-content\/uploads\/2026\/03\/Pellenc2.jpg 800w, https:\/\/www.emballagedigest.fr\/wp-content\/uploads\/2026\/03\/Pellenc2-300x200.jpg 300w, https:\/\/www.emballagedigest.fr\/wp-content\/uploads\/2026\/03\/Pellenc2-768x512.jpg 768w, https:\/\/www.emballagedigest.fr\/wp-content\/uploads\/2026\/03\/Pellenc2-18x12.jpg 18w\" sizes=\"auto, (max-width: 800px) 100vw, 800px\" \/><\/figure>\n\n\n\n<p>Le site sera prochainement compl\u00e9t\u00e9 par la premi\u00e8re unit\u00e9 de biom\u00e9thane de Barcelone, baptis\u00e9e Bioenergy, qui permettra l\u2019injection directe de gaz renouvelable dans le r\u00e9seau de gaz naturel. Avec un investissement global de plus de 42 millions d\u2019euros et la cr\u00e9ation de plus de 85 emplois directs, ces deux projets visent \u00e0 transformer les d\u00e9chets industriels en \u00e9nergie alternative et en gaz renouvelable.<\/p>\n\n\n\n<p>L\u2019usine de PreZero a \u00e9t\u00e9 con\u00e7ue pour fonctionner en continu, 24 heures sur 24 et 365 jours par an. Elle affiche une capacit\u00e9 de traitement d\u2019environ 30 tonnes de d\u00e9chets non recyclables par heure, soit pr\u00e8s de 200 000 tonnes par an. Cette production en continu permet d\u2019atteindre des volumes significatifs : jusqu\u2019\u00e0 70 000 tonnes de CSR produits annuellement, ainsi que la r\u00e9cup\u00e9ration de plus de 40 000 tonnes de mat\u00e9riaux valorisables.<\/p>\n\n\n\n<p>Pour mener \u00e0 bien ce projet, PreZero a confi\u00e9 l\u2019int\u00e9gration de l\u2019usine \u00e0 Bianna et le tri optique \u00e0 Pellenc ST. Les \u00e9quipements fournis appartiennent \u00e0 la gamme des trieurs optiques Compact+\u2122, con\u00e7ue pour les environnements industriels contraints et poussi\u00e9reux. Ces machines se distinguent par leur facilit\u00e9 d\u2019int\u00e9gration, leur faible consommation \u00e9nerg\u00e9tique et des co\u00fbts de maintenance optimis\u00e9s, notamment gr\u00e2ce \u00e0 une r\u00e9duction des consommations d\u2019air comprim\u00e9 et des pi\u00e8ces d\u2019usure. L\u2019ensemble des trieurs est \u00e9quip\u00e9 de la nouvelle cha\u00eene de d\u00e9tection Flow, combinant un spectrom\u00e8tre couvrant un spectre NIR\/VIS \u00e9tendu et un \u00e9clairage focalis\u00e9 haute pr\u00e9cision. Cette configuration am\u00e9liore significativement la puret\u00e9 des fractions r\u00e9cup\u00e9r\u00e9es.<\/p>\n\n\n\n<p>\u00ab L&rsquo;usine devient ainsi un exemple de coop\u00e9ration tripartite capable de r\u00e9pondre aux d\u00e9fis environnementaux actuels. \u00bb, affirme Juan A. G\u00e1zquez Serrano, Directeur Commercial Industrie Nord chez PreZero Iberica.<\/p>","protected":false},"excerpt":{"rendered":"<p>Implant\u00e9e au c\u0153ur de la Zona Franca de Barcelona, la nouvelle usine du groupe allemand PreZero est pr\u00e9sent\u00e9e comme l\u2019une des plus avanc\u00e9es du pays dans la production de CSR \u00e0 partir de d\u00e9chets industriels non recyclables. Pour ce projet, le groupe allemand a fait appel \u00e0 Pellenc ST pour \u00e9quiper son site de six [&hellip;]<\/p>","protected":false},"author":2,"featured_media":47286,"comment_status":"closed","ping_status":"closed","sticky":false,"template":"","format":"standard","meta":{"_acf_changed":false,"inline_featured_image":false,"iawp_total_views":90,"footnotes":""},"categories":[28,10,9],"tags":[],"class_list":["post-47285","post","type-post","status-publish","format-standard","has-post-thumbnail","hentry","category-article-entier","category-materiaux","category-materiel"],"acf":[],"yoast_head":"<!-- This site is optimized with the Yoast SEO plugin v24.4 - https:\/\/yoast.com\/wordpress\/plugins\/seo\/ -->\n<title>D\u00e9chets industriels : Pellenc ST \u00e9quipe PreZero de trieurs optiques - Emballage Digest<\/title>\n<meta name=\"robots\" content=\"index, follow, max-snippet:-1, max-image-preview:large, max-video-preview:-1\" \/>\n<link rel=\"canonical\" href=\"https:\/\/www.emballagedigest.fr\/en\/dechets-industriels-pellenc-st-equipe-prezero-de-trieurs-optiques\/\" \/>\n<meta property=\"og:locale\" content=\"en_GB\" \/>\n<meta property=\"og:type\" content=\"article\" \/>\n<meta property=\"og:title\" content=\"D\u00e9chets industriels : Pellenc ST \u00e9quipe PreZero de trieurs optiques - Emballage Digest\" \/>\n<meta property=\"og:description\" content=\"Implant\u00e9e au c\u0153ur de la Zona Franca de Barcelona, la nouvelle usine du groupe allemand PreZero est pr\u00e9sent\u00e9e comme l\u2019une des plus avanc\u00e9es du pays dans la production de CSR \u00e0 partir de d\u00e9chets industriels non recyclables. Pour ce projet, le groupe allemand a fait appel \u00e0 Pellenc ST pour \u00e9quiper son site de six [&hellip;]\" \/>\n<meta property=\"og:url\" content=\"https:\/\/www.emballagedigest.fr\/en\/dechets-industriels-pellenc-st-equipe-prezero-de-trieurs-optiques\/\" \/>\n<meta property=\"og:site_name\" content=\"Emballage Digest\" \/>\n<meta property=\"article:published_time\" content=\"2026-03-11T23:29:31+00:00\" \/>\n<meta property=\"article:modified_time\" content=\"2026-03-11T23:29:34+00:00\" \/>\n<meta property=\"og:image\" content=\"https:\/\/www.emballagedigest.fr\/wp-content\/uploads\/2026\/03\/Pellenc1.jpg\" \/>\n\t<meta property=\"og:image:width\" content=\"800\" \/>\n\t<meta property=\"og:image:height\" content=\"533\" \/>\n\t<meta property=\"og:image:type\" content=\"image\/jpeg\" \/>\n<meta name=\"author\" content=\"Karine Duval\" \/>\n<meta name=\"twitter:card\" content=\"summary_large_image\" \/>\n<meta name=\"twitter:label1\" content=\"Written by\" \/>\n\t<meta name=\"twitter:data1\" content=\"Karine Duval\" \/>\n\t<meta name=\"twitter:label2\" content=\"Estimated reading time\" \/>\n\t<meta name=\"twitter:data2\" content=\"3 minutes\" \/>\n<script type=\"application\/ld+json\" class=\"yoast-schema-graph\">{\"@context\":\"https:\/\/schema.org\",\"@graph\":[{\"@type\":\"Article\",\"@id\":\"https:\/\/www.emballagedigest.fr\/dechets-industriels-pellenc-st-equipe-prezero-de-trieurs-optiques\/#article\",\"isPartOf\":{\"@id\":\"https:\/\/www.emballagedigest.fr\/dechets-industriels-pellenc-st-equipe-prezero-de-trieurs-optiques\/\"},\"author\":{\"name\":\"Karine Duval\",\"@id\":\"https:\/\/www.emballagedigest.fr\/#\/schema\/person\/76abe9f2b2ee4d3d520594c7a35da59f\"},\"headline\":\"D\u00e9chets industriels : Pellenc ST \u00e9quipe PreZero de trieurs optiques\",\"datePublished\":\"2026-03-11T23:29:31+00:00\",\"dateModified\":\"2026-03-11T23:29:34+00:00\",\"mainEntityOfPage\":{\"@id\":\"https:\/\/www.emballagedigest.fr\/dechets-industriels-pellenc-st-equipe-prezero-de-trieurs-optiques\/\"},\"wordCount\":503,\"publisher\":{\"@id\":\"https:\/\/www.emballagedigest.fr\/#organization\"},\"image\":{\"@id\":\"https:\/\/www.emballagedigest.fr\/dechets-industriels-pellenc-st-equipe-prezero-de-trieurs-optiques\/#primaryimage\"},\"thumbnailUrl\":\"https:\/\/www.emballagedigest.fr\/wp-content\/uploads\/2026\/03\/Pellenc1.jpg\",\"articleSection\":[\"Article entier\",\"Mat\u00e9riaux\",\"Mat\u00e9riel\"],\"inLanguage\":\"en-GB\"},{\"@type\":\"WebPage\",\"@id\":\"https:\/\/www.emballagedigest.fr\/dechets-industriels-pellenc-st-equipe-prezero-de-trieurs-optiques\/\",\"url\":\"https:\/\/www.emballagedigest.fr\/dechets-industriels-pellenc-st-equipe-prezero-de-trieurs-optiques\/\",\"name\":\"D\u00e9chets industriels : Pellenc ST \u00e9quipe PreZero de trieurs optiques - Emballage Digest\",\"isPartOf\":{\"@id\":\"https:\/\/www.emballagedigest.fr\/#website\"},\"primaryImageOfPage\":{\"@id\":\"https:\/\/www.emballagedigest.fr\/dechets-industriels-pellenc-st-equipe-prezero-de-trieurs-optiques\/#primaryimage\"},\"image\":{\"@id\":\"https:\/\/www.emballagedigest.fr\/dechets-industriels-pellenc-st-equipe-prezero-de-trieurs-optiques\/#primaryimage\"},\"thumbnailUrl\":\"https:\/\/www.emballagedigest.fr\/wp-content\/uploads\/2026\/03\/Pellenc1.jpg\",\"datePublished\":\"2026-03-11T23:29:31+00:00\",\"dateModified\":\"2026-03-11T23:29:34+00:00\",\"breadcrumb\":{\"@id\":\"https:\/\/www.emballagedigest.fr\/dechets-industriels-pellenc-st-equipe-prezero-de-trieurs-optiques\/#breadcrumb\"},\"inLanguage\":\"en-GB\",\"potentialAction\":[{\"@type\":\"ReadAction\",\"target\":[\"https:\/\/www.emballagedigest.fr\/dechets-industriels-pellenc-st-equipe-prezero-de-trieurs-optiques\/\"]}]},{\"@type\":\"ImageObject\",\"inLanguage\":\"en-GB\",\"@id\":\"https:\/\/www.emballagedigest.fr\/dechets-industriels-pellenc-st-equipe-prezero-de-trieurs-optiques\/#primaryimage\",\"url\":\"https:\/\/www.emballagedigest.fr\/wp-content\/uploads\/2026\/03\/Pellenc1.jpg\",\"contentUrl\":\"https:\/\/www.emballagedigest.fr\/wp-content\/uploads\/2026\/03\/Pellenc1.jpg\",\"width\":800,\"height\":533},{\"@type\":\"BreadcrumbList\",\"@id\":\"https:\/\/www.emballagedigest.fr\/dechets-industriels-pellenc-st-equipe-prezero-de-trieurs-optiques\/#breadcrumb\",\"itemListElement\":[{\"@type\":\"ListItem\",\"position\":1,\"name\":\"Accueil\",\"item\":\"https:\/\/www.emballagedigest.fr\/\"},{\"@type\":\"ListItem\",\"position\":2,\"name\":\"D\u00e9chets industriels : Pellenc ST \u00e9quipe PreZero de trieurs optiques\"}]},{\"@type\":\"WebSite\",\"@id\":\"https:\/\/www.emballagedigest.fr\/#website\",\"url\":\"https:\/\/www.emballagedigest.fr\/\",\"name\":\"Emballage Digest\",\"description\":\"Revue professionnelle sur les emballages\",\"publisher\":{\"@id\":\"https:\/\/www.emballagedigest.fr\/#organization\"},\"potentialAction\":[{\"@type\":\"SearchAction\",\"target\":{\"@type\":\"EntryPoint\",\"urlTemplate\":\"https:\/\/www.emballagedigest.fr\/?s={search_term_string}\"},\"query-input\":{\"@type\":\"PropertyValueSpecification\",\"valueRequired\":true,\"valueName\":\"search_term_string\"}}],\"inLanguage\":\"en-GB\"},{\"@type\":\"Organization\",\"@id\":\"https:\/\/www.emballagedigest.fr\/#organization\",\"name\":\"Emballage Digest\",\"url\":\"https:\/\/www.emballagedigest.fr\/\",\"logo\":{\"@type\":\"ImageObject\",\"inLanguage\":\"en-GB\",\"@id\":\"https:\/\/www.emballagedigest.fr\/#\/schema\/logo\/image\/\",\"url\":\"https:\/\/www.emballagedigest.fr\/wp-content\/uploads\/2022\/07\/logo-ed.png\",\"contentUrl\":\"https:\/\/www.emballagedigest.fr\/wp-content\/uploads\/2022\/07\/logo-ed.png\",\"width\":379,\"height\":75,\"caption\":\"Emballage Digest\"},\"image\":{\"@id\":\"https:\/\/www.emballagedigest.fr\/#\/schema\/logo\/image\/\"}},{\"@type\":\"Person\",\"@id\":\"https:\/\/www.emballagedigest.fr\/#\/schema\/person\/76abe9f2b2ee4d3d520594c7a35da59f\",\"name\":\"Karine Duval\",\"image\":{\"@type\":\"ImageObject\",\"inLanguage\":\"en-GB\",\"@id\":\"https:\/\/www.emballagedigest.fr\/#\/schema\/person\/image\/\",\"url\":\"https:\/\/secure.gravatar.com\/avatar\/f552799261cdd2e076e6677d780ef07bdb13aa4c196ab75b39abcbcdcae2d4e5?s=96&d=mm&r=g\",\"contentUrl\":\"https:\/\/secure.gravatar.com\/avatar\/f552799261cdd2e076e6677d780ef07bdb13aa4c196ab75b39abcbcdcae2d4e5?s=96&d=mm&r=g\",\"caption\":\"Karine Duval\"},\"url\":\"https:\/\/www.emballagedigest.fr\/en\/author\/admin_karduv\/\"}]}<\/script>\n<!-- \/ Yoast SEO plugin. -->","yoast_head_json":{"title":"D\u00e9chets industriels : Pellenc ST \u00e9quipe PreZero de trieurs optiques - Emballage Digest","robots":{"index":"index","follow":"follow","max-snippet":"max-snippet:-1","max-image-preview":"max-image-preview:large","max-video-preview":"max-video-preview:-1"},"canonical":"https:\/\/www.emballagedigest.fr\/en\/dechets-industriels-pellenc-st-equipe-prezero-de-trieurs-optiques\/","og_locale":"en_GB","og_type":"article","og_title":"D\u00e9chets industriels : Pellenc ST \u00e9quipe PreZero de trieurs optiques - Emballage Digest","og_description":"Implant\u00e9e au c\u0153ur de la Zona Franca de Barcelona, la nouvelle usine du groupe allemand PreZero est pr\u00e9sent\u00e9e comme l\u2019une des plus avanc\u00e9es du pays dans la production de CSR \u00e0 partir de d\u00e9chets industriels non recyclables. Pour ce projet, le groupe allemand a fait appel \u00e0 Pellenc ST pour \u00e9quiper son site de six [&hellip;]","og_url":"https:\/\/www.emballagedigest.fr\/en\/dechets-industriels-pellenc-st-equipe-prezero-de-trieurs-optiques\/","og_site_name":"Emballage Digest","article_published_time":"2026-03-11T23:29:31+00:00","article_modified_time":"2026-03-11T23:29:34+00:00","og_image":[{"width":800,"height":533,"url":"https:\/\/www.emballagedigest.fr\/wp-content\/uploads\/2026\/03\/Pellenc1.jpg","type":"image\/jpeg"}],"author":"Karine Duval","twitter_card":"summary_large_image","twitter_misc":{"Written by":"Karine Duval","Estimated reading time":"3 minutes"},"schema":{"@context":"https:\/\/schema.org","@graph":[{"@type":"Article","@id":"https:\/\/www.emballagedigest.fr\/dechets-industriels-pellenc-st-equipe-prezero-de-trieurs-optiques\/#article","isPartOf":{"@id":"https:\/\/www.emballagedigest.fr\/dechets-industriels-pellenc-st-equipe-prezero-de-trieurs-optiques\/"},"author":{"name":"Karine Duval","@id":"https:\/\/www.emballagedigest.fr\/#\/schema\/person\/76abe9f2b2ee4d3d520594c7a35da59f"},"headline":"D\u00e9chets industriels : Pellenc ST \u00e9quipe PreZero de trieurs optiques","datePublished":"2026-03-11T23:29:31+00:00","dateModified":"2026-03-11T23:29:34+00:00","mainEntityOfPage":{"@id":"https:\/\/www.emballagedigest.fr\/dechets-industriels-pellenc-st-equipe-prezero-de-trieurs-optiques\/"},"wordCount":503,"publisher":{"@id":"https:\/\/www.emballagedigest.fr\/#organization"},"image":{"@id":"https:\/\/www.emballagedigest.fr\/dechets-industriels-pellenc-st-equipe-prezero-de-trieurs-optiques\/#primaryimage"},"thumbnailUrl":"https:\/\/www.emballagedigest.fr\/wp-content\/uploads\/2026\/03\/Pellenc1.jpg","articleSection":["Article entier","Mat\u00e9riaux","Mat\u00e9riel"],"inLanguage":"en-GB"},{"@type":"WebPage","@id":"https:\/\/www.emballagedigest.fr\/dechets-industriels-pellenc-st-equipe-prezero-de-trieurs-optiques\/","url":"https:\/\/www.emballagedigest.fr\/dechets-industriels-pellenc-st-equipe-prezero-de-trieurs-optiques\/","name":"D\u00e9chets industriels : Pellenc ST \u00e9quipe PreZero de trieurs optiques - Emballage Digest","isPartOf":{"@id":"https:\/\/www.emballagedigest.fr\/#website"},"primaryImageOfPage":{"@id":"https:\/\/www.emballagedigest.fr\/dechets-industriels-pellenc-st-equipe-prezero-de-trieurs-optiques\/#primaryimage"},"image":{"@id":"https:\/\/www.emballagedigest.fr\/dechets-industriels-pellenc-st-equipe-prezero-de-trieurs-optiques\/#primaryimage"},"thumbnailUrl":"https:\/\/www.emballagedigest.fr\/wp-content\/uploads\/2026\/03\/Pellenc1.jpg","datePublished":"2026-03-11T23:29:31+00:00","dateModified":"2026-03-11T23:29:34+00:00","breadcrumb":{"@id":"https:\/\/www.emballagedigest.fr\/dechets-industriels-pellenc-st-equipe-prezero-de-trieurs-optiques\/#breadcrumb"},"inLanguage":"en-GB","potentialAction":[{"@type":"ReadAction","target":["https:\/\/www.emballagedigest.fr\/dechets-industriels-pellenc-st-equipe-prezero-de-trieurs-optiques\/"]}]},{"@type":"ImageObject","inLanguage":"en-GB","@id":"https:\/\/www.emballagedigest.fr\/dechets-industriels-pellenc-st-equipe-prezero-de-trieurs-optiques\/#primaryimage","url":"https:\/\/www.emballagedigest.fr\/wp-content\/uploads\/2026\/03\/Pellenc1.jpg","contentUrl":"https:\/\/www.emballagedigest.fr\/wp-content\/uploads\/2026\/03\/Pellenc1.jpg","width":800,"height":533},{"@type":"BreadcrumbList","@id":"https:\/\/www.emballagedigest.fr\/dechets-industriels-pellenc-st-equipe-prezero-de-trieurs-optiques\/#breadcrumb","itemListElement":[{"@type":"ListItem","position":1,"name":"Accueil","item":"https:\/\/www.emballagedigest.fr\/"},{"@type":"ListItem","position":2,"name":"D\u00e9chets industriels : Pellenc ST \u00e9quipe PreZero de trieurs optiques"}]},{"@type":"WebSite","@id":"https:\/\/www.emballagedigest.fr\/#website","url":"https:\/\/www.emballagedigest.fr\/","name":"Emballage Digest","description":"Revue professionnelle sur les emballages","publisher":{"@id":"https:\/\/www.emballagedigest.fr\/#organization"},"potentialAction":[{"@type":"SearchAction","target":{"@type":"EntryPoint","urlTemplate":"https:\/\/www.emballagedigest.fr\/?s={search_term_string}"},"query-input":{"@type":"PropertyValueSpecification","valueRequired":true,"valueName":"search_term_string"}}],"inLanguage":"en-GB"},{"@type":"Organization","@id":"https:\/\/www.emballagedigest.fr\/#organization","name":"Emballage Digest","url":"https:\/\/www.emballagedigest.fr\/","logo":{"@type":"ImageObject","inLanguage":"en-GB","@id":"https:\/\/www.emballagedigest.fr\/#\/schema\/logo\/image\/","url":"https:\/\/www.emballagedigest.fr\/wp-content\/uploads\/2022\/07\/logo-ed.png","contentUrl":"https:\/\/www.emballagedigest.fr\/wp-content\/uploads\/2022\/07\/logo-ed.png","width":379,"height":75,"caption":"Emballage Digest"},"image":{"@id":"https:\/\/www.emballagedigest.fr\/#\/schema\/logo\/image\/"}},{"@type":"Person","@id":"https:\/\/www.emballagedigest.fr\/#\/schema\/person\/76abe9f2b2ee4d3d520594c7a35da59f","name":"Karine Duval","image":{"@type":"ImageObject","inLanguage":"en-GB","@id":"https:\/\/www.emballagedigest.fr\/#\/schema\/person\/image\/","url":"https:\/\/secure.gravatar.com\/avatar\/f552799261cdd2e076e6677d780ef07bdb13aa4c196ab75b39abcbcdcae2d4e5?s=96&d=mm&r=g","contentUrl":"https:\/\/secure.gravatar.com\/avatar\/f552799261cdd2e076e6677d780ef07bdb13aa4c196ab75b39abcbcdcae2d4e5?s=96&d=mm&r=g","caption":"Karine Duval"},"url":"https:\/\/www.emballagedigest.fr\/en\/author\/admin_karduv\/"}]}},"_links":{"self":[{"href":"https:\/\/www.emballagedigest.fr\/en\/wp-json\/wp\/v2\/posts\/47285","targetHints":{"allow":["GET"]}}],"collection":[{"href":"https:\/\/www.emballagedigest.fr\/en\/wp-json\/wp\/v2\/posts"}],"about":[{"href":"https:\/\/www.emballagedigest.fr\/en\/wp-json\/wp\/v2\/types\/post"}],"author":[{"embeddable":true,"href":"https:\/\/www.emballagedigest.fr\/en\/wp-json\/wp\/v2\/users\/2"}],"replies":[{"embeddable":true,"href":"https:\/\/www.emballagedigest.fr\/en\/wp-json\/wp\/v2\/comments?post=47285"}],"version-history":[{"count":1,"href":"https:\/\/www.emballagedigest.fr\/en\/wp-json\/wp\/v2\/posts\/47285\/revisions"}],"predecessor-version":[{"id":47288,"href":"https:\/\/www.emballagedigest.fr\/en\/wp-json\/wp\/v2\/posts\/47285\/revisions\/47288"}],"wp:featuredmedia":[{"embeddable":true,"href":"https:\/\/www.emballagedigest.fr\/en\/wp-json\/wp\/v2\/media\/47286"}],"wp:attachment":[{"href":"https:\/\/www.emballagedigest.fr\/en\/wp-json\/wp\/v2\/media?parent=47285"}],"wp:term":[{"taxonomy":"category","embeddable":true,"href":"https:\/\/www.emballagedigest.fr\/en\/wp-json\/wp\/v2\/categories?post=47285"},{"taxonomy":"post_tag","embeddable":true,"href":"https:\/\/www.emballagedigest.fr\/en\/wp-json\/wp\/v2\/tags?post=47285"}],"curies":[{"name":"wp","href":"https:\/\/api.w.org\/{rel}","templated":true}]}}