{"id":47305,"date":"2026-03-16T00:16:02","date_gmt":"2026-03-15T23:16:02","guid":{"rendered":"https:\/\/www.emballagedigest.fr\/?p=47305"},"modified":"2026-03-16T00:16:03","modified_gmt":"2026-03-15T23:16:03","slug":"lactips-nomme-benoist-berton-a-la-tete-de-son-conseil-dadministration","status":"publish","type":"post","link":"https:\/\/www.emballagedigest.fr\/en\/lactips-nomme-benoist-berton-a-la-tete-de-son-conseil-dadministration\/","title":{"rendered":"Lactips nomme Benoist Berton \u00e0 la t\u00eate de son Conseil d\u2019administration"},"content":{"rendered":"<p><strong>Lactips, entreprise fran\u00e7aise pionni\u00e8re dans la production de polym\u00e8re naturel 100% biosourc\u00e9, hydrosoluble et biod\u00e9gradable dans les diff\u00e9rents milieux, annonce la nomination de Benoist Berton en qualit\u00e9 de Pr\u00e9sident du Conseil d\u2019administration. Expert reconnu des mod\u00e8les circulaires et des strat\u00e9gies de transformation durable, il accompagnera l\u2019entreprise dans sa trajectoire de croissance responsable, dans un contexte d\u2019acc\u00e9l\u00e9ration des transitions industrielles et de structuration de nouvelles cha\u00eenes de valeur durables.<\/strong><\/p>\n\n\n\n<p>Fort de plus de vingt ans d\u2019exp\u00e9rience au croisement de l\u2019\u00e9conomie circulaire, de la RSE, de la R&amp;D et du packaging durable, Benoist Berton a occup\u00e9 des responsabilit\u00e9s de premier plan au sein d\u2019organisations engag\u00e9es dans la croissance durable. Son expertise, dans la conduite de projets d\u2019innovation \u00e0 impact, la structuration de fili\u00e8res circulaires et la promotion de d\u00e9marches d\u2019\u00e9coconception, contribuera activement \u00e0 acc\u00e9l\u00e9rer la croissance et amplifier l\u2019impact de Lactips sur ses march\u00e9s.<\/p>\n\n\n\n<p>Pendant pr\u00e8s de dix ans, il a exerc\u00e9 des fonctions d\u2019Administrateur de l\u2019\u00e9co-organisme Citeo, o\u00f9 il a pr\u00e9sid\u00e9 diff\u00e9rents Comit\u00e9s sp\u00e9cialis\u00e9s du conseil contribuant ainsi au pilotage de programmes innovants visant \u00e0 optimiser la circularit\u00e9 et r\u00e9duire l\u2019impact environnemental des emballages et papiers. Il pr\u00e9side Ecopar depuis 2016 et a occup\u00e9 des postes strat\u00e9giques au sein de Coca\u2011Cola Europacific Partners, en tant que Directeur Strat\u00e9gie Packaging &amp; \u00c9conomie Circulaire, Directeur des Affaires Publiques. Ces exp\u00e9riences lui ont permis de contribuer activement \u00e0 la transformation de fili\u00e8res industrielles cl\u00e9s pour tendre vers la neutralit\u00e9 carbone.<\/p>\n\n\n\n<p>\u00ab Je me r\u00e9jouis de rejoindre Lactips \u00e0 un moment cl\u00e9 de son d\u00e9veloppement. L\u2019entreprise porte une vision d\u2019innovation utile, au service des transitions. Les mat\u00e9riaux de nouvelle g\u00e9n\u00e9ration sont au c\u0153ur des solutions pour acc\u00e9l\u00e9rer la circularit\u00e9 et r\u00e9duire l\u2019impact des fili\u00e8res industrielles. J\u2019ai h\u00e2te de contribuer, aux c\u00f4t\u00e9s des administrateurs et des \u00e9quipes, \u00e0 amplifier cette dynamique \u00bb, d\u00e9clare Benoist Berton.<\/p>\n\n\n\n<p>Lactips salue l\u2019engagement de Laurent\u202fSchneider-Maunoury de ses derni\u00e8res ann\u00e9es aux r\u00eanes du Conseil d\u2019administration. Son r\u00f4le a \u00e9t\u00e9 d\u00e9terminant dans la transformation industrielle de l\u2019entreprise, marqu\u00e9e par l\u2019inauguration d\u2019un nouveau site, l\u2019installation d\u2019une nouvelle ligne de production et la mise en place des d\u00e9marches de certification ISO.<\/p>","protected":false},"excerpt":{"rendered":"<p>Lactips, entreprise fran\u00e7aise pionni\u00e8re dans la production de polym\u00e8re naturel 100% biosourc\u00e9, hydrosoluble et biod\u00e9gradable dans les diff\u00e9rents milieux, annonce la nomination de Benoist Berton en qualit\u00e9 de Pr\u00e9sident du Conseil d\u2019administration. Expert reconnu des mod\u00e8les circulaires et des strat\u00e9gies de transformation durable, il accompagnera l\u2019entreprise dans sa trajectoire de croissance responsable, dans un contexte [&hellip;]<\/p>","protected":false},"author":2,"featured_media":47306,"comment_status":"closed","ping_status":"closed","sticky":false,"template":"","format":"standard","meta":{"_acf_changed":false,"inline_featured_image":false,"iawp_total_views":56,"footnotes":""},"categories":[28,10,76],"tags":[],"class_list":["post-47305","post","type-post","status-publish","format-standard","has-post-thumbnail","hentry","category-article-entier","category-materiaux","category-nomination"],"acf":[],"yoast_head":"<!-- This site is optimized with the Yoast SEO plugin v24.4 - https:\/\/yoast.com\/wordpress\/plugins\/seo\/ -->\n<title>Lactips nomme Benoist Berton \u00e0 la t\u00eate de son Conseil d\u2019administration - Emballage Digest<\/title>\n<meta name=\"robots\" content=\"index, follow, max-snippet:-1, max-image-preview:large, max-video-preview:-1\" \/>\n<link rel=\"canonical\" href=\"https:\/\/www.emballagedigest.fr\/en\/lactips-nomme-benoist-berton-a-la-tete-de-son-conseil-dadministration\/\" \/>\n<meta property=\"og:locale\" content=\"en_GB\" \/>\n<meta property=\"og:type\" content=\"article\" \/>\n<meta property=\"og:title\" content=\"Lactips nomme Benoist Berton \u00e0 la t\u00eate de son Conseil d\u2019administration - Emballage Digest\" \/>\n<meta property=\"og:description\" content=\"Lactips, entreprise fran\u00e7aise pionni\u00e8re dans la production de polym\u00e8re naturel 100% biosourc\u00e9, hydrosoluble et biod\u00e9gradable dans les diff\u00e9rents milieux, annonce la nomination de Benoist Berton en qualit\u00e9 de Pr\u00e9sident du Conseil d\u2019administration. Expert reconnu des mod\u00e8les circulaires et des strat\u00e9gies de transformation durable, il accompagnera l\u2019entreprise dans sa trajectoire de croissance responsable, dans un contexte [&hellip;]\" \/>\n<meta property=\"og:url\" content=\"https:\/\/www.emballagedigest.fr\/en\/lactips-nomme-benoist-berton-a-la-tete-de-son-conseil-dadministration\/\" \/>\n<meta property=\"og:site_name\" content=\"Emballage Digest\" \/>\n<meta property=\"article:published_time\" content=\"2026-03-15T23:16:02+00:00\" \/>\n<meta property=\"article:modified_time\" content=\"2026-03-15T23:16:03+00:00\" \/>\n<meta property=\"og:image\" content=\"https:\/\/www.emballagedigest.fr\/wp-content\/uploads\/2026\/03\/Lactips.jpg\" \/>\n\t<meta property=\"og:image:width\" content=\"800\" \/>\n\t<meta property=\"og:image:height\" content=\"600\" \/>\n\t<meta property=\"og:image:type\" content=\"image\/jpeg\" \/>\n<meta name=\"author\" content=\"Karine Duval\" \/>\n<meta name=\"twitter:card\" content=\"summary_large_image\" \/>\n<meta name=\"twitter:label1\" content=\"Written by\" \/>\n\t<meta name=\"twitter:data1\" content=\"Karine Duval\" \/>\n\t<meta name=\"twitter:label2\" content=\"Estimated reading time\" \/>\n\t<meta name=\"twitter:data2\" content=\"2 minutes\" \/>\n<script type=\"application\/ld+json\" class=\"yoast-schema-graph\">{\"@context\":\"https:\/\/schema.org\",\"@graph\":[{\"@type\":\"Article\",\"@id\":\"https:\/\/www.emballagedigest.fr\/lactips-nomme-benoist-berton-a-la-tete-de-son-conseil-dadministration\/#article\",\"isPartOf\":{\"@id\":\"https:\/\/www.emballagedigest.fr\/lactips-nomme-benoist-berton-a-la-tete-de-son-conseil-dadministration\/\"},\"author\":{\"name\":\"Karine Duval\",\"@id\":\"https:\/\/www.emballagedigest.fr\/#\/schema\/person\/76abe9f2b2ee4d3d520594c7a35da59f\"},\"headline\":\"Lactips nomme Benoist Berton \u00e0 la t\u00eate de son Conseil d\u2019administration\",\"datePublished\":\"2026-03-15T23:16:02+00:00\",\"dateModified\":\"2026-03-15T23:16:03+00:00\",\"mainEntityOfPage\":{\"@id\":\"https:\/\/www.emballagedigest.fr\/lactips-nomme-benoist-berton-a-la-tete-de-son-conseil-dadministration\/\"},\"wordCount\":428,\"publisher\":{\"@id\":\"https:\/\/www.emballagedigest.fr\/#organization\"},\"image\":{\"@id\":\"https:\/\/www.emballagedigest.fr\/lactips-nomme-benoist-berton-a-la-tete-de-son-conseil-dadministration\/#primaryimage\"},\"thumbnailUrl\":\"https:\/\/www.emballagedigest.fr\/wp-content\/uploads\/2026\/03\/Lactips.jpg\",\"articleSection\":[\"Article entier\",\"Mat\u00e9riaux\",\"Nomination\"],\"inLanguage\":\"en-GB\"},{\"@type\":\"WebPage\",\"@id\":\"https:\/\/www.emballagedigest.fr\/lactips-nomme-benoist-berton-a-la-tete-de-son-conseil-dadministration\/\",\"url\":\"https:\/\/www.emballagedigest.fr\/lactips-nomme-benoist-berton-a-la-tete-de-son-conseil-dadministration\/\",\"name\":\"Lactips nomme Benoist Berton \u00e0 la t\u00eate de son Conseil d\u2019administration - Emballage Digest\",\"isPartOf\":{\"@id\":\"https:\/\/www.emballagedigest.fr\/#website\"},\"primaryImageOfPage\":{\"@id\":\"https:\/\/www.emballagedigest.fr\/lactips-nomme-benoist-berton-a-la-tete-de-son-conseil-dadministration\/#primaryimage\"},\"image\":{\"@id\":\"https:\/\/www.emballagedigest.fr\/lactips-nomme-benoist-berton-a-la-tete-de-son-conseil-dadministration\/#primaryimage\"},\"thumbnailUrl\":\"https:\/\/www.emballagedigest.fr\/wp-content\/uploads\/2026\/03\/Lactips.jpg\",\"datePublished\":\"2026-03-15T23:16:02+00:00\",\"dateModified\":\"2026-03-15T23:16:03+00:00\",\"breadcrumb\":{\"@id\":\"https:\/\/www.emballagedigest.fr\/lactips-nomme-benoist-berton-a-la-tete-de-son-conseil-dadministration\/#breadcrumb\"},\"inLanguage\":\"en-GB\",\"potentialAction\":[{\"@type\":\"ReadAction\",\"target\":[\"https:\/\/www.emballagedigest.fr\/lactips-nomme-benoist-berton-a-la-tete-de-son-conseil-dadministration\/\"]}]},{\"@type\":\"ImageObject\",\"inLanguage\":\"en-GB\",\"@id\":\"https:\/\/www.emballagedigest.fr\/lactips-nomme-benoist-berton-a-la-tete-de-son-conseil-dadministration\/#primaryimage\",\"url\":\"https:\/\/www.emballagedigest.fr\/wp-content\/uploads\/2026\/03\/Lactips.jpg\",\"contentUrl\":\"https:\/\/www.emballagedigest.fr\/wp-content\/uploads\/2026\/03\/Lactips.jpg\",\"width\":800,\"height\":600},{\"@type\":\"BreadcrumbList\",\"@id\":\"https:\/\/www.emballagedigest.fr\/lactips-nomme-benoist-berton-a-la-tete-de-son-conseil-dadministration\/#breadcrumb\",\"itemListElement\":[{\"@type\":\"ListItem\",\"position\":1,\"name\":\"Accueil\",\"item\":\"https:\/\/www.emballagedigest.fr\/\"},{\"@type\":\"ListItem\",\"position\":2,\"name\":\"Lactips nomme Benoist Berton \u00e0 la t\u00eate de son Conseil d\u2019administration\"}]},{\"@type\":\"WebSite\",\"@id\":\"https:\/\/www.emballagedigest.fr\/#website\",\"url\":\"https:\/\/www.emballagedigest.fr\/\",\"name\":\"Emballage Digest\",\"description\":\"Revue professionnelle sur les emballages\",\"publisher\":{\"@id\":\"https:\/\/www.emballagedigest.fr\/#organization\"},\"potentialAction\":[{\"@type\":\"SearchAction\",\"target\":{\"@type\":\"EntryPoint\",\"urlTemplate\":\"https:\/\/www.emballagedigest.fr\/?s={search_term_string}\"},\"query-input\":{\"@type\":\"PropertyValueSpecification\",\"valueRequired\":true,\"valueName\":\"search_term_string\"}}],\"inLanguage\":\"en-GB\"},{\"@type\":\"Organization\",\"@id\":\"https:\/\/www.emballagedigest.fr\/#organization\",\"name\":\"Emballage Digest\",\"url\":\"https:\/\/www.emballagedigest.fr\/\",\"logo\":{\"@type\":\"ImageObject\",\"inLanguage\":\"en-GB\",\"@id\":\"https:\/\/www.emballagedigest.fr\/#\/schema\/logo\/image\/\",\"url\":\"https:\/\/www.emballagedigest.fr\/wp-content\/uploads\/2022\/07\/logo-ed.png\",\"contentUrl\":\"https:\/\/www.emballagedigest.fr\/wp-content\/uploads\/2022\/07\/logo-ed.png\",\"width\":379,\"height\":75,\"caption\":\"Emballage Digest\"},\"image\":{\"@id\":\"https:\/\/www.emballagedigest.fr\/#\/schema\/logo\/image\/\"}},{\"@type\":\"Person\",\"@id\":\"https:\/\/www.emballagedigest.fr\/#\/schema\/person\/76abe9f2b2ee4d3d520594c7a35da59f\",\"name\":\"Karine Duval\",\"image\":{\"@type\":\"ImageObject\",\"inLanguage\":\"en-GB\",\"@id\":\"https:\/\/www.emballagedigest.fr\/#\/schema\/person\/image\/\",\"url\":\"https:\/\/secure.gravatar.com\/avatar\/f552799261cdd2e076e6677d780ef07bdb13aa4c196ab75b39abcbcdcae2d4e5?s=96&d=mm&r=g\",\"contentUrl\":\"https:\/\/secure.gravatar.com\/avatar\/f552799261cdd2e076e6677d780ef07bdb13aa4c196ab75b39abcbcdcae2d4e5?s=96&d=mm&r=g\",\"caption\":\"Karine Duval\"},\"url\":\"https:\/\/www.emballagedigest.fr\/en\/author\/admin_karduv\/\"}]}<\/script>\n<!-- \/ Yoast SEO plugin. -->","yoast_head_json":{"title":"Lactips nomme Benoist Berton \u00e0 la t\u00eate de son Conseil d\u2019administration - Emballage Digest","robots":{"index":"index","follow":"follow","max-snippet":"max-snippet:-1","max-image-preview":"max-image-preview:large","max-video-preview":"max-video-preview:-1"},"canonical":"https:\/\/www.emballagedigest.fr\/en\/lactips-nomme-benoist-berton-a-la-tete-de-son-conseil-dadministration\/","og_locale":"en_GB","og_type":"article","og_title":"Lactips nomme Benoist Berton \u00e0 la t\u00eate de son Conseil d\u2019administration - Emballage Digest","og_description":"Lactips, entreprise fran\u00e7aise pionni\u00e8re dans la production de polym\u00e8re naturel 100% biosourc\u00e9, hydrosoluble et biod\u00e9gradable dans les diff\u00e9rents milieux, annonce la nomination de Benoist Berton en qualit\u00e9 de Pr\u00e9sident du Conseil d\u2019administration. Expert reconnu des mod\u00e8les circulaires et des strat\u00e9gies de transformation durable, il accompagnera l\u2019entreprise dans sa trajectoire de croissance responsable, dans un contexte [&hellip;]","og_url":"https:\/\/www.emballagedigest.fr\/en\/lactips-nomme-benoist-berton-a-la-tete-de-son-conseil-dadministration\/","og_site_name":"Emballage Digest","article_published_time":"2026-03-15T23:16:02+00:00","article_modified_time":"2026-03-15T23:16:03+00:00","og_image":[{"width":800,"height":600,"url":"https:\/\/www.emballagedigest.fr\/wp-content\/uploads\/2026\/03\/Lactips.jpg","type":"image\/jpeg"}],"author":"Karine Duval","twitter_card":"summary_large_image","twitter_misc":{"Written by":"Karine Duval","Estimated reading time":"2 minutes"},"schema":{"@context":"https:\/\/schema.org","@graph":[{"@type":"Article","@id":"https:\/\/www.emballagedigest.fr\/lactips-nomme-benoist-berton-a-la-tete-de-son-conseil-dadministration\/#article","isPartOf":{"@id":"https:\/\/www.emballagedigest.fr\/lactips-nomme-benoist-berton-a-la-tete-de-son-conseil-dadministration\/"},"author":{"name":"Karine Duval","@id":"https:\/\/www.emballagedigest.fr\/#\/schema\/person\/76abe9f2b2ee4d3d520594c7a35da59f"},"headline":"Lactips nomme Benoist Berton \u00e0 la t\u00eate de son Conseil d\u2019administration","datePublished":"2026-03-15T23:16:02+00:00","dateModified":"2026-03-15T23:16:03+00:00","mainEntityOfPage":{"@id":"https:\/\/www.emballagedigest.fr\/lactips-nomme-benoist-berton-a-la-tete-de-son-conseil-dadministration\/"},"wordCount":428,"publisher":{"@id":"https:\/\/www.emballagedigest.fr\/#organization"},"image":{"@id":"https:\/\/www.emballagedigest.fr\/lactips-nomme-benoist-berton-a-la-tete-de-son-conseil-dadministration\/#primaryimage"},"thumbnailUrl":"https:\/\/www.emballagedigest.fr\/wp-content\/uploads\/2026\/03\/Lactips.jpg","articleSection":["Article entier","Mat\u00e9riaux","Nomination"],"inLanguage":"en-GB"},{"@type":"WebPage","@id":"https:\/\/www.emballagedigest.fr\/lactips-nomme-benoist-berton-a-la-tete-de-son-conseil-dadministration\/","url":"https:\/\/www.emballagedigest.fr\/lactips-nomme-benoist-berton-a-la-tete-de-son-conseil-dadministration\/","name":"Lactips nomme Benoist Berton \u00e0 la t\u00eate de son Conseil d\u2019administration - Emballage Digest","isPartOf":{"@id":"https:\/\/www.emballagedigest.fr\/#website"},"primaryImageOfPage":{"@id":"https:\/\/www.emballagedigest.fr\/lactips-nomme-benoist-berton-a-la-tete-de-son-conseil-dadministration\/#primaryimage"},"image":{"@id":"https:\/\/www.emballagedigest.fr\/lactips-nomme-benoist-berton-a-la-tete-de-son-conseil-dadministration\/#primaryimage"},"thumbnailUrl":"https:\/\/www.emballagedigest.fr\/wp-content\/uploads\/2026\/03\/Lactips.jpg","datePublished":"2026-03-15T23:16:02+00:00","dateModified":"2026-03-15T23:16:03+00:00","breadcrumb":{"@id":"https:\/\/www.emballagedigest.fr\/lactips-nomme-benoist-berton-a-la-tete-de-son-conseil-dadministration\/#breadcrumb"},"inLanguage":"en-GB","potentialAction":[{"@type":"ReadAction","target":["https:\/\/www.emballagedigest.fr\/lactips-nomme-benoist-berton-a-la-tete-de-son-conseil-dadministration\/"]}]},{"@type":"ImageObject","inLanguage":"en-GB","@id":"https:\/\/www.emballagedigest.fr\/lactips-nomme-benoist-berton-a-la-tete-de-son-conseil-dadministration\/#primaryimage","url":"https:\/\/www.emballagedigest.fr\/wp-content\/uploads\/2026\/03\/Lactips.jpg","contentUrl":"https:\/\/www.emballagedigest.fr\/wp-content\/uploads\/2026\/03\/Lactips.jpg","width":800,"height":600},{"@type":"BreadcrumbList","@id":"https:\/\/www.emballagedigest.fr\/lactips-nomme-benoist-berton-a-la-tete-de-son-conseil-dadministration\/#breadcrumb","itemListElement":[{"@type":"ListItem","position":1,"name":"Accueil","item":"https:\/\/www.emballagedigest.fr\/"},{"@type":"ListItem","position":2,"name":"Lactips nomme Benoist Berton \u00e0 la t\u00eate de son Conseil d\u2019administration"}]},{"@type":"WebSite","@id":"https:\/\/www.emballagedigest.fr\/#website","url":"https:\/\/www.emballagedigest.fr\/","name":"Emballage Digest","description":"Revue professionnelle sur les emballages","publisher":{"@id":"https:\/\/www.emballagedigest.fr\/#organization"},"potentialAction":[{"@type":"SearchAction","target":{"@type":"EntryPoint","urlTemplate":"https:\/\/www.emballagedigest.fr\/?s={search_term_string}"},"query-input":{"@type":"PropertyValueSpecification","valueRequired":true,"valueName":"search_term_string"}}],"inLanguage":"en-GB"},{"@type":"Organization","@id":"https:\/\/www.emballagedigest.fr\/#organization","name":"Emballage Digest","url":"https:\/\/www.emballagedigest.fr\/","logo":{"@type":"ImageObject","inLanguage":"en-GB","@id":"https:\/\/www.emballagedigest.fr\/#\/schema\/logo\/image\/","url":"https:\/\/www.emballagedigest.fr\/wp-content\/uploads\/2022\/07\/logo-ed.png","contentUrl":"https:\/\/www.emballagedigest.fr\/wp-content\/uploads\/2022\/07\/logo-ed.png","width":379,"height":75,"caption":"Emballage Digest"},"image":{"@id":"https:\/\/www.emballagedigest.fr\/#\/schema\/logo\/image\/"}},{"@type":"Person","@id":"https:\/\/www.emballagedigest.fr\/#\/schema\/person\/76abe9f2b2ee4d3d520594c7a35da59f","name":"Karine Duval","image":{"@type":"ImageObject","inLanguage":"en-GB","@id":"https:\/\/www.emballagedigest.fr\/#\/schema\/person\/image\/","url":"https:\/\/secure.gravatar.com\/avatar\/f552799261cdd2e076e6677d780ef07bdb13aa4c196ab75b39abcbcdcae2d4e5?s=96&d=mm&r=g","contentUrl":"https:\/\/secure.gravatar.com\/avatar\/f552799261cdd2e076e6677d780ef07bdb13aa4c196ab75b39abcbcdcae2d4e5?s=96&d=mm&r=g","caption":"Karine Duval"},"url":"https:\/\/www.emballagedigest.fr\/en\/author\/admin_karduv\/"}]}},"_links":{"self":[{"href":"https:\/\/www.emballagedigest.fr\/en\/wp-json\/wp\/v2\/posts\/47305","targetHints":{"allow":["GET"]}}],"collection":[{"href":"https:\/\/www.emballagedigest.fr\/en\/wp-json\/wp\/v2\/posts"}],"about":[{"href":"https:\/\/www.emballagedigest.fr\/en\/wp-json\/wp\/v2\/types\/post"}],"author":[{"embeddable":true,"href":"https:\/\/www.emballagedigest.fr\/en\/wp-json\/wp\/v2\/users\/2"}],"replies":[{"embeddable":true,"href":"https:\/\/www.emballagedigest.fr\/en\/wp-json\/wp\/v2\/comments?post=47305"}],"version-history":[{"count":1,"href":"https:\/\/www.emballagedigest.fr\/en\/wp-json\/wp\/v2\/posts\/47305\/revisions"}],"predecessor-version":[{"id":47307,"href":"https:\/\/www.emballagedigest.fr\/en\/wp-json\/wp\/v2\/posts\/47305\/revisions\/47307"}],"wp:featuredmedia":[{"embeddable":true,"href":"https:\/\/www.emballagedigest.fr\/en\/wp-json\/wp\/v2\/media\/47306"}],"wp:attachment":[{"href":"https:\/\/www.emballagedigest.fr\/en\/wp-json\/wp\/v2\/media?parent=47305"}],"wp:term":[{"taxonomy":"category","embeddable":true,"href":"https:\/\/www.emballagedigest.fr\/en\/wp-json\/wp\/v2\/categories?post=47305"},{"taxonomy":"post_tag","embeddable":true,"href":"https:\/\/www.emballagedigest.fr\/en\/wp-json\/wp\/v2\/tags?post=47305"}],"curies":[{"name":"wp","href":"https:\/\/api.w.org\/{rel}","templated":true}]}}