{"id":47719,"date":"2026-04-26T09:11:27","date_gmt":"2026-04-26T07:11:27","guid":{"rendered":"https:\/\/www.emballagedigest.fr\/?p=47719"},"modified":"2026-04-27T09:13:10","modified_gmt":"2026-04-27T07:13:10","slug":"livingpackets-accelere-sa-collaboration-avec-sfr","status":"publish","type":"post","link":"https:\/\/www.emballagedigest.fr\/en\/livingpackets-accelere-sa-collaboration-avec-sfr\/","title":{"rendered":"LivingPackets acc\u00e9l\u00e9re sa collaboration avec SFR"},"content":{"rendered":"<p><strong>Apr\u00e8s une phase pilote et un lancement national en mars 2024 avec 220 The Box, le colis connect\u00e9, s\u00e9curis\u00e9 et r\u00e9utilisable de LivingPackets, SFR a souhait\u00e9 \u00e9lever sa flotte \u00e0 1300, et se projette sur l\u2019int\u00e9gration totale de 1600 The Box d\u2019ici fin 2026. Ces derniers circuleront parmi plus de 130 boutiques SFR r\u00e9parties en France hexagonale et en Corse, soit 25% de son r\u00e9seau. <\/strong><\/p>\n\n\n\n<p>Gr\u00e2ce aux capteurs IoT int\u00e9gr\u00e9s dans le colis, au syst\u00e8me de verrouillage \u00e9lectrom\u00e9canique et au suivi GPS, les produits sont inaccessibles une fois The Box verrouill\u00e9e, r\u00e9duisant consid\u00e9rablement les pertes et les vols. La boite ne s\u2019ouvrant qu\u2019en pr\u00e9sence de son destinataire ou d\u2019une personne munie d\u2019un code s\u00e9curis\u00e9, SFR est averti en cas de tentative d\u2019intrusion. L\u2019entreprise constate que 100 % des spoliations et des pertes de tra\u00e7abilit\u00e9 sont d\u00e9sormais \u00e9vit\u00e9es ou r\u00e9solues, et chaque risque logistique est automatiquement d\u00e9tect\u00e9 et pris en charge. Autre avantage\u00a0: le poste d\u2019exp\u00e9dition automatis\u00e9e con\u00e7u par LivingPackets et install\u00e9 chez le prestataire logistique permet de g\u00e9n\u00e9rer plusieurs centaines d\u2019\u00e9tiquettes digitales par jour (sans papier, ni colle, ni plastique \u00e0 usage unique) puis de d\u00e9ployer sans intervention manuelle chaque The Box et gagner ainsi un temps pr\u00e9cieux. Enfin, les \u00e9tiquettes de retour sont automatiques et pr\u00e9charg\u00e9es dans le syst\u00e8me, s\u2019affranchissant de tout usage de carton. Plusieurs The Box ont effectu\u00e9 plus de 100 trajets chacune dans le r\u00e9seau SFR depuis janvier 2024 (soit pr\u00e8s de cinq trajets mensuels en moyenne).<\/p>","protected":false},"excerpt":{"rendered":"<p>Apr\u00e8s une phase pilote et un lancement national en mars 2024 avec 220 The Box, le colis connect\u00e9, s\u00e9curis\u00e9 et r\u00e9utilisable de LivingPackets, SFR a souhait\u00e9 \u00e9lever sa flotte \u00e0 1300, et se projette sur l\u2019int\u00e9gration totale de 1600 The Box d\u2019ici fin 2026. Ces derniers circuleront parmi plus de 130 boutiques SFR r\u00e9parties en [&hellip;]<\/p>","protected":false},"author":2,"featured_media":47720,"comment_status":"closed","ping_status":"closed","sticky":false,"template":"","format":"standard","meta":{"_acf_changed":false,"inline_featured_image":false,"iawp_total_views":8,"footnotes":""},"categories":[28,26,11,8,65],"tags":[],"class_list":["post-47719","post","type-post","status-publish","format-standard","has-post-thumbnail","hentry","category-article-entier","category-laterale","category-emballages","category-industrie","category-vu-dans-le-mag"],"acf":[],"yoast_head":"<!-- This site is optimized with the Yoast SEO plugin v24.4 - https:\/\/yoast.com\/wordpress\/plugins\/seo\/ -->\n<title>LivingPackets acc\u00e9l\u00e9re sa collaboration avec SFR - Emballage Digest<\/title>\n<meta name=\"robots\" content=\"index, follow, max-snippet:-1, max-image-preview:large, max-video-preview:-1\" \/>\n<link rel=\"canonical\" href=\"https:\/\/www.emballagedigest.fr\/en\/livingpackets-accelere-sa-collaboration-avec-sfr\/\" \/>\n<meta property=\"og:locale\" content=\"en_GB\" \/>\n<meta property=\"og:type\" content=\"article\" \/>\n<meta property=\"og:title\" content=\"LivingPackets acc\u00e9l\u00e9re sa collaboration avec SFR - Emballage Digest\" \/>\n<meta property=\"og:description\" content=\"Apr\u00e8s une phase pilote et un lancement national en mars 2024 avec 220 The Box, le colis connect\u00e9, s\u00e9curis\u00e9 et r\u00e9utilisable de LivingPackets, SFR a souhait\u00e9 \u00e9lever sa flotte \u00e0 1300, et se projette sur l\u2019int\u00e9gration totale de 1600 The Box d\u2019ici fin 2026. Ces derniers circuleront parmi plus de 130 boutiques SFR r\u00e9parties en [&hellip;]\" \/>\n<meta property=\"og:url\" content=\"https:\/\/www.emballagedigest.fr\/en\/livingpackets-accelere-sa-collaboration-avec-sfr\/\" \/>\n<meta property=\"og:site_name\" content=\"Emballage Digest\" \/>\n<meta property=\"article:published_time\" content=\"2026-04-26T07:11:27+00:00\" \/>\n<meta property=\"article:modified_time\" content=\"2026-04-27T07:13:10+00:00\" \/>\n<meta property=\"og:image\" content=\"https:\/\/www.emballagedigest.fr\/wp-content\/uploads\/2026\/04\/LivingPackets_SFR.jpg\" \/>\n\t<meta property=\"og:image:width\" content=\"800\" \/>\n\t<meta property=\"og:image:height\" content=\"533\" \/>\n\t<meta property=\"og:image:type\" content=\"image\/jpeg\" \/>\n<meta name=\"author\" content=\"Karine Duval\" \/>\n<meta name=\"twitter:card\" content=\"summary_large_image\" \/>\n<meta name=\"twitter:label1\" content=\"Written by\" \/>\n\t<meta name=\"twitter:data1\" content=\"Karine Duval\" \/>\n\t<meta name=\"twitter:label2\" content=\"Estimated reading time\" \/>\n\t<meta name=\"twitter:data2\" content=\"2 minutes\" \/>\n<script type=\"application\/ld+json\" class=\"yoast-schema-graph\">{\"@context\":\"https:\/\/schema.org\",\"@graph\":[{\"@type\":\"Article\",\"@id\":\"https:\/\/www.emballagedigest.fr\/livingpackets-accelere-sa-collaboration-avec-sfr\/#article\",\"isPartOf\":{\"@id\":\"https:\/\/www.emballagedigest.fr\/livingpackets-accelere-sa-collaboration-avec-sfr\/\"},\"author\":{\"name\":\"Karine Duval\",\"@id\":\"https:\/\/www.emballagedigest.fr\/#\/schema\/person\/76abe9f2b2ee4d3d520594c7a35da59f\"},\"headline\":\"LivingPackets acc\u00e9l\u00e9re sa collaboration avec SFR\",\"datePublished\":\"2026-04-26T07:11:27+00:00\",\"dateModified\":\"2026-04-27T07:13:10+00:00\",\"mainEntityOfPage\":{\"@id\":\"https:\/\/www.emballagedigest.fr\/livingpackets-accelere-sa-collaboration-avec-sfr\/\"},\"wordCount\":280,\"publisher\":{\"@id\":\"https:\/\/www.emballagedigest.fr\/#organization\"},\"image\":{\"@id\":\"https:\/\/www.emballagedigest.fr\/livingpackets-accelere-sa-collaboration-avec-sfr\/#primaryimage\"},\"thumbnailUrl\":\"https:\/\/www.emballagedigest.fr\/wp-content\/uploads\/2026\/04\/LivingPackets_SFR.jpg\",\"articleSection\":[\"Article entier\",\"Barre lat\u00e9rale\",\"Emballages\",\"Industrie\",\"Vu dans le mag\"],\"inLanguage\":\"en-GB\"},{\"@type\":\"WebPage\",\"@id\":\"https:\/\/www.emballagedigest.fr\/livingpackets-accelere-sa-collaboration-avec-sfr\/\",\"url\":\"https:\/\/www.emballagedigest.fr\/livingpackets-accelere-sa-collaboration-avec-sfr\/\",\"name\":\"LivingPackets acc\u00e9l\u00e9re sa collaboration avec SFR - Emballage Digest\",\"isPartOf\":{\"@id\":\"https:\/\/www.emballagedigest.fr\/#website\"},\"primaryImageOfPage\":{\"@id\":\"https:\/\/www.emballagedigest.fr\/livingpackets-accelere-sa-collaboration-avec-sfr\/#primaryimage\"},\"image\":{\"@id\":\"https:\/\/www.emballagedigest.fr\/livingpackets-accelere-sa-collaboration-avec-sfr\/#primaryimage\"},\"thumbnailUrl\":\"https:\/\/www.emballagedigest.fr\/wp-content\/uploads\/2026\/04\/LivingPackets_SFR.jpg\",\"datePublished\":\"2026-04-26T07:11:27+00:00\",\"dateModified\":\"2026-04-27T07:13:10+00:00\",\"breadcrumb\":{\"@id\":\"https:\/\/www.emballagedigest.fr\/livingpackets-accelere-sa-collaboration-avec-sfr\/#breadcrumb\"},\"inLanguage\":\"en-GB\",\"potentialAction\":[{\"@type\":\"ReadAction\",\"target\":[\"https:\/\/www.emballagedigest.fr\/livingpackets-accelere-sa-collaboration-avec-sfr\/\"]}]},{\"@type\":\"ImageObject\",\"inLanguage\":\"en-GB\",\"@id\":\"https:\/\/www.emballagedigest.fr\/livingpackets-accelere-sa-collaboration-avec-sfr\/#primaryimage\",\"url\":\"https:\/\/www.emballagedigest.fr\/wp-content\/uploads\/2026\/04\/LivingPackets_SFR.jpg\",\"contentUrl\":\"https:\/\/www.emballagedigest.fr\/wp-content\/uploads\/2026\/04\/LivingPackets_SFR.jpg\",\"width\":800,\"height\":533},{\"@type\":\"BreadcrumbList\",\"@id\":\"https:\/\/www.emballagedigest.fr\/livingpackets-accelere-sa-collaboration-avec-sfr\/#breadcrumb\",\"itemListElement\":[{\"@type\":\"ListItem\",\"position\":1,\"name\":\"Accueil\",\"item\":\"https:\/\/www.emballagedigest.fr\/\"},{\"@type\":\"ListItem\",\"position\":2,\"name\":\"LivingPackets acc\u00e9l\u00e9re sa collaboration avec SFR\"}]},{\"@type\":\"WebSite\",\"@id\":\"https:\/\/www.emballagedigest.fr\/#website\",\"url\":\"https:\/\/www.emballagedigest.fr\/\",\"name\":\"Emballage Digest\",\"description\":\"Revue professionnelle sur les emballages\",\"publisher\":{\"@id\":\"https:\/\/www.emballagedigest.fr\/#organization\"},\"potentialAction\":[{\"@type\":\"SearchAction\",\"target\":{\"@type\":\"EntryPoint\",\"urlTemplate\":\"https:\/\/www.emballagedigest.fr\/?s={search_term_string}\"},\"query-input\":{\"@type\":\"PropertyValueSpecification\",\"valueRequired\":true,\"valueName\":\"search_term_string\"}}],\"inLanguage\":\"en-GB\"},{\"@type\":\"Organization\",\"@id\":\"https:\/\/www.emballagedigest.fr\/#organization\",\"name\":\"Emballage Digest\",\"url\":\"https:\/\/www.emballagedigest.fr\/\",\"logo\":{\"@type\":\"ImageObject\",\"inLanguage\":\"en-GB\",\"@id\":\"https:\/\/www.emballagedigest.fr\/#\/schema\/logo\/image\/\",\"url\":\"https:\/\/www.emballagedigest.fr\/wp-content\/uploads\/2022\/07\/logo-ed.png\",\"contentUrl\":\"https:\/\/www.emballagedigest.fr\/wp-content\/uploads\/2022\/07\/logo-ed.png\",\"width\":379,\"height\":75,\"caption\":\"Emballage Digest\"},\"image\":{\"@id\":\"https:\/\/www.emballagedigest.fr\/#\/schema\/logo\/image\/\"}},{\"@type\":\"Person\",\"@id\":\"https:\/\/www.emballagedigest.fr\/#\/schema\/person\/76abe9f2b2ee4d3d520594c7a35da59f\",\"name\":\"Karine Duval\",\"image\":{\"@type\":\"ImageObject\",\"inLanguage\":\"en-GB\",\"@id\":\"https:\/\/www.emballagedigest.fr\/#\/schema\/person\/image\/\",\"url\":\"https:\/\/secure.gravatar.com\/avatar\/f552799261cdd2e076e6677d780ef07bdb13aa4c196ab75b39abcbcdcae2d4e5?s=96&d=mm&r=g\",\"contentUrl\":\"https:\/\/secure.gravatar.com\/avatar\/f552799261cdd2e076e6677d780ef07bdb13aa4c196ab75b39abcbcdcae2d4e5?s=96&d=mm&r=g\",\"caption\":\"Karine Duval\"},\"url\":\"https:\/\/www.emballagedigest.fr\/en\/author\/admin_karduv\/\"}]}<\/script>\n<!-- \/ Yoast SEO plugin. -->","yoast_head_json":{"title":"LivingPackets acc\u00e9l\u00e9re sa collaboration avec SFR - Emballage Digest","robots":{"index":"index","follow":"follow","max-snippet":"max-snippet:-1","max-image-preview":"max-image-preview:large","max-video-preview":"max-video-preview:-1"},"canonical":"https:\/\/www.emballagedigest.fr\/en\/livingpackets-accelere-sa-collaboration-avec-sfr\/","og_locale":"en_GB","og_type":"article","og_title":"LivingPackets acc\u00e9l\u00e9re sa collaboration avec SFR - Emballage Digest","og_description":"Apr\u00e8s une phase pilote et un lancement national en mars 2024 avec 220 The Box, le colis connect\u00e9, s\u00e9curis\u00e9 et r\u00e9utilisable de LivingPackets, SFR a souhait\u00e9 \u00e9lever sa flotte \u00e0 1300, et se projette sur l\u2019int\u00e9gration totale de 1600 The Box d\u2019ici fin 2026. Ces derniers circuleront parmi plus de 130 boutiques SFR r\u00e9parties en [&hellip;]","og_url":"https:\/\/www.emballagedigest.fr\/en\/livingpackets-accelere-sa-collaboration-avec-sfr\/","og_site_name":"Emballage Digest","article_published_time":"2026-04-26T07:11:27+00:00","article_modified_time":"2026-04-27T07:13:10+00:00","og_image":[{"width":800,"height":533,"url":"https:\/\/www.emballagedigest.fr\/wp-content\/uploads\/2026\/04\/LivingPackets_SFR.jpg","type":"image\/jpeg"}],"author":"Karine Duval","twitter_card":"summary_large_image","twitter_misc":{"Written by":"Karine Duval","Estimated reading time":"2 minutes"},"schema":{"@context":"https:\/\/schema.org","@graph":[{"@type":"Article","@id":"https:\/\/www.emballagedigest.fr\/livingpackets-accelere-sa-collaboration-avec-sfr\/#article","isPartOf":{"@id":"https:\/\/www.emballagedigest.fr\/livingpackets-accelere-sa-collaboration-avec-sfr\/"},"author":{"name":"Karine Duval","@id":"https:\/\/www.emballagedigest.fr\/#\/schema\/person\/76abe9f2b2ee4d3d520594c7a35da59f"},"headline":"LivingPackets acc\u00e9l\u00e9re sa collaboration avec SFR","datePublished":"2026-04-26T07:11:27+00:00","dateModified":"2026-04-27T07:13:10+00:00","mainEntityOfPage":{"@id":"https:\/\/www.emballagedigest.fr\/livingpackets-accelere-sa-collaboration-avec-sfr\/"},"wordCount":280,"publisher":{"@id":"https:\/\/www.emballagedigest.fr\/#organization"},"image":{"@id":"https:\/\/www.emballagedigest.fr\/livingpackets-accelere-sa-collaboration-avec-sfr\/#primaryimage"},"thumbnailUrl":"https:\/\/www.emballagedigest.fr\/wp-content\/uploads\/2026\/04\/LivingPackets_SFR.jpg","articleSection":["Article entier","Barre lat\u00e9rale","Emballages","Industrie","Vu dans le mag"],"inLanguage":"en-GB"},{"@type":"WebPage","@id":"https:\/\/www.emballagedigest.fr\/livingpackets-accelere-sa-collaboration-avec-sfr\/","url":"https:\/\/www.emballagedigest.fr\/livingpackets-accelere-sa-collaboration-avec-sfr\/","name":"LivingPackets acc\u00e9l\u00e9re sa collaboration avec SFR - Emballage Digest","isPartOf":{"@id":"https:\/\/www.emballagedigest.fr\/#website"},"primaryImageOfPage":{"@id":"https:\/\/www.emballagedigest.fr\/livingpackets-accelere-sa-collaboration-avec-sfr\/#primaryimage"},"image":{"@id":"https:\/\/www.emballagedigest.fr\/livingpackets-accelere-sa-collaboration-avec-sfr\/#primaryimage"},"thumbnailUrl":"https:\/\/www.emballagedigest.fr\/wp-content\/uploads\/2026\/04\/LivingPackets_SFR.jpg","datePublished":"2026-04-26T07:11:27+00:00","dateModified":"2026-04-27T07:13:10+00:00","breadcrumb":{"@id":"https:\/\/www.emballagedigest.fr\/livingpackets-accelere-sa-collaboration-avec-sfr\/#breadcrumb"},"inLanguage":"en-GB","potentialAction":[{"@type":"ReadAction","target":["https:\/\/www.emballagedigest.fr\/livingpackets-accelere-sa-collaboration-avec-sfr\/"]}]},{"@type":"ImageObject","inLanguage":"en-GB","@id":"https:\/\/www.emballagedigest.fr\/livingpackets-accelere-sa-collaboration-avec-sfr\/#primaryimage","url":"https:\/\/www.emballagedigest.fr\/wp-content\/uploads\/2026\/04\/LivingPackets_SFR.jpg","contentUrl":"https:\/\/www.emballagedigest.fr\/wp-content\/uploads\/2026\/04\/LivingPackets_SFR.jpg","width":800,"height":533},{"@type":"BreadcrumbList","@id":"https:\/\/www.emballagedigest.fr\/livingpackets-accelere-sa-collaboration-avec-sfr\/#breadcrumb","itemListElement":[{"@type":"ListItem","position":1,"name":"Accueil","item":"https:\/\/www.emballagedigest.fr\/"},{"@type":"ListItem","position":2,"name":"LivingPackets acc\u00e9l\u00e9re sa collaboration avec SFR"}]},{"@type":"WebSite","@id":"https:\/\/www.emballagedigest.fr\/#website","url":"https:\/\/www.emballagedigest.fr\/","name":"Emballage Digest","description":"Revue professionnelle sur les emballages","publisher":{"@id":"https:\/\/www.emballagedigest.fr\/#organization"},"potentialAction":[{"@type":"SearchAction","target":{"@type":"EntryPoint","urlTemplate":"https:\/\/www.emballagedigest.fr\/?s={search_term_string}"},"query-input":{"@type":"PropertyValueSpecification","valueRequired":true,"valueName":"search_term_string"}}],"inLanguage":"en-GB"},{"@type":"Organization","@id":"https:\/\/www.emballagedigest.fr\/#organization","name":"Emballage Digest","url":"https:\/\/www.emballagedigest.fr\/","logo":{"@type":"ImageObject","inLanguage":"en-GB","@id":"https:\/\/www.emballagedigest.fr\/#\/schema\/logo\/image\/","url":"https:\/\/www.emballagedigest.fr\/wp-content\/uploads\/2022\/07\/logo-ed.png","contentUrl":"https:\/\/www.emballagedigest.fr\/wp-content\/uploads\/2022\/07\/logo-ed.png","width":379,"height":75,"caption":"Emballage Digest"},"image":{"@id":"https:\/\/www.emballagedigest.fr\/#\/schema\/logo\/image\/"}},{"@type":"Person","@id":"https:\/\/www.emballagedigest.fr\/#\/schema\/person\/76abe9f2b2ee4d3d520594c7a35da59f","name":"Karine Duval","image":{"@type":"ImageObject","inLanguage":"en-GB","@id":"https:\/\/www.emballagedigest.fr\/#\/schema\/person\/image\/","url":"https:\/\/secure.gravatar.com\/avatar\/f552799261cdd2e076e6677d780ef07bdb13aa4c196ab75b39abcbcdcae2d4e5?s=96&d=mm&r=g","contentUrl":"https:\/\/secure.gravatar.com\/avatar\/f552799261cdd2e076e6677d780ef07bdb13aa4c196ab75b39abcbcdcae2d4e5?s=96&d=mm&r=g","caption":"Karine Duval"},"url":"https:\/\/www.emballagedigest.fr\/en\/author\/admin_karduv\/"}]}},"_links":{"self":[{"href":"https:\/\/www.emballagedigest.fr\/en\/wp-json\/wp\/v2\/posts\/47719","targetHints":{"allow":["GET"]}}],"collection":[{"href":"https:\/\/www.emballagedigest.fr\/en\/wp-json\/wp\/v2\/posts"}],"about":[{"href":"https:\/\/www.emballagedigest.fr\/en\/wp-json\/wp\/v2\/types\/post"}],"author":[{"embeddable":true,"href":"https:\/\/www.emballagedigest.fr\/en\/wp-json\/wp\/v2\/users\/2"}],"replies":[{"embeddable":true,"href":"https:\/\/www.emballagedigest.fr\/en\/wp-json\/wp\/v2\/comments?post=47719"}],"version-history":[{"count":1,"href":"https:\/\/www.emballagedigest.fr\/en\/wp-json\/wp\/v2\/posts\/47719\/revisions"}],"predecessor-version":[{"id":47721,"href":"https:\/\/www.emballagedigest.fr\/en\/wp-json\/wp\/v2\/posts\/47719\/revisions\/47721"}],"wp:featuredmedia":[{"embeddable":true,"href":"https:\/\/www.emballagedigest.fr\/en\/wp-json\/wp\/v2\/media\/47720"}],"wp:attachment":[{"href":"https:\/\/www.emballagedigest.fr\/en\/wp-json\/wp\/v2\/media?parent=47719"}],"wp:term":[{"taxonomy":"category","embeddable":true,"href":"https:\/\/www.emballagedigest.fr\/en\/wp-json\/wp\/v2\/categories?post=47719"},{"taxonomy":"post_tag","embeddable":true,"href":"https:\/\/www.emballagedigest.fr\/en\/wp-json\/wp\/v2\/tags?post=47719"}],"curies":[{"name":"wp","href":"https:\/\/api.w.org\/{rel}","templated":true}]}}