{"id":47722,"date":"2026-04-26T09:13:24","date_gmt":"2026-04-26T07:13:24","guid":{"rendered":"https:\/\/www.emballagedigest.fr\/?p=47722"},"modified":"2026-04-27T09:15:46","modified_gmt":"2026-04-27T07:15:46","slug":"emballages-papier-et-revetements-henkel-elargit-son-offre","status":"publish","type":"post","link":"https:\/\/www.emballagedigest.fr\/en\/emballages-papier-et-revetements-henkel-elargit-son-offre\/","title":{"rendered":"Emballages papier et rev\u00eatements\u00a0: Henkel \u00e9largit son offre"},"content":{"rendered":"<p><strong>Afin de r\u00e9pondre \u00e0 la forte demande en emballages papier, Henkel Adhesive Technologies enrichit sa gamme de rev\u00eatements barri\u00e8res et thermoscellables \u00e0 base d\u2019eau. <\/strong><\/p>\n\n\n\n<p>Il s\u2019agit principalement de formats n\u00e9cessitant une soudure, tels que les sacs, les sachets ou les emballages d\u2019exp\u00e9dition pour de petits articles comme les vis et les jouets, ainsi que les produits alimentaires (secs) et les produits d\u2019hygi\u00e8ne. Sur des papiers adapt\u00e9s, les thermoscellages permettent une liaison fiable par conduction thermique. Les nouvelles solutions de la gamme de rev\u00eatements pour papier de Henkel garantissent cette performance m\u00eame \u00e0 basse temp\u00e9rature et \u00e0 des vitesses de ligne \u00e9lev\u00e9es (r\u00e9sistance \u00e0 l\u2019eau, la graisse et l\u2019humidit\u00e9). De plus, elles sont repulpables, compatibles avec le recyclage et homologu\u00e9es pour le contact alimentaire conform\u00e9ment aux r\u00e9glementations de la FDA et de l\u2019UE. Afin d\u2019am\u00e9liorer la fiabilit\u00e9 du processus lors de l\u2019utilisation, une version avec traceur UV est \u00e9galement disponible, ce qui facilite le suivi de l\u2019application et la gestion de la qualit\u00e9.<\/p>","protected":false},"excerpt":{"rendered":"<p>Afin de r\u00e9pondre \u00e0 la forte demande en emballages papier, Henkel Adhesive Technologies enrichit sa gamme de rev\u00eatements barri\u00e8res et thermoscellables \u00e0 base d\u2019eau. Il s\u2019agit principalement de formats n\u00e9cessitant une soudure, tels que les sacs, les sachets ou les emballages d\u2019exp\u00e9dition pour de petits articles comme les vis et les jouets, ainsi que les [&hellip;]<\/p>","protected":false},"author":2,"featured_media":47723,"comment_status":"closed","ping_status":"closed","sticky":false,"template":"","format":"standard","meta":{"_acf_changed":false,"inline_featured_image":false,"iawp_total_views":7,"footnotes":""},"categories":[28,26,10,65],"tags":[],"class_list":["post-47722","post","type-post","status-publish","format-standard","has-post-thumbnail","hentry","category-article-entier","category-laterale","category-materiaux","category-vu-dans-le-mag"],"acf":[],"yoast_head":"<!-- This site is optimized with the Yoast SEO plugin v24.4 - https:\/\/yoast.com\/wordpress\/plugins\/seo\/ -->\n<title>Emballages papier et rev\u00eatements\u00a0: Henkel \u00e9largit son offre - Emballage Digest<\/title>\n<meta name=\"robots\" content=\"index, follow, max-snippet:-1, max-image-preview:large, max-video-preview:-1\" \/>\n<link rel=\"canonical\" href=\"https:\/\/www.emballagedigest.fr\/en\/emballages-papier-et-revetements-henkel-elargit-son-offre\/\" \/>\n<meta property=\"og:locale\" content=\"en_GB\" \/>\n<meta property=\"og:type\" content=\"article\" \/>\n<meta property=\"og:title\" content=\"Emballages papier et rev\u00eatements\u00a0: Henkel \u00e9largit son offre - Emballage Digest\" \/>\n<meta property=\"og:description\" content=\"Afin de r\u00e9pondre \u00e0 la forte demande en emballages papier, Henkel Adhesive Technologies enrichit sa gamme de rev\u00eatements barri\u00e8res et thermoscellables \u00e0 base d\u2019eau. Il s\u2019agit principalement de formats n\u00e9cessitant une soudure, tels que les sacs, les sachets ou les emballages d\u2019exp\u00e9dition pour de petits articles comme les vis et les jouets, ainsi que les [&hellip;]\" \/>\n<meta property=\"og:url\" content=\"https:\/\/www.emballagedigest.fr\/en\/emballages-papier-et-revetements-henkel-elargit-son-offre\/\" \/>\n<meta property=\"og:site_name\" content=\"Emballage Digest\" \/>\n<meta property=\"article:published_time\" content=\"2026-04-26T07:13:24+00:00\" \/>\n<meta property=\"article:modified_time\" content=\"2026-04-27T07:15:46+00:00\" \/>\n<meta property=\"og:image\" content=\"https:\/\/www.emballagedigest.fr\/wp-content\/uploads\/2026\/04\/Henkel-1.jpg\" \/>\n\t<meta property=\"og:image:width\" content=\"800\" \/>\n\t<meta property=\"og:image:height\" content=\"601\" \/>\n\t<meta property=\"og:image:type\" content=\"image\/jpeg\" \/>\n<meta name=\"author\" content=\"Karine Duval\" \/>\n<meta name=\"twitter:card\" content=\"summary_large_image\" \/>\n<meta name=\"twitter:label1\" content=\"Written by\" \/>\n\t<meta name=\"twitter:data1\" content=\"Karine Duval\" \/>\n\t<meta name=\"twitter:label2\" content=\"Estimated reading time\" \/>\n\t<meta name=\"twitter:data2\" content=\"2 minutes\" \/>\n<script type=\"application\/ld+json\" class=\"yoast-schema-graph\">{\"@context\":\"https:\/\/schema.org\",\"@graph\":[{\"@type\":\"Article\",\"@id\":\"https:\/\/www.emballagedigest.fr\/emballages-papier-et-revetements-henkel-elargit-son-offre\/#article\",\"isPartOf\":{\"@id\":\"https:\/\/www.emballagedigest.fr\/emballages-papier-et-revetements-henkel-elargit-son-offre\/\"},\"author\":{\"name\":\"Karine Duval\",\"@id\":\"https:\/\/www.emballagedigest.fr\/#\/schema\/person\/76abe9f2b2ee4d3d520594c7a35da59f\"},\"headline\":\"Emballages papier et rev\u00eatements\u00a0: Henkel \u00e9largit son offre\",\"datePublished\":\"2026-04-26T07:13:24+00:00\",\"dateModified\":\"2026-04-27T07:15:46+00:00\",\"mainEntityOfPage\":{\"@id\":\"https:\/\/www.emballagedigest.fr\/emballages-papier-et-revetements-henkel-elargit-son-offre\/\"},\"wordCount\":192,\"publisher\":{\"@id\":\"https:\/\/www.emballagedigest.fr\/#organization\"},\"image\":{\"@id\":\"https:\/\/www.emballagedigest.fr\/emballages-papier-et-revetements-henkel-elargit-son-offre\/#primaryimage\"},\"thumbnailUrl\":\"https:\/\/www.emballagedigest.fr\/wp-content\/uploads\/2026\/04\/Henkel-1.jpg\",\"articleSection\":[\"Article entier\",\"Barre lat\u00e9rale\",\"Mat\u00e9riaux\",\"Vu dans le mag\"],\"inLanguage\":\"en-GB\"},{\"@type\":\"WebPage\",\"@id\":\"https:\/\/www.emballagedigest.fr\/emballages-papier-et-revetements-henkel-elargit-son-offre\/\",\"url\":\"https:\/\/www.emballagedigest.fr\/emballages-papier-et-revetements-henkel-elargit-son-offre\/\",\"name\":\"Emballages papier et rev\u00eatements\u00a0: Henkel \u00e9largit son offre - Emballage Digest\",\"isPartOf\":{\"@id\":\"https:\/\/www.emballagedigest.fr\/#website\"},\"primaryImageOfPage\":{\"@id\":\"https:\/\/www.emballagedigest.fr\/emballages-papier-et-revetements-henkel-elargit-son-offre\/#primaryimage\"},\"image\":{\"@id\":\"https:\/\/www.emballagedigest.fr\/emballages-papier-et-revetements-henkel-elargit-son-offre\/#primaryimage\"},\"thumbnailUrl\":\"https:\/\/www.emballagedigest.fr\/wp-content\/uploads\/2026\/04\/Henkel-1.jpg\",\"datePublished\":\"2026-04-26T07:13:24+00:00\",\"dateModified\":\"2026-04-27T07:15:46+00:00\",\"breadcrumb\":{\"@id\":\"https:\/\/www.emballagedigest.fr\/emballages-papier-et-revetements-henkel-elargit-son-offre\/#breadcrumb\"},\"inLanguage\":\"en-GB\",\"potentialAction\":[{\"@type\":\"ReadAction\",\"target\":[\"https:\/\/www.emballagedigest.fr\/emballages-papier-et-revetements-henkel-elargit-son-offre\/\"]}]},{\"@type\":\"ImageObject\",\"inLanguage\":\"en-GB\",\"@id\":\"https:\/\/www.emballagedigest.fr\/emballages-papier-et-revetements-henkel-elargit-son-offre\/#primaryimage\",\"url\":\"https:\/\/www.emballagedigest.fr\/wp-content\/uploads\/2026\/04\/Henkel-1.jpg\",\"contentUrl\":\"https:\/\/www.emballagedigest.fr\/wp-content\/uploads\/2026\/04\/Henkel-1.jpg\",\"width\":800,\"height\":601},{\"@type\":\"BreadcrumbList\",\"@id\":\"https:\/\/www.emballagedigest.fr\/emballages-papier-et-revetements-henkel-elargit-son-offre\/#breadcrumb\",\"itemListElement\":[{\"@type\":\"ListItem\",\"position\":1,\"name\":\"Accueil\",\"item\":\"https:\/\/www.emballagedigest.fr\/\"},{\"@type\":\"ListItem\",\"position\":2,\"name\":\"Emballages papier et rev\u00eatements\u00a0: Henkel \u00e9largit son offre\"}]},{\"@type\":\"WebSite\",\"@id\":\"https:\/\/www.emballagedigest.fr\/#website\",\"url\":\"https:\/\/www.emballagedigest.fr\/\",\"name\":\"Emballage Digest\",\"description\":\"Revue professionnelle sur les emballages\",\"publisher\":{\"@id\":\"https:\/\/www.emballagedigest.fr\/#organization\"},\"potentialAction\":[{\"@type\":\"SearchAction\",\"target\":{\"@type\":\"EntryPoint\",\"urlTemplate\":\"https:\/\/www.emballagedigest.fr\/?s={search_term_string}\"},\"query-input\":{\"@type\":\"PropertyValueSpecification\",\"valueRequired\":true,\"valueName\":\"search_term_string\"}}],\"inLanguage\":\"en-GB\"},{\"@type\":\"Organization\",\"@id\":\"https:\/\/www.emballagedigest.fr\/#organization\",\"name\":\"Emballage Digest\",\"url\":\"https:\/\/www.emballagedigest.fr\/\",\"logo\":{\"@type\":\"ImageObject\",\"inLanguage\":\"en-GB\",\"@id\":\"https:\/\/www.emballagedigest.fr\/#\/schema\/logo\/image\/\",\"url\":\"https:\/\/www.emballagedigest.fr\/wp-content\/uploads\/2022\/07\/logo-ed.png\",\"contentUrl\":\"https:\/\/www.emballagedigest.fr\/wp-content\/uploads\/2022\/07\/logo-ed.png\",\"width\":379,\"height\":75,\"caption\":\"Emballage Digest\"},\"image\":{\"@id\":\"https:\/\/www.emballagedigest.fr\/#\/schema\/logo\/image\/\"}},{\"@type\":\"Person\",\"@id\":\"https:\/\/www.emballagedigest.fr\/#\/schema\/person\/76abe9f2b2ee4d3d520594c7a35da59f\",\"name\":\"Karine Duval\",\"image\":{\"@type\":\"ImageObject\",\"inLanguage\":\"en-GB\",\"@id\":\"https:\/\/www.emballagedigest.fr\/#\/schema\/person\/image\/\",\"url\":\"https:\/\/secure.gravatar.com\/avatar\/f552799261cdd2e076e6677d780ef07bdb13aa4c196ab75b39abcbcdcae2d4e5?s=96&d=mm&r=g\",\"contentUrl\":\"https:\/\/secure.gravatar.com\/avatar\/f552799261cdd2e076e6677d780ef07bdb13aa4c196ab75b39abcbcdcae2d4e5?s=96&d=mm&r=g\",\"caption\":\"Karine Duval\"},\"url\":\"https:\/\/www.emballagedigest.fr\/en\/author\/admin_karduv\/\"}]}<\/script>\n<!-- \/ Yoast SEO plugin. -->","yoast_head_json":{"title":"Emballages papier et rev\u00eatements\u00a0: Henkel \u00e9largit son offre - Emballage Digest","robots":{"index":"index","follow":"follow","max-snippet":"max-snippet:-1","max-image-preview":"max-image-preview:large","max-video-preview":"max-video-preview:-1"},"canonical":"https:\/\/www.emballagedigest.fr\/en\/emballages-papier-et-revetements-henkel-elargit-son-offre\/","og_locale":"en_GB","og_type":"article","og_title":"Emballages papier et rev\u00eatements\u00a0: Henkel \u00e9largit son offre - Emballage Digest","og_description":"Afin de r\u00e9pondre \u00e0 la forte demande en emballages papier, Henkel Adhesive Technologies enrichit sa gamme de rev\u00eatements barri\u00e8res et thermoscellables \u00e0 base d\u2019eau. Il s\u2019agit principalement de formats n\u00e9cessitant une soudure, tels que les sacs, les sachets ou les emballages d\u2019exp\u00e9dition pour de petits articles comme les vis et les jouets, ainsi que les [&hellip;]","og_url":"https:\/\/www.emballagedigest.fr\/en\/emballages-papier-et-revetements-henkel-elargit-son-offre\/","og_site_name":"Emballage Digest","article_published_time":"2026-04-26T07:13:24+00:00","article_modified_time":"2026-04-27T07:15:46+00:00","og_image":[{"width":800,"height":601,"url":"https:\/\/www.emballagedigest.fr\/wp-content\/uploads\/2026\/04\/Henkel-1.jpg","type":"image\/jpeg"}],"author":"Karine Duval","twitter_card":"summary_large_image","twitter_misc":{"Written by":"Karine Duval","Estimated reading time":"2 minutes"},"schema":{"@context":"https:\/\/schema.org","@graph":[{"@type":"Article","@id":"https:\/\/www.emballagedigest.fr\/emballages-papier-et-revetements-henkel-elargit-son-offre\/#article","isPartOf":{"@id":"https:\/\/www.emballagedigest.fr\/emballages-papier-et-revetements-henkel-elargit-son-offre\/"},"author":{"name":"Karine Duval","@id":"https:\/\/www.emballagedigest.fr\/#\/schema\/person\/76abe9f2b2ee4d3d520594c7a35da59f"},"headline":"Emballages papier et rev\u00eatements\u00a0: Henkel \u00e9largit son offre","datePublished":"2026-04-26T07:13:24+00:00","dateModified":"2026-04-27T07:15:46+00:00","mainEntityOfPage":{"@id":"https:\/\/www.emballagedigest.fr\/emballages-papier-et-revetements-henkel-elargit-son-offre\/"},"wordCount":192,"publisher":{"@id":"https:\/\/www.emballagedigest.fr\/#organization"},"image":{"@id":"https:\/\/www.emballagedigest.fr\/emballages-papier-et-revetements-henkel-elargit-son-offre\/#primaryimage"},"thumbnailUrl":"https:\/\/www.emballagedigest.fr\/wp-content\/uploads\/2026\/04\/Henkel-1.jpg","articleSection":["Article entier","Barre lat\u00e9rale","Mat\u00e9riaux","Vu dans le mag"],"inLanguage":"en-GB"},{"@type":"WebPage","@id":"https:\/\/www.emballagedigest.fr\/emballages-papier-et-revetements-henkel-elargit-son-offre\/","url":"https:\/\/www.emballagedigest.fr\/emballages-papier-et-revetements-henkel-elargit-son-offre\/","name":"Emballages papier et rev\u00eatements\u00a0: Henkel \u00e9largit son offre - Emballage Digest","isPartOf":{"@id":"https:\/\/www.emballagedigest.fr\/#website"},"primaryImageOfPage":{"@id":"https:\/\/www.emballagedigest.fr\/emballages-papier-et-revetements-henkel-elargit-son-offre\/#primaryimage"},"image":{"@id":"https:\/\/www.emballagedigest.fr\/emballages-papier-et-revetements-henkel-elargit-son-offre\/#primaryimage"},"thumbnailUrl":"https:\/\/www.emballagedigest.fr\/wp-content\/uploads\/2026\/04\/Henkel-1.jpg","datePublished":"2026-04-26T07:13:24+00:00","dateModified":"2026-04-27T07:15:46+00:00","breadcrumb":{"@id":"https:\/\/www.emballagedigest.fr\/emballages-papier-et-revetements-henkel-elargit-son-offre\/#breadcrumb"},"inLanguage":"en-GB","potentialAction":[{"@type":"ReadAction","target":["https:\/\/www.emballagedigest.fr\/emballages-papier-et-revetements-henkel-elargit-son-offre\/"]}]},{"@type":"ImageObject","inLanguage":"en-GB","@id":"https:\/\/www.emballagedigest.fr\/emballages-papier-et-revetements-henkel-elargit-son-offre\/#primaryimage","url":"https:\/\/www.emballagedigest.fr\/wp-content\/uploads\/2026\/04\/Henkel-1.jpg","contentUrl":"https:\/\/www.emballagedigest.fr\/wp-content\/uploads\/2026\/04\/Henkel-1.jpg","width":800,"height":601},{"@type":"BreadcrumbList","@id":"https:\/\/www.emballagedigest.fr\/emballages-papier-et-revetements-henkel-elargit-son-offre\/#breadcrumb","itemListElement":[{"@type":"ListItem","position":1,"name":"Accueil","item":"https:\/\/www.emballagedigest.fr\/"},{"@type":"ListItem","position":2,"name":"Emballages papier et rev\u00eatements\u00a0: Henkel \u00e9largit son offre"}]},{"@type":"WebSite","@id":"https:\/\/www.emballagedigest.fr\/#website","url":"https:\/\/www.emballagedigest.fr\/","name":"Emballage Digest","description":"Revue professionnelle sur les emballages","publisher":{"@id":"https:\/\/www.emballagedigest.fr\/#organization"},"potentialAction":[{"@type":"SearchAction","target":{"@type":"EntryPoint","urlTemplate":"https:\/\/www.emballagedigest.fr\/?s={search_term_string}"},"query-input":{"@type":"PropertyValueSpecification","valueRequired":true,"valueName":"search_term_string"}}],"inLanguage":"en-GB"},{"@type":"Organization","@id":"https:\/\/www.emballagedigest.fr\/#organization","name":"Emballage Digest","url":"https:\/\/www.emballagedigest.fr\/","logo":{"@type":"ImageObject","inLanguage":"en-GB","@id":"https:\/\/www.emballagedigest.fr\/#\/schema\/logo\/image\/","url":"https:\/\/www.emballagedigest.fr\/wp-content\/uploads\/2022\/07\/logo-ed.png","contentUrl":"https:\/\/www.emballagedigest.fr\/wp-content\/uploads\/2022\/07\/logo-ed.png","width":379,"height":75,"caption":"Emballage Digest"},"image":{"@id":"https:\/\/www.emballagedigest.fr\/#\/schema\/logo\/image\/"}},{"@type":"Person","@id":"https:\/\/www.emballagedigest.fr\/#\/schema\/person\/76abe9f2b2ee4d3d520594c7a35da59f","name":"Karine Duval","image":{"@type":"ImageObject","inLanguage":"en-GB","@id":"https:\/\/www.emballagedigest.fr\/#\/schema\/person\/image\/","url":"https:\/\/secure.gravatar.com\/avatar\/f552799261cdd2e076e6677d780ef07bdb13aa4c196ab75b39abcbcdcae2d4e5?s=96&d=mm&r=g","contentUrl":"https:\/\/secure.gravatar.com\/avatar\/f552799261cdd2e076e6677d780ef07bdb13aa4c196ab75b39abcbcdcae2d4e5?s=96&d=mm&r=g","caption":"Karine Duval"},"url":"https:\/\/www.emballagedigest.fr\/en\/author\/admin_karduv\/"}]}},"_links":{"self":[{"href":"https:\/\/www.emballagedigest.fr\/en\/wp-json\/wp\/v2\/posts\/47722","targetHints":{"allow":["GET"]}}],"collection":[{"href":"https:\/\/www.emballagedigest.fr\/en\/wp-json\/wp\/v2\/posts"}],"about":[{"href":"https:\/\/www.emballagedigest.fr\/en\/wp-json\/wp\/v2\/types\/post"}],"author":[{"embeddable":true,"href":"https:\/\/www.emballagedigest.fr\/en\/wp-json\/wp\/v2\/users\/2"}],"replies":[{"embeddable":true,"href":"https:\/\/www.emballagedigest.fr\/en\/wp-json\/wp\/v2\/comments?post=47722"}],"version-history":[{"count":1,"href":"https:\/\/www.emballagedigest.fr\/en\/wp-json\/wp\/v2\/posts\/47722\/revisions"}],"predecessor-version":[{"id":47724,"href":"https:\/\/www.emballagedigest.fr\/en\/wp-json\/wp\/v2\/posts\/47722\/revisions\/47724"}],"wp:featuredmedia":[{"embeddable":true,"href":"https:\/\/www.emballagedigest.fr\/en\/wp-json\/wp\/v2\/media\/47723"}],"wp:attachment":[{"href":"https:\/\/www.emballagedigest.fr\/en\/wp-json\/wp\/v2\/media?parent=47722"}],"wp:term":[{"taxonomy":"category","embeddable":true,"href":"https:\/\/www.emballagedigest.fr\/en\/wp-json\/wp\/v2\/categories?post=47722"},{"taxonomy":"post_tag","embeddable":true,"href":"https:\/\/www.emballagedigest.fr\/en\/wp-json\/wp\/v2\/tags?post=47722"}],"curies":[{"name":"wp","href":"https:\/\/api.w.org\/{rel}","templated":true}]}}