{"id":47764,"date":"2026-04-26T09:57:22","date_gmt":"2026-04-26T07:57:22","guid":{"rendered":"https:\/\/www.emballagedigest.fr\/?p=47764"},"modified":"2026-04-27T09:59:00","modified_gmt":"2026-04-27T07:59:00","slug":"schott-pharma-decline-everic-en-version-ambree","status":"publish","type":"post","link":"https:\/\/www.emballagedigest.fr\/en\/schott-pharma-decline-everic-en-version-ambree\/","title":{"rendered":"Schott Pharma d\u00e9cline Everic\u00ae en version ambr\u00e9e"},"content":{"rendered":"<p><strong>Schott Pharma enrichit sa gamme de flacons sp\u00e9ciaux Everic\u00ae avec une nouvelle option ambr\u00e9e en verre pharmaceutique ambr\u00e9 Fiolax\u00ae. <\/strong><\/p>\n\n\n\n<p>Associ\u00e9 au rev\u00eatement interne hydrophobe Everic\u00ae lyo, ce flacon est parfaitement adapt\u00e9 aux m\u00e9dicaments lyophilis\u00e9s hautement photosensibles, notamment les conjugu\u00e9s anticorps-m\u00e9dicament (ADC) de nouvelle g\u00e9n\u00e9ration utilis\u00e9s dans les th\u00e9rapies cibl\u00e9es contre le cancer.<br>\u00abLes ADC figurent parmi les innovations les plus prometteuses du secteur des produits biologiques. Nous sommes fiers de proposer une nouvelle solution \u00e0 forte valeur ajout\u00e9e qui prot\u00e8ge ces th\u00e9rapies sensibles d\u00e8s le d\u00e9but du processus\u00bb, d\u00e9clare Andreas Reisse, pdg de Schott Pharma. \u00abCe lancement marque une nouvelle \u00e9tape importante dans notre engagement \u00e0 garantir l\u2019administration s\u00e9curis\u00e9e des produits biologiques complexes et \u00e0 fa\u00e7onner l\u2019avenir du conditionnement pharmaceutique gr\u00e2ce \u00e0 l\u2019innovation\u00bb. \u00a0<\/p>\n\n\n\n<p>La solution minimise ainsi la formation de bu\u00e9e pendant la lyophilisation et am\u00e9liore la restitution totale du produit, ce qui le rend particuli\u00e8rement efficace pour la conservation des formulations m\u00e9dicamenteuses co\u00fbteuses et sensibles. Ce rev\u00eatement est appliqu\u00e9 gr\u00e2ce \u00e0 la technologie PICVD brevet\u00e9e de Schott Pharma, formant une liaison covalente avec la surface du verre. Contrairement aux flacons silicon\u00e9s, ce proc\u00e9d\u00e9 \u00e9limine tout risque de contamination du m\u00e9dicament par du silicone libre.<br>Everic\u00ae lyo et ambre r\u00e9pondent au besoin croissant de protection contre la lumi\u00e8re d\u00e8s le conditionnement primaire, assurant ainsi l\u2019int\u00e9grit\u00e9 des m\u00e9dicaments sensibles d\u00e8s le remplissage gr\u00e2ce \u00e0 sa surface interne hydrophobe. Fabriqu\u00e9 avec des propri\u00e9t\u00e9s de transmission de la lumi\u00e8re pr\u00e9cis\u00e9ment contr\u00f4l\u00e9es, ce flacon r\u00e9pond \u00e0 toutes les exigences r\u00e9glementaires en mati\u00e8re de transmission de la lumi\u00e8re des principales pharmacop\u00e9es d\u2019Europe, des \u00c9tats-Unis et du Japon.<\/p>","protected":false},"excerpt":{"rendered":"<p>Schott Pharma enrichit sa gamme de flacons sp\u00e9ciaux Everic\u00ae avec une nouvelle option ambr\u00e9e en verre pharmaceutique ambr\u00e9 Fiolax\u00ae. Associ\u00e9 au rev\u00eatement interne hydrophobe Everic\u00ae lyo, ce flacon est parfaitement adapt\u00e9 aux m\u00e9dicaments lyophilis\u00e9s hautement photosensibles, notamment les conjugu\u00e9s anticorps-m\u00e9dicament (ADC) de nouvelle g\u00e9n\u00e9ration utilis\u00e9s dans les th\u00e9rapies cibl\u00e9es contre le cancer.\u00abLes ADC figurent parmi [&hellip;]<\/p>","protected":false},"author":2,"featured_media":47765,"comment_status":"closed","ping_status":"closed","sticky":false,"template":"","format":"standard","meta":{"_acf_changed":false,"inline_featured_image":false,"iawp_total_views":0,"footnotes":""},"categories":[28,26,81,7,65],"tags":[],"class_list":["post-47764","post","type-post","status-publish","format-standard","has-post-thumbnail","hentry","category-article-entier","category-laterale","category-packaging","category-pharmacie","category-vu-dans-le-mag"],"acf":[],"yoast_head":"<!-- This site is optimized with the Yoast SEO plugin v24.4 - https:\/\/yoast.com\/wordpress\/plugins\/seo\/ -->\n<title>Schott Pharma d\u00e9cline Everic\u00ae en version ambr\u00e9e - Emballage Digest<\/title>\n<meta name=\"robots\" content=\"index, follow, max-snippet:-1, max-image-preview:large, max-video-preview:-1\" \/>\n<link rel=\"canonical\" href=\"https:\/\/www.emballagedigest.fr\/en\/schott-pharma-decline-everic-en-version-ambree\/\" \/>\n<meta property=\"og:locale\" content=\"en_GB\" \/>\n<meta property=\"og:type\" content=\"article\" \/>\n<meta property=\"og:title\" content=\"Schott Pharma d\u00e9cline Everic\u00ae en version ambr\u00e9e - Emballage Digest\" \/>\n<meta property=\"og:description\" content=\"Schott Pharma enrichit sa gamme de flacons sp\u00e9ciaux Everic\u00ae avec une nouvelle option ambr\u00e9e en verre pharmaceutique ambr\u00e9 Fiolax\u00ae. Associ\u00e9 au rev\u00eatement interne hydrophobe Everic\u00ae lyo, ce flacon est parfaitement adapt\u00e9 aux m\u00e9dicaments lyophilis\u00e9s hautement photosensibles, notamment les conjugu\u00e9s anticorps-m\u00e9dicament (ADC) de nouvelle g\u00e9n\u00e9ration utilis\u00e9s dans les th\u00e9rapies cibl\u00e9es contre le cancer.\u00abLes ADC figurent parmi [&hellip;]\" \/>\n<meta property=\"og:url\" content=\"https:\/\/www.emballagedigest.fr\/en\/schott-pharma-decline-everic-en-version-ambree\/\" \/>\n<meta property=\"og:site_name\" content=\"Emballage Digest\" \/>\n<meta property=\"article:published_time\" content=\"2026-04-26T07:57:22+00:00\" \/>\n<meta property=\"article:modified_time\" content=\"2026-04-27T07:59:00+00:00\" \/>\n<meta property=\"og:image\" content=\"https:\/\/www.emballagedigest.fr\/wp-content\/uploads\/2026\/04\/Schott.jpg\" \/>\n\t<meta property=\"og:image:width\" content=\"800\" \/>\n\t<meta property=\"og:image:height\" content=\"559\" \/>\n\t<meta property=\"og:image:type\" content=\"image\/jpeg\" \/>\n<meta name=\"author\" content=\"Karine Duval\" \/>\n<meta name=\"twitter:card\" content=\"summary_large_image\" \/>\n<meta name=\"twitter:label1\" content=\"Written by\" \/>\n\t<meta name=\"twitter:data1\" content=\"Karine Duval\" \/>\n\t<meta name=\"twitter:label2\" content=\"Estimated reading time\" \/>\n\t<meta name=\"twitter:data2\" content=\"2 minutes\" \/>\n<script type=\"application\/ld+json\" class=\"yoast-schema-graph\">{\"@context\":\"https:\/\/schema.org\",\"@graph\":[{\"@type\":\"Article\",\"@id\":\"https:\/\/www.emballagedigest.fr\/schott-pharma-decline-everic-en-version-ambree\/#article\",\"isPartOf\":{\"@id\":\"https:\/\/www.emballagedigest.fr\/schott-pharma-decline-everic-en-version-ambree\/\"},\"author\":{\"name\":\"Karine Duval\",\"@id\":\"https:\/\/www.emballagedigest.fr\/#\/schema\/person\/76abe9f2b2ee4d3d520594c7a35da59f\"},\"headline\":\"Schott Pharma d\u00e9cline Everic\u00ae en version ambr\u00e9e\",\"datePublished\":\"2026-04-26T07:57:22+00:00\",\"dateModified\":\"2026-04-27T07:59:00+00:00\",\"mainEntityOfPage\":{\"@id\":\"https:\/\/www.emballagedigest.fr\/schott-pharma-decline-everic-en-version-ambree\/\"},\"wordCount\":321,\"publisher\":{\"@id\":\"https:\/\/www.emballagedigest.fr\/#organization\"},\"image\":{\"@id\":\"https:\/\/www.emballagedigest.fr\/schott-pharma-decline-everic-en-version-ambree\/#primaryimage\"},\"thumbnailUrl\":\"https:\/\/www.emballagedigest.fr\/wp-content\/uploads\/2026\/04\/Schott.jpg\",\"articleSection\":[\"Article entier\",\"Barre lat\u00e9rale\",\"Packaging\",\"Pharmacie\",\"Vu dans le mag\"],\"inLanguage\":\"en-GB\"},{\"@type\":\"WebPage\",\"@id\":\"https:\/\/www.emballagedigest.fr\/schott-pharma-decline-everic-en-version-ambree\/\",\"url\":\"https:\/\/www.emballagedigest.fr\/schott-pharma-decline-everic-en-version-ambree\/\",\"name\":\"Schott Pharma d\u00e9cline Everic\u00ae en version ambr\u00e9e - Emballage Digest\",\"isPartOf\":{\"@id\":\"https:\/\/www.emballagedigest.fr\/#website\"},\"primaryImageOfPage\":{\"@id\":\"https:\/\/www.emballagedigest.fr\/schott-pharma-decline-everic-en-version-ambree\/#primaryimage\"},\"image\":{\"@id\":\"https:\/\/www.emballagedigest.fr\/schott-pharma-decline-everic-en-version-ambree\/#primaryimage\"},\"thumbnailUrl\":\"https:\/\/www.emballagedigest.fr\/wp-content\/uploads\/2026\/04\/Schott.jpg\",\"datePublished\":\"2026-04-26T07:57:22+00:00\",\"dateModified\":\"2026-04-27T07:59:00+00:00\",\"breadcrumb\":{\"@id\":\"https:\/\/www.emballagedigest.fr\/schott-pharma-decline-everic-en-version-ambree\/#breadcrumb\"},\"inLanguage\":\"en-GB\",\"potentialAction\":[{\"@type\":\"ReadAction\",\"target\":[\"https:\/\/www.emballagedigest.fr\/schott-pharma-decline-everic-en-version-ambree\/\"]}]},{\"@type\":\"ImageObject\",\"inLanguage\":\"en-GB\",\"@id\":\"https:\/\/www.emballagedigest.fr\/schott-pharma-decline-everic-en-version-ambree\/#primaryimage\",\"url\":\"https:\/\/www.emballagedigest.fr\/wp-content\/uploads\/2026\/04\/Schott.jpg\",\"contentUrl\":\"https:\/\/www.emballagedigest.fr\/wp-content\/uploads\/2026\/04\/Schott.jpg\",\"width\":800,\"height\":559},{\"@type\":\"BreadcrumbList\",\"@id\":\"https:\/\/www.emballagedigest.fr\/schott-pharma-decline-everic-en-version-ambree\/#breadcrumb\",\"itemListElement\":[{\"@type\":\"ListItem\",\"position\":1,\"name\":\"Accueil\",\"item\":\"https:\/\/www.emballagedigest.fr\/\"},{\"@type\":\"ListItem\",\"position\":2,\"name\":\"Schott Pharma d\u00e9cline Everic\u00ae en version ambr\u00e9e\"}]},{\"@type\":\"WebSite\",\"@id\":\"https:\/\/www.emballagedigest.fr\/#website\",\"url\":\"https:\/\/www.emballagedigest.fr\/\",\"name\":\"Emballage Digest\",\"description\":\"Revue professionnelle sur les emballages\",\"publisher\":{\"@id\":\"https:\/\/www.emballagedigest.fr\/#organization\"},\"potentialAction\":[{\"@type\":\"SearchAction\",\"target\":{\"@type\":\"EntryPoint\",\"urlTemplate\":\"https:\/\/www.emballagedigest.fr\/?s={search_term_string}\"},\"query-input\":{\"@type\":\"PropertyValueSpecification\",\"valueRequired\":true,\"valueName\":\"search_term_string\"}}],\"inLanguage\":\"en-GB\"},{\"@type\":\"Organization\",\"@id\":\"https:\/\/www.emballagedigest.fr\/#organization\",\"name\":\"Emballage Digest\",\"url\":\"https:\/\/www.emballagedigest.fr\/\",\"logo\":{\"@type\":\"ImageObject\",\"inLanguage\":\"en-GB\",\"@id\":\"https:\/\/www.emballagedigest.fr\/#\/schema\/logo\/image\/\",\"url\":\"https:\/\/www.emballagedigest.fr\/wp-content\/uploads\/2022\/07\/logo-ed.png\",\"contentUrl\":\"https:\/\/www.emballagedigest.fr\/wp-content\/uploads\/2022\/07\/logo-ed.png\",\"width\":379,\"height\":75,\"caption\":\"Emballage Digest\"},\"image\":{\"@id\":\"https:\/\/www.emballagedigest.fr\/#\/schema\/logo\/image\/\"}},{\"@type\":\"Person\",\"@id\":\"https:\/\/www.emballagedigest.fr\/#\/schema\/person\/76abe9f2b2ee4d3d520594c7a35da59f\",\"name\":\"Karine Duval\",\"image\":{\"@type\":\"ImageObject\",\"inLanguage\":\"en-GB\",\"@id\":\"https:\/\/www.emballagedigest.fr\/#\/schema\/person\/image\/\",\"url\":\"https:\/\/secure.gravatar.com\/avatar\/f552799261cdd2e076e6677d780ef07bdb13aa4c196ab75b39abcbcdcae2d4e5?s=96&d=mm&r=g\",\"contentUrl\":\"https:\/\/secure.gravatar.com\/avatar\/f552799261cdd2e076e6677d780ef07bdb13aa4c196ab75b39abcbcdcae2d4e5?s=96&d=mm&r=g\",\"caption\":\"Karine Duval\"},\"url\":\"https:\/\/www.emballagedigest.fr\/en\/author\/admin_karduv\/\"}]}<\/script>\n<!-- \/ Yoast SEO plugin. -->","yoast_head_json":{"title":"Schott Pharma d\u00e9cline Everic\u00ae en version ambr\u00e9e - Emballage Digest","robots":{"index":"index","follow":"follow","max-snippet":"max-snippet:-1","max-image-preview":"max-image-preview:large","max-video-preview":"max-video-preview:-1"},"canonical":"https:\/\/www.emballagedigest.fr\/en\/schott-pharma-decline-everic-en-version-ambree\/","og_locale":"en_GB","og_type":"article","og_title":"Schott Pharma d\u00e9cline Everic\u00ae en version ambr\u00e9e - Emballage Digest","og_description":"Schott Pharma enrichit sa gamme de flacons sp\u00e9ciaux Everic\u00ae avec une nouvelle option ambr\u00e9e en verre pharmaceutique ambr\u00e9 Fiolax\u00ae. Associ\u00e9 au rev\u00eatement interne hydrophobe Everic\u00ae lyo, ce flacon est parfaitement adapt\u00e9 aux m\u00e9dicaments lyophilis\u00e9s hautement photosensibles, notamment les conjugu\u00e9s anticorps-m\u00e9dicament (ADC) de nouvelle g\u00e9n\u00e9ration utilis\u00e9s dans les th\u00e9rapies cibl\u00e9es contre le cancer.\u00abLes ADC figurent parmi [&hellip;]","og_url":"https:\/\/www.emballagedigest.fr\/en\/schott-pharma-decline-everic-en-version-ambree\/","og_site_name":"Emballage Digest","article_published_time":"2026-04-26T07:57:22+00:00","article_modified_time":"2026-04-27T07:59:00+00:00","og_image":[{"width":800,"height":559,"url":"https:\/\/www.emballagedigest.fr\/wp-content\/uploads\/2026\/04\/Schott.jpg","type":"image\/jpeg"}],"author":"Karine Duval","twitter_card":"summary_large_image","twitter_misc":{"Written by":"Karine Duval","Estimated reading time":"2 minutes"},"schema":{"@context":"https:\/\/schema.org","@graph":[{"@type":"Article","@id":"https:\/\/www.emballagedigest.fr\/schott-pharma-decline-everic-en-version-ambree\/#article","isPartOf":{"@id":"https:\/\/www.emballagedigest.fr\/schott-pharma-decline-everic-en-version-ambree\/"},"author":{"name":"Karine Duval","@id":"https:\/\/www.emballagedigest.fr\/#\/schema\/person\/76abe9f2b2ee4d3d520594c7a35da59f"},"headline":"Schott Pharma d\u00e9cline Everic\u00ae en version ambr\u00e9e","datePublished":"2026-04-26T07:57:22+00:00","dateModified":"2026-04-27T07:59:00+00:00","mainEntityOfPage":{"@id":"https:\/\/www.emballagedigest.fr\/schott-pharma-decline-everic-en-version-ambree\/"},"wordCount":321,"publisher":{"@id":"https:\/\/www.emballagedigest.fr\/#organization"},"image":{"@id":"https:\/\/www.emballagedigest.fr\/schott-pharma-decline-everic-en-version-ambree\/#primaryimage"},"thumbnailUrl":"https:\/\/www.emballagedigest.fr\/wp-content\/uploads\/2026\/04\/Schott.jpg","articleSection":["Article entier","Barre lat\u00e9rale","Packaging","Pharmacie","Vu dans le mag"],"inLanguage":"en-GB"},{"@type":"WebPage","@id":"https:\/\/www.emballagedigest.fr\/schott-pharma-decline-everic-en-version-ambree\/","url":"https:\/\/www.emballagedigest.fr\/schott-pharma-decline-everic-en-version-ambree\/","name":"Schott Pharma d\u00e9cline Everic\u00ae en version ambr\u00e9e - Emballage Digest","isPartOf":{"@id":"https:\/\/www.emballagedigest.fr\/#website"},"primaryImageOfPage":{"@id":"https:\/\/www.emballagedigest.fr\/schott-pharma-decline-everic-en-version-ambree\/#primaryimage"},"image":{"@id":"https:\/\/www.emballagedigest.fr\/schott-pharma-decline-everic-en-version-ambree\/#primaryimage"},"thumbnailUrl":"https:\/\/www.emballagedigest.fr\/wp-content\/uploads\/2026\/04\/Schott.jpg","datePublished":"2026-04-26T07:57:22+00:00","dateModified":"2026-04-27T07:59:00+00:00","breadcrumb":{"@id":"https:\/\/www.emballagedigest.fr\/schott-pharma-decline-everic-en-version-ambree\/#breadcrumb"},"inLanguage":"en-GB","potentialAction":[{"@type":"ReadAction","target":["https:\/\/www.emballagedigest.fr\/schott-pharma-decline-everic-en-version-ambree\/"]}]},{"@type":"ImageObject","inLanguage":"en-GB","@id":"https:\/\/www.emballagedigest.fr\/schott-pharma-decline-everic-en-version-ambree\/#primaryimage","url":"https:\/\/www.emballagedigest.fr\/wp-content\/uploads\/2026\/04\/Schott.jpg","contentUrl":"https:\/\/www.emballagedigest.fr\/wp-content\/uploads\/2026\/04\/Schott.jpg","width":800,"height":559},{"@type":"BreadcrumbList","@id":"https:\/\/www.emballagedigest.fr\/schott-pharma-decline-everic-en-version-ambree\/#breadcrumb","itemListElement":[{"@type":"ListItem","position":1,"name":"Accueil","item":"https:\/\/www.emballagedigest.fr\/"},{"@type":"ListItem","position":2,"name":"Schott Pharma d\u00e9cline Everic\u00ae en version ambr\u00e9e"}]},{"@type":"WebSite","@id":"https:\/\/www.emballagedigest.fr\/#website","url":"https:\/\/www.emballagedigest.fr\/","name":"Emballage Digest","description":"Revue professionnelle sur les emballages","publisher":{"@id":"https:\/\/www.emballagedigest.fr\/#organization"},"potentialAction":[{"@type":"SearchAction","target":{"@type":"EntryPoint","urlTemplate":"https:\/\/www.emballagedigest.fr\/?s={search_term_string}"},"query-input":{"@type":"PropertyValueSpecification","valueRequired":true,"valueName":"search_term_string"}}],"inLanguage":"en-GB"},{"@type":"Organization","@id":"https:\/\/www.emballagedigest.fr\/#organization","name":"Emballage Digest","url":"https:\/\/www.emballagedigest.fr\/","logo":{"@type":"ImageObject","inLanguage":"en-GB","@id":"https:\/\/www.emballagedigest.fr\/#\/schema\/logo\/image\/","url":"https:\/\/www.emballagedigest.fr\/wp-content\/uploads\/2022\/07\/logo-ed.png","contentUrl":"https:\/\/www.emballagedigest.fr\/wp-content\/uploads\/2022\/07\/logo-ed.png","width":379,"height":75,"caption":"Emballage Digest"},"image":{"@id":"https:\/\/www.emballagedigest.fr\/#\/schema\/logo\/image\/"}},{"@type":"Person","@id":"https:\/\/www.emballagedigest.fr\/#\/schema\/person\/76abe9f2b2ee4d3d520594c7a35da59f","name":"Karine Duval","image":{"@type":"ImageObject","inLanguage":"en-GB","@id":"https:\/\/www.emballagedigest.fr\/#\/schema\/person\/image\/","url":"https:\/\/secure.gravatar.com\/avatar\/f552799261cdd2e076e6677d780ef07bdb13aa4c196ab75b39abcbcdcae2d4e5?s=96&d=mm&r=g","contentUrl":"https:\/\/secure.gravatar.com\/avatar\/f552799261cdd2e076e6677d780ef07bdb13aa4c196ab75b39abcbcdcae2d4e5?s=96&d=mm&r=g","caption":"Karine Duval"},"url":"https:\/\/www.emballagedigest.fr\/en\/author\/admin_karduv\/"}]}},"_links":{"self":[{"href":"https:\/\/www.emballagedigest.fr\/en\/wp-json\/wp\/v2\/posts\/47764","targetHints":{"allow":["GET"]}}],"collection":[{"href":"https:\/\/www.emballagedigest.fr\/en\/wp-json\/wp\/v2\/posts"}],"about":[{"href":"https:\/\/www.emballagedigest.fr\/en\/wp-json\/wp\/v2\/types\/post"}],"author":[{"embeddable":true,"href":"https:\/\/www.emballagedigest.fr\/en\/wp-json\/wp\/v2\/users\/2"}],"replies":[{"embeddable":true,"href":"https:\/\/www.emballagedigest.fr\/en\/wp-json\/wp\/v2\/comments?post=47764"}],"version-history":[{"count":1,"href":"https:\/\/www.emballagedigest.fr\/en\/wp-json\/wp\/v2\/posts\/47764\/revisions"}],"predecessor-version":[{"id":47766,"href":"https:\/\/www.emballagedigest.fr\/en\/wp-json\/wp\/v2\/posts\/47764\/revisions\/47766"}],"wp:featuredmedia":[{"embeddable":true,"href":"https:\/\/www.emballagedigest.fr\/en\/wp-json\/wp\/v2\/media\/47765"}],"wp:attachment":[{"href":"https:\/\/www.emballagedigest.fr\/en\/wp-json\/wp\/v2\/media?parent=47764"}],"wp:term":[{"taxonomy":"category","embeddable":true,"href":"https:\/\/www.emballagedigest.fr\/en\/wp-json\/wp\/v2\/categories?post=47764"},{"taxonomy":"post_tag","embeddable":true,"href":"https:\/\/www.emballagedigest.fr\/en\/wp-json\/wp\/v2\/tags?post=47764"}],"curies":[{"name":"wp","href":"https:\/\/api.w.org\/{rel}","templated":true}]}}