{"id":47781,"date":"2026-04-26T10:07:43","date_gmt":"2026-04-26T08:07:43","guid":{"rendered":"https:\/\/www.emballagedigest.fr\/?p=47781"},"modified":"2026-04-27T10:09:05","modified_gmt":"2026-04-27T08:09:05","slug":"avery-dennison-fait-appel-a-la-rfid-pour-lutter-contre-le-gaspillage-alimentaire","status":"publish","type":"post","link":"https:\/\/www.emballagedigest.fr\/en\/avery-dennison-fait-appel-a-la-rfid-pour-lutter-contre-le-gaspillage-alimentaire\/","title":{"rendered":"Avery Dennison fait appel \u00e0 la RFID pour lutter contre le gaspillage alimentaire"},"content":{"rendered":"<p><strong>Avery Dennison lance sa\u00a0gamme d\u2019\u00e9tiquettes AD IdentiFresh\u2122\u00a0bas\u00e9e sur la technologie RFID dans le secteur des produits frais, notamment la boulangerie, la viande, la charcuterie et les fruits et l\u00e9gumes.<\/strong><\/p>\n\n\n\n<p>Ces \u00e9tiquettes exclusives font partie de la\u00a0solution Optica\u2122 Food Solutions\u00a0du fabricant\u00a0: elles offrent une visibilit\u00e9 en temps r\u00e9el des stocks pour une meilleure gestion des produits frais. Elles permettent ainsi aux distributeurs et aux fournisseurs d\u2019am\u00e9liorer leur efficacit\u00e9 op\u00e9rationnelle, de garantir la fra\u00eecheur de leurs produits et de r\u00e9duire le gaspillage.\u00a0La gamme AD IdentiFresh\u2122 exploite les circuits int\u00e9gr\u00e9s (CI) terminaux de la s\u00e9rie M800 d\u2019Impinj et, gr\u00e2ce \u00e0 la derni\u00e8re am\u00e9lioration\u00a0Gen2X, optimise encore la lisibilit\u00e9 et la vitesse. Son format compact permet une int\u00e9gration ais\u00e9e aux \u00e9tiquettes existantes, sans perturber les flux de production. Selon une nouvelle \u00e9tude command\u00e9e par Avery Dennison sur le gaspillage alimentaire aupr\u00e8s de 3\u00a0500 distributeurs et responsables de cha\u00eenes d\u2019approvisionnement du monde entier la viande, les fruits et l\u00e9gumes et les produits de boulangerie sont les denr\u00e9es les plus touch\u00e9es. Plus de la moiti\u00e9 (51%) ont indiqu\u00e9 que la gestion des stocks et le surstockage contribuent significativement au gaspillage alimentaire au sein de leurs op\u00e9rations.<\/p>","protected":false},"excerpt":{"rendered":"<p>Avery Dennison lance sa\u00a0gamme d\u2019\u00e9tiquettes AD IdentiFresh\u2122\u00a0bas\u00e9e sur la technologie RFID dans le secteur des produits frais, notamment la boulangerie, la viande, la charcuterie et les fruits et l\u00e9gumes. Ces \u00e9tiquettes exclusives font partie de la\u00a0solution Optica\u2122 Food Solutions\u00a0du fabricant\u00a0: elles offrent une visibilit\u00e9 en temps r\u00e9el des stocks pour une meilleure gestion des produits [&hellip;]<\/p>","protected":false},"author":2,"featured_media":47782,"comment_status":"closed","ping_status":"closed","sticky":false,"template":"","format":"standard","meta":{"_acf_changed":false,"inline_featured_image":false,"iawp_total_views":10,"footnotes":""},"categories":[5,28,26,81,65],"tags":[],"class_list":["post-47781","post","type-post","status-publish","format-standard","has-post-thumbnail","hentry","category-alimentaire","category-article-entier","category-laterale","category-packaging","category-vu-dans-le-mag"],"acf":[],"yoast_head":"<!-- This site is optimized with the Yoast SEO plugin v24.4 - https:\/\/yoast.com\/wordpress\/plugins\/seo\/ -->\n<title>Avery Dennison fait appel \u00e0 la RFID pour lutter contre le gaspillage alimentaire - Emballage Digest<\/title>\n<meta name=\"robots\" content=\"index, follow, max-snippet:-1, max-image-preview:large, max-video-preview:-1\" \/>\n<link rel=\"canonical\" href=\"https:\/\/www.emballagedigest.fr\/en\/avery-dennison-fait-appel-a-la-rfid-pour-lutter-contre-le-gaspillage-alimentaire\/\" \/>\n<meta property=\"og:locale\" content=\"en_GB\" \/>\n<meta property=\"og:type\" content=\"article\" \/>\n<meta property=\"og:title\" content=\"Avery Dennison fait appel \u00e0 la RFID pour lutter contre le gaspillage alimentaire - Emballage Digest\" \/>\n<meta property=\"og:description\" content=\"Avery Dennison lance sa\u00a0gamme d\u2019\u00e9tiquettes AD IdentiFresh\u2122\u00a0bas\u00e9e sur la technologie RFID dans le secteur des produits frais, notamment la boulangerie, la viande, la charcuterie et les fruits et l\u00e9gumes. Ces \u00e9tiquettes exclusives font partie de la\u00a0solution Optica\u2122 Food Solutions\u00a0du fabricant\u00a0: elles offrent une visibilit\u00e9 en temps r\u00e9el des stocks pour une meilleure gestion des produits [&hellip;]\" \/>\n<meta property=\"og:url\" content=\"https:\/\/www.emballagedigest.fr\/en\/avery-dennison-fait-appel-a-la-rfid-pour-lutter-contre-le-gaspillage-alimentaire\/\" \/>\n<meta property=\"og:site_name\" content=\"Emballage Digest\" \/>\n<meta property=\"article:published_time\" content=\"2026-04-26T08:07:43+00:00\" \/>\n<meta property=\"article:modified_time\" content=\"2026-04-27T08:09:05+00:00\" \/>\n<meta property=\"og:image\" content=\"https:\/\/www.emballagedigest.fr\/wp-content\/uploads\/2026\/04\/AVERY-DENNISON.jpg\" \/>\n\t<meta property=\"og:image:width\" content=\"800\" \/>\n\t<meta property=\"og:image:height\" content=\"534\" \/>\n\t<meta property=\"og:image:type\" content=\"image\/jpeg\" \/>\n<meta name=\"author\" content=\"Karine Duval\" \/>\n<meta name=\"twitter:card\" content=\"summary_large_image\" \/>\n<meta name=\"twitter:label1\" content=\"Written by\" \/>\n\t<meta name=\"twitter:data1\" content=\"Karine Duval\" \/>\n\t<meta name=\"twitter:label2\" content=\"Estimated reading time\" \/>\n\t<meta name=\"twitter:data2\" content=\"2 minutes\" \/>\n<script type=\"application\/ld+json\" class=\"yoast-schema-graph\">{\"@context\":\"https:\/\/schema.org\",\"@graph\":[{\"@type\":\"Article\",\"@id\":\"https:\/\/www.emballagedigest.fr\/avery-dennison-fait-appel-a-la-rfid-pour-lutter-contre-le-gaspillage-alimentaire\/#article\",\"isPartOf\":{\"@id\":\"https:\/\/www.emballagedigest.fr\/avery-dennison-fait-appel-a-la-rfid-pour-lutter-contre-le-gaspillage-alimentaire\/\"},\"author\":{\"name\":\"Karine Duval\",\"@id\":\"https:\/\/www.emballagedigest.fr\/#\/schema\/person\/76abe9f2b2ee4d3d520594c7a35da59f\"},\"headline\":\"Avery Dennison fait appel \u00e0 la RFID pour lutter contre le gaspillage alimentaire\",\"datePublished\":\"2026-04-26T08:07:43+00:00\",\"dateModified\":\"2026-04-27T08:09:05+00:00\",\"mainEntityOfPage\":{\"@id\":\"https:\/\/www.emballagedigest.fr\/avery-dennison-fait-appel-a-la-rfid-pour-lutter-contre-le-gaspillage-alimentaire\/\"},\"wordCount\":231,\"publisher\":{\"@id\":\"https:\/\/www.emballagedigest.fr\/#organization\"},\"image\":{\"@id\":\"https:\/\/www.emballagedigest.fr\/avery-dennison-fait-appel-a-la-rfid-pour-lutter-contre-le-gaspillage-alimentaire\/#primaryimage\"},\"thumbnailUrl\":\"https:\/\/www.emballagedigest.fr\/wp-content\/uploads\/2026\/04\/AVERY-DENNISON.jpg\",\"articleSection\":[\"Alimentaire\",\"Article entier\",\"Barre lat\u00e9rale\",\"Packaging\",\"Vu dans le mag\"],\"inLanguage\":\"en-GB\"},{\"@type\":\"WebPage\",\"@id\":\"https:\/\/www.emballagedigest.fr\/avery-dennison-fait-appel-a-la-rfid-pour-lutter-contre-le-gaspillage-alimentaire\/\",\"url\":\"https:\/\/www.emballagedigest.fr\/avery-dennison-fait-appel-a-la-rfid-pour-lutter-contre-le-gaspillage-alimentaire\/\",\"name\":\"Avery Dennison fait appel \u00e0 la RFID pour lutter contre le gaspillage alimentaire - Emballage Digest\",\"isPartOf\":{\"@id\":\"https:\/\/www.emballagedigest.fr\/#website\"},\"primaryImageOfPage\":{\"@id\":\"https:\/\/www.emballagedigest.fr\/avery-dennison-fait-appel-a-la-rfid-pour-lutter-contre-le-gaspillage-alimentaire\/#primaryimage\"},\"image\":{\"@id\":\"https:\/\/www.emballagedigest.fr\/avery-dennison-fait-appel-a-la-rfid-pour-lutter-contre-le-gaspillage-alimentaire\/#primaryimage\"},\"thumbnailUrl\":\"https:\/\/www.emballagedigest.fr\/wp-content\/uploads\/2026\/04\/AVERY-DENNISON.jpg\",\"datePublished\":\"2026-04-26T08:07:43+00:00\",\"dateModified\":\"2026-04-27T08:09:05+00:00\",\"breadcrumb\":{\"@id\":\"https:\/\/www.emballagedigest.fr\/avery-dennison-fait-appel-a-la-rfid-pour-lutter-contre-le-gaspillage-alimentaire\/#breadcrumb\"},\"inLanguage\":\"en-GB\",\"potentialAction\":[{\"@type\":\"ReadAction\",\"target\":[\"https:\/\/www.emballagedigest.fr\/avery-dennison-fait-appel-a-la-rfid-pour-lutter-contre-le-gaspillage-alimentaire\/\"]}]},{\"@type\":\"ImageObject\",\"inLanguage\":\"en-GB\",\"@id\":\"https:\/\/www.emballagedigest.fr\/avery-dennison-fait-appel-a-la-rfid-pour-lutter-contre-le-gaspillage-alimentaire\/#primaryimage\",\"url\":\"https:\/\/www.emballagedigest.fr\/wp-content\/uploads\/2026\/04\/AVERY-DENNISON.jpg\",\"contentUrl\":\"https:\/\/www.emballagedigest.fr\/wp-content\/uploads\/2026\/04\/AVERY-DENNISON.jpg\",\"width\":800,\"height\":534},{\"@type\":\"BreadcrumbList\",\"@id\":\"https:\/\/www.emballagedigest.fr\/avery-dennison-fait-appel-a-la-rfid-pour-lutter-contre-le-gaspillage-alimentaire\/#breadcrumb\",\"itemListElement\":[{\"@type\":\"ListItem\",\"position\":1,\"name\":\"Accueil\",\"item\":\"https:\/\/www.emballagedigest.fr\/\"},{\"@type\":\"ListItem\",\"position\":2,\"name\":\"Avery Dennison fait appel \u00e0 la RFID pour lutter contre le gaspillage alimentaire\"}]},{\"@type\":\"WebSite\",\"@id\":\"https:\/\/www.emballagedigest.fr\/#website\",\"url\":\"https:\/\/www.emballagedigest.fr\/\",\"name\":\"Emballage Digest\",\"description\":\"Revue professionnelle sur les emballages\",\"publisher\":{\"@id\":\"https:\/\/www.emballagedigest.fr\/#organization\"},\"potentialAction\":[{\"@type\":\"SearchAction\",\"target\":{\"@type\":\"EntryPoint\",\"urlTemplate\":\"https:\/\/www.emballagedigest.fr\/?s={search_term_string}\"},\"query-input\":{\"@type\":\"PropertyValueSpecification\",\"valueRequired\":true,\"valueName\":\"search_term_string\"}}],\"inLanguage\":\"en-GB\"},{\"@type\":\"Organization\",\"@id\":\"https:\/\/www.emballagedigest.fr\/#organization\",\"name\":\"Emballage Digest\",\"url\":\"https:\/\/www.emballagedigest.fr\/\",\"logo\":{\"@type\":\"ImageObject\",\"inLanguage\":\"en-GB\",\"@id\":\"https:\/\/www.emballagedigest.fr\/#\/schema\/logo\/image\/\",\"url\":\"https:\/\/www.emballagedigest.fr\/wp-content\/uploads\/2022\/07\/logo-ed.png\",\"contentUrl\":\"https:\/\/www.emballagedigest.fr\/wp-content\/uploads\/2022\/07\/logo-ed.png\",\"width\":379,\"height\":75,\"caption\":\"Emballage Digest\"},\"image\":{\"@id\":\"https:\/\/www.emballagedigest.fr\/#\/schema\/logo\/image\/\"}},{\"@type\":\"Person\",\"@id\":\"https:\/\/www.emballagedigest.fr\/#\/schema\/person\/76abe9f2b2ee4d3d520594c7a35da59f\",\"name\":\"Karine Duval\",\"image\":{\"@type\":\"ImageObject\",\"inLanguage\":\"en-GB\",\"@id\":\"https:\/\/www.emballagedigest.fr\/#\/schema\/person\/image\/\",\"url\":\"https:\/\/secure.gravatar.com\/avatar\/f552799261cdd2e076e6677d780ef07bdb13aa4c196ab75b39abcbcdcae2d4e5?s=96&d=mm&r=g\",\"contentUrl\":\"https:\/\/secure.gravatar.com\/avatar\/f552799261cdd2e076e6677d780ef07bdb13aa4c196ab75b39abcbcdcae2d4e5?s=96&d=mm&r=g\",\"caption\":\"Karine Duval\"},\"url\":\"https:\/\/www.emballagedigest.fr\/en\/author\/admin_karduv\/\"}]}<\/script>\n<!-- \/ Yoast SEO plugin. -->","yoast_head_json":{"title":"Avery Dennison fait appel \u00e0 la RFID pour lutter contre le gaspillage alimentaire - Emballage Digest","robots":{"index":"index","follow":"follow","max-snippet":"max-snippet:-1","max-image-preview":"max-image-preview:large","max-video-preview":"max-video-preview:-1"},"canonical":"https:\/\/www.emballagedigest.fr\/en\/avery-dennison-fait-appel-a-la-rfid-pour-lutter-contre-le-gaspillage-alimentaire\/","og_locale":"en_GB","og_type":"article","og_title":"Avery Dennison fait appel \u00e0 la RFID pour lutter contre le gaspillage alimentaire - Emballage Digest","og_description":"Avery Dennison lance sa\u00a0gamme d\u2019\u00e9tiquettes AD IdentiFresh\u2122\u00a0bas\u00e9e sur la technologie RFID dans le secteur des produits frais, notamment la boulangerie, la viande, la charcuterie et les fruits et l\u00e9gumes. Ces \u00e9tiquettes exclusives font partie de la\u00a0solution Optica\u2122 Food Solutions\u00a0du fabricant\u00a0: elles offrent une visibilit\u00e9 en temps r\u00e9el des stocks pour une meilleure gestion des produits [&hellip;]","og_url":"https:\/\/www.emballagedigest.fr\/en\/avery-dennison-fait-appel-a-la-rfid-pour-lutter-contre-le-gaspillage-alimentaire\/","og_site_name":"Emballage Digest","article_published_time":"2026-04-26T08:07:43+00:00","article_modified_time":"2026-04-27T08:09:05+00:00","og_image":[{"width":800,"height":534,"url":"https:\/\/www.emballagedigest.fr\/wp-content\/uploads\/2026\/04\/AVERY-DENNISON.jpg","type":"image\/jpeg"}],"author":"Karine Duval","twitter_card":"summary_large_image","twitter_misc":{"Written by":"Karine Duval","Estimated reading time":"2 minutes"},"schema":{"@context":"https:\/\/schema.org","@graph":[{"@type":"Article","@id":"https:\/\/www.emballagedigest.fr\/avery-dennison-fait-appel-a-la-rfid-pour-lutter-contre-le-gaspillage-alimentaire\/#article","isPartOf":{"@id":"https:\/\/www.emballagedigest.fr\/avery-dennison-fait-appel-a-la-rfid-pour-lutter-contre-le-gaspillage-alimentaire\/"},"author":{"name":"Karine Duval","@id":"https:\/\/www.emballagedigest.fr\/#\/schema\/person\/76abe9f2b2ee4d3d520594c7a35da59f"},"headline":"Avery Dennison fait appel \u00e0 la RFID pour lutter contre le gaspillage alimentaire","datePublished":"2026-04-26T08:07:43+00:00","dateModified":"2026-04-27T08:09:05+00:00","mainEntityOfPage":{"@id":"https:\/\/www.emballagedigest.fr\/avery-dennison-fait-appel-a-la-rfid-pour-lutter-contre-le-gaspillage-alimentaire\/"},"wordCount":231,"publisher":{"@id":"https:\/\/www.emballagedigest.fr\/#organization"},"image":{"@id":"https:\/\/www.emballagedigest.fr\/avery-dennison-fait-appel-a-la-rfid-pour-lutter-contre-le-gaspillage-alimentaire\/#primaryimage"},"thumbnailUrl":"https:\/\/www.emballagedigest.fr\/wp-content\/uploads\/2026\/04\/AVERY-DENNISON.jpg","articleSection":["Alimentaire","Article entier","Barre lat\u00e9rale","Packaging","Vu dans le mag"],"inLanguage":"en-GB"},{"@type":"WebPage","@id":"https:\/\/www.emballagedigest.fr\/avery-dennison-fait-appel-a-la-rfid-pour-lutter-contre-le-gaspillage-alimentaire\/","url":"https:\/\/www.emballagedigest.fr\/avery-dennison-fait-appel-a-la-rfid-pour-lutter-contre-le-gaspillage-alimentaire\/","name":"Avery Dennison fait appel \u00e0 la RFID pour lutter contre le gaspillage alimentaire - Emballage Digest","isPartOf":{"@id":"https:\/\/www.emballagedigest.fr\/#website"},"primaryImageOfPage":{"@id":"https:\/\/www.emballagedigest.fr\/avery-dennison-fait-appel-a-la-rfid-pour-lutter-contre-le-gaspillage-alimentaire\/#primaryimage"},"image":{"@id":"https:\/\/www.emballagedigest.fr\/avery-dennison-fait-appel-a-la-rfid-pour-lutter-contre-le-gaspillage-alimentaire\/#primaryimage"},"thumbnailUrl":"https:\/\/www.emballagedigest.fr\/wp-content\/uploads\/2026\/04\/AVERY-DENNISON.jpg","datePublished":"2026-04-26T08:07:43+00:00","dateModified":"2026-04-27T08:09:05+00:00","breadcrumb":{"@id":"https:\/\/www.emballagedigest.fr\/avery-dennison-fait-appel-a-la-rfid-pour-lutter-contre-le-gaspillage-alimentaire\/#breadcrumb"},"inLanguage":"en-GB","potentialAction":[{"@type":"ReadAction","target":["https:\/\/www.emballagedigest.fr\/avery-dennison-fait-appel-a-la-rfid-pour-lutter-contre-le-gaspillage-alimentaire\/"]}]},{"@type":"ImageObject","inLanguage":"en-GB","@id":"https:\/\/www.emballagedigest.fr\/avery-dennison-fait-appel-a-la-rfid-pour-lutter-contre-le-gaspillage-alimentaire\/#primaryimage","url":"https:\/\/www.emballagedigest.fr\/wp-content\/uploads\/2026\/04\/AVERY-DENNISON.jpg","contentUrl":"https:\/\/www.emballagedigest.fr\/wp-content\/uploads\/2026\/04\/AVERY-DENNISON.jpg","width":800,"height":534},{"@type":"BreadcrumbList","@id":"https:\/\/www.emballagedigest.fr\/avery-dennison-fait-appel-a-la-rfid-pour-lutter-contre-le-gaspillage-alimentaire\/#breadcrumb","itemListElement":[{"@type":"ListItem","position":1,"name":"Accueil","item":"https:\/\/www.emballagedigest.fr\/"},{"@type":"ListItem","position":2,"name":"Avery Dennison fait appel \u00e0 la RFID pour lutter contre le gaspillage alimentaire"}]},{"@type":"WebSite","@id":"https:\/\/www.emballagedigest.fr\/#website","url":"https:\/\/www.emballagedigest.fr\/","name":"Emballage Digest","description":"Revue professionnelle sur les emballages","publisher":{"@id":"https:\/\/www.emballagedigest.fr\/#organization"},"potentialAction":[{"@type":"SearchAction","target":{"@type":"EntryPoint","urlTemplate":"https:\/\/www.emballagedigest.fr\/?s={search_term_string}"},"query-input":{"@type":"PropertyValueSpecification","valueRequired":true,"valueName":"search_term_string"}}],"inLanguage":"en-GB"},{"@type":"Organization","@id":"https:\/\/www.emballagedigest.fr\/#organization","name":"Emballage Digest","url":"https:\/\/www.emballagedigest.fr\/","logo":{"@type":"ImageObject","inLanguage":"en-GB","@id":"https:\/\/www.emballagedigest.fr\/#\/schema\/logo\/image\/","url":"https:\/\/www.emballagedigest.fr\/wp-content\/uploads\/2022\/07\/logo-ed.png","contentUrl":"https:\/\/www.emballagedigest.fr\/wp-content\/uploads\/2022\/07\/logo-ed.png","width":379,"height":75,"caption":"Emballage Digest"},"image":{"@id":"https:\/\/www.emballagedigest.fr\/#\/schema\/logo\/image\/"}},{"@type":"Person","@id":"https:\/\/www.emballagedigest.fr\/#\/schema\/person\/76abe9f2b2ee4d3d520594c7a35da59f","name":"Karine Duval","image":{"@type":"ImageObject","inLanguage":"en-GB","@id":"https:\/\/www.emballagedigest.fr\/#\/schema\/person\/image\/","url":"https:\/\/secure.gravatar.com\/avatar\/f552799261cdd2e076e6677d780ef07bdb13aa4c196ab75b39abcbcdcae2d4e5?s=96&d=mm&r=g","contentUrl":"https:\/\/secure.gravatar.com\/avatar\/f552799261cdd2e076e6677d780ef07bdb13aa4c196ab75b39abcbcdcae2d4e5?s=96&d=mm&r=g","caption":"Karine Duval"},"url":"https:\/\/www.emballagedigest.fr\/en\/author\/admin_karduv\/"}]}},"_links":{"self":[{"href":"https:\/\/www.emballagedigest.fr\/en\/wp-json\/wp\/v2\/posts\/47781","targetHints":{"allow":["GET"]}}],"collection":[{"href":"https:\/\/www.emballagedigest.fr\/en\/wp-json\/wp\/v2\/posts"}],"about":[{"href":"https:\/\/www.emballagedigest.fr\/en\/wp-json\/wp\/v2\/types\/post"}],"author":[{"embeddable":true,"href":"https:\/\/www.emballagedigest.fr\/en\/wp-json\/wp\/v2\/users\/2"}],"replies":[{"embeddable":true,"href":"https:\/\/www.emballagedigest.fr\/en\/wp-json\/wp\/v2\/comments?post=47781"}],"version-history":[{"count":1,"href":"https:\/\/www.emballagedigest.fr\/en\/wp-json\/wp\/v2\/posts\/47781\/revisions"}],"predecessor-version":[{"id":47783,"href":"https:\/\/www.emballagedigest.fr\/en\/wp-json\/wp\/v2\/posts\/47781\/revisions\/47783"}],"wp:featuredmedia":[{"embeddable":true,"href":"https:\/\/www.emballagedigest.fr\/en\/wp-json\/wp\/v2\/media\/47782"}],"wp:attachment":[{"href":"https:\/\/www.emballagedigest.fr\/en\/wp-json\/wp\/v2\/media?parent=47781"}],"wp:term":[{"taxonomy":"category","embeddable":true,"href":"https:\/\/www.emballagedigest.fr\/en\/wp-json\/wp\/v2\/categories?post=47781"},{"taxonomy":"post_tag","embeddable":true,"href":"https:\/\/www.emballagedigest.fr\/en\/wp-json\/wp\/v2\/tags?post=47781"}],"curies":[{"name":"wp","href":"https:\/\/api.w.org\/{rel}","templated":true}]}}