{"id":47784,"date":"2026-04-28T00:11:43","date_gmt":"2026-04-27T22:11:43","guid":{"rendered":"https:\/\/www.emballagedigest.fr\/?p=47784"},"modified":"2026-04-28T00:11:44","modified_gmt":"2026-04-27T22:11:44","slug":"mg-tech-et-premier-tech-co-exposeront-sur-le-salon-interpack-2026","status":"publish","type":"post","link":"https:\/\/www.emballagedigest.fr\/en\/mg-tech-et-premier-tech-co-exposeront-sur-le-salon-interpack-2026\/","title":{"rendered":"MG Tech et Premier Tech co-exposeront sur le salon Interpack 2026"},"content":{"rendered":"<p><strong>Deux ans apr\u00e8s leur rapprochement, MG Tech et Premier Tech annoncent leur premi\u00e8re participation conjointe \u00e0 Interpack 2026, du 7 au 13 mai \u00e0 D\u00fcsseldorf. Ils y pr\u00e9senteront leur offre combin\u00e9e, initialement ax\u00e9e sur les emballages en vrac, rigides et en carton.<\/strong><\/p>\n\n\n\n<p>MG Tech et Premier Tech Syst\u00e8mes Automatis\u00e9s pr\u00e9sentent pour la premi\u00e8re fois leur offre enti\u00e8rement int\u00e9gr\u00e9e sur un m\u00eame stand \u00e0 Interpack. \u00ab <em>Plus qu&rsquo;un simple stand partag\u00e9, notre pr\u00e9sence \u00e0 Interpack t\u00e9moigne de notre capacit\u00e9 \u00e0 fournir un \u00e9cosyst\u00e8me d&#8217;emballage complet aux fabricants du monde entier, couvrant les applications pour emballages souples en vrac et rigides en carton, de l&#8217;emballage primaire des produits jusqu\u2019\u00e0 l\u2019automatisation de la fin de ligne de conditionnement <\/em>\u00bb, explique Simon Roy, pr\u00e9sident et directeur des op\u00e9rations de Premier Tech Syst\u00e8mes Automatis\u00e9s.<\/p>\n\n\n\n<p>Sur leur stand commun, les visiteurs pourront d\u00e9couvrir des machines d\u2019emballage en fonctionnement, l&rsquo;automatisation robotis\u00e9e pour de multiples formats d&#8217;emballage et des solutions durables con\u00e7ues pour relever les d\u00e9fis de demain.<\/p>\n\n\n\n<p><em>\u00ab Interpack 2026 est la plateforme id\u00e9ale pour d\u00e9montrer le chemin parcouru ensemble. Nos clients pourront constater par eux-m\u00eames comment nos innovations combin\u00e9es offrent une productivit\u00e9, une flexibilit\u00e9 et une durabilit\u00e9 accrues pour tous les formats d&#8217;emballage <\/em>\u00bb, d\u00e9clare Ingo Jonas, vice-pr\u00e9sident Europe de Premier Tech Syst\u00e8mes Automatis\u00e9s.<\/p>\n\n\n\n<p>Le portefeuille combin\u00e9 des deux industriels couvre l&rsquo;ensemble du spectre de l&#8217;emballage pour les secteurs de la nutrition, des biens de consommation courante, de l&rsquo;industrie et de la pharmacie : vrac et souple \u2014 ensachage et palettisation automatis\u00e9s (Chronos)&nbsp;; emballage rigide et carton \u2014 mise en volume de caisses, encaissage et palettisation robotis\u00e9s (MG Tech)&nbsp;; et automatisation int\u00e9gr\u00e9e avec des syst\u00e8mes fluides pour une efficacit\u00e9 maximale.<\/p>\n\n\n\n<p>\u00ab <em>En unissant leurs forces, MG Tech et Premier Tech sont en mesure de r\u00e9pondre aux besoins d&rsquo;un march\u00e9 vaste et \u00e9volutif, au b\u00e9n\u00e9fice de nos clients. Les fabricants n&rsquo;ont plus besoin de plusieurs partenaires : ils peuvent d\u00e9sormais acc\u00e9der \u00e0 des technologies d&#8217;emballage compl\u00e8tes gr\u00e2ce \u00e0 une seule \u00e9quipe int\u00e9gr\u00e9e <\/em>\u00bb, ajoute Xavier Lucas, directeur g\u00e9n\u00e9ral de MG Tech.<\/p>\n\n\n\n<p>Ce partenariat a su tirer parti de forces g\u00e9ographiques compl\u00e9mentaires, renfor\u00e7ant la pr\u00e9sence europ\u00e9enne de Premier Tech gr\u00e2ce aux trois sites de production fran\u00e7ais de MG Tech, tout en \u00e9tendant la port\u00e9e de MG Tech en Am\u00e9rique du Nord et sur les march\u00e9s internationaux gr\u00e2ce au r\u00e9seau mondial de Premier Tech, qui rassemble plus de 6 000 collaborateurs dans 31 pays.<\/p>\n\n\n\n<p><strong>Pour en savoir plus&nbsp;:<\/strong><\/p>\n\n\n\n<figure class=\"wp-block-embed is-type-wp-embed is-provider-emballage-digest wp-block-embed-emballage-digest\"><div class=\"wp-block-embed__wrapper\">\n<blockquote class=\"wp-embedded-content\" data-secret=\"Ka6BxDbbuA\"><a href=\"https:\/\/www.emballagedigest.fr\/en\/mg-tech-devoilera-son-nouveau-palettiseur-lors-de-ses-futures-portes-ouvertes\/\">MG Tech d\u00e9voilera son nouveau palettiseur lors de ses futures portes ouvertes<\/a><\/blockquote><iframe loading=\"lazy\" class=\"wp-embedded-content\" sandbox=\"allow-scripts\" security=\"restricted\" style=\"position: absolute; visibility: hidden;\" title=\"\u00ab\u00a0MG Tech d\u00e9voilera son nouveau palettiseur lors de ses futures portes ouvertes\u00a0\u00bb &#8212; Emballage Digest\" src=\"https:\/\/www.emballagedigest.fr\/mg-tech-devoilera-son-nouveau-palettiseur-lors-de-ses-futures-portes-ouvertes\/embed\/#?secret=ezQQlwbzEw#?secret=Ka6BxDbbuA\" data-secret=\"Ka6BxDbbuA\" width=\"500\" height=\"282\" frameborder=\"0\" marginwidth=\"0\" marginheight=\"0\" scrolling=\"no\"><\/iframe>\n<\/div><\/figure>","protected":false},"excerpt":{"rendered":"<p>Deux ans apr\u00e8s leur rapprochement, MG Tech et Premier Tech annoncent leur premi\u00e8re participation conjointe \u00e0 Interpack 2026, du 7 au 13 mai \u00e0 D\u00fcsseldorf. Ils y pr\u00e9senteront leur offre combin\u00e9e, initialement ax\u00e9e sur les emballages en vrac, rigides et en carton. MG Tech et Premier Tech Syst\u00e8mes Automatis\u00e9s pr\u00e9sentent pour la premi\u00e8re fois leur [&hellip;]<\/p>","protected":false},"author":2,"featured_media":47785,"comment_status":"closed","ping_status":"closed","sticky":false,"template":"","format":"standard","meta":{"_acf_changed":false,"inline_featured_image":false,"iawp_total_views":2,"footnotes":""},"categories":[28,19,11,8],"tags":[],"class_list":["post-47784","post","type-post","status-publish","format-standard","has-post-thumbnail","hentry","category-article-entier","category-article-epingle","category-emballages","category-industrie"],"acf":[],"yoast_head":"<!-- This site is optimized with the Yoast SEO plugin v24.4 - https:\/\/yoast.com\/wordpress\/plugins\/seo\/ -->\n<title>MG Tech et Premier Tech co-exposeront sur le salon Interpack 2026 - Emballage Digest<\/title>\n<meta name=\"robots\" content=\"index, follow, max-snippet:-1, max-image-preview:large, max-video-preview:-1\" \/>\n<link rel=\"canonical\" href=\"https:\/\/www.emballagedigest.fr\/en\/mg-tech-et-premier-tech-co-exposeront-sur-le-salon-interpack-2026\/\" \/>\n<meta property=\"og:locale\" content=\"en_GB\" \/>\n<meta property=\"og:type\" content=\"article\" \/>\n<meta property=\"og:title\" content=\"MG Tech et Premier Tech co-exposeront sur le salon Interpack 2026 - Emballage Digest\" \/>\n<meta property=\"og:description\" content=\"Deux ans apr\u00e8s leur rapprochement, MG Tech et Premier Tech annoncent leur premi\u00e8re participation conjointe \u00e0 Interpack 2026, du 7 au 13 mai \u00e0 D\u00fcsseldorf. Ils y pr\u00e9senteront leur offre combin\u00e9e, initialement ax\u00e9e sur les emballages en vrac, rigides et en carton. MG Tech et Premier Tech Syst\u00e8mes Automatis\u00e9s pr\u00e9sentent pour la premi\u00e8re fois leur [&hellip;]\" \/>\n<meta property=\"og:url\" content=\"https:\/\/www.emballagedigest.fr\/en\/mg-tech-et-premier-tech-co-exposeront-sur-le-salon-interpack-2026\/\" \/>\n<meta property=\"og:site_name\" content=\"Emballage Digest\" \/>\n<meta property=\"article:published_time\" content=\"2026-04-27T22:11:43+00:00\" \/>\n<meta property=\"article:modified_time\" content=\"2026-04-27T22:11:44+00:00\" \/>\n<meta property=\"og:image\" content=\"https:\/\/www.emballagedigest.fr\/wp-content\/uploads\/2026\/04\/MGTech.jpg\" \/>\n\t<meta property=\"og:image:width\" content=\"800\" \/>\n\t<meta property=\"og:image:height\" content=\"548\" \/>\n\t<meta property=\"og:image:type\" content=\"image\/jpeg\" \/>\n<meta name=\"author\" content=\"Karine Duval\" \/>\n<meta name=\"twitter:card\" content=\"summary_large_image\" \/>\n<meta name=\"twitter:label1\" content=\"Written by\" \/>\n\t<meta name=\"twitter:data1\" content=\"Karine Duval\" \/>\n\t<meta name=\"twitter:label2\" content=\"Estimated reading time\" \/>\n\t<meta name=\"twitter:data2\" content=\"3 minutes\" \/>\n<script type=\"application\/ld+json\" class=\"yoast-schema-graph\">{\"@context\":\"https:\/\/schema.org\",\"@graph\":[{\"@type\":\"Article\",\"@id\":\"https:\/\/www.emballagedigest.fr\/mg-tech-et-premier-tech-co-exposeront-sur-le-salon-interpack-2026\/#article\",\"isPartOf\":{\"@id\":\"https:\/\/www.emballagedigest.fr\/mg-tech-et-premier-tech-co-exposeront-sur-le-salon-interpack-2026\/\"},\"author\":{\"name\":\"Karine Duval\",\"@id\":\"https:\/\/www.emballagedigest.fr\/#\/schema\/person\/76abe9f2b2ee4d3d520594c7a35da59f\"},\"headline\":\"MG Tech et Premier Tech co-exposeront sur le salon Interpack 2026\",\"datePublished\":\"2026-04-27T22:11:43+00:00\",\"dateModified\":\"2026-04-27T22:11:44+00:00\",\"mainEntityOfPage\":{\"@id\":\"https:\/\/www.emballagedigest.fr\/mg-tech-et-premier-tech-co-exposeront-sur-le-salon-interpack-2026\/\"},\"wordCount\":468,\"publisher\":{\"@id\":\"https:\/\/www.emballagedigest.fr\/#organization\"},\"image\":{\"@id\":\"https:\/\/www.emballagedigest.fr\/mg-tech-et-premier-tech-co-exposeront-sur-le-salon-interpack-2026\/#primaryimage\"},\"thumbnailUrl\":\"https:\/\/www.emballagedigest.fr\/wp-content\/uploads\/2026\/04\/MGTech.jpg\",\"articleSection\":[\"Article entier\",\"Article \u00e9pingl\u00e9\",\"Emballages\",\"Industrie\"],\"inLanguage\":\"en-GB\"},{\"@type\":\"WebPage\",\"@id\":\"https:\/\/www.emballagedigest.fr\/mg-tech-et-premier-tech-co-exposeront-sur-le-salon-interpack-2026\/\",\"url\":\"https:\/\/www.emballagedigest.fr\/mg-tech-et-premier-tech-co-exposeront-sur-le-salon-interpack-2026\/\",\"name\":\"MG Tech et Premier Tech co-exposeront sur le salon Interpack 2026 - Emballage Digest\",\"isPartOf\":{\"@id\":\"https:\/\/www.emballagedigest.fr\/#website\"},\"primaryImageOfPage\":{\"@id\":\"https:\/\/www.emballagedigest.fr\/mg-tech-et-premier-tech-co-exposeront-sur-le-salon-interpack-2026\/#primaryimage\"},\"image\":{\"@id\":\"https:\/\/www.emballagedigest.fr\/mg-tech-et-premier-tech-co-exposeront-sur-le-salon-interpack-2026\/#primaryimage\"},\"thumbnailUrl\":\"https:\/\/www.emballagedigest.fr\/wp-content\/uploads\/2026\/04\/MGTech.jpg\",\"datePublished\":\"2026-04-27T22:11:43+00:00\",\"dateModified\":\"2026-04-27T22:11:44+00:00\",\"breadcrumb\":{\"@id\":\"https:\/\/www.emballagedigest.fr\/mg-tech-et-premier-tech-co-exposeront-sur-le-salon-interpack-2026\/#breadcrumb\"},\"inLanguage\":\"en-GB\",\"potentialAction\":[{\"@type\":\"ReadAction\",\"target\":[\"https:\/\/www.emballagedigest.fr\/mg-tech-et-premier-tech-co-exposeront-sur-le-salon-interpack-2026\/\"]}]},{\"@type\":\"ImageObject\",\"inLanguage\":\"en-GB\",\"@id\":\"https:\/\/www.emballagedigest.fr\/mg-tech-et-premier-tech-co-exposeront-sur-le-salon-interpack-2026\/#primaryimage\",\"url\":\"https:\/\/www.emballagedigest.fr\/wp-content\/uploads\/2026\/04\/MGTech.jpg\",\"contentUrl\":\"https:\/\/www.emballagedigest.fr\/wp-content\/uploads\/2026\/04\/MGTech.jpg\",\"width\":800,\"height\":548},{\"@type\":\"BreadcrumbList\",\"@id\":\"https:\/\/www.emballagedigest.fr\/mg-tech-et-premier-tech-co-exposeront-sur-le-salon-interpack-2026\/#breadcrumb\",\"itemListElement\":[{\"@type\":\"ListItem\",\"position\":1,\"name\":\"Accueil\",\"item\":\"https:\/\/www.emballagedigest.fr\/\"},{\"@type\":\"ListItem\",\"position\":2,\"name\":\"MG Tech et Premier Tech co-exposeront sur le salon Interpack 2026\"}]},{\"@type\":\"WebSite\",\"@id\":\"https:\/\/www.emballagedigest.fr\/#website\",\"url\":\"https:\/\/www.emballagedigest.fr\/\",\"name\":\"Emballage Digest\",\"description\":\"Revue professionnelle sur les emballages\",\"publisher\":{\"@id\":\"https:\/\/www.emballagedigest.fr\/#organization\"},\"potentialAction\":[{\"@type\":\"SearchAction\",\"target\":{\"@type\":\"EntryPoint\",\"urlTemplate\":\"https:\/\/www.emballagedigest.fr\/?s={search_term_string}\"},\"query-input\":{\"@type\":\"PropertyValueSpecification\",\"valueRequired\":true,\"valueName\":\"search_term_string\"}}],\"inLanguage\":\"en-GB\"},{\"@type\":\"Organization\",\"@id\":\"https:\/\/www.emballagedigest.fr\/#organization\",\"name\":\"Emballage Digest\",\"url\":\"https:\/\/www.emballagedigest.fr\/\",\"logo\":{\"@type\":\"ImageObject\",\"inLanguage\":\"en-GB\",\"@id\":\"https:\/\/www.emballagedigest.fr\/#\/schema\/logo\/image\/\",\"url\":\"https:\/\/www.emballagedigest.fr\/wp-content\/uploads\/2022\/07\/logo-ed.png\",\"contentUrl\":\"https:\/\/www.emballagedigest.fr\/wp-content\/uploads\/2022\/07\/logo-ed.png\",\"width\":379,\"height\":75,\"caption\":\"Emballage Digest\"},\"image\":{\"@id\":\"https:\/\/www.emballagedigest.fr\/#\/schema\/logo\/image\/\"}},{\"@type\":\"Person\",\"@id\":\"https:\/\/www.emballagedigest.fr\/#\/schema\/person\/76abe9f2b2ee4d3d520594c7a35da59f\",\"name\":\"Karine Duval\",\"image\":{\"@type\":\"ImageObject\",\"inLanguage\":\"en-GB\",\"@id\":\"https:\/\/www.emballagedigest.fr\/#\/schema\/person\/image\/\",\"url\":\"https:\/\/secure.gravatar.com\/avatar\/f552799261cdd2e076e6677d780ef07bdb13aa4c196ab75b39abcbcdcae2d4e5?s=96&d=mm&r=g\",\"contentUrl\":\"https:\/\/secure.gravatar.com\/avatar\/f552799261cdd2e076e6677d780ef07bdb13aa4c196ab75b39abcbcdcae2d4e5?s=96&d=mm&r=g\",\"caption\":\"Karine Duval\"},\"url\":\"https:\/\/www.emballagedigest.fr\/en\/author\/admin_karduv\/\"}]}<\/script>\n<!-- \/ Yoast SEO plugin. -->","yoast_head_json":{"title":"MG Tech et Premier Tech co-exposeront sur le salon Interpack 2026 - Emballage Digest","robots":{"index":"index","follow":"follow","max-snippet":"max-snippet:-1","max-image-preview":"max-image-preview:large","max-video-preview":"max-video-preview:-1"},"canonical":"https:\/\/www.emballagedigest.fr\/en\/mg-tech-et-premier-tech-co-exposeront-sur-le-salon-interpack-2026\/","og_locale":"en_GB","og_type":"article","og_title":"MG Tech et Premier Tech co-exposeront sur le salon Interpack 2026 - Emballage Digest","og_description":"Deux ans apr\u00e8s leur rapprochement, MG Tech et Premier Tech annoncent leur premi\u00e8re participation conjointe \u00e0 Interpack 2026, du 7 au 13 mai \u00e0 D\u00fcsseldorf. Ils y pr\u00e9senteront leur offre combin\u00e9e, initialement ax\u00e9e sur les emballages en vrac, rigides et en carton. MG Tech et Premier Tech Syst\u00e8mes Automatis\u00e9s pr\u00e9sentent pour la premi\u00e8re fois leur [&hellip;]","og_url":"https:\/\/www.emballagedigest.fr\/en\/mg-tech-et-premier-tech-co-exposeront-sur-le-salon-interpack-2026\/","og_site_name":"Emballage Digest","article_published_time":"2026-04-27T22:11:43+00:00","article_modified_time":"2026-04-27T22:11:44+00:00","og_image":[{"width":800,"height":548,"url":"https:\/\/www.emballagedigest.fr\/wp-content\/uploads\/2026\/04\/MGTech.jpg","type":"image\/jpeg"}],"author":"Karine Duval","twitter_card":"summary_large_image","twitter_misc":{"Written by":"Karine Duval","Estimated reading time":"3 minutes"},"schema":{"@context":"https:\/\/schema.org","@graph":[{"@type":"Article","@id":"https:\/\/www.emballagedigest.fr\/mg-tech-et-premier-tech-co-exposeront-sur-le-salon-interpack-2026\/#article","isPartOf":{"@id":"https:\/\/www.emballagedigest.fr\/mg-tech-et-premier-tech-co-exposeront-sur-le-salon-interpack-2026\/"},"author":{"name":"Karine Duval","@id":"https:\/\/www.emballagedigest.fr\/#\/schema\/person\/76abe9f2b2ee4d3d520594c7a35da59f"},"headline":"MG Tech et Premier Tech co-exposeront sur le salon Interpack 2026","datePublished":"2026-04-27T22:11:43+00:00","dateModified":"2026-04-27T22:11:44+00:00","mainEntityOfPage":{"@id":"https:\/\/www.emballagedigest.fr\/mg-tech-et-premier-tech-co-exposeront-sur-le-salon-interpack-2026\/"},"wordCount":468,"publisher":{"@id":"https:\/\/www.emballagedigest.fr\/#organization"},"image":{"@id":"https:\/\/www.emballagedigest.fr\/mg-tech-et-premier-tech-co-exposeront-sur-le-salon-interpack-2026\/#primaryimage"},"thumbnailUrl":"https:\/\/www.emballagedigest.fr\/wp-content\/uploads\/2026\/04\/MGTech.jpg","articleSection":["Article entier","Article \u00e9pingl\u00e9","Emballages","Industrie"],"inLanguage":"en-GB"},{"@type":"WebPage","@id":"https:\/\/www.emballagedigest.fr\/mg-tech-et-premier-tech-co-exposeront-sur-le-salon-interpack-2026\/","url":"https:\/\/www.emballagedigest.fr\/mg-tech-et-premier-tech-co-exposeront-sur-le-salon-interpack-2026\/","name":"MG Tech et Premier Tech co-exposeront sur le salon Interpack 2026 - Emballage Digest","isPartOf":{"@id":"https:\/\/www.emballagedigest.fr\/#website"},"primaryImageOfPage":{"@id":"https:\/\/www.emballagedigest.fr\/mg-tech-et-premier-tech-co-exposeront-sur-le-salon-interpack-2026\/#primaryimage"},"image":{"@id":"https:\/\/www.emballagedigest.fr\/mg-tech-et-premier-tech-co-exposeront-sur-le-salon-interpack-2026\/#primaryimage"},"thumbnailUrl":"https:\/\/www.emballagedigest.fr\/wp-content\/uploads\/2026\/04\/MGTech.jpg","datePublished":"2026-04-27T22:11:43+00:00","dateModified":"2026-04-27T22:11:44+00:00","breadcrumb":{"@id":"https:\/\/www.emballagedigest.fr\/mg-tech-et-premier-tech-co-exposeront-sur-le-salon-interpack-2026\/#breadcrumb"},"inLanguage":"en-GB","potentialAction":[{"@type":"ReadAction","target":["https:\/\/www.emballagedigest.fr\/mg-tech-et-premier-tech-co-exposeront-sur-le-salon-interpack-2026\/"]}]},{"@type":"ImageObject","inLanguage":"en-GB","@id":"https:\/\/www.emballagedigest.fr\/mg-tech-et-premier-tech-co-exposeront-sur-le-salon-interpack-2026\/#primaryimage","url":"https:\/\/www.emballagedigest.fr\/wp-content\/uploads\/2026\/04\/MGTech.jpg","contentUrl":"https:\/\/www.emballagedigest.fr\/wp-content\/uploads\/2026\/04\/MGTech.jpg","width":800,"height":548},{"@type":"BreadcrumbList","@id":"https:\/\/www.emballagedigest.fr\/mg-tech-et-premier-tech-co-exposeront-sur-le-salon-interpack-2026\/#breadcrumb","itemListElement":[{"@type":"ListItem","position":1,"name":"Accueil","item":"https:\/\/www.emballagedigest.fr\/"},{"@type":"ListItem","position":2,"name":"MG Tech et Premier Tech co-exposeront sur le salon Interpack 2026"}]},{"@type":"WebSite","@id":"https:\/\/www.emballagedigest.fr\/#website","url":"https:\/\/www.emballagedigest.fr\/","name":"Emballage Digest","description":"Revue professionnelle sur les emballages","publisher":{"@id":"https:\/\/www.emballagedigest.fr\/#organization"},"potentialAction":[{"@type":"SearchAction","target":{"@type":"EntryPoint","urlTemplate":"https:\/\/www.emballagedigest.fr\/?s={search_term_string}"},"query-input":{"@type":"PropertyValueSpecification","valueRequired":true,"valueName":"search_term_string"}}],"inLanguage":"en-GB"},{"@type":"Organization","@id":"https:\/\/www.emballagedigest.fr\/#organization","name":"Emballage Digest","url":"https:\/\/www.emballagedigest.fr\/","logo":{"@type":"ImageObject","inLanguage":"en-GB","@id":"https:\/\/www.emballagedigest.fr\/#\/schema\/logo\/image\/","url":"https:\/\/www.emballagedigest.fr\/wp-content\/uploads\/2022\/07\/logo-ed.png","contentUrl":"https:\/\/www.emballagedigest.fr\/wp-content\/uploads\/2022\/07\/logo-ed.png","width":379,"height":75,"caption":"Emballage Digest"},"image":{"@id":"https:\/\/www.emballagedigest.fr\/#\/schema\/logo\/image\/"}},{"@type":"Person","@id":"https:\/\/www.emballagedigest.fr\/#\/schema\/person\/76abe9f2b2ee4d3d520594c7a35da59f","name":"Karine Duval","image":{"@type":"ImageObject","inLanguage":"en-GB","@id":"https:\/\/www.emballagedigest.fr\/#\/schema\/person\/image\/","url":"https:\/\/secure.gravatar.com\/avatar\/f552799261cdd2e076e6677d780ef07bdb13aa4c196ab75b39abcbcdcae2d4e5?s=96&d=mm&r=g","contentUrl":"https:\/\/secure.gravatar.com\/avatar\/f552799261cdd2e076e6677d780ef07bdb13aa4c196ab75b39abcbcdcae2d4e5?s=96&d=mm&r=g","caption":"Karine Duval"},"url":"https:\/\/www.emballagedigest.fr\/en\/author\/admin_karduv\/"}]}},"_links":{"self":[{"href":"https:\/\/www.emballagedigest.fr\/en\/wp-json\/wp\/v2\/posts\/47784","targetHints":{"allow":["GET"]}}],"collection":[{"href":"https:\/\/www.emballagedigest.fr\/en\/wp-json\/wp\/v2\/posts"}],"about":[{"href":"https:\/\/www.emballagedigest.fr\/en\/wp-json\/wp\/v2\/types\/post"}],"author":[{"embeddable":true,"href":"https:\/\/www.emballagedigest.fr\/en\/wp-json\/wp\/v2\/users\/2"}],"replies":[{"embeddable":true,"href":"https:\/\/www.emballagedigest.fr\/en\/wp-json\/wp\/v2\/comments?post=47784"}],"version-history":[{"count":1,"href":"https:\/\/www.emballagedigest.fr\/en\/wp-json\/wp\/v2\/posts\/47784\/revisions"}],"predecessor-version":[{"id":47786,"href":"https:\/\/www.emballagedigest.fr\/en\/wp-json\/wp\/v2\/posts\/47784\/revisions\/47786"}],"wp:featuredmedia":[{"embeddable":true,"href":"https:\/\/www.emballagedigest.fr\/en\/wp-json\/wp\/v2\/media\/47785"}],"wp:attachment":[{"href":"https:\/\/www.emballagedigest.fr\/en\/wp-json\/wp\/v2\/media?parent=47784"}],"wp:term":[{"taxonomy":"category","embeddable":true,"href":"https:\/\/www.emballagedigest.fr\/en\/wp-json\/wp\/v2\/categories?post=47784"},{"taxonomy":"post_tag","embeddable":true,"href":"https:\/\/www.emballagedigest.fr\/en\/wp-json\/wp\/v2\/tags?post=47784"}],"curies":[{"name":"wp","href":"https:\/\/api.w.org\/{rel}","templated":true}]}}