{"id":47791,"date":"2026-04-29T00:15:29","date_gmt":"2026-04-28T22:15:29","guid":{"rendered":"https:\/\/www.emballagedigest.fr\/?p=47791"},"modified":"2026-04-29T00:15:30","modified_gmt":"2026-04-28T22:15:30","slug":"crealis-reunit-lensemble-de-ses-entites-sous-une-marque-unique","status":"publish","type":"post","link":"https:\/\/www.emballagedigest.fr\/en\/crealis-reunit-lensemble-de-ses-entites-sous-une-marque-unique\/","title":{"rendered":"Crealis r\u00e9unit l\u2019ensemble de ses entit\u00e9s sous une marque unique"},"content":{"rendered":"<p><strong>Apr\u00e8s plusieurs ann\u00e9es d\u2019int\u00e9gration, Crealis, groupe international du secteur du bouchage et surbouchage pour les vins, les spiritueux et les boissons, engage une profonde transformation de son organisation industrielle et commerciale. Objectifs : renforcer sa comp\u00e9titivit\u00e9, acc\u00e9l\u00e9rer son efficacit\u00e9 op\u00e9rationnelle et mieux servir ses clients \u00e0 l\u2019\u00e9chelle mondiale.<\/strong><\/p>\n\n\n\n<p>Le sp\u00e9cialiste du bouchage et surbouchage op\u00e8re un basculement strat\u00e9gique en faisant converger ses marques historiques vers une identit\u00e9 unique, Crealis. Huit entit\u00e9s (Enoplastic, Sparflex, Le Muselet Valentin, Rivercap, PE.DI, Maverick Enterprise, Supercap, Corchomex), jusqu\u2019ici op\u00e9r\u00e9es de mani\u00e8re distincte, sont progressivement r\u00e9unies sous une seule banni\u00e8re.<\/p>\n\n\n\n<figure class=\"wp-block-image size-full is-resized\"><img loading=\"lazy\" decoding=\"async\" width=\"800\" height=\"584\" src=\"https:\/\/www.emballagedigest.fr\/wp-content\/uploads\/2026\/04\/Crealis2.jpg\" alt=\"\" class=\"wp-image-47793\" style=\"width:840px;height:auto\" srcset=\"https:\/\/www.emballagedigest.fr\/wp-content\/uploads\/2026\/04\/Crealis2.jpg 800w, https:\/\/www.emballagedigest.fr\/wp-content\/uploads\/2026\/04\/Crealis2-300x219.jpg 300w, https:\/\/www.emballagedigest.fr\/wp-content\/uploads\/2026\/04\/Crealis2-768x561.jpg 768w, https:\/\/www.emballagedigest.fr\/wp-content\/uploads\/2026\/04\/Crealis2-16x12.jpg 16w\" sizes=\"auto, (max-width: 800px) 100vw, 800px\" \/><\/figure>\n\n\n\n<p>\u00ab En unifiant nos marques, nous rendons notre offre plus claire, plus coh\u00e9rente et plus efficace pour nos clients dans le monde entier \u00bb, pr\u00e9sente Enrico Bracesco (ci-dessus), pdg du groupe Crealis.<\/p>\n\n\n\n<p>Au-del\u00e0&nbsp;&nbsp; d\u2019un&nbsp;&nbsp; simple&nbsp;&nbsp; exercice&nbsp;&nbsp; d\u2019unification, cette transformation traduit un changement de mod\u00e8le. Crealis passe d\u2019une juxtaposition de savoir-faire \u00e0 une organisation int\u00e9gr\u00e9e, pens\u00e9e pour r\u00e9pondre aux attentes de clients de plus en plus globaux, exigeants et en qu\u00eate d\u2019efficacit\u00e9. L\u2019ensemble des \u00e9quipes commerciales est d\u00e9sormais structur\u00e9 autour d\u2019une organisation unifi\u00e9e, pilot\u00e9e par Jean-Pascal Rey, arriv\u00e9 dans le groupe en 2025, capable de porter l\u2019int\u00e9gralit\u00e9 de l\u2019offre du groupe et d\u2019offrir un point d\u2019entr\u00e9e unique \u00e0 ses clients, quel que soit leur march\u00e9. \u00ab Notre ambition est de proposer une approche globale et int\u00e9gr\u00e9e, avec un partenaire unique pour l\u2019ensemble des solutions de bouchage \u00bb, souligne-t-il.<\/p>\n\n\n\n<p>Dans le m\u00eame mouvement, le groupe reconfigure son outil industriel autour de deux Business Units de production int\u00e9gr\u00e9es. La premi\u00e8re, d\u00e9di\u00e9e aux capsules, coiffes et muselets, r\u00e9pond aux enjeux des vins tranquilles et effervescents. La seconde, centr\u00e9e sur les solutions de bouchage pour les spiritueux, huiles et vinaigres, avec les bouchons T-Bar et T-pourer.&nbsp; D\u00e9j\u00e0 pr\u00e9sent sur l\u2019ensemble des segments des vins tranquilles, vins effervescents, spiritueux, bi\u00e8re, eau, huiles et vinaigres, Crealis renforce avec cette organisation la lisibilit\u00e9 et la coh\u00e9rence de son offre.<\/p>\n\n\n\n<figure class=\"wp-block-image size-full is-resized\"><img loading=\"lazy\" decoding=\"async\" width=\"800\" height=\"449\" src=\"https:\/\/www.emballagedigest.fr\/wp-content\/uploads\/2026\/04\/Crealis3.jpg\" alt=\"\" class=\"wp-image-47794\" style=\"width:840px;height:auto\" srcset=\"https:\/\/www.emballagedigest.fr\/wp-content\/uploads\/2026\/04\/Crealis3.jpg 800w, https:\/\/www.emballagedigest.fr\/wp-content\/uploads\/2026\/04\/Crealis3-300x168.jpg 300w, https:\/\/www.emballagedigest.fr\/wp-content\/uploads\/2026\/04\/Crealis3-768x431.jpg 768w, https:\/\/www.emballagedigest.fr\/wp-content\/uploads\/2026\/04\/Crealis3-18x10.jpg 18w\" sizes=\"auto, (max-width: 800px) 100vw, 800px\" \/><\/figure>\n\n\n\n<p>Pour autant, Crealis fait le choix de maintenir une trajectoire d\u2019investissement soutenue. Le groupe investit entre 6 et 8% de son chiffre d\u2019affaires \u00e0 l\u2019innovation\u00a0: d\u00e9veloppement de nouveaux mat\u00e9riaux et technologies, am\u00e9lioration de la durabilit\u00e9 des solutions de bouchage et surbouchage et optimisation continue de la performance industrielle. Mais la strat\u00e9gie du groupe ne se limite pas \u00e0 l\u2019outil de production. Le groupe investit \u00e9galement dans le capital humain, avec une politique active de formation, de recrutement et de fid\u00e9lisation des talents, consid\u00e9r\u00e9s comme un levier central de transformation. \u00ab La performance industrielle ne se d\u00e9cr\u00e8te pas, elle se construit. Elle repose autant sur la technologie que sur les comp\u00e9tences et l\u2019engagement des \u00e9quipes \u00bb, affirme le pdg de Crealis.<\/p>\n\n\n\n<p>Pr\u00e9sent dans plus de 70 pays, Crealis s\u2019appuie sur un r\u00e9seau de 13 sites de production dans le monde et une \u00e9quipe de 1300 salari\u00e9s pour un chiffre d\u2019affaires de 235 M\u20ac. 5 milliards de solutions de bouchage sont produits dans le monde par Crealis chaque ann\u00e9e.<\/p>\n\n\n\n<p><strong>Pour en savoir plus&nbsp;:<\/strong><\/p>\n\n\n\n<figure class=\"wp-block-embed is-type-wp-embed is-provider-emballage-digest wp-block-embed-emballage-digest\"><div class=\"wp-block-embed__wrapper\">\n<blockquote class=\"wp-embedded-content\" data-secret=\"BOAmafVdFq\"><a href=\"https:\/\/www.emballagedigest.fr\/en\/crealis-devoile-une-nouvelle-collection-de-muselets\/\">Crealis d\u00e9voile une nouvelle collection de muselets<\/a><\/blockquote><iframe loading=\"lazy\" class=\"wp-embedded-content\" sandbox=\"allow-scripts\" security=\"restricted\" style=\"position: absolute; visibility: hidden;\" title=\"\u00ab\u00a0Crealis d\u00e9voile une nouvelle collection de muselets\u00a0\u00bb &#8212; Emballage Digest\" src=\"https:\/\/www.emballagedigest.fr\/crealis-devoile-une-nouvelle-collection-de-muselets\/embed\/#?secret=MJHAY6B261#?secret=BOAmafVdFq\" data-secret=\"BOAmafVdFq\" width=\"500\" height=\"282\" frameborder=\"0\" marginwidth=\"0\" marginheight=\"0\" scrolling=\"no\"><\/iframe>\n<\/div><\/figure>","protected":false},"excerpt":{"rendered":"<p>Apr\u00e8s plusieurs ann\u00e9es d\u2019int\u00e9gration, Crealis, groupe international du secteur du bouchage et surbouchage pour les vins, les spiritueux et les boissons, engage une profonde transformation de son organisation industrielle et commerciale. Objectifs : renforcer sa comp\u00e9titivit\u00e9, acc\u00e9l\u00e9rer son efficacit\u00e9 op\u00e9rationnelle et mieux servir ses clients \u00e0 l\u2019\u00e9chelle mondiale. Le sp\u00e9cialiste du bouchage et surbouchage op\u00e8re [&hellip;]<\/p>","protected":false},"author":2,"featured_media":47792,"comment_status":"closed","ping_status":"closed","sticky":false,"template":"","format":"standard","meta":{"_acf_changed":false,"inline_featured_image":false,"iawp_total_views":1,"footnotes":""},"categories":[5,28,19,81],"tags":[],"class_list":["post-47791","post","type-post","status-publish","format-standard","has-post-thumbnail","hentry","category-alimentaire","category-article-entier","category-article-epingle","category-packaging"],"acf":[],"yoast_head":"<!-- This site is optimized with the Yoast SEO plugin v24.4 - https:\/\/yoast.com\/wordpress\/plugins\/seo\/ -->\n<title>Crealis r\u00e9unit l\u2019ensemble de ses entit\u00e9s sous une marque unique - Emballage Digest<\/title>\n<meta name=\"robots\" content=\"index, follow, max-snippet:-1, max-image-preview:large, max-video-preview:-1\" \/>\n<link rel=\"canonical\" href=\"https:\/\/www.emballagedigest.fr\/en\/crealis-reunit-lensemble-de-ses-entites-sous-une-marque-unique\/\" \/>\n<meta property=\"og:locale\" content=\"en_GB\" \/>\n<meta property=\"og:type\" content=\"article\" \/>\n<meta property=\"og:title\" content=\"Crealis r\u00e9unit l\u2019ensemble de ses entit\u00e9s sous une marque unique - Emballage Digest\" \/>\n<meta property=\"og:description\" content=\"Apr\u00e8s plusieurs ann\u00e9es d\u2019int\u00e9gration, Crealis, groupe international du secteur du bouchage et surbouchage pour les vins, les spiritueux et les boissons, engage une profonde transformation de son organisation industrielle et commerciale. Objectifs : renforcer sa comp\u00e9titivit\u00e9, acc\u00e9l\u00e9rer son efficacit\u00e9 op\u00e9rationnelle et mieux servir ses clients \u00e0 l\u2019\u00e9chelle mondiale. Le sp\u00e9cialiste du bouchage et surbouchage op\u00e8re [&hellip;]\" \/>\n<meta property=\"og:url\" content=\"https:\/\/www.emballagedigest.fr\/en\/crealis-reunit-lensemble-de-ses-entites-sous-une-marque-unique\/\" \/>\n<meta property=\"og:site_name\" content=\"Emballage Digest\" \/>\n<meta property=\"article:published_time\" content=\"2026-04-28T22:15:29+00:00\" \/>\n<meta property=\"article:modified_time\" content=\"2026-04-28T22:15:30+00:00\" \/>\n<meta property=\"og:image\" content=\"https:\/\/www.emballagedigest.fr\/wp-content\/uploads\/2026\/04\/Crealis1.jpg\" \/>\n\t<meta property=\"og:image:width\" content=\"800\" \/>\n\t<meta property=\"og:image:height\" content=\"569\" \/>\n\t<meta property=\"og:image:type\" content=\"image\/jpeg\" \/>\n<meta name=\"author\" content=\"Karine Duval\" \/>\n<meta name=\"twitter:card\" content=\"summary_large_image\" \/>\n<meta name=\"twitter:label1\" content=\"Written by\" \/>\n\t<meta name=\"twitter:data1\" content=\"Karine Duval\" \/>\n\t<meta name=\"twitter:label2\" content=\"Estimated reading time\" \/>\n\t<meta name=\"twitter:data2\" content=\"4 minutes\" \/>\n<script type=\"application\/ld+json\" class=\"yoast-schema-graph\">{\"@context\":\"https:\/\/schema.org\",\"@graph\":[{\"@type\":\"Article\",\"@id\":\"https:\/\/www.emballagedigest.fr\/crealis-reunit-lensemble-de-ses-entites-sous-une-marque-unique\/#article\",\"isPartOf\":{\"@id\":\"https:\/\/www.emballagedigest.fr\/crealis-reunit-lensemble-de-ses-entites-sous-une-marque-unique\/\"},\"author\":{\"name\":\"Karine Duval\",\"@id\":\"https:\/\/www.emballagedigest.fr\/#\/schema\/person\/76abe9f2b2ee4d3d520594c7a35da59f\"},\"headline\":\"Crealis r\u00e9unit l\u2019ensemble de ses entit\u00e9s sous une marque unique\",\"datePublished\":\"2026-04-28T22:15:29+00:00\",\"dateModified\":\"2026-04-28T22:15:30+00:00\",\"mainEntityOfPage\":{\"@id\":\"https:\/\/www.emballagedigest.fr\/crealis-reunit-lensemble-de-ses-entites-sous-une-marque-unique\/\"},\"wordCount\":574,\"publisher\":{\"@id\":\"https:\/\/www.emballagedigest.fr\/#organization\"},\"image\":{\"@id\":\"https:\/\/www.emballagedigest.fr\/crealis-reunit-lensemble-de-ses-entites-sous-une-marque-unique\/#primaryimage\"},\"thumbnailUrl\":\"https:\/\/www.emballagedigest.fr\/wp-content\/uploads\/2026\/04\/Crealis1.jpg\",\"articleSection\":[\"Alimentaire\",\"Article entier\",\"Article \u00e9pingl\u00e9\",\"Packaging\"],\"inLanguage\":\"en-GB\"},{\"@type\":\"WebPage\",\"@id\":\"https:\/\/www.emballagedigest.fr\/crealis-reunit-lensemble-de-ses-entites-sous-une-marque-unique\/\",\"url\":\"https:\/\/www.emballagedigest.fr\/crealis-reunit-lensemble-de-ses-entites-sous-une-marque-unique\/\",\"name\":\"Crealis r\u00e9unit l\u2019ensemble de ses entit\u00e9s sous une marque unique - Emballage Digest\",\"isPartOf\":{\"@id\":\"https:\/\/www.emballagedigest.fr\/#website\"},\"primaryImageOfPage\":{\"@id\":\"https:\/\/www.emballagedigest.fr\/crealis-reunit-lensemble-de-ses-entites-sous-une-marque-unique\/#primaryimage\"},\"image\":{\"@id\":\"https:\/\/www.emballagedigest.fr\/crealis-reunit-lensemble-de-ses-entites-sous-une-marque-unique\/#primaryimage\"},\"thumbnailUrl\":\"https:\/\/www.emballagedigest.fr\/wp-content\/uploads\/2026\/04\/Crealis1.jpg\",\"datePublished\":\"2026-04-28T22:15:29+00:00\",\"dateModified\":\"2026-04-28T22:15:30+00:00\",\"breadcrumb\":{\"@id\":\"https:\/\/www.emballagedigest.fr\/crealis-reunit-lensemble-de-ses-entites-sous-une-marque-unique\/#breadcrumb\"},\"inLanguage\":\"en-GB\",\"potentialAction\":[{\"@type\":\"ReadAction\",\"target\":[\"https:\/\/www.emballagedigest.fr\/crealis-reunit-lensemble-de-ses-entites-sous-une-marque-unique\/\"]}]},{\"@type\":\"ImageObject\",\"inLanguage\":\"en-GB\",\"@id\":\"https:\/\/www.emballagedigest.fr\/crealis-reunit-lensemble-de-ses-entites-sous-une-marque-unique\/#primaryimage\",\"url\":\"https:\/\/www.emballagedigest.fr\/wp-content\/uploads\/2026\/04\/Crealis1.jpg\",\"contentUrl\":\"https:\/\/www.emballagedigest.fr\/wp-content\/uploads\/2026\/04\/Crealis1.jpg\",\"width\":800,\"height\":569},{\"@type\":\"BreadcrumbList\",\"@id\":\"https:\/\/www.emballagedigest.fr\/crealis-reunit-lensemble-de-ses-entites-sous-une-marque-unique\/#breadcrumb\",\"itemListElement\":[{\"@type\":\"ListItem\",\"position\":1,\"name\":\"Accueil\",\"item\":\"https:\/\/www.emballagedigest.fr\/\"},{\"@type\":\"ListItem\",\"position\":2,\"name\":\"Crealis r\u00e9unit l\u2019ensemble de ses entit\u00e9s sous une marque unique\"}]},{\"@type\":\"WebSite\",\"@id\":\"https:\/\/www.emballagedigest.fr\/#website\",\"url\":\"https:\/\/www.emballagedigest.fr\/\",\"name\":\"Emballage Digest\",\"description\":\"Revue professionnelle sur les emballages\",\"publisher\":{\"@id\":\"https:\/\/www.emballagedigest.fr\/#organization\"},\"potentialAction\":[{\"@type\":\"SearchAction\",\"target\":{\"@type\":\"EntryPoint\",\"urlTemplate\":\"https:\/\/www.emballagedigest.fr\/?s={search_term_string}\"},\"query-input\":{\"@type\":\"PropertyValueSpecification\",\"valueRequired\":true,\"valueName\":\"search_term_string\"}}],\"inLanguage\":\"en-GB\"},{\"@type\":\"Organization\",\"@id\":\"https:\/\/www.emballagedigest.fr\/#organization\",\"name\":\"Emballage Digest\",\"url\":\"https:\/\/www.emballagedigest.fr\/\",\"logo\":{\"@type\":\"ImageObject\",\"inLanguage\":\"en-GB\",\"@id\":\"https:\/\/www.emballagedigest.fr\/#\/schema\/logo\/image\/\",\"url\":\"https:\/\/www.emballagedigest.fr\/wp-content\/uploads\/2022\/07\/logo-ed.png\",\"contentUrl\":\"https:\/\/www.emballagedigest.fr\/wp-content\/uploads\/2022\/07\/logo-ed.png\",\"width\":379,\"height\":75,\"caption\":\"Emballage Digest\"},\"image\":{\"@id\":\"https:\/\/www.emballagedigest.fr\/#\/schema\/logo\/image\/\"}},{\"@type\":\"Person\",\"@id\":\"https:\/\/www.emballagedigest.fr\/#\/schema\/person\/76abe9f2b2ee4d3d520594c7a35da59f\",\"name\":\"Karine Duval\",\"image\":{\"@type\":\"ImageObject\",\"inLanguage\":\"en-GB\",\"@id\":\"https:\/\/www.emballagedigest.fr\/#\/schema\/person\/image\/\",\"url\":\"https:\/\/secure.gravatar.com\/avatar\/f552799261cdd2e076e6677d780ef07bdb13aa4c196ab75b39abcbcdcae2d4e5?s=96&d=mm&r=g\",\"contentUrl\":\"https:\/\/secure.gravatar.com\/avatar\/f552799261cdd2e076e6677d780ef07bdb13aa4c196ab75b39abcbcdcae2d4e5?s=96&d=mm&r=g\",\"caption\":\"Karine Duval\"},\"url\":\"https:\/\/www.emballagedigest.fr\/en\/author\/admin_karduv\/\"}]}<\/script>\n<!-- \/ Yoast SEO plugin. -->","yoast_head_json":{"title":"Crealis r\u00e9unit l\u2019ensemble de ses entit\u00e9s sous une marque unique - Emballage Digest","robots":{"index":"index","follow":"follow","max-snippet":"max-snippet:-1","max-image-preview":"max-image-preview:large","max-video-preview":"max-video-preview:-1"},"canonical":"https:\/\/www.emballagedigest.fr\/en\/crealis-reunit-lensemble-de-ses-entites-sous-une-marque-unique\/","og_locale":"en_GB","og_type":"article","og_title":"Crealis r\u00e9unit l\u2019ensemble de ses entit\u00e9s sous une marque unique - Emballage Digest","og_description":"Apr\u00e8s plusieurs ann\u00e9es d\u2019int\u00e9gration, Crealis, groupe international du secteur du bouchage et surbouchage pour les vins, les spiritueux et les boissons, engage une profonde transformation de son organisation industrielle et commerciale. Objectifs : renforcer sa comp\u00e9titivit\u00e9, acc\u00e9l\u00e9rer son efficacit\u00e9 op\u00e9rationnelle et mieux servir ses clients \u00e0 l\u2019\u00e9chelle mondiale. Le sp\u00e9cialiste du bouchage et surbouchage op\u00e8re [&hellip;]","og_url":"https:\/\/www.emballagedigest.fr\/en\/crealis-reunit-lensemble-de-ses-entites-sous-une-marque-unique\/","og_site_name":"Emballage Digest","article_published_time":"2026-04-28T22:15:29+00:00","article_modified_time":"2026-04-28T22:15:30+00:00","og_image":[{"width":800,"height":569,"url":"https:\/\/www.emballagedigest.fr\/wp-content\/uploads\/2026\/04\/Crealis1.jpg","type":"image\/jpeg"}],"author":"Karine Duval","twitter_card":"summary_large_image","twitter_misc":{"Written by":"Karine Duval","Estimated reading time":"4 minutes"},"schema":{"@context":"https:\/\/schema.org","@graph":[{"@type":"Article","@id":"https:\/\/www.emballagedigest.fr\/crealis-reunit-lensemble-de-ses-entites-sous-une-marque-unique\/#article","isPartOf":{"@id":"https:\/\/www.emballagedigest.fr\/crealis-reunit-lensemble-de-ses-entites-sous-une-marque-unique\/"},"author":{"name":"Karine Duval","@id":"https:\/\/www.emballagedigest.fr\/#\/schema\/person\/76abe9f2b2ee4d3d520594c7a35da59f"},"headline":"Crealis r\u00e9unit l\u2019ensemble de ses entit\u00e9s sous une marque unique","datePublished":"2026-04-28T22:15:29+00:00","dateModified":"2026-04-28T22:15:30+00:00","mainEntityOfPage":{"@id":"https:\/\/www.emballagedigest.fr\/crealis-reunit-lensemble-de-ses-entites-sous-une-marque-unique\/"},"wordCount":574,"publisher":{"@id":"https:\/\/www.emballagedigest.fr\/#organization"},"image":{"@id":"https:\/\/www.emballagedigest.fr\/crealis-reunit-lensemble-de-ses-entites-sous-une-marque-unique\/#primaryimage"},"thumbnailUrl":"https:\/\/www.emballagedigest.fr\/wp-content\/uploads\/2026\/04\/Crealis1.jpg","articleSection":["Alimentaire","Article entier","Article \u00e9pingl\u00e9","Packaging"],"inLanguage":"en-GB"},{"@type":"WebPage","@id":"https:\/\/www.emballagedigest.fr\/crealis-reunit-lensemble-de-ses-entites-sous-une-marque-unique\/","url":"https:\/\/www.emballagedigest.fr\/crealis-reunit-lensemble-de-ses-entites-sous-une-marque-unique\/","name":"Crealis r\u00e9unit l\u2019ensemble de ses entit\u00e9s sous une marque unique - Emballage Digest","isPartOf":{"@id":"https:\/\/www.emballagedigest.fr\/#website"},"primaryImageOfPage":{"@id":"https:\/\/www.emballagedigest.fr\/crealis-reunit-lensemble-de-ses-entites-sous-une-marque-unique\/#primaryimage"},"image":{"@id":"https:\/\/www.emballagedigest.fr\/crealis-reunit-lensemble-de-ses-entites-sous-une-marque-unique\/#primaryimage"},"thumbnailUrl":"https:\/\/www.emballagedigest.fr\/wp-content\/uploads\/2026\/04\/Crealis1.jpg","datePublished":"2026-04-28T22:15:29+00:00","dateModified":"2026-04-28T22:15:30+00:00","breadcrumb":{"@id":"https:\/\/www.emballagedigest.fr\/crealis-reunit-lensemble-de-ses-entites-sous-une-marque-unique\/#breadcrumb"},"inLanguage":"en-GB","potentialAction":[{"@type":"ReadAction","target":["https:\/\/www.emballagedigest.fr\/crealis-reunit-lensemble-de-ses-entites-sous-une-marque-unique\/"]}]},{"@type":"ImageObject","inLanguage":"en-GB","@id":"https:\/\/www.emballagedigest.fr\/crealis-reunit-lensemble-de-ses-entites-sous-une-marque-unique\/#primaryimage","url":"https:\/\/www.emballagedigest.fr\/wp-content\/uploads\/2026\/04\/Crealis1.jpg","contentUrl":"https:\/\/www.emballagedigest.fr\/wp-content\/uploads\/2026\/04\/Crealis1.jpg","width":800,"height":569},{"@type":"BreadcrumbList","@id":"https:\/\/www.emballagedigest.fr\/crealis-reunit-lensemble-de-ses-entites-sous-une-marque-unique\/#breadcrumb","itemListElement":[{"@type":"ListItem","position":1,"name":"Accueil","item":"https:\/\/www.emballagedigest.fr\/"},{"@type":"ListItem","position":2,"name":"Crealis r\u00e9unit l\u2019ensemble de ses entit\u00e9s sous une marque unique"}]},{"@type":"WebSite","@id":"https:\/\/www.emballagedigest.fr\/#website","url":"https:\/\/www.emballagedigest.fr\/","name":"Emballage Digest","description":"Revue professionnelle sur les emballages","publisher":{"@id":"https:\/\/www.emballagedigest.fr\/#organization"},"potentialAction":[{"@type":"SearchAction","target":{"@type":"EntryPoint","urlTemplate":"https:\/\/www.emballagedigest.fr\/?s={search_term_string}"},"query-input":{"@type":"PropertyValueSpecification","valueRequired":true,"valueName":"search_term_string"}}],"inLanguage":"en-GB"},{"@type":"Organization","@id":"https:\/\/www.emballagedigest.fr\/#organization","name":"Emballage Digest","url":"https:\/\/www.emballagedigest.fr\/","logo":{"@type":"ImageObject","inLanguage":"en-GB","@id":"https:\/\/www.emballagedigest.fr\/#\/schema\/logo\/image\/","url":"https:\/\/www.emballagedigest.fr\/wp-content\/uploads\/2022\/07\/logo-ed.png","contentUrl":"https:\/\/www.emballagedigest.fr\/wp-content\/uploads\/2022\/07\/logo-ed.png","width":379,"height":75,"caption":"Emballage Digest"},"image":{"@id":"https:\/\/www.emballagedigest.fr\/#\/schema\/logo\/image\/"}},{"@type":"Person","@id":"https:\/\/www.emballagedigest.fr\/#\/schema\/person\/76abe9f2b2ee4d3d520594c7a35da59f","name":"Karine Duval","image":{"@type":"ImageObject","inLanguage":"en-GB","@id":"https:\/\/www.emballagedigest.fr\/#\/schema\/person\/image\/","url":"https:\/\/secure.gravatar.com\/avatar\/f552799261cdd2e076e6677d780ef07bdb13aa4c196ab75b39abcbcdcae2d4e5?s=96&d=mm&r=g","contentUrl":"https:\/\/secure.gravatar.com\/avatar\/f552799261cdd2e076e6677d780ef07bdb13aa4c196ab75b39abcbcdcae2d4e5?s=96&d=mm&r=g","caption":"Karine Duval"},"url":"https:\/\/www.emballagedigest.fr\/en\/author\/admin_karduv\/"}]}},"_links":{"self":[{"href":"https:\/\/www.emballagedigest.fr\/en\/wp-json\/wp\/v2\/posts\/47791","targetHints":{"allow":["GET"]}}],"collection":[{"href":"https:\/\/www.emballagedigest.fr\/en\/wp-json\/wp\/v2\/posts"}],"about":[{"href":"https:\/\/www.emballagedigest.fr\/en\/wp-json\/wp\/v2\/types\/post"}],"author":[{"embeddable":true,"href":"https:\/\/www.emballagedigest.fr\/en\/wp-json\/wp\/v2\/users\/2"}],"replies":[{"embeddable":true,"href":"https:\/\/www.emballagedigest.fr\/en\/wp-json\/wp\/v2\/comments?post=47791"}],"version-history":[{"count":1,"href":"https:\/\/www.emballagedigest.fr\/en\/wp-json\/wp\/v2\/posts\/47791\/revisions"}],"predecessor-version":[{"id":47795,"href":"https:\/\/www.emballagedigest.fr\/en\/wp-json\/wp\/v2\/posts\/47791\/revisions\/47795"}],"wp:featuredmedia":[{"embeddable":true,"href":"https:\/\/www.emballagedigest.fr\/en\/wp-json\/wp\/v2\/media\/47792"}],"wp:attachment":[{"href":"https:\/\/www.emballagedigest.fr\/en\/wp-json\/wp\/v2\/media?parent=47791"}],"wp:term":[{"taxonomy":"category","embeddable":true,"href":"https:\/\/www.emballagedigest.fr\/en\/wp-json\/wp\/v2\/categories?post=47791"},{"taxonomy":"post_tag","embeddable":true,"href":"https:\/\/www.emballagedigest.fr\/en\/wp-json\/wp\/v2\/tags?post=47791"}],"curies":[{"name":"wp","href":"https:\/\/api.w.org\/{rel}","templated":true}]}}