{"id":48782,"date":"2026-08-31T00:06:18","date_gmt":"2026-08-30T22:06:18","guid":{"rendered":"https:\/\/www.emballagedigest.fr\/?p=48782"},"modified":"2026-08-31T00:06:21","modified_gmt":"2026-08-30T22:06:21","slug":"andreas-schneider-nomme-vice-president-executif-ventes-service-de-still","status":"publish","type":"post","link":"https:\/\/www.emballagedigest.fr\/en\/andreas-schneider-nomme-vice-president-executif-ventes-service-de-still\/","title":{"rendered":"Andreas Schneider nomm\u00e9 Vice-Pr\u00e9sident Ex\u00e9cutif Ventes &amp; Service de Still"},"content":{"rendered":"<p class=\"wp-block-paragraph\"><strong>Depuis le 1<sup>er<\/sup> ao\u00fbt 2026, Andreas Schneider est le nouveau Vice-Pr\u00e9sident Ex\u00e9cutif Ventes &amp; Service de Still. Il prend la succession de Florian Heydenreich, qui quitte l\u2019entreprise \u00e0 sa demande.<\/strong><\/p>\n\n\n\n<p class=\"wp-block-paragraph\">La nomination d\u2019Andreas Schneider au sein du comit\u00e9 ex\u00e9cutif marque une nouvelle \u00e9tape dans le d\u00e9veloppement de Still, avec l\u2019ambition de faire \u00e9voluer son offre au plus pr\u00e8s des besoins du march\u00e9 et d\u2019acc\u00e9l\u00e9rer l\u2019int\u00e9gration de solutions d\u2019automatisation intelligentes. &nbsp;<\/p>\n\n\n\n<p class=\"wp-block-paragraph\">\u00c2g\u00e9 de 48 ans, Andreas Schneider travaille chez Still depuis dix ans. Fort de son expertise dans les domaines du service, du d\u00e9veloppement de la marque et de l\u2019automatisation, il dispose d\u2019une solide connaissance des enjeux du secteur. Il \u00e9tait jusqu\u2019\u00e0 pr\u00e9sent responsable de la gestion des produits ainsi que de l\u2019unit\u00e9 Automation du groupe.&nbsp;<\/p>\n\n\n\n<p class=\"wp-block-paragraph\"><em>\u00ab Notre ambition est de mettre les technologies les plus pertinentes au service de la performance de nos clients, en combinant des solutions d\u2019automatisation intelligentes avec des services adapt\u00e9s \u00e0 leurs besoins. Nous voulons ainsi contribuer \u00e0 rendre leurs op\u00e9rations intralogistiques plus efficaces, plus flexibles et plus p\u00e9rennes \u00bb,<\/em> d\u00e9clare Andreas Schneider \u00e0 propos de ses objectifs dans ses nouvelles fonctions.&nbsp;<\/p>\n\n\n\n<p class=\"wp-block-paragraph\">La nomination d\u2019Andreas Schneider intervient \u00e0 un moment o\u00f9 l\u2019intralogistique conna\u00eet une profonde transformation. L\u2019automatisation, la digitalisation et la recherche de solutions toujours plus flexibles ouvrent de nouvelles perspectives. &nbsp;<\/p>\n\n\n\n<p class=\"wp-block-paragraph\"><strong>Pour aller plus loin&nbsp;:<\/strong><\/p>\n\n\n\n<figure class=\"wp-block-embed is-type-wp-embed is-provider-emballage-digest wp-block-embed-emballage-digest\"><div class=\"wp-block-embed__wrapper\">\n<blockquote class=\"wp-embedded-content\" data-secret=\"39pFEgpnha\"><a href=\"https:\/\/www.emballagedigest.fr\/en\/still-facilite-les-operations-de-chargement-dechargement\/\">Still facilite les op\u00e9rations de chargement \/ d\u00e9chargement<\/a><\/blockquote><iframe loading=\"lazy\" class=\"wp-embedded-content\" sandbox=\"allow-scripts\" security=\"restricted\" style=\"position: absolute; visibility: hidden;\" title=\"\u00ab\u00a0Still facilite les op\u00e9rations de chargement \/ d\u00e9chargement\u00a0\u00bb \u2014 Emballage Digest\" src=\"https:\/\/www.emballagedigest.fr\/still-facilite-les-operations-de-chargement-dechargement\/embed\/#?secret=NJc2mXrI2A#?secret=39pFEgpnha\" data-secret=\"39pFEgpnha\" width=\"500\" height=\"282\" frameborder=\"0\" marginwidth=\"0\" marginheight=\"0\" scrolling=\"no\"><\/iframe>\n<\/div><\/figure>","protected":false},"excerpt":{"rendered":"<p>Depuis le 1er ao\u00fbt 2026, Andreas Schneider est le nouveau Vice-Pr\u00e9sident Ex\u00e9cutif Ventes &amp; Service de Still. Il prend la succession de Florian Heydenreich, qui quitte l\u2019entreprise \u00e0 sa demande. La nomination d\u2019Andreas Schneider au sein du comit\u00e9 ex\u00e9cutif marque une nouvelle \u00e9tape dans le d\u00e9veloppement de Still, avec l\u2019ambition de faire \u00e9voluer son offre [&hellip;]<\/p>","protected":false},"author":2,"featured_media":48783,"comment_status":"closed","ping_status":"closed","sticky":false,"template":"","format":"standard","meta":{"_acf_changed":false,"inline_featured_image":false,"iawp_total_views":1,"footnotes":""},"categories":[28,9,76],"tags":[],"class_list":["post-48782","post","type-post","status-publish","format-standard","has-post-thumbnail","hentry","category-article-entier","category-materiel","category-nomination"],"acf":[],"yoast_head":"<!-- This site is optimized with the Yoast SEO plugin v24.4 - https:\/\/yoast.com\/wordpress\/plugins\/seo\/ -->\n<title>Andreas Schneider nomm\u00e9 Vice-Pr\u00e9sident Ex\u00e9cutif Ventes &amp; Service de Still - Emballage Digest<\/title>\n<meta name=\"robots\" content=\"index, follow, max-snippet:-1, max-image-preview:large, max-video-preview:-1\" \/>\n<link rel=\"canonical\" href=\"https:\/\/www.emballagedigest.fr\/en\/andreas-schneider-nomme-vice-president-executif-ventes-service-de-still\/\" \/>\n<meta property=\"og:locale\" content=\"en_GB\" \/>\n<meta property=\"og:type\" content=\"article\" \/>\n<meta property=\"og:title\" content=\"Andreas Schneider nomm\u00e9 Vice-Pr\u00e9sident Ex\u00e9cutif Ventes &amp; Service de Still - Emballage Digest\" \/>\n<meta property=\"og:description\" content=\"Depuis le 1er ao\u00fbt 2026, Andreas Schneider est le nouveau Vice-Pr\u00e9sident Ex\u00e9cutif Ventes &amp; Service de Still. Il prend la succession de Florian Heydenreich, qui quitte l\u2019entreprise \u00e0 sa demande. La nomination d\u2019Andreas Schneider au sein du comit\u00e9 ex\u00e9cutif marque une nouvelle \u00e9tape dans le d\u00e9veloppement de Still, avec l\u2019ambition de faire \u00e9voluer son offre [&hellip;]\" \/>\n<meta property=\"og:url\" content=\"https:\/\/www.emballagedigest.fr\/en\/andreas-schneider-nomme-vice-president-executif-ventes-service-de-still\/\" \/>\n<meta property=\"og:site_name\" content=\"Emballage Digest\" \/>\n<meta property=\"article:published_time\" content=\"2026-08-30T22:06:18+00:00\" \/>\n<meta property=\"article:modified_time\" content=\"2026-08-30T22:06:21+00:00\" \/>\n<meta property=\"og:image\" content=\"https:\/\/www.emballagedigest.fr\/wp-content\/uploads\/2026\/08\/Still.jpg\" \/>\n\t<meta property=\"og:image:width\" content=\"800\" \/>\n\t<meta property=\"og:image:height\" content=\"566\" \/>\n\t<meta property=\"og:image:type\" content=\"image\/jpeg\" \/>\n<meta name=\"author\" content=\"Karine Duval\" \/>\n<meta name=\"twitter:card\" content=\"summary_large_image\" \/>\n<meta name=\"twitter:label1\" content=\"Written by\" \/>\n\t<meta name=\"twitter:data1\" content=\"Karine Duval\" \/>\n\t<meta name=\"twitter:label2\" content=\"Estimated reading time\" \/>\n\t<meta name=\"twitter:data2\" content=\"2 minutes\" \/>\n<script type=\"application\/ld+json\" class=\"yoast-schema-graph\">{\"@context\":\"https:\/\/schema.org\",\"@graph\":[{\"@type\":\"Article\",\"@id\":\"https:\/\/www.emballagedigest.fr\/andreas-schneider-nomme-vice-president-executif-ventes-service-de-still\/#article\",\"isPartOf\":{\"@id\":\"https:\/\/www.emballagedigest.fr\/andreas-schneider-nomme-vice-president-executif-ventes-service-de-still\/\"},\"author\":{\"name\":\"Karine Duval\",\"@id\":\"https:\/\/www.emballagedigest.fr\/#\/schema\/person\/76abe9f2b2ee4d3d520594c7a35da59f\"},\"headline\":\"Andreas Schneider nomm\u00e9 Vice-Pr\u00e9sident Ex\u00e9cutif Ventes &amp; Service de Still\",\"datePublished\":\"2026-08-30T22:06:18+00:00\",\"dateModified\":\"2026-08-30T22:06:21+00:00\",\"mainEntityOfPage\":{\"@id\":\"https:\/\/www.emballagedigest.fr\/andreas-schneider-nomme-vice-president-executif-ventes-service-de-still\/\"},\"wordCount\":260,\"publisher\":{\"@id\":\"https:\/\/www.emballagedigest.fr\/#organization\"},\"image\":{\"@id\":\"https:\/\/www.emballagedigest.fr\/andreas-schneider-nomme-vice-president-executif-ventes-service-de-still\/#primaryimage\"},\"thumbnailUrl\":\"https:\/\/www.emballagedigest.fr\/wp-content\/uploads\/2026\/08\/Still.jpg\",\"articleSection\":[\"Article entier\",\"Mat\u00e9riel\",\"Nomination\"],\"inLanguage\":\"en-GB\"},{\"@type\":\"WebPage\",\"@id\":\"https:\/\/www.emballagedigest.fr\/andreas-schneider-nomme-vice-president-executif-ventes-service-de-still\/\",\"url\":\"https:\/\/www.emballagedigest.fr\/andreas-schneider-nomme-vice-president-executif-ventes-service-de-still\/\",\"name\":\"Andreas Schneider nomm\u00e9 Vice-Pr\u00e9sident Ex\u00e9cutif Ventes &amp; Service de Still - Emballage Digest\",\"isPartOf\":{\"@id\":\"https:\/\/www.emballagedigest.fr\/#website\"},\"primaryImageOfPage\":{\"@id\":\"https:\/\/www.emballagedigest.fr\/andreas-schneider-nomme-vice-president-executif-ventes-service-de-still\/#primaryimage\"},\"image\":{\"@id\":\"https:\/\/www.emballagedigest.fr\/andreas-schneider-nomme-vice-president-executif-ventes-service-de-still\/#primaryimage\"},\"thumbnailUrl\":\"https:\/\/www.emballagedigest.fr\/wp-content\/uploads\/2026\/08\/Still.jpg\",\"datePublished\":\"2026-08-30T22:06:18+00:00\",\"dateModified\":\"2026-08-30T22:06:21+00:00\",\"breadcrumb\":{\"@id\":\"https:\/\/www.emballagedigest.fr\/andreas-schneider-nomme-vice-president-executif-ventes-service-de-still\/#breadcrumb\"},\"inLanguage\":\"en-GB\",\"potentialAction\":[{\"@type\":\"ReadAction\",\"target\":[\"https:\/\/www.emballagedigest.fr\/andreas-schneider-nomme-vice-president-executif-ventes-service-de-still\/\"]}]},{\"@type\":\"ImageObject\",\"inLanguage\":\"en-GB\",\"@id\":\"https:\/\/www.emballagedigest.fr\/andreas-schneider-nomme-vice-president-executif-ventes-service-de-still\/#primaryimage\",\"url\":\"https:\/\/www.emballagedigest.fr\/wp-content\/uploads\/2026\/08\/Still.jpg\",\"contentUrl\":\"https:\/\/www.emballagedigest.fr\/wp-content\/uploads\/2026\/08\/Still.jpg\",\"width\":800,\"height\":566},{\"@type\":\"BreadcrumbList\",\"@id\":\"https:\/\/www.emballagedigest.fr\/andreas-schneider-nomme-vice-president-executif-ventes-service-de-still\/#breadcrumb\",\"itemListElement\":[{\"@type\":\"ListItem\",\"position\":1,\"name\":\"Accueil\",\"item\":\"https:\/\/www.emballagedigest.fr\/\"},{\"@type\":\"ListItem\",\"position\":2,\"name\":\"Andreas Schneider nomm\u00e9 Vice-Pr\u00e9sident Ex\u00e9cutif Ventes &amp; Service de Still\"}]},{\"@type\":\"WebSite\",\"@id\":\"https:\/\/www.emballagedigest.fr\/#website\",\"url\":\"https:\/\/www.emballagedigest.fr\/\",\"name\":\"Emballage Digest\",\"description\":\"Revue professionnelle sur les emballages\",\"publisher\":{\"@id\":\"https:\/\/www.emballagedigest.fr\/#organization\"},\"potentialAction\":[{\"@type\":\"SearchAction\",\"target\":{\"@type\":\"EntryPoint\",\"urlTemplate\":\"https:\/\/www.emballagedigest.fr\/?s={search_term_string}\"},\"query-input\":{\"@type\":\"PropertyValueSpecification\",\"valueRequired\":true,\"valueName\":\"search_term_string\"}}],\"inLanguage\":\"en-GB\"},{\"@type\":\"Organization\",\"@id\":\"https:\/\/www.emballagedigest.fr\/#organization\",\"name\":\"Emballage Digest\",\"url\":\"https:\/\/www.emballagedigest.fr\/\",\"logo\":{\"@type\":\"ImageObject\",\"inLanguage\":\"en-GB\",\"@id\":\"https:\/\/www.emballagedigest.fr\/#\/schema\/logo\/image\/\",\"url\":\"https:\/\/www.emballagedigest.fr\/wp-content\/uploads\/2022\/07\/logo-ed.png\",\"contentUrl\":\"https:\/\/www.emballagedigest.fr\/wp-content\/uploads\/2022\/07\/logo-ed.png\",\"width\":379,\"height\":75,\"caption\":\"Emballage Digest\"},\"image\":{\"@id\":\"https:\/\/www.emballagedigest.fr\/#\/schema\/logo\/image\/\"}},{\"@type\":\"Person\",\"@id\":\"https:\/\/www.emballagedigest.fr\/#\/schema\/person\/76abe9f2b2ee4d3d520594c7a35da59f\",\"name\":\"Karine Duval\",\"image\":{\"@type\":\"ImageObject\",\"inLanguage\":\"en-GB\",\"@id\":\"https:\/\/www.emballagedigest.fr\/#\/schema\/person\/image\/\",\"url\":\"https:\/\/secure.gravatar.com\/avatar\/f552799261cdd2e076e6677d780ef07bdb13aa4c196ab75b39abcbcdcae2d4e5?s=96&d=mm&r=g\",\"contentUrl\":\"https:\/\/secure.gravatar.com\/avatar\/f552799261cdd2e076e6677d780ef07bdb13aa4c196ab75b39abcbcdcae2d4e5?s=96&d=mm&r=g\",\"caption\":\"Karine Duval\"},\"url\":\"https:\/\/www.emballagedigest.fr\/en\/author\/admin_karduv\/\"}]}<\/script>\n<!-- \/ Yoast SEO plugin. -->","yoast_head_json":{"title":"Andreas Schneider nomm\u00e9 Vice-Pr\u00e9sident Ex\u00e9cutif Ventes &amp; Service de Still - Emballage Digest","robots":{"index":"index","follow":"follow","max-snippet":"max-snippet:-1","max-image-preview":"max-image-preview:large","max-video-preview":"max-video-preview:-1"},"canonical":"https:\/\/www.emballagedigest.fr\/en\/andreas-schneider-nomme-vice-president-executif-ventes-service-de-still\/","og_locale":"en_GB","og_type":"article","og_title":"Andreas Schneider nomm\u00e9 Vice-Pr\u00e9sident Ex\u00e9cutif Ventes &amp; Service de Still - Emballage Digest","og_description":"Depuis le 1er ao\u00fbt 2026, Andreas Schneider est le nouveau Vice-Pr\u00e9sident Ex\u00e9cutif Ventes &amp; Service de Still. Il prend la succession de Florian Heydenreich, qui quitte l\u2019entreprise \u00e0 sa demande. La nomination d\u2019Andreas Schneider au sein du comit\u00e9 ex\u00e9cutif marque une nouvelle \u00e9tape dans le d\u00e9veloppement de Still, avec l\u2019ambition de faire \u00e9voluer son offre [&hellip;]","og_url":"https:\/\/www.emballagedigest.fr\/en\/andreas-schneider-nomme-vice-president-executif-ventes-service-de-still\/","og_site_name":"Emballage Digest","article_published_time":"2026-08-30T22:06:18+00:00","article_modified_time":"2026-08-30T22:06:21+00:00","og_image":[{"width":800,"height":566,"url":"https:\/\/www.emballagedigest.fr\/wp-content\/uploads\/2026\/08\/Still.jpg","type":"image\/jpeg"}],"author":"Karine Duval","twitter_card":"summary_large_image","twitter_misc":{"Written by":"Karine Duval","Estimated reading time":"2 minutes"},"schema":{"@context":"https:\/\/schema.org","@graph":[{"@type":"Article","@id":"https:\/\/www.emballagedigest.fr\/andreas-schneider-nomme-vice-president-executif-ventes-service-de-still\/#article","isPartOf":{"@id":"https:\/\/www.emballagedigest.fr\/andreas-schneider-nomme-vice-president-executif-ventes-service-de-still\/"},"author":{"name":"Karine Duval","@id":"https:\/\/www.emballagedigest.fr\/#\/schema\/person\/76abe9f2b2ee4d3d520594c7a35da59f"},"headline":"Andreas Schneider nomm\u00e9 Vice-Pr\u00e9sident Ex\u00e9cutif Ventes &amp; Service de Still","datePublished":"2026-08-30T22:06:18+00:00","dateModified":"2026-08-30T22:06:21+00:00","mainEntityOfPage":{"@id":"https:\/\/www.emballagedigest.fr\/andreas-schneider-nomme-vice-president-executif-ventes-service-de-still\/"},"wordCount":260,"publisher":{"@id":"https:\/\/www.emballagedigest.fr\/#organization"},"image":{"@id":"https:\/\/www.emballagedigest.fr\/andreas-schneider-nomme-vice-president-executif-ventes-service-de-still\/#primaryimage"},"thumbnailUrl":"https:\/\/www.emballagedigest.fr\/wp-content\/uploads\/2026\/08\/Still.jpg","articleSection":["Article entier","Mat\u00e9riel","Nomination"],"inLanguage":"en-GB"},{"@type":"WebPage","@id":"https:\/\/www.emballagedigest.fr\/andreas-schneider-nomme-vice-president-executif-ventes-service-de-still\/","url":"https:\/\/www.emballagedigest.fr\/andreas-schneider-nomme-vice-president-executif-ventes-service-de-still\/","name":"Andreas Schneider nomm\u00e9 Vice-Pr\u00e9sident Ex\u00e9cutif Ventes &amp; Service de Still - Emballage Digest","isPartOf":{"@id":"https:\/\/www.emballagedigest.fr\/#website"},"primaryImageOfPage":{"@id":"https:\/\/www.emballagedigest.fr\/andreas-schneider-nomme-vice-president-executif-ventes-service-de-still\/#primaryimage"},"image":{"@id":"https:\/\/www.emballagedigest.fr\/andreas-schneider-nomme-vice-president-executif-ventes-service-de-still\/#primaryimage"},"thumbnailUrl":"https:\/\/www.emballagedigest.fr\/wp-content\/uploads\/2026\/08\/Still.jpg","datePublished":"2026-08-30T22:06:18+00:00","dateModified":"2026-08-30T22:06:21+00:00","breadcrumb":{"@id":"https:\/\/www.emballagedigest.fr\/andreas-schneider-nomme-vice-president-executif-ventes-service-de-still\/#breadcrumb"},"inLanguage":"en-GB","potentialAction":[{"@type":"ReadAction","target":["https:\/\/www.emballagedigest.fr\/andreas-schneider-nomme-vice-president-executif-ventes-service-de-still\/"]}]},{"@type":"ImageObject","inLanguage":"en-GB","@id":"https:\/\/www.emballagedigest.fr\/andreas-schneider-nomme-vice-president-executif-ventes-service-de-still\/#primaryimage","url":"https:\/\/www.emballagedigest.fr\/wp-content\/uploads\/2026\/08\/Still.jpg","contentUrl":"https:\/\/www.emballagedigest.fr\/wp-content\/uploads\/2026\/08\/Still.jpg","width":800,"height":566},{"@type":"BreadcrumbList","@id":"https:\/\/www.emballagedigest.fr\/andreas-schneider-nomme-vice-president-executif-ventes-service-de-still\/#breadcrumb","itemListElement":[{"@type":"ListItem","position":1,"name":"Accueil","item":"https:\/\/www.emballagedigest.fr\/"},{"@type":"ListItem","position":2,"name":"Andreas Schneider nomm\u00e9 Vice-Pr\u00e9sident Ex\u00e9cutif Ventes &amp; Service de Still"}]},{"@type":"WebSite","@id":"https:\/\/www.emballagedigest.fr\/#website","url":"https:\/\/www.emballagedigest.fr\/","name":"Emballage Digest","description":"Revue professionnelle sur les emballages","publisher":{"@id":"https:\/\/www.emballagedigest.fr\/#organization"},"potentialAction":[{"@type":"SearchAction","target":{"@type":"EntryPoint","urlTemplate":"https:\/\/www.emballagedigest.fr\/?s={search_term_string}"},"query-input":{"@type":"PropertyValueSpecification","valueRequired":true,"valueName":"search_term_string"}}],"inLanguage":"en-GB"},{"@type":"Organization","@id":"https:\/\/www.emballagedigest.fr\/#organization","name":"Emballage Digest","url":"https:\/\/www.emballagedigest.fr\/","logo":{"@type":"ImageObject","inLanguage":"en-GB","@id":"https:\/\/www.emballagedigest.fr\/#\/schema\/logo\/image\/","url":"https:\/\/www.emballagedigest.fr\/wp-content\/uploads\/2022\/07\/logo-ed.png","contentUrl":"https:\/\/www.emballagedigest.fr\/wp-content\/uploads\/2022\/07\/logo-ed.png","width":379,"height":75,"caption":"Emballage Digest"},"image":{"@id":"https:\/\/www.emballagedigest.fr\/#\/schema\/logo\/image\/"}},{"@type":"Person","@id":"https:\/\/www.emballagedigest.fr\/#\/schema\/person\/76abe9f2b2ee4d3d520594c7a35da59f","name":"Karine Duval","image":{"@type":"ImageObject","inLanguage":"en-GB","@id":"https:\/\/www.emballagedigest.fr\/#\/schema\/person\/image\/","url":"https:\/\/secure.gravatar.com\/avatar\/f552799261cdd2e076e6677d780ef07bdb13aa4c196ab75b39abcbcdcae2d4e5?s=96&d=mm&r=g","contentUrl":"https:\/\/secure.gravatar.com\/avatar\/f552799261cdd2e076e6677d780ef07bdb13aa4c196ab75b39abcbcdcae2d4e5?s=96&d=mm&r=g","caption":"Karine Duval"},"url":"https:\/\/www.emballagedigest.fr\/en\/author\/admin_karduv\/"}]}},"_links":{"self":[{"href":"https:\/\/www.emballagedigest.fr\/en\/wp-json\/wp\/v2\/posts\/48782","targetHints":{"allow":["GET"]}}],"collection":[{"href":"https:\/\/www.emballagedigest.fr\/en\/wp-json\/wp\/v2\/posts"}],"about":[{"href":"https:\/\/www.emballagedigest.fr\/en\/wp-json\/wp\/v2\/types\/post"}],"author":[{"embeddable":true,"href":"https:\/\/www.emballagedigest.fr\/en\/wp-json\/wp\/v2\/users\/2"}],"replies":[{"embeddable":true,"href":"https:\/\/www.emballagedigest.fr\/en\/wp-json\/wp\/v2\/comments?post=48782"}],"version-history":[{"count":1,"href":"https:\/\/www.emballagedigest.fr\/en\/wp-json\/wp\/v2\/posts\/48782\/revisions"}],"predecessor-version":[{"id":48784,"href":"https:\/\/www.emballagedigest.fr\/en\/wp-json\/wp\/v2\/posts\/48782\/revisions\/48784"}],"wp:featuredmedia":[{"embeddable":true,"href":"https:\/\/www.emballagedigest.fr\/en\/wp-json\/wp\/v2\/media\/48783"}],"wp:attachment":[{"href":"https:\/\/www.emballagedigest.fr\/en\/wp-json\/wp\/v2\/media?parent=48782"}],"wp:term":[{"taxonomy":"category","embeddable":true,"href":"https:\/\/www.emballagedigest.fr\/en\/wp-json\/wp\/v2\/categories?post=48782"},{"taxonomy":"post_tag","embeddable":true,"href":"https:\/\/www.emballagedigest.fr\/en\/wp-json\/wp\/v2\/tags?post=48782"}],"curies":[{"name":"wp","href":"https:\/\/api.w.org\/{rel}","templated":true}]}}