{"id":48793,"date":"2026-09-01T07:51:52","date_gmt":"2026-09-01T05:51:52","guid":{"rendered":"https:\/\/www.emballagedigest.fr\/?p=48793"},"modified":"2026-09-01T07:51:54","modified_gmt":"2026-09-01T05:51:54","slug":"boehli-automatise-sa-palettisation-avec-promalyon","status":"publish","type":"post","link":"https:\/\/www.emballagedigest.fr\/en\/boehli-automatise-sa-palettisation-avec-promalyon\/","title":{"rendered":"Boehli automatise sa palettisation avec Promalyon"},"content":{"rendered":"<p class=\"wp-block-paragraph\"><strong>Depuis 1935, Boehli fabrique en Alsace des bretzels et biscuits ap\u00e9ritifs distribu\u00e9s en France et \u00e0 l\u2019international. Afin de moderniser ses lignes de production et am\u00e9liorer les conditions de travail de ses \u00e9quipes, l\u2019entreprise familiale a choisi la soci\u00e9t\u00e9 fran\u00e7aise Promalyon pour automatiser la palettisation d\u2019une de ses lignes de production de bretzels.<\/strong><\/p>\n\n\n\n<p class=\"wp-block-paragraph\">Implant\u00e9e \u00e0 Gundershoffen et Geuderham (Bas-Rhin), Boehli emploie 200 salari\u00e9s et exploite deux sites industriels alsaciens d\u00e9di\u00e9s aux produits sal\u00e9s et sucr\u00e9s. Avec 14 lignes de production r\u00e9parties sur ses deux sites, une production de 35 tonnes de biscuits par jour, un chiffre d\u2019affaires annuel d\u2019environ 30 millions d\u2019euros et 38 % de sa production export\u00e9e dans 25 pays, l\u2019entreprise poursuit la modernisation progressive de ses outils industriels.<\/p>\n\n\n\n<p class=\"wp-block-paragraph\">Dans ce cadre, Boehli a engag\u00e9 d\u00e8s 2021 un vaste chantier d\u2019automatisation de ses fins de ligne afin d\u2019automatiser l\u2019emballage, l\u2019encartonnage puis la palettisation des produits. L\u2019objectif de la palettisation : soulager les op\u00e9rateurs des t\u00e2ches r\u00e9p\u00e9titive et physiques, accompagner la transition vers l\u2019industrie 4.0 et optimiser la performance.<\/p>\n\n\n\n<p class=\"wp-block-paragraph\">C\u2019est en 2025, \u00e0 l\u2019occasion d\u2019un salon professionnel, que les \u00e9quipes de Boehli d\u00e9couvrent Promalyon. <em>\u00ab Nous recherchions une certaine proximit\u00e9 donc une solution fran\u00e7aise. Nous avons eu une tr\u00e8s bonne impression de l\u2019implication des \u00e9quipes Promalyon d\u00e8s leurs premi\u00e8res visites sur site<\/em> \u00bb, explique Ludovic Gugumus<strong>,<\/strong> responsable automatisme et informatique de Boehli.<\/p>\n\n\n\n<p class=\"wp-block-paragraph\">L\u2019un des principaux d\u00e9fis du projet r\u00e9sidait dans les contraintes d\u2019espace disponibles sur la ligne de production. Apr\u00e8s quelques mois d\u2019\u00e9tudes et de conception, Promalyon d\u00e9ploie un palettiseur monoligne tr\u00e8s compact de sa gamme LIGHTPAL destin\u00e9 \u00e0 une ligne de Bretzel produisant jusqu\u2019\u00e0 400 colis par heure. Le projet est install\u00e9 entre d\u00e9cembre 2025 et d\u00e9but 2026 avec un planning respect\u00e9 et une mise en production progressive.<\/p>\n\n\n\n<p class=\"wp-block-paragraph\">La solution retenue int\u00e8gre un syst\u00e8me de serrage motoris\u00e9 permettant d\u2019adapter automatiquement la prise aux diff\u00e9rents formats de cartons et sch\u00e9mas de palettisation. Gr\u00e2ce \u00e0 la prise multi-colis, le robot peut \u00e9galement manipuler plusieurs cartons simultan\u00e9ment afin d\u2019optimiser les cadences de production. Le syst\u00e8me automatise \u00e9galement la pose des intercalaires et int\u00e8gre des dispositifs de s\u00e9curit\u00e9 par barri\u00e8res immat\u00e9rielles afin de limiter l\u2019encombrement au sol tout en garantissant la s\u00e9curit\u00e9 des op\u00e9rateurs. Cette automatisation permet \u00e0 Boehli de renforcer la fiabilit\u00e9 de ses flux internes tout en am\u00e9liorant la qualit\u00e9 des palettes exp\u00e9di\u00e9es.<\/p>\n\n\n\n<p class=\"wp-block-paragraph\">Apr\u00e8s cinq mois d\u2019exploitation, plusieurs b\u00e9n\u00e9fices sont d\u00e9j\u00e0 observ\u00e9s&nbsp;: am\u00e9lioration de la qualit\u00e9 de palettisation, gain de temps, r\u00e9duction des risques de troubles musculosquelettiques (TMS) et mont\u00e9e en comp\u00e9tence des \u00e9quipes.<\/p>\n\n\n\n<p class=\"wp-block-paragraph\"><em>\u00ab Les palettes sont aujourd\u2019hui plus propres et mieux structur\u00e9es. Les op\u00e9rateurs sont moins fatigu\u00e9s et le gain de temps leur permet d\u00e9sormais se concentrer davantage sur le contr\u00f4le qualit\u00e9 et les r\u00e9glages des machines plut\u00f4t que sur des t\u00e2ches physiques r\u00e9p\u00e9titives. Le projet s\u2019est bien d\u00e9roul\u00e9 et le suivi a \u00e9t\u00e9 rigoureux avec des r\u00e9unions r\u00e9guli\u00e8res tout au long du d\u00e9ploiement \u00bb,<\/em> souligne Ludovic Gugumus<em>.<\/em><\/p>\n\n\n\n<p class=\"wp-block-paragraph\"><em>\u00ab&nbsp;Nous avons \u00e9t\u00e9 fortement challeng\u00e9s sur l\u2019implantation par les \u00e9quipes Boehli afin de prendre le moins d\u2019espace possible et garder des zones de circulation. C\u2019est une force des solutions Promalyon&nbsp;\u00bb,<\/em> conclut Anicet Marsy, responsable agroalimentaire chez Promalyon.&nbsp;<\/p>\n\n\n\n<p class=\"wp-block-paragraph\"><\/p>","protected":false},"excerpt":{"rendered":"<p>Depuis 1935, Boehli fabrique en Alsace des bretzels et biscuits ap\u00e9ritifs distribu\u00e9s en France et \u00e0 l\u2019international. Afin de moderniser ses lignes de production et am\u00e9liorer les conditions de travail de ses \u00e9quipes, l\u2019entreprise familiale a choisi la soci\u00e9t\u00e9 fran\u00e7aise Promalyon pour automatiser la palettisation d\u2019une de ses lignes de production de bretzels. Implant\u00e9e \u00e0 [&hellip;]<\/p>","protected":false},"author":2,"featured_media":48794,"comment_status":"closed","ping_status":"closed","sticky":false,"template":"","format":"standard","meta":{"_acf_changed":false,"inline_featured_image":false,"iawp_total_views":9,"footnotes":""},"categories":[28,11,8],"tags":[],"class_list":["post-48793","post","type-post","status-publish","format-standard","has-post-thumbnail","hentry","category-article-entier","category-emballages","category-industrie"],"acf":[],"yoast_head":"<!-- This site is optimized with the Yoast SEO plugin v24.4 - https:\/\/yoast.com\/wordpress\/plugins\/seo\/ -->\n<title>Boehli automatise sa palettisation avec Promalyon - Emballage Digest<\/title>\n<meta name=\"robots\" content=\"index, follow, max-snippet:-1, max-image-preview:large, max-video-preview:-1\" \/>\n<link rel=\"canonical\" href=\"https:\/\/www.emballagedigest.fr\/en\/boehli-automatise-sa-palettisation-avec-promalyon\/\" \/>\n<meta property=\"og:locale\" content=\"en_GB\" \/>\n<meta property=\"og:type\" content=\"article\" \/>\n<meta property=\"og:title\" content=\"Boehli automatise sa palettisation avec Promalyon - Emballage Digest\" \/>\n<meta property=\"og:description\" content=\"Depuis 1935, Boehli fabrique en Alsace des bretzels et biscuits ap\u00e9ritifs distribu\u00e9s en France et \u00e0 l\u2019international. Afin de moderniser ses lignes de production et am\u00e9liorer les conditions de travail de ses \u00e9quipes, l\u2019entreprise familiale a choisi la soci\u00e9t\u00e9 fran\u00e7aise Promalyon pour automatiser la palettisation d\u2019une de ses lignes de production de bretzels. Implant\u00e9e \u00e0 [&hellip;]\" \/>\n<meta property=\"og:url\" content=\"https:\/\/www.emballagedigest.fr\/en\/boehli-automatise-sa-palettisation-avec-promalyon\/\" \/>\n<meta property=\"og:site_name\" content=\"Emballage Digest\" \/>\n<meta property=\"article:published_time\" content=\"2026-09-01T05:51:52+00:00\" \/>\n<meta property=\"article:modified_time\" content=\"2026-09-01T05:51:54+00:00\" \/>\n<meta property=\"og:image\" content=\"https:\/\/www.emballagedigest.fr\/wp-content\/uploads\/2026\/09\/Boehli.jpg\" \/>\n\t<meta property=\"og:image:width\" content=\"800\" \/>\n\t<meta property=\"og:image:height\" content=\"600\" \/>\n\t<meta property=\"og:image:type\" content=\"image\/jpeg\" \/>\n<meta name=\"author\" content=\"Karine Duval\" \/>\n<meta name=\"twitter:card\" content=\"summary_large_image\" \/>\n<meta name=\"twitter:label1\" content=\"Written by\" \/>\n\t<meta name=\"twitter:data1\" content=\"Karine Duval\" \/>\n\t<meta name=\"twitter:label2\" content=\"Estimated reading time\" \/>\n\t<meta name=\"twitter:data2\" content=\"3 minutes\" \/>\n<script type=\"application\/ld+json\" class=\"yoast-schema-graph\">{\"@context\":\"https:\/\/schema.org\",\"@graph\":[{\"@type\":\"Article\",\"@id\":\"https:\/\/www.emballagedigest.fr\/boehli-automatise-sa-palettisation-avec-promalyon\/#article\",\"isPartOf\":{\"@id\":\"https:\/\/www.emballagedigest.fr\/boehli-automatise-sa-palettisation-avec-promalyon\/\"},\"author\":{\"name\":\"Karine Duval\",\"@id\":\"https:\/\/www.emballagedigest.fr\/#\/schema\/person\/76abe9f2b2ee4d3d520594c7a35da59f\"},\"headline\":\"Boehli automatise sa palettisation avec Promalyon\",\"datePublished\":\"2026-09-01T05:51:52+00:00\",\"dateModified\":\"2026-09-01T05:51:54+00:00\",\"mainEntityOfPage\":{\"@id\":\"https:\/\/www.emballagedigest.fr\/boehli-automatise-sa-palettisation-avec-promalyon\/\"},\"wordCount\":602,\"publisher\":{\"@id\":\"https:\/\/www.emballagedigest.fr\/#organization\"},\"image\":{\"@id\":\"https:\/\/www.emballagedigest.fr\/boehli-automatise-sa-palettisation-avec-promalyon\/#primaryimage\"},\"thumbnailUrl\":\"https:\/\/www.emballagedigest.fr\/wp-content\/uploads\/2026\/09\/Boehli.jpg\",\"articleSection\":[\"Article entier\",\"Emballages\",\"Industrie\"],\"inLanguage\":\"en-GB\"},{\"@type\":\"WebPage\",\"@id\":\"https:\/\/www.emballagedigest.fr\/boehli-automatise-sa-palettisation-avec-promalyon\/\",\"url\":\"https:\/\/www.emballagedigest.fr\/boehli-automatise-sa-palettisation-avec-promalyon\/\",\"name\":\"Boehli automatise sa palettisation avec Promalyon - Emballage Digest\",\"isPartOf\":{\"@id\":\"https:\/\/www.emballagedigest.fr\/#website\"},\"primaryImageOfPage\":{\"@id\":\"https:\/\/www.emballagedigest.fr\/boehli-automatise-sa-palettisation-avec-promalyon\/#primaryimage\"},\"image\":{\"@id\":\"https:\/\/www.emballagedigest.fr\/boehli-automatise-sa-palettisation-avec-promalyon\/#primaryimage\"},\"thumbnailUrl\":\"https:\/\/www.emballagedigest.fr\/wp-content\/uploads\/2026\/09\/Boehli.jpg\",\"datePublished\":\"2026-09-01T05:51:52+00:00\",\"dateModified\":\"2026-09-01T05:51:54+00:00\",\"breadcrumb\":{\"@id\":\"https:\/\/www.emballagedigest.fr\/boehli-automatise-sa-palettisation-avec-promalyon\/#breadcrumb\"},\"inLanguage\":\"en-GB\",\"potentialAction\":[{\"@type\":\"ReadAction\",\"target\":[\"https:\/\/www.emballagedigest.fr\/boehli-automatise-sa-palettisation-avec-promalyon\/\"]}]},{\"@type\":\"ImageObject\",\"inLanguage\":\"en-GB\",\"@id\":\"https:\/\/www.emballagedigest.fr\/boehli-automatise-sa-palettisation-avec-promalyon\/#primaryimage\",\"url\":\"https:\/\/www.emballagedigest.fr\/wp-content\/uploads\/2026\/09\/Boehli.jpg\",\"contentUrl\":\"https:\/\/www.emballagedigest.fr\/wp-content\/uploads\/2026\/09\/Boehli.jpg\",\"width\":800,\"height\":600},{\"@type\":\"BreadcrumbList\",\"@id\":\"https:\/\/www.emballagedigest.fr\/boehli-automatise-sa-palettisation-avec-promalyon\/#breadcrumb\",\"itemListElement\":[{\"@type\":\"ListItem\",\"position\":1,\"name\":\"Accueil\",\"item\":\"https:\/\/www.emballagedigest.fr\/\"},{\"@type\":\"ListItem\",\"position\":2,\"name\":\"Boehli automatise sa palettisation avec Promalyon\"}]},{\"@type\":\"WebSite\",\"@id\":\"https:\/\/www.emballagedigest.fr\/#website\",\"url\":\"https:\/\/www.emballagedigest.fr\/\",\"name\":\"Emballage Digest\",\"description\":\"Revue professionnelle sur les emballages\",\"publisher\":{\"@id\":\"https:\/\/www.emballagedigest.fr\/#organization\"},\"potentialAction\":[{\"@type\":\"SearchAction\",\"target\":{\"@type\":\"EntryPoint\",\"urlTemplate\":\"https:\/\/www.emballagedigest.fr\/?s={search_term_string}\"},\"query-input\":{\"@type\":\"PropertyValueSpecification\",\"valueRequired\":true,\"valueName\":\"search_term_string\"}}],\"inLanguage\":\"en-GB\"},{\"@type\":\"Organization\",\"@id\":\"https:\/\/www.emballagedigest.fr\/#organization\",\"name\":\"Emballage Digest\",\"url\":\"https:\/\/www.emballagedigest.fr\/\",\"logo\":{\"@type\":\"ImageObject\",\"inLanguage\":\"en-GB\",\"@id\":\"https:\/\/www.emballagedigest.fr\/#\/schema\/logo\/image\/\",\"url\":\"https:\/\/www.emballagedigest.fr\/wp-content\/uploads\/2022\/07\/logo-ed.png\",\"contentUrl\":\"https:\/\/www.emballagedigest.fr\/wp-content\/uploads\/2022\/07\/logo-ed.png\",\"width\":379,\"height\":75,\"caption\":\"Emballage Digest\"},\"image\":{\"@id\":\"https:\/\/www.emballagedigest.fr\/#\/schema\/logo\/image\/\"}},{\"@type\":\"Person\",\"@id\":\"https:\/\/www.emballagedigest.fr\/#\/schema\/person\/76abe9f2b2ee4d3d520594c7a35da59f\",\"name\":\"Karine Duval\",\"image\":{\"@type\":\"ImageObject\",\"inLanguage\":\"en-GB\",\"@id\":\"https:\/\/www.emballagedigest.fr\/#\/schema\/person\/image\/\",\"url\":\"https:\/\/secure.gravatar.com\/avatar\/f552799261cdd2e076e6677d780ef07bdb13aa4c196ab75b39abcbcdcae2d4e5?s=96&d=mm&r=g\",\"contentUrl\":\"https:\/\/secure.gravatar.com\/avatar\/f552799261cdd2e076e6677d780ef07bdb13aa4c196ab75b39abcbcdcae2d4e5?s=96&d=mm&r=g\",\"caption\":\"Karine Duval\"},\"url\":\"https:\/\/www.emballagedigest.fr\/en\/author\/admin_karduv\/\"}]}<\/script>\n<!-- \/ Yoast SEO plugin. -->","yoast_head_json":{"title":"Boehli automatise sa palettisation avec Promalyon - Emballage Digest","robots":{"index":"index","follow":"follow","max-snippet":"max-snippet:-1","max-image-preview":"max-image-preview:large","max-video-preview":"max-video-preview:-1"},"canonical":"https:\/\/www.emballagedigest.fr\/en\/boehli-automatise-sa-palettisation-avec-promalyon\/","og_locale":"en_GB","og_type":"article","og_title":"Boehli automatise sa palettisation avec Promalyon - Emballage Digest","og_description":"Depuis 1935, Boehli fabrique en Alsace des bretzels et biscuits ap\u00e9ritifs distribu\u00e9s en France et \u00e0 l\u2019international. Afin de moderniser ses lignes de production et am\u00e9liorer les conditions de travail de ses \u00e9quipes, l\u2019entreprise familiale a choisi la soci\u00e9t\u00e9 fran\u00e7aise Promalyon pour automatiser la palettisation d\u2019une de ses lignes de production de bretzels. Implant\u00e9e \u00e0 [&hellip;]","og_url":"https:\/\/www.emballagedigest.fr\/en\/boehli-automatise-sa-palettisation-avec-promalyon\/","og_site_name":"Emballage Digest","article_published_time":"2026-09-01T05:51:52+00:00","article_modified_time":"2026-09-01T05:51:54+00:00","og_image":[{"width":800,"height":600,"url":"https:\/\/www.emballagedigest.fr\/wp-content\/uploads\/2026\/09\/Boehli.jpg","type":"image\/jpeg"}],"author":"Karine Duval","twitter_card":"summary_large_image","twitter_misc":{"Written by":"Karine Duval","Estimated reading time":"3 minutes"},"schema":{"@context":"https:\/\/schema.org","@graph":[{"@type":"Article","@id":"https:\/\/www.emballagedigest.fr\/boehli-automatise-sa-palettisation-avec-promalyon\/#article","isPartOf":{"@id":"https:\/\/www.emballagedigest.fr\/boehli-automatise-sa-palettisation-avec-promalyon\/"},"author":{"name":"Karine Duval","@id":"https:\/\/www.emballagedigest.fr\/#\/schema\/person\/76abe9f2b2ee4d3d520594c7a35da59f"},"headline":"Boehli automatise sa palettisation avec Promalyon","datePublished":"2026-09-01T05:51:52+00:00","dateModified":"2026-09-01T05:51:54+00:00","mainEntityOfPage":{"@id":"https:\/\/www.emballagedigest.fr\/boehli-automatise-sa-palettisation-avec-promalyon\/"},"wordCount":602,"publisher":{"@id":"https:\/\/www.emballagedigest.fr\/#organization"},"image":{"@id":"https:\/\/www.emballagedigest.fr\/boehli-automatise-sa-palettisation-avec-promalyon\/#primaryimage"},"thumbnailUrl":"https:\/\/www.emballagedigest.fr\/wp-content\/uploads\/2026\/09\/Boehli.jpg","articleSection":["Article entier","Emballages","Industrie"],"inLanguage":"en-GB"},{"@type":"WebPage","@id":"https:\/\/www.emballagedigest.fr\/boehli-automatise-sa-palettisation-avec-promalyon\/","url":"https:\/\/www.emballagedigest.fr\/boehli-automatise-sa-palettisation-avec-promalyon\/","name":"Boehli automatise sa palettisation avec Promalyon - Emballage Digest","isPartOf":{"@id":"https:\/\/www.emballagedigest.fr\/#website"},"primaryImageOfPage":{"@id":"https:\/\/www.emballagedigest.fr\/boehli-automatise-sa-palettisation-avec-promalyon\/#primaryimage"},"image":{"@id":"https:\/\/www.emballagedigest.fr\/boehli-automatise-sa-palettisation-avec-promalyon\/#primaryimage"},"thumbnailUrl":"https:\/\/www.emballagedigest.fr\/wp-content\/uploads\/2026\/09\/Boehli.jpg","datePublished":"2026-09-01T05:51:52+00:00","dateModified":"2026-09-01T05:51:54+00:00","breadcrumb":{"@id":"https:\/\/www.emballagedigest.fr\/boehli-automatise-sa-palettisation-avec-promalyon\/#breadcrumb"},"inLanguage":"en-GB","potentialAction":[{"@type":"ReadAction","target":["https:\/\/www.emballagedigest.fr\/boehli-automatise-sa-palettisation-avec-promalyon\/"]}]},{"@type":"ImageObject","inLanguage":"en-GB","@id":"https:\/\/www.emballagedigest.fr\/boehli-automatise-sa-palettisation-avec-promalyon\/#primaryimage","url":"https:\/\/www.emballagedigest.fr\/wp-content\/uploads\/2026\/09\/Boehli.jpg","contentUrl":"https:\/\/www.emballagedigest.fr\/wp-content\/uploads\/2026\/09\/Boehli.jpg","width":800,"height":600},{"@type":"BreadcrumbList","@id":"https:\/\/www.emballagedigest.fr\/boehli-automatise-sa-palettisation-avec-promalyon\/#breadcrumb","itemListElement":[{"@type":"ListItem","position":1,"name":"Accueil","item":"https:\/\/www.emballagedigest.fr\/"},{"@type":"ListItem","position":2,"name":"Boehli automatise sa palettisation avec Promalyon"}]},{"@type":"WebSite","@id":"https:\/\/www.emballagedigest.fr\/#website","url":"https:\/\/www.emballagedigest.fr\/","name":"Emballage Digest","description":"Revue professionnelle sur les emballages","publisher":{"@id":"https:\/\/www.emballagedigest.fr\/#organization"},"potentialAction":[{"@type":"SearchAction","target":{"@type":"EntryPoint","urlTemplate":"https:\/\/www.emballagedigest.fr\/?s={search_term_string}"},"query-input":{"@type":"PropertyValueSpecification","valueRequired":true,"valueName":"search_term_string"}}],"inLanguage":"en-GB"},{"@type":"Organization","@id":"https:\/\/www.emballagedigest.fr\/#organization","name":"Emballage Digest","url":"https:\/\/www.emballagedigest.fr\/","logo":{"@type":"ImageObject","inLanguage":"en-GB","@id":"https:\/\/www.emballagedigest.fr\/#\/schema\/logo\/image\/","url":"https:\/\/www.emballagedigest.fr\/wp-content\/uploads\/2022\/07\/logo-ed.png","contentUrl":"https:\/\/www.emballagedigest.fr\/wp-content\/uploads\/2022\/07\/logo-ed.png","width":379,"height":75,"caption":"Emballage Digest"},"image":{"@id":"https:\/\/www.emballagedigest.fr\/#\/schema\/logo\/image\/"}},{"@type":"Person","@id":"https:\/\/www.emballagedigest.fr\/#\/schema\/person\/76abe9f2b2ee4d3d520594c7a35da59f","name":"Karine Duval","image":{"@type":"ImageObject","inLanguage":"en-GB","@id":"https:\/\/www.emballagedigest.fr\/#\/schema\/person\/image\/","url":"https:\/\/secure.gravatar.com\/avatar\/f552799261cdd2e076e6677d780ef07bdb13aa4c196ab75b39abcbcdcae2d4e5?s=96&d=mm&r=g","contentUrl":"https:\/\/secure.gravatar.com\/avatar\/f552799261cdd2e076e6677d780ef07bdb13aa4c196ab75b39abcbcdcae2d4e5?s=96&d=mm&r=g","caption":"Karine Duval"},"url":"https:\/\/www.emballagedigest.fr\/en\/author\/admin_karduv\/"}]}},"_links":{"self":[{"href":"https:\/\/www.emballagedigest.fr\/en\/wp-json\/wp\/v2\/posts\/48793","targetHints":{"allow":["GET"]}}],"collection":[{"href":"https:\/\/www.emballagedigest.fr\/en\/wp-json\/wp\/v2\/posts"}],"about":[{"href":"https:\/\/www.emballagedigest.fr\/en\/wp-json\/wp\/v2\/types\/post"}],"author":[{"embeddable":true,"href":"https:\/\/www.emballagedigest.fr\/en\/wp-json\/wp\/v2\/users\/2"}],"replies":[{"embeddable":true,"href":"https:\/\/www.emballagedigest.fr\/en\/wp-json\/wp\/v2\/comments?post=48793"}],"version-history":[{"count":1,"href":"https:\/\/www.emballagedigest.fr\/en\/wp-json\/wp\/v2\/posts\/48793\/revisions"}],"predecessor-version":[{"id":48795,"href":"https:\/\/www.emballagedigest.fr\/en\/wp-json\/wp\/v2\/posts\/48793\/revisions\/48795"}],"wp:featuredmedia":[{"embeddable":true,"href":"https:\/\/www.emballagedigest.fr\/en\/wp-json\/wp\/v2\/media\/48794"}],"wp:attachment":[{"href":"https:\/\/www.emballagedigest.fr\/en\/wp-json\/wp\/v2\/media?parent=48793"}],"wp:term":[{"taxonomy":"category","embeddable":true,"href":"https:\/\/www.emballagedigest.fr\/en\/wp-json\/wp\/v2\/categories?post=48793"},{"taxonomy":"post_tag","embeddable":true,"href":"https:\/\/www.emballagedigest.fr\/en\/wp-json\/wp\/v2\/tags?post=48793"}],"curies":[{"name":"wp","href":"https:\/\/api.w.org\/{rel}","templated":true}]}}