{"id":48808,"date":"2026-09-03T08:20:29","date_gmt":"2026-09-03T06:20:29","guid":{"rendered":"https:\/\/www.emballagedigest.fr\/?p=48808"},"modified":"2026-09-03T08:20:31","modified_gmt":"2026-09-03T06:20:31","slug":"act-beauty-accelere-sur-le-maquillage-et-le-soin-full-service","status":"publish","type":"post","link":"https:\/\/www.emballagedigest.fr\/en\/act-beauty-accelere-sur-le-maquillage-et-le-soin-full-service\/","title":{"rendered":"Act Beauty acc\u00e9l\u00e8re sur le maquillage et le soin full service"},"content":{"rendered":"<p class=\"wp-block-paragraph\"><strong>Act Beauty expose \u00e0 MakeUp in New York pour la premi\u00e8re fois, les 16 et 17 septembre 2026. A cette occasion, le groupe fran\u00e7ais revient sur les ambitions de sa Business Unit cosm\u00e9tique.<\/strong><\/p>\n\n\n\n<p class=\"wp-block-paragraph\">Avec le rachat de Lavay en 2024, Act Beauty a franchi une nouvelle \u00e9tape de son expansion et affirme une ambition port\u00e9e par son fondateur Cyril Dauvers : faire de l\u2019entreprise un partenaire global capable d\u2019accompagner les marques bien au-del\u00e0 du packaging premium, des accessoires et objets lifestyle qui l\u2019ont fait connaitre. Le groupe structure donc son offre maquillage et soin full service en associant formulation, sourcing, accessoires, conditionnement, qualit\u00e9 et pilotage r\u00e9glementaire. Une \u00e9volution construite autour d\u2019une conviction forte.<\/p>\n\n\n\n<p class=\"wp-block-paragraph\">Le rachat de Lavay a permis d\u2019int\u00e9grer un savoir-faire d\u00e9j\u00e0 construit autour du d\u00e9veloppement de produits de maquillage et de soin, avec son r\u00e9seau historique de partenaires industriels, sa ma\u00eetrise du d\u00e9veloppement produit et sa compr\u00e9hension des enjeux r\u00e9glementaires, industriels et de mise sur le march\u00e9. <em>\u00ab&nbsp;Le d\u00e9veloppement cosm\u00e9tique ne s\u2019improvise pas : formulation, compatibilit\u00e9 formule et packaging, environnement r\u00e9glementaire de plus en plus complexe, sourcing et industrialisation n\u00e9cessitent des expertises sp\u00e9cifiques qu\u2019il est difficile d\u2019internaliser lorsque ce n\u2019est pas son c\u0153ur de m\u00e9tier&nbsp;\u00bb,<\/em> explique Act Beauty.<\/p>\n\n\n\n<figure class=\"wp-block-image size-full\"><img loading=\"lazy\" decoding=\"async\" width=\"800\" height=\"450\" src=\"https:\/\/www.emballagedigest.fr\/wp-content\/uploads\/2026\/09\/ACT-BEAUTY2.jpg\" alt=\"\" class=\"wp-image-48810\" srcset=\"https:\/\/www.emballagedigest.fr\/wp-content\/uploads\/2026\/09\/ACT-BEAUTY2.jpg 800w, https:\/\/www.emballagedigest.fr\/wp-content\/uploads\/2026\/09\/ACT-BEAUTY2-300x169.jpg 300w, https:\/\/www.emballagedigest.fr\/wp-content\/uploads\/2026\/09\/ACT-BEAUTY2-768x432.jpg 768w, https:\/\/www.emballagedigest.fr\/wp-content\/uploads\/2026\/09\/ACT-BEAUTY2-18x10.jpg 18w\" sizes=\"auto, (max-width: 800px) 100vw, 800px\" \/><\/figure>\n\n\n\n<p class=\"wp-block-paragraph\">Pilot\u00e9e par Am\u00e9lie Jumel, Ing\u00e9nieure en biologie industrielle, et cumulant 15 ans d\u2019exp\u00e9rience internationale dans le d\u00e9veloppement de produits cosm\u00e9tiques, les affaires r\u00e9glementaires et la coordination industrielle, la Business Unit cosm\u00e9tique orchestre l\u2019ensemble des \u00e9tapes du d\u00e9veloppement produit, de la conception jusqu\u2019\u00e0 la mise sur le march\u00e9. Ainsi Act Beauty revendique ainsi un r\u00f4le de \u00ab chef de produit externalis\u00e9 \u00bb, capable de s\u00e9lectionner les bons partenaires, d\u2019int\u00e9grer tr\u00e8s t\u00f4t les contraintes techniques et r\u00e9glementaires et de s\u00e9curiser les d\u00e9veloppements afin de permettre aux marques de se concentrer sur leur identit\u00e9, leur univers et leur distribution.<\/p>\n\n\n\n<p class=\"wp-block-paragraph\">Le groupe ne poss\u00e8de pas de site de production int\u00e9gr\u00e9 et assume ce choix. Son mod\u00e8le repose au contraire sur une s\u00e9lection de partenaires sp\u00e9cialis\u00e9s selon les besoins sp\u00e9cifiques de chaque projet et le type de formule recherch\u00e9 &#8211; maquillage hybrides, textures innovantes et multisensorielles, produits l\u00e8vres ou formules de soin &#8211; avec un pilotage centralis\u00e9 en interne et en s\u2019appuyant sur les expertises des \u00e9quipes pluridisciplinaires (achats, qualit\u00e9, design, logistique etc.) \u00e0 chaque \u00e9tape du d\u00e9veloppement, pour s\u00e9curiser l\u2019ensemble du processus jusqu\u2019au produit fini. Cette organisation optimis\u00e9e augmente l\u2019agilit\u00e9, facilite l\u2019acc\u00e8s aux meilleures expertises et assure un niveau d\u2019exigence qualit\u00e9, r\u00e9glementaire et industriel \u00e9lev\u00e9 et constant.<\/p>","protected":false},"excerpt":{"rendered":"<p>Act Beauty expose \u00e0 MakeUp in New York pour la premi\u00e8re fois, les 16 et 17 septembre 2026. A cette occasion, le groupe fran\u00e7ais revient sur les ambitions de sa Business Unit cosm\u00e9tique. Avec le rachat de Lavay en 2024, Act Beauty a franchi une nouvelle \u00e9tape de son expansion et affirme une ambition port\u00e9e [&hellip;]<\/p>","protected":false},"author":2,"featured_media":48809,"comment_status":"closed","ping_status":"closed","sticky":false,"template":"","format":"standard","meta":{"_acf_changed":false,"inline_featured_image":false,"iawp_total_views":3,"footnotes":""},"categories":[28,19,81,6],"tags":[],"class_list":["post-48808","post","type-post","status-publish","format-standard","has-post-thumbnail","hentry","category-article-entier","category-article-epingle","category-packaging","category-parfumerie-cosmetique"],"acf":[],"yoast_head":"<!-- This site is optimized with the Yoast SEO plugin v24.4 - https:\/\/yoast.com\/wordpress\/plugins\/seo\/ -->\n<title>Act Beauty acc\u00e9l\u00e8re sur le maquillage et le soin full service - Emballage Digest<\/title>\n<meta name=\"robots\" content=\"index, follow, max-snippet:-1, max-image-preview:large, max-video-preview:-1\" \/>\n<link rel=\"canonical\" href=\"https:\/\/www.emballagedigest.fr\/en\/act-beauty-accelere-sur-le-maquillage-et-le-soin-full-service\/\" \/>\n<meta property=\"og:locale\" content=\"en_GB\" \/>\n<meta property=\"og:type\" content=\"article\" \/>\n<meta property=\"og:title\" content=\"Act Beauty acc\u00e9l\u00e8re sur le maquillage et le soin full service - Emballage Digest\" \/>\n<meta property=\"og:description\" content=\"Act Beauty expose \u00e0 MakeUp in New York pour la premi\u00e8re fois, les 16 et 17 septembre 2026. A cette occasion, le groupe fran\u00e7ais revient sur les ambitions de sa Business Unit cosm\u00e9tique. Avec le rachat de Lavay en 2024, Act Beauty a franchi une nouvelle \u00e9tape de son expansion et affirme une ambition port\u00e9e [&hellip;]\" \/>\n<meta property=\"og:url\" content=\"https:\/\/www.emballagedigest.fr\/en\/act-beauty-accelere-sur-le-maquillage-et-le-soin-full-service\/\" \/>\n<meta property=\"og:site_name\" content=\"Emballage Digest\" \/>\n<meta property=\"article:published_time\" content=\"2026-09-03T06:20:29+00:00\" \/>\n<meta property=\"article:modified_time\" content=\"2026-09-03T06:20:31+00:00\" \/>\n<meta property=\"og:image\" content=\"https:\/\/www.emballagedigest.fr\/wp-content\/uploads\/2026\/09\/ACT-BEAUTY1.jpg\" \/>\n\t<meta property=\"og:image:width\" content=\"800\" \/>\n\t<meta property=\"og:image:height\" content=\"600\" \/>\n\t<meta property=\"og:image:type\" content=\"image\/jpeg\" \/>\n<meta name=\"author\" content=\"Karine Duval\" \/>\n<meta name=\"twitter:card\" content=\"summary_large_image\" \/>\n<meta name=\"twitter:label1\" content=\"Written by\" \/>\n\t<meta name=\"twitter:data1\" content=\"Karine Duval\" \/>\n\t<meta name=\"twitter:label2\" content=\"Estimated reading time\" \/>\n\t<meta name=\"twitter:data2\" content=\"3 minutes\" \/>\n<script type=\"application\/ld+json\" class=\"yoast-schema-graph\">{\"@context\":\"https:\/\/schema.org\",\"@graph\":[{\"@type\":\"Article\",\"@id\":\"https:\/\/www.emballagedigest.fr\/act-beauty-accelere-sur-le-maquillage-et-le-soin-full-service\/#article\",\"isPartOf\":{\"@id\":\"https:\/\/www.emballagedigest.fr\/act-beauty-accelere-sur-le-maquillage-et-le-soin-full-service\/\"},\"author\":{\"name\":\"Karine Duval\",\"@id\":\"https:\/\/www.emballagedigest.fr\/#\/schema\/person\/76abe9f2b2ee4d3d520594c7a35da59f\"},\"headline\":\"Act Beauty acc\u00e9l\u00e8re sur le maquillage et le soin full service\",\"datePublished\":\"2026-09-03T06:20:29+00:00\",\"dateModified\":\"2026-09-03T06:20:31+00:00\",\"mainEntityOfPage\":{\"@id\":\"https:\/\/www.emballagedigest.fr\/act-beauty-accelere-sur-le-maquillage-et-le-soin-full-service\/\"},\"wordCount\":475,\"publisher\":{\"@id\":\"https:\/\/www.emballagedigest.fr\/#organization\"},\"image\":{\"@id\":\"https:\/\/www.emballagedigest.fr\/act-beauty-accelere-sur-le-maquillage-et-le-soin-full-service\/#primaryimage\"},\"thumbnailUrl\":\"https:\/\/www.emballagedigest.fr\/wp-content\/uploads\/2026\/09\/ACT-BEAUTY1.jpg\",\"articleSection\":[\"Article entier\",\"Article \u00e9pingl\u00e9\",\"Packaging\",\"Parfumerie &amp; Cosm\u00e9tique\"],\"inLanguage\":\"en-GB\"},{\"@type\":\"WebPage\",\"@id\":\"https:\/\/www.emballagedigest.fr\/act-beauty-accelere-sur-le-maquillage-et-le-soin-full-service\/\",\"url\":\"https:\/\/www.emballagedigest.fr\/act-beauty-accelere-sur-le-maquillage-et-le-soin-full-service\/\",\"name\":\"Act Beauty acc\u00e9l\u00e8re sur le maquillage et le soin full service - Emballage Digest\",\"isPartOf\":{\"@id\":\"https:\/\/www.emballagedigest.fr\/#website\"},\"primaryImageOfPage\":{\"@id\":\"https:\/\/www.emballagedigest.fr\/act-beauty-accelere-sur-le-maquillage-et-le-soin-full-service\/#primaryimage\"},\"image\":{\"@id\":\"https:\/\/www.emballagedigest.fr\/act-beauty-accelere-sur-le-maquillage-et-le-soin-full-service\/#primaryimage\"},\"thumbnailUrl\":\"https:\/\/www.emballagedigest.fr\/wp-content\/uploads\/2026\/09\/ACT-BEAUTY1.jpg\",\"datePublished\":\"2026-09-03T06:20:29+00:00\",\"dateModified\":\"2026-09-03T06:20:31+00:00\",\"breadcrumb\":{\"@id\":\"https:\/\/www.emballagedigest.fr\/act-beauty-accelere-sur-le-maquillage-et-le-soin-full-service\/#breadcrumb\"},\"inLanguage\":\"en-GB\",\"potentialAction\":[{\"@type\":\"ReadAction\",\"target\":[\"https:\/\/www.emballagedigest.fr\/act-beauty-accelere-sur-le-maquillage-et-le-soin-full-service\/\"]}]},{\"@type\":\"ImageObject\",\"inLanguage\":\"en-GB\",\"@id\":\"https:\/\/www.emballagedigest.fr\/act-beauty-accelere-sur-le-maquillage-et-le-soin-full-service\/#primaryimage\",\"url\":\"https:\/\/www.emballagedigest.fr\/wp-content\/uploads\/2026\/09\/ACT-BEAUTY1.jpg\",\"contentUrl\":\"https:\/\/www.emballagedigest.fr\/wp-content\/uploads\/2026\/09\/ACT-BEAUTY1.jpg\",\"width\":800,\"height\":600},{\"@type\":\"BreadcrumbList\",\"@id\":\"https:\/\/www.emballagedigest.fr\/act-beauty-accelere-sur-le-maquillage-et-le-soin-full-service\/#breadcrumb\",\"itemListElement\":[{\"@type\":\"ListItem\",\"position\":1,\"name\":\"Accueil\",\"item\":\"https:\/\/www.emballagedigest.fr\/\"},{\"@type\":\"ListItem\",\"position\":2,\"name\":\"Act Beauty acc\u00e9l\u00e8re sur le maquillage et le soin full service\"}]},{\"@type\":\"WebSite\",\"@id\":\"https:\/\/www.emballagedigest.fr\/#website\",\"url\":\"https:\/\/www.emballagedigest.fr\/\",\"name\":\"Emballage Digest\",\"description\":\"Revue professionnelle sur les emballages\",\"publisher\":{\"@id\":\"https:\/\/www.emballagedigest.fr\/#organization\"},\"potentialAction\":[{\"@type\":\"SearchAction\",\"target\":{\"@type\":\"EntryPoint\",\"urlTemplate\":\"https:\/\/www.emballagedigest.fr\/?s={search_term_string}\"},\"query-input\":{\"@type\":\"PropertyValueSpecification\",\"valueRequired\":true,\"valueName\":\"search_term_string\"}}],\"inLanguage\":\"en-GB\"},{\"@type\":\"Organization\",\"@id\":\"https:\/\/www.emballagedigest.fr\/#organization\",\"name\":\"Emballage Digest\",\"url\":\"https:\/\/www.emballagedigest.fr\/\",\"logo\":{\"@type\":\"ImageObject\",\"inLanguage\":\"en-GB\",\"@id\":\"https:\/\/www.emballagedigest.fr\/#\/schema\/logo\/image\/\",\"url\":\"https:\/\/www.emballagedigest.fr\/wp-content\/uploads\/2022\/07\/logo-ed.png\",\"contentUrl\":\"https:\/\/www.emballagedigest.fr\/wp-content\/uploads\/2022\/07\/logo-ed.png\",\"width\":379,\"height\":75,\"caption\":\"Emballage Digest\"},\"image\":{\"@id\":\"https:\/\/www.emballagedigest.fr\/#\/schema\/logo\/image\/\"}},{\"@type\":\"Person\",\"@id\":\"https:\/\/www.emballagedigest.fr\/#\/schema\/person\/76abe9f2b2ee4d3d520594c7a35da59f\",\"name\":\"Karine Duval\",\"image\":{\"@type\":\"ImageObject\",\"inLanguage\":\"en-GB\",\"@id\":\"https:\/\/www.emballagedigest.fr\/#\/schema\/person\/image\/\",\"url\":\"https:\/\/secure.gravatar.com\/avatar\/f552799261cdd2e076e6677d780ef07bdb13aa4c196ab75b39abcbcdcae2d4e5?s=96&d=mm&r=g\",\"contentUrl\":\"https:\/\/secure.gravatar.com\/avatar\/f552799261cdd2e076e6677d780ef07bdb13aa4c196ab75b39abcbcdcae2d4e5?s=96&d=mm&r=g\",\"caption\":\"Karine Duval\"},\"url\":\"https:\/\/www.emballagedigest.fr\/en\/author\/admin_karduv\/\"}]}<\/script>\n<!-- \/ Yoast SEO plugin. -->","yoast_head_json":{"title":"Act Beauty acc\u00e9l\u00e8re sur le maquillage et le soin full service - Emballage Digest","robots":{"index":"index","follow":"follow","max-snippet":"max-snippet:-1","max-image-preview":"max-image-preview:large","max-video-preview":"max-video-preview:-1"},"canonical":"https:\/\/www.emballagedigest.fr\/en\/act-beauty-accelere-sur-le-maquillage-et-le-soin-full-service\/","og_locale":"en_GB","og_type":"article","og_title":"Act Beauty acc\u00e9l\u00e8re sur le maquillage et le soin full service - Emballage Digest","og_description":"Act Beauty expose \u00e0 MakeUp in New York pour la premi\u00e8re fois, les 16 et 17 septembre 2026. A cette occasion, le groupe fran\u00e7ais revient sur les ambitions de sa Business Unit cosm\u00e9tique. Avec le rachat de Lavay en 2024, Act Beauty a franchi une nouvelle \u00e9tape de son expansion et affirme une ambition port\u00e9e [&hellip;]","og_url":"https:\/\/www.emballagedigest.fr\/en\/act-beauty-accelere-sur-le-maquillage-et-le-soin-full-service\/","og_site_name":"Emballage Digest","article_published_time":"2026-09-03T06:20:29+00:00","article_modified_time":"2026-09-03T06:20:31+00:00","og_image":[{"width":800,"height":600,"url":"https:\/\/www.emballagedigest.fr\/wp-content\/uploads\/2026\/09\/ACT-BEAUTY1.jpg","type":"image\/jpeg"}],"author":"Karine Duval","twitter_card":"summary_large_image","twitter_misc":{"Written by":"Karine Duval","Estimated reading time":"3 minutes"},"schema":{"@context":"https:\/\/schema.org","@graph":[{"@type":"Article","@id":"https:\/\/www.emballagedigest.fr\/act-beauty-accelere-sur-le-maquillage-et-le-soin-full-service\/#article","isPartOf":{"@id":"https:\/\/www.emballagedigest.fr\/act-beauty-accelere-sur-le-maquillage-et-le-soin-full-service\/"},"author":{"name":"Karine Duval","@id":"https:\/\/www.emballagedigest.fr\/#\/schema\/person\/76abe9f2b2ee4d3d520594c7a35da59f"},"headline":"Act Beauty acc\u00e9l\u00e8re sur le maquillage et le soin full service","datePublished":"2026-09-03T06:20:29+00:00","dateModified":"2026-09-03T06:20:31+00:00","mainEntityOfPage":{"@id":"https:\/\/www.emballagedigest.fr\/act-beauty-accelere-sur-le-maquillage-et-le-soin-full-service\/"},"wordCount":475,"publisher":{"@id":"https:\/\/www.emballagedigest.fr\/#organization"},"image":{"@id":"https:\/\/www.emballagedigest.fr\/act-beauty-accelere-sur-le-maquillage-et-le-soin-full-service\/#primaryimage"},"thumbnailUrl":"https:\/\/www.emballagedigest.fr\/wp-content\/uploads\/2026\/09\/ACT-BEAUTY1.jpg","articleSection":["Article entier","Article \u00e9pingl\u00e9","Packaging","Parfumerie &amp; Cosm\u00e9tique"],"inLanguage":"en-GB"},{"@type":"WebPage","@id":"https:\/\/www.emballagedigest.fr\/act-beauty-accelere-sur-le-maquillage-et-le-soin-full-service\/","url":"https:\/\/www.emballagedigest.fr\/act-beauty-accelere-sur-le-maquillage-et-le-soin-full-service\/","name":"Act Beauty acc\u00e9l\u00e8re sur le maquillage et le soin full service - Emballage Digest","isPartOf":{"@id":"https:\/\/www.emballagedigest.fr\/#website"},"primaryImageOfPage":{"@id":"https:\/\/www.emballagedigest.fr\/act-beauty-accelere-sur-le-maquillage-et-le-soin-full-service\/#primaryimage"},"image":{"@id":"https:\/\/www.emballagedigest.fr\/act-beauty-accelere-sur-le-maquillage-et-le-soin-full-service\/#primaryimage"},"thumbnailUrl":"https:\/\/www.emballagedigest.fr\/wp-content\/uploads\/2026\/09\/ACT-BEAUTY1.jpg","datePublished":"2026-09-03T06:20:29+00:00","dateModified":"2026-09-03T06:20:31+00:00","breadcrumb":{"@id":"https:\/\/www.emballagedigest.fr\/act-beauty-accelere-sur-le-maquillage-et-le-soin-full-service\/#breadcrumb"},"inLanguage":"en-GB","potentialAction":[{"@type":"ReadAction","target":["https:\/\/www.emballagedigest.fr\/act-beauty-accelere-sur-le-maquillage-et-le-soin-full-service\/"]}]},{"@type":"ImageObject","inLanguage":"en-GB","@id":"https:\/\/www.emballagedigest.fr\/act-beauty-accelere-sur-le-maquillage-et-le-soin-full-service\/#primaryimage","url":"https:\/\/www.emballagedigest.fr\/wp-content\/uploads\/2026\/09\/ACT-BEAUTY1.jpg","contentUrl":"https:\/\/www.emballagedigest.fr\/wp-content\/uploads\/2026\/09\/ACT-BEAUTY1.jpg","width":800,"height":600},{"@type":"BreadcrumbList","@id":"https:\/\/www.emballagedigest.fr\/act-beauty-accelere-sur-le-maquillage-et-le-soin-full-service\/#breadcrumb","itemListElement":[{"@type":"ListItem","position":1,"name":"Accueil","item":"https:\/\/www.emballagedigest.fr\/"},{"@type":"ListItem","position":2,"name":"Act Beauty acc\u00e9l\u00e8re sur le maquillage et le soin full service"}]},{"@type":"WebSite","@id":"https:\/\/www.emballagedigest.fr\/#website","url":"https:\/\/www.emballagedigest.fr\/","name":"Emballage Digest","description":"Revue professionnelle sur les emballages","publisher":{"@id":"https:\/\/www.emballagedigest.fr\/#organization"},"potentialAction":[{"@type":"SearchAction","target":{"@type":"EntryPoint","urlTemplate":"https:\/\/www.emballagedigest.fr\/?s={search_term_string}"},"query-input":{"@type":"PropertyValueSpecification","valueRequired":true,"valueName":"search_term_string"}}],"inLanguage":"en-GB"},{"@type":"Organization","@id":"https:\/\/www.emballagedigest.fr\/#organization","name":"Emballage Digest","url":"https:\/\/www.emballagedigest.fr\/","logo":{"@type":"ImageObject","inLanguage":"en-GB","@id":"https:\/\/www.emballagedigest.fr\/#\/schema\/logo\/image\/","url":"https:\/\/www.emballagedigest.fr\/wp-content\/uploads\/2022\/07\/logo-ed.png","contentUrl":"https:\/\/www.emballagedigest.fr\/wp-content\/uploads\/2022\/07\/logo-ed.png","width":379,"height":75,"caption":"Emballage Digest"},"image":{"@id":"https:\/\/www.emballagedigest.fr\/#\/schema\/logo\/image\/"}},{"@type":"Person","@id":"https:\/\/www.emballagedigest.fr\/#\/schema\/person\/76abe9f2b2ee4d3d520594c7a35da59f","name":"Karine Duval","image":{"@type":"ImageObject","inLanguage":"en-GB","@id":"https:\/\/www.emballagedigest.fr\/#\/schema\/person\/image\/","url":"https:\/\/secure.gravatar.com\/avatar\/f552799261cdd2e076e6677d780ef07bdb13aa4c196ab75b39abcbcdcae2d4e5?s=96&d=mm&r=g","contentUrl":"https:\/\/secure.gravatar.com\/avatar\/f552799261cdd2e076e6677d780ef07bdb13aa4c196ab75b39abcbcdcae2d4e5?s=96&d=mm&r=g","caption":"Karine Duval"},"url":"https:\/\/www.emballagedigest.fr\/en\/author\/admin_karduv\/"}]}},"_links":{"self":[{"href":"https:\/\/www.emballagedigest.fr\/en\/wp-json\/wp\/v2\/posts\/48808","targetHints":{"allow":["GET"]}}],"collection":[{"href":"https:\/\/www.emballagedigest.fr\/en\/wp-json\/wp\/v2\/posts"}],"about":[{"href":"https:\/\/www.emballagedigest.fr\/en\/wp-json\/wp\/v2\/types\/post"}],"author":[{"embeddable":true,"href":"https:\/\/www.emballagedigest.fr\/en\/wp-json\/wp\/v2\/users\/2"}],"replies":[{"embeddable":true,"href":"https:\/\/www.emballagedigest.fr\/en\/wp-json\/wp\/v2\/comments?post=48808"}],"version-history":[{"count":1,"href":"https:\/\/www.emballagedigest.fr\/en\/wp-json\/wp\/v2\/posts\/48808\/revisions"}],"predecessor-version":[{"id":48811,"href":"https:\/\/www.emballagedigest.fr\/en\/wp-json\/wp\/v2\/posts\/48808\/revisions\/48811"}],"wp:featuredmedia":[{"embeddable":true,"href":"https:\/\/www.emballagedigest.fr\/en\/wp-json\/wp\/v2\/media\/48809"}],"wp:attachment":[{"href":"https:\/\/www.emballagedigest.fr\/en\/wp-json\/wp\/v2\/media?parent=48808"}],"wp:term":[{"taxonomy":"category","embeddable":true,"href":"https:\/\/www.emballagedigest.fr\/en\/wp-json\/wp\/v2\/categories?post=48808"},{"taxonomy":"post_tag","embeddable":true,"href":"https:\/\/www.emballagedigest.fr\/en\/wp-json\/wp\/v2\/tags?post=48808"}],"curies":[{"name":"wp","href":"https:\/\/api.w.org\/{rel}","templated":true}]}}