{"id":48812,"date":"2026-09-03T08:25:28","date_gmt":"2026-09-03T06:25:28","guid":{"rendered":"https:\/\/www.emballagedigest.fr\/?p=48812"},"modified":"2026-09-03T08:25:30","modified_gmt":"2026-09-03T06:25:30","slug":"derniere-ligne-droite-pour-le-salon-luxe-pack-monaco","status":"publish","type":"post","link":"https:\/\/www.emballagedigest.fr\/en\/derniere-ligne-droite-pour-le-salon-luxe-pack-monaco\/","title":{"rendered":"Derni\u00e8re ligne droite pour le salon Luxe Pack Monaco"},"content":{"rendered":"<p class=\"wp-block-paragraph\"><strong>Le rendez-vous international pour les marques et les fabricants du packaging premium se tiendra du 28 au 30 septembre 2026 au Grimaldi Forum. Pour cette nouvelle \u00e9dition, Luxe Pack Monaco enrichit l\u2019exp\u00e9rience salon avec de nouveaux services, nouveaux formats de contenu et une s\u00e9lection d\u2019exposants toujours plus exigeante.<\/strong><\/p>\n\n\n\n<p class=\"wp-block-paragraph\">Depuis pr\u00e8s de quarante ans, Luxe Pack Monaco s\u2019est impos\u00e9 comme un rendez-vous unique o\u00f9, pendant trois jours, marques et fournisseurs se retrouvent loin du rythme quotidien pour prendre du recul, identifier les innovations qui comptent et construire les collaborations de demain. Des maisons ind\u00e9pendantes aux groupes interm\u00e9diaires jusqu\u2019aux grands conglom\u00e9rats internationaux, le salon rassemble des partenaires d\u2019exception, des marques en forte croissance et des leaders mondiaux autour de fournisseurs s\u00e9lectionn\u00e9s avec soin. Chaque exposant est choisi pour sa fiabilit\u00e9, son expertise et sa capacit\u00e9 \u00e0 r\u00e9pondre aux exigences des marques de luxe. Parmi les visiteurs d\u00e9j\u00e0 confirm\u00e9s figurent notamment des repr\u00e9sentants de Champagne Telmont, Clarins, Coty, Diageo, Dior, Diptyque, Harrods, Herm\u00e8s, Kering, Laboratoires Embryolisse, L\u2019Or\u00e9al, LVMH, Medusine, Pol Roger, PUIG, Richemont, Rituals, UMAI, Unilever parmi d\u2019autres.<\/p>\n\n\n\n<p class=\"wp-block-paragraph\">Ce travail de s\u00e9lection en amont permet aux visiteurs de concentrer leur temps sur des partenaires qualifi\u00e9s et des solutions pertinentes. Dans un contexte marqu\u00e9 par la qualit\u00e9, la s\u00e9curisation des approvisionnements, la souverainet\u00e9 industrielle, la ma\u00eetrise des co\u00fbts et la responsabilit\u00e9 environnementale, cette exigence n\u2019a jamais \u00e9t\u00e9 aussi strat\u00e9gique. Au-del\u00e0 de exposants fid\u00e8les au salon, l\u2019\u00e9dition 2026 accueille de nouveaux exposants : All4Labels Italy, APR Packaging, BN International, Caesar Crystal, CN Industrie, Curated Sourcing, Edvanex, GCA Spirits, G.F Smith, Oskar Karla, Sirene, Spindler GmbH, Unitrade, Vaider Group et Veritiv.<\/p>\n\n\n\n<p class=\"wp-block-paragraph\"><em>\u00ab Le luxe avance aujourd\u2019hui dans un environnement instable : tensions sur les approvisionnements, pression r\u00e9glementaire et environnementale, recomposition des march\u00e9s mondiaux. Dans ce contexte, la vocation de Luxe Pack Monaco est claire : r\u00e9unir, en trois jours et au m\u00eame endroit, les industriels et les marques qui construisent les r\u00e9ponses de demain \u00bb,<\/em> explique Fabienne Germond, Directrice du salon.<\/p>\n\n\n\n<p class=\"wp-block-paragraph\">C\u00f4t\u00e9 animations, l\u2019\u00e9dition 2026 propose plus de 15 conf\u00e9rences et prises de parole, construites avec des partenaires de r\u00e9f\u00e9rence, parmi lesquels British Beauty Council, Centdegres China, Fragonard, Le Journal du Luxe, Make a Mark et Nuon Medical. Le programme s\u2019articule autour de quatre grandes th\u00e9matiques : le savoir-faire, le design et la d\u00e9sirabilit\u00e9 ; la preuve plut\u00f4t que la promesse en mati\u00e8re de durabilit\u00e9 ; la nouvelle cartographie internationale du luxe ; et les innovations qui fa\u00e7onnent l\u2019avenir du packaging. Les \u00e9changes aborderont les \u00e9volutions des attentes des consommateurs, les nouveaux march\u00e9s, les innovations packaging, les enjeux r\u00e9glementaires li\u00e9s au PPWR ainsi que les nouvelles approches du design \u00e9coresponsable.<br>Grande nouveaut\u00e9 de cette \u00e9dition, Innovation Unpacked proposera deux sessions au cours desquelles un jury d\u2019experts (LVHM, Interparfums, Diageo, L\u2019Or\u00e9al) mettra en lumi\u00e8re les innovations exclusives pr\u00e9sent\u00e9es par les exposants. Objectif : permettre aux visiteurs d\u2019identifier rapidement les avanc\u00e9es les plus marquantes du secteur et les solutions susceptibles d\u2019impacter durablement leurs strat\u00e9gies packaging.<br>Pour faciliter la visite du salon, Luxe Pack Monaco d\u00e9ploie un \u00e9ventail d\u2019outils digitaux : Digital Smart MatchMaking, qui recommande des exposants selon les objectifs et centres d\u2019int\u00e9r\u00eat des visiteurs ; Rendez-vous 1to1 pr\u00e9-planifi\u00e9s, fond\u00e9s sur une compatibilit\u00e9 strat\u00e9gique valid\u00e9e entre les participants ; Service de conciergerie d\u00e9di\u00e9, pour les marques ; et Application Luxepack Keeptrack, pour retrouver apr\u00e8s le salon les pr\u00e9sentations et ressources cl\u00e9s.<br>Autre nouveaut\u00e9 de l\u2019\u00e9dition 2026, les Learning Exp\u00e9ditions proposent des parcours th\u00e9matiques aux visiteurs ; Pi\u00e8ces d&rsquo;exception, d\u00e9di\u00e9 aux savoir-faire d\u2019exception et aux pi\u00e8ces les plus rares ; Nouveaux Mat\u00e9riaux, ax\u00e9 sur les innovations mat\u00e9riaux ; Refill &amp; Reuse, consacr\u00e9 aux solutions de recharge et de r\u00e9emploi.<\/p>\n\n\n\n<p class=\"wp-block-paragraph\">Par ailleurs, Luxe Pack Monaco reconduit les dispositifs qui ont rencontr\u00e9 un fort succ\u00e8s en 2025 :<br>\u2022 The Portal, espace d\u00e9di\u00e9 aux nouvelles technologies et aux nouveaux mat\u00e9riaux, avec notamment AURAVEO by Koenig &amp; Bauer Kyana, Injectose, Intellweb, Krill Design et Treetote ;<br>&#8211; Col\u2019Lab, programme de workshops collaboratifs ;<br>&#8211; Luxe Pack in Green Awards, qui r\u00e9compensent les initiatives les plus vertueuses ;<br>&#8211; Make a Mark, qui rassemble les studios de design d\u2019emballages premium les plus visionnaires au monde ;<br>&#8211; La Fabrique Singuli\u00e8re, exposition mettant \u00e0 l\u2019honneur les savoir-faire d\u2019exception, la raret\u00e9 et la d\u00e9sirabilit\u00e9.<\/p>\n\n\n\n<p class=\"wp-block-paragraph\">Enfin, organis\u00e9 en partenariat avec Formes de Luxe, un petit-d\u00e9jeuner r\u00e9unira d\u00e9cideurs, industriels et repr\u00e9sentants institutionnels autour d\u2019une question devenue centrale : comment pr\u00e9server la cha\u00eene de valeur du luxe europ\u00e9en et relocaliser intelligemment certaines productions sans compromettre la comp\u00e9titivit\u00e9 \u00e9conomique ? Cette rencontre apportera un \u00e9clairage in\u00e9dit sur les enjeux de souverainet\u00e9 industrielle, de s\u00e9curisation des approvisionnements et de transformation de la cha\u00eene de valeur du packaging de luxe.<\/p>\n\n\n\n<p class=\"wp-block-paragraph\"><strong>Pour aller plus loin&nbsp;:<\/strong><\/p>\n\n\n\n<figure class=\"wp-block-embed is-type-wp-embed is-provider-emballage-digest wp-block-embed-emballage-digest\"><div class=\"wp-block-embed__wrapper\">\n<blockquote class=\"wp-embedded-content\" data-secret=\"rINit6svUd\"><a href=\"https:\/\/www.emballagedigest.fr\/en\/luxe-pack-monaco-se-reinvente\/\">Luxe Pack Monaco se r\u00e9invente<\/a><\/blockquote><iframe loading=\"lazy\" class=\"wp-embedded-content\" sandbox=\"allow-scripts\" security=\"restricted\" style=\"position: absolute; visibility: hidden;\" title=\"\u00ab\u00a0Luxe Pack Monaco se r\u00e9invente\u00a0\u00bb \u2014 Emballage Digest\" src=\"https:\/\/www.emballagedigest.fr\/luxe-pack-monaco-se-reinvente\/embed\/#?secret=jrCmnOw1gC#?secret=rINit6svUd\" data-secret=\"rINit6svUd\" width=\"500\" height=\"282\" frameborder=\"0\" marginwidth=\"0\" marginheight=\"0\" scrolling=\"no\"><\/iframe>\n<\/div><\/figure>\n\n\n\n<p class=\"wp-block-paragraph\"><\/p>","protected":false},"excerpt":{"rendered":"<p>Le rendez-vous international pour les marques et les fabricants du packaging premium se tiendra du 28 au 30 septembre 2026 au Grimaldi Forum. Pour cette nouvelle \u00e9dition, Luxe Pack Monaco enrichit l\u2019exp\u00e9rience salon avec de nouveaux services, nouveaux formats de contenu et une s\u00e9lection d\u2019exposants toujours plus exigeante. Depuis pr\u00e8s de quarante ans, Luxe Pack [&hellip;]<\/p>","protected":false},"author":2,"featured_media":48813,"comment_status":"closed","ping_status":"closed","sticky":false,"template":"","format":"standard","meta":{"_acf_changed":false,"inline_featured_image":false,"iawp_total_views":3,"footnotes":""},"categories":[28,81,6,72],"tags":[],"class_list":["post-48812","post","type-post","status-publish","format-standard","has-post-thumbnail","hentry","category-article-entier","category-packaging","category-parfumerie-cosmetique","category-salon"],"acf":[],"yoast_head":"<!-- This site is optimized with the Yoast SEO plugin v24.4 - https:\/\/yoast.com\/wordpress\/plugins\/seo\/ -->\n<title>Derni\u00e8re ligne droite pour le salon Luxe Pack Monaco - Emballage Digest<\/title>\n<meta name=\"robots\" content=\"index, follow, max-snippet:-1, max-image-preview:large, max-video-preview:-1\" \/>\n<link rel=\"canonical\" href=\"https:\/\/www.emballagedigest.fr\/en\/derniere-ligne-droite-pour-le-salon-luxe-pack-monaco\/\" \/>\n<meta property=\"og:locale\" content=\"en_GB\" \/>\n<meta property=\"og:type\" content=\"article\" \/>\n<meta property=\"og:title\" content=\"Derni\u00e8re ligne droite pour le salon Luxe Pack Monaco - Emballage Digest\" \/>\n<meta property=\"og:description\" content=\"Le rendez-vous international pour les marques et les fabricants du packaging premium se tiendra du 28 au 30 septembre 2026 au Grimaldi Forum. Pour cette nouvelle \u00e9dition, Luxe Pack Monaco enrichit l\u2019exp\u00e9rience salon avec de nouveaux services, nouveaux formats de contenu et une s\u00e9lection d\u2019exposants toujours plus exigeante. Depuis pr\u00e8s de quarante ans, Luxe Pack [&hellip;]\" \/>\n<meta property=\"og:url\" content=\"https:\/\/www.emballagedigest.fr\/en\/derniere-ligne-droite-pour-le-salon-luxe-pack-monaco\/\" \/>\n<meta property=\"og:site_name\" content=\"Emballage Digest\" \/>\n<meta property=\"article:published_time\" content=\"2026-09-03T06:25:28+00:00\" \/>\n<meta property=\"article:modified_time\" content=\"2026-09-03T06:25:30+00:00\" \/>\n<meta property=\"og:image\" content=\"https:\/\/www.emballagedigest.fr\/wp-content\/uploads\/2026\/09\/luxePack.jpg\" \/>\n\t<meta property=\"og:image:width\" content=\"800\" \/>\n\t<meta property=\"og:image:height\" content=\"532\" \/>\n\t<meta property=\"og:image:type\" content=\"image\/jpeg\" \/>\n<meta name=\"author\" content=\"Karine Duval\" \/>\n<meta name=\"twitter:card\" content=\"summary_large_image\" \/>\n<meta name=\"twitter:label1\" content=\"Written by\" \/>\n\t<meta name=\"twitter:data1\" content=\"Karine Duval\" \/>\n\t<meta name=\"twitter:label2\" content=\"Estimated reading time\" \/>\n\t<meta name=\"twitter:data2\" content=\"5 minutes\" \/>\n<script type=\"application\/ld+json\" class=\"yoast-schema-graph\">{\"@context\":\"https:\/\/schema.org\",\"@graph\":[{\"@type\":\"Article\",\"@id\":\"https:\/\/www.emballagedigest.fr\/derniere-ligne-droite-pour-le-salon-luxe-pack-monaco\/#article\",\"isPartOf\":{\"@id\":\"https:\/\/www.emballagedigest.fr\/derniere-ligne-droite-pour-le-salon-luxe-pack-monaco\/\"},\"author\":{\"name\":\"Karine Duval\",\"@id\":\"https:\/\/www.emballagedigest.fr\/#\/schema\/person\/76abe9f2b2ee4d3d520594c7a35da59f\"},\"headline\":\"Derni\u00e8re ligne droite pour le salon Luxe Pack Monaco\",\"datePublished\":\"2026-09-03T06:25:28+00:00\",\"dateModified\":\"2026-09-03T06:25:30+00:00\",\"mainEntityOfPage\":{\"@id\":\"https:\/\/www.emballagedigest.fr\/derniere-ligne-droite-pour-le-salon-luxe-pack-monaco\/\"},\"wordCount\":864,\"publisher\":{\"@id\":\"https:\/\/www.emballagedigest.fr\/#organization\"},\"image\":{\"@id\":\"https:\/\/www.emballagedigest.fr\/derniere-ligne-droite-pour-le-salon-luxe-pack-monaco\/#primaryimage\"},\"thumbnailUrl\":\"https:\/\/www.emballagedigest.fr\/wp-content\/uploads\/2026\/09\/luxePack.jpg\",\"articleSection\":[\"Article entier\",\"Packaging\",\"Parfumerie &amp; Cosm\u00e9tique\",\"Salon\"],\"inLanguage\":\"en-GB\"},{\"@type\":\"WebPage\",\"@id\":\"https:\/\/www.emballagedigest.fr\/derniere-ligne-droite-pour-le-salon-luxe-pack-monaco\/\",\"url\":\"https:\/\/www.emballagedigest.fr\/derniere-ligne-droite-pour-le-salon-luxe-pack-monaco\/\",\"name\":\"Derni\u00e8re ligne droite pour le salon Luxe Pack Monaco - Emballage Digest\",\"isPartOf\":{\"@id\":\"https:\/\/www.emballagedigest.fr\/#website\"},\"primaryImageOfPage\":{\"@id\":\"https:\/\/www.emballagedigest.fr\/derniere-ligne-droite-pour-le-salon-luxe-pack-monaco\/#primaryimage\"},\"image\":{\"@id\":\"https:\/\/www.emballagedigest.fr\/derniere-ligne-droite-pour-le-salon-luxe-pack-monaco\/#primaryimage\"},\"thumbnailUrl\":\"https:\/\/www.emballagedigest.fr\/wp-content\/uploads\/2026\/09\/luxePack.jpg\",\"datePublished\":\"2026-09-03T06:25:28+00:00\",\"dateModified\":\"2026-09-03T06:25:30+00:00\",\"breadcrumb\":{\"@id\":\"https:\/\/www.emballagedigest.fr\/derniere-ligne-droite-pour-le-salon-luxe-pack-monaco\/#breadcrumb\"},\"inLanguage\":\"en-GB\",\"potentialAction\":[{\"@type\":\"ReadAction\",\"target\":[\"https:\/\/www.emballagedigest.fr\/derniere-ligne-droite-pour-le-salon-luxe-pack-monaco\/\"]}]},{\"@type\":\"ImageObject\",\"inLanguage\":\"en-GB\",\"@id\":\"https:\/\/www.emballagedigest.fr\/derniere-ligne-droite-pour-le-salon-luxe-pack-monaco\/#primaryimage\",\"url\":\"https:\/\/www.emballagedigest.fr\/wp-content\/uploads\/2026\/09\/luxePack.jpg\",\"contentUrl\":\"https:\/\/www.emballagedigest.fr\/wp-content\/uploads\/2026\/09\/luxePack.jpg\",\"width\":800,\"height\":532},{\"@type\":\"BreadcrumbList\",\"@id\":\"https:\/\/www.emballagedigest.fr\/derniere-ligne-droite-pour-le-salon-luxe-pack-monaco\/#breadcrumb\",\"itemListElement\":[{\"@type\":\"ListItem\",\"position\":1,\"name\":\"Accueil\",\"item\":\"https:\/\/www.emballagedigest.fr\/\"},{\"@type\":\"ListItem\",\"position\":2,\"name\":\"Derni\u00e8re ligne droite pour le salon Luxe Pack Monaco\"}]},{\"@type\":\"WebSite\",\"@id\":\"https:\/\/www.emballagedigest.fr\/#website\",\"url\":\"https:\/\/www.emballagedigest.fr\/\",\"name\":\"Emballage Digest\",\"description\":\"Revue professionnelle sur les emballages\",\"publisher\":{\"@id\":\"https:\/\/www.emballagedigest.fr\/#organization\"},\"potentialAction\":[{\"@type\":\"SearchAction\",\"target\":{\"@type\":\"EntryPoint\",\"urlTemplate\":\"https:\/\/www.emballagedigest.fr\/?s={search_term_string}\"},\"query-input\":{\"@type\":\"PropertyValueSpecification\",\"valueRequired\":true,\"valueName\":\"search_term_string\"}}],\"inLanguage\":\"en-GB\"},{\"@type\":\"Organization\",\"@id\":\"https:\/\/www.emballagedigest.fr\/#organization\",\"name\":\"Emballage Digest\",\"url\":\"https:\/\/www.emballagedigest.fr\/\",\"logo\":{\"@type\":\"ImageObject\",\"inLanguage\":\"en-GB\",\"@id\":\"https:\/\/www.emballagedigest.fr\/#\/schema\/logo\/image\/\",\"url\":\"https:\/\/www.emballagedigest.fr\/wp-content\/uploads\/2022\/07\/logo-ed.png\",\"contentUrl\":\"https:\/\/www.emballagedigest.fr\/wp-content\/uploads\/2022\/07\/logo-ed.png\",\"width\":379,\"height\":75,\"caption\":\"Emballage Digest\"},\"image\":{\"@id\":\"https:\/\/www.emballagedigest.fr\/#\/schema\/logo\/image\/\"}},{\"@type\":\"Person\",\"@id\":\"https:\/\/www.emballagedigest.fr\/#\/schema\/person\/76abe9f2b2ee4d3d520594c7a35da59f\",\"name\":\"Karine Duval\",\"image\":{\"@type\":\"ImageObject\",\"inLanguage\":\"en-GB\",\"@id\":\"https:\/\/www.emballagedigest.fr\/#\/schema\/person\/image\/\",\"url\":\"https:\/\/secure.gravatar.com\/avatar\/f552799261cdd2e076e6677d780ef07bdb13aa4c196ab75b39abcbcdcae2d4e5?s=96&d=mm&r=g\",\"contentUrl\":\"https:\/\/secure.gravatar.com\/avatar\/f552799261cdd2e076e6677d780ef07bdb13aa4c196ab75b39abcbcdcae2d4e5?s=96&d=mm&r=g\",\"caption\":\"Karine Duval\"},\"url\":\"https:\/\/www.emballagedigest.fr\/en\/author\/admin_karduv\/\"}]}<\/script>\n<!-- \/ Yoast SEO plugin. -->","yoast_head_json":{"title":"Derni\u00e8re ligne droite pour le salon Luxe Pack Monaco - Emballage Digest","robots":{"index":"index","follow":"follow","max-snippet":"max-snippet:-1","max-image-preview":"max-image-preview:large","max-video-preview":"max-video-preview:-1"},"canonical":"https:\/\/www.emballagedigest.fr\/en\/derniere-ligne-droite-pour-le-salon-luxe-pack-monaco\/","og_locale":"en_GB","og_type":"article","og_title":"Derni\u00e8re ligne droite pour le salon Luxe Pack Monaco - Emballage Digest","og_description":"Le rendez-vous international pour les marques et les fabricants du packaging premium se tiendra du 28 au 30 septembre 2026 au Grimaldi Forum. Pour cette nouvelle \u00e9dition, Luxe Pack Monaco enrichit l\u2019exp\u00e9rience salon avec de nouveaux services, nouveaux formats de contenu et une s\u00e9lection d\u2019exposants toujours plus exigeante. Depuis pr\u00e8s de quarante ans, Luxe Pack [&hellip;]","og_url":"https:\/\/www.emballagedigest.fr\/en\/derniere-ligne-droite-pour-le-salon-luxe-pack-monaco\/","og_site_name":"Emballage Digest","article_published_time":"2026-09-03T06:25:28+00:00","article_modified_time":"2026-09-03T06:25:30+00:00","og_image":[{"width":800,"height":532,"url":"https:\/\/www.emballagedigest.fr\/wp-content\/uploads\/2026\/09\/luxePack.jpg","type":"image\/jpeg"}],"author":"Karine Duval","twitter_card":"summary_large_image","twitter_misc":{"Written by":"Karine Duval","Estimated reading time":"5 minutes"},"schema":{"@context":"https:\/\/schema.org","@graph":[{"@type":"Article","@id":"https:\/\/www.emballagedigest.fr\/derniere-ligne-droite-pour-le-salon-luxe-pack-monaco\/#article","isPartOf":{"@id":"https:\/\/www.emballagedigest.fr\/derniere-ligne-droite-pour-le-salon-luxe-pack-monaco\/"},"author":{"name":"Karine Duval","@id":"https:\/\/www.emballagedigest.fr\/#\/schema\/person\/76abe9f2b2ee4d3d520594c7a35da59f"},"headline":"Derni\u00e8re ligne droite pour le salon Luxe Pack Monaco","datePublished":"2026-09-03T06:25:28+00:00","dateModified":"2026-09-03T06:25:30+00:00","mainEntityOfPage":{"@id":"https:\/\/www.emballagedigest.fr\/derniere-ligne-droite-pour-le-salon-luxe-pack-monaco\/"},"wordCount":864,"publisher":{"@id":"https:\/\/www.emballagedigest.fr\/#organization"},"image":{"@id":"https:\/\/www.emballagedigest.fr\/derniere-ligne-droite-pour-le-salon-luxe-pack-monaco\/#primaryimage"},"thumbnailUrl":"https:\/\/www.emballagedigest.fr\/wp-content\/uploads\/2026\/09\/luxePack.jpg","articleSection":["Article entier","Packaging","Parfumerie &amp; Cosm\u00e9tique","Salon"],"inLanguage":"en-GB"},{"@type":"WebPage","@id":"https:\/\/www.emballagedigest.fr\/derniere-ligne-droite-pour-le-salon-luxe-pack-monaco\/","url":"https:\/\/www.emballagedigest.fr\/derniere-ligne-droite-pour-le-salon-luxe-pack-monaco\/","name":"Derni\u00e8re ligne droite pour le salon Luxe Pack Monaco - Emballage Digest","isPartOf":{"@id":"https:\/\/www.emballagedigest.fr\/#website"},"primaryImageOfPage":{"@id":"https:\/\/www.emballagedigest.fr\/derniere-ligne-droite-pour-le-salon-luxe-pack-monaco\/#primaryimage"},"image":{"@id":"https:\/\/www.emballagedigest.fr\/derniere-ligne-droite-pour-le-salon-luxe-pack-monaco\/#primaryimage"},"thumbnailUrl":"https:\/\/www.emballagedigest.fr\/wp-content\/uploads\/2026\/09\/luxePack.jpg","datePublished":"2026-09-03T06:25:28+00:00","dateModified":"2026-09-03T06:25:30+00:00","breadcrumb":{"@id":"https:\/\/www.emballagedigest.fr\/derniere-ligne-droite-pour-le-salon-luxe-pack-monaco\/#breadcrumb"},"inLanguage":"en-GB","potentialAction":[{"@type":"ReadAction","target":["https:\/\/www.emballagedigest.fr\/derniere-ligne-droite-pour-le-salon-luxe-pack-monaco\/"]}]},{"@type":"ImageObject","inLanguage":"en-GB","@id":"https:\/\/www.emballagedigest.fr\/derniere-ligne-droite-pour-le-salon-luxe-pack-monaco\/#primaryimage","url":"https:\/\/www.emballagedigest.fr\/wp-content\/uploads\/2026\/09\/luxePack.jpg","contentUrl":"https:\/\/www.emballagedigest.fr\/wp-content\/uploads\/2026\/09\/luxePack.jpg","width":800,"height":532},{"@type":"BreadcrumbList","@id":"https:\/\/www.emballagedigest.fr\/derniere-ligne-droite-pour-le-salon-luxe-pack-monaco\/#breadcrumb","itemListElement":[{"@type":"ListItem","position":1,"name":"Accueil","item":"https:\/\/www.emballagedigest.fr\/"},{"@type":"ListItem","position":2,"name":"Derni\u00e8re ligne droite pour le salon Luxe Pack Monaco"}]},{"@type":"WebSite","@id":"https:\/\/www.emballagedigest.fr\/#website","url":"https:\/\/www.emballagedigest.fr\/","name":"Emballage Digest","description":"Revue professionnelle sur les emballages","publisher":{"@id":"https:\/\/www.emballagedigest.fr\/#organization"},"potentialAction":[{"@type":"SearchAction","target":{"@type":"EntryPoint","urlTemplate":"https:\/\/www.emballagedigest.fr\/?s={search_term_string}"},"query-input":{"@type":"PropertyValueSpecification","valueRequired":true,"valueName":"search_term_string"}}],"inLanguage":"en-GB"},{"@type":"Organization","@id":"https:\/\/www.emballagedigest.fr\/#organization","name":"Emballage Digest","url":"https:\/\/www.emballagedigest.fr\/","logo":{"@type":"ImageObject","inLanguage":"en-GB","@id":"https:\/\/www.emballagedigest.fr\/#\/schema\/logo\/image\/","url":"https:\/\/www.emballagedigest.fr\/wp-content\/uploads\/2022\/07\/logo-ed.png","contentUrl":"https:\/\/www.emballagedigest.fr\/wp-content\/uploads\/2022\/07\/logo-ed.png","width":379,"height":75,"caption":"Emballage Digest"},"image":{"@id":"https:\/\/www.emballagedigest.fr\/#\/schema\/logo\/image\/"}},{"@type":"Person","@id":"https:\/\/www.emballagedigest.fr\/#\/schema\/person\/76abe9f2b2ee4d3d520594c7a35da59f","name":"Karine Duval","image":{"@type":"ImageObject","inLanguage":"en-GB","@id":"https:\/\/www.emballagedigest.fr\/#\/schema\/person\/image\/","url":"https:\/\/secure.gravatar.com\/avatar\/f552799261cdd2e076e6677d780ef07bdb13aa4c196ab75b39abcbcdcae2d4e5?s=96&d=mm&r=g","contentUrl":"https:\/\/secure.gravatar.com\/avatar\/f552799261cdd2e076e6677d780ef07bdb13aa4c196ab75b39abcbcdcae2d4e5?s=96&d=mm&r=g","caption":"Karine Duval"},"url":"https:\/\/www.emballagedigest.fr\/en\/author\/admin_karduv\/"}]}},"_links":{"self":[{"href":"https:\/\/www.emballagedigest.fr\/en\/wp-json\/wp\/v2\/posts\/48812","targetHints":{"allow":["GET"]}}],"collection":[{"href":"https:\/\/www.emballagedigest.fr\/en\/wp-json\/wp\/v2\/posts"}],"about":[{"href":"https:\/\/www.emballagedigest.fr\/en\/wp-json\/wp\/v2\/types\/post"}],"author":[{"embeddable":true,"href":"https:\/\/www.emballagedigest.fr\/en\/wp-json\/wp\/v2\/users\/2"}],"replies":[{"embeddable":true,"href":"https:\/\/www.emballagedigest.fr\/en\/wp-json\/wp\/v2\/comments?post=48812"}],"version-history":[{"count":1,"href":"https:\/\/www.emballagedigest.fr\/en\/wp-json\/wp\/v2\/posts\/48812\/revisions"}],"predecessor-version":[{"id":48814,"href":"https:\/\/www.emballagedigest.fr\/en\/wp-json\/wp\/v2\/posts\/48812\/revisions\/48814"}],"wp:featuredmedia":[{"embeddable":true,"href":"https:\/\/www.emballagedigest.fr\/en\/wp-json\/wp\/v2\/media\/48813"}],"wp:attachment":[{"href":"https:\/\/www.emballagedigest.fr\/en\/wp-json\/wp\/v2\/media?parent=48812"}],"wp:term":[{"taxonomy":"category","embeddable":true,"href":"https:\/\/www.emballagedigest.fr\/en\/wp-json\/wp\/v2\/categories?post=48812"},{"taxonomy":"post_tag","embeddable":true,"href":"https:\/\/www.emballagedigest.fr\/en\/wp-json\/wp\/v2\/tags?post=48812"}],"curies":[{"name":"wp","href":"https:\/\/api.w.org\/{rel}","templated":true}]}}