{"id":48818,"date":"2026-08-31T14:31:41","date_gmt":"2026-08-31T12:31:41","guid":{"rendered":"https:\/\/www.emballagedigest.fr\/?p=48818"},"modified":"2026-09-03T14:33:39","modified_gmt":"2026-09-03T12:33:39","slug":"carrefour-ambitionne-de-supprimer-5-000-tonnes-de-plastique-de-ses-emballages","status":"publish","type":"post","link":"https:\/\/www.emballagedigest.fr\/en\/carrefour-ambitionne-de-supprimer-5-000-tonnes-de-plastique-de-ses-emballages\/","title":{"rendered":"Carrefour ambitionne de supprimer 5 000 tonnes de plastique de ses emballages"},"content":{"rendered":"<p class=\"wp-block-paragraph\"><strong>Dans un contexte de fortes tensions sur le prix et la disponibilit\u00e9 du plastique, Carrefour lance une action associant lutte contre les emballages plastiques et pouvoir d\u2019achat de ses clients. <\/strong><\/p>\n\n\n\n<p class=\"wp-block-paragraph\">La forte instabilit\u00e9 des march\u00e9s p\u00e9troliers et la hausse des \u00e9cocontributions associ\u00e9es au prix des emballages ont entra\u00een\u00e9 une hausse de la tonne de plastique vierge de 50% avec un impact durable sur le co\u00fbt des emballages de grande consommation, qui sont encore principalement fabriqu\u00e9s \u00e0 base de plastique, explique la chaine de distributeur. Fort de son historique en termes de r\u00e9duction des plastiques \u2013 25 000 tonnes retir\u00e9es depuis le lancement d\u2019Act For Food \u2013 l\u2019enseigne prend un nouvel engagement de retrait de 5 000 tonnes de plastique pour r\u00e9duire le co\u00fbt de ses emballages. L\u2019int\u00e9gralit\u00e9 des \u00e9conomies li\u00e9es au retrait du plastique sera r\u00e9investie dans une baisse de prix de produits pouvant aller jusqu\u2019\u00e0 pr\u00e8s de 10%. Pour y parvenir, cinq actions ont \u00e9t\u00e9 initi\u00e9es pour r\u00e9aliser une \u00e9conomie de plus de 5 millions d\u2019euros, \u00e0 savoir :<br>\u2022\u2002La suppression du suremballage plastique sur les lots promotionnels d\u00e8s 2028 pour les produits MDD de Carrefour et d\u00e8s 2030 pour les produits de marques nationales, repr\u00e9sentant l\u2019\u00e9quivalent de 500 tonnes de plastique.\u00a0<br>\u2022\u2002Une r\u00e9duction de 30% des emballages plastiques des produits d\u2019hygi\u00e8ne et d\u2019entretien via le d\u00e9veloppement de formats recharges en plastique recycl\u00e9, \u00e0 un prix 10 \u00e0 20% moins cher ; d\u2019une offre de produits solides ; ou encore de grands contenants. Ces nouveaux conditionnements pr\u00e9sentent un potentiel de r\u00e9duction de 2 000 tonnes de plastique.\u00a0<br>\u2022\u2002La substitution du blister plastique de l\u2019ensemble de l\u2019offre de papier hygi\u00e9nique par un emballage 100% papier d\u2019ici 2030, permettant une r\u00e9duction de 1 500 tonnes de plastique.\u00a0<br>\u2022\u2002Le d\u00e9veloppement des ventes de produits consign\u00e9s \u00e0 travers des prix tr\u00e8s accessibles, en moyenne 5% moins chers au litre que leurs \u00e9quivalents non r\u00e9utilisables, et une offre de plus de 1 000 r\u00e9f\u00e9rences d\u2019ici 2030. Avec cette initiative, Carrefour vise la commercialisation de 50\u00a0millions de bouteilles r\u00e9utilisables, soit 500 tonnes de plastique en moins.\u00a0<br>\u2022\u2002La mise en \u0153uvre de nouveaux emballages, associant bo\u00eete carton et fen\u00eatre plastique pour ses p\u00e2tisseries et viennoiseries vendues au rayon traditionnel, avec une r\u00e9duction attendue de 500 tonnes de plastique.<\/p>","protected":false},"excerpt":{"rendered":"<p>Dans un contexte de fortes tensions sur le prix et la disponibilit\u00e9 du plastique, Carrefour lance une action associant lutte contre les emballages plastiques et pouvoir d\u2019achat de ses clients. La forte instabilit\u00e9 des march\u00e9s p\u00e9troliers et la hausse des \u00e9cocontributions associ\u00e9es au prix des emballages ont entra\u00een\u00e9 une hausse de la tonne de plastique [&hellip;]<\/p>","protected":false},"author":2,"featured_media":48819,"comment_status":"closed","ping_status":"closed","sticky":false,"template":"","format":"standard","meta":{"_acf_changed":false,"inline_featured_image":false,"iawp_total_views":0,"footnotes":""},"categories":[28,26,4,65],"tags":[],"class_list":["post-48818","post","type-post","status-publish","format-standard","has-post-thumbnail","hentry","category-article-entier","category-laterale","category-lineaires","category-vu-dans-le-mag"],"acf":[],"yoast_head":"<!-- This site is optimized with the Yoast SEO plugin v24.4 - https:\/\/yoast.com\/wordpress\/plugins\/seo\/ -->\n<title>Carrefour ambitionne de supprimer 5 000 tonnes de plastique de ses emballages - Emballage Digest<\/title>\n<meta name=\"robots\" content=\"index, follow, max-snippet:-1, max-image-preview:large, max-video-preview:-1\" \/>\n<link rel=\"canonical\" href=\"https:\/\/www.emballagedigest.fr\/en\/carrefour-ambitionne-de-supprimer-5-000-tonnes-de-plastique-de-ses-emballages\/\" \/>\n<meta property=\"og:locale\" content=\"en_GB\" \/>\n<meta property=\"og:type\" content=\"article\" \/>\n<meta property=\"og:title\" content=\"Carrefour ambitionne de supprimer 5 000 tonnes de plastique de ses emballages - Emballage Digest\" \/>\n<meta property=\"og:description\" content=\"Dans un contexte de fortes tensions sur le prix et la disponibilit\u00e9 du plastique, Carrefour lance une action associant lutte contre les emballages plastiques et pouvoir d\u2019achat de ses clients. La forte instabilit\u00e9 des march\u00e9s p\u00e9troliers et la hausse des \u00e9cocontributions associ\u00e9es au prix des emballages ont entra\u00een\u00e9 une hausse de la tonne de plastique [&hellip;]\" \/>\n<meta property=\"og:url\" content=\"https:\/\/www.emballagedigest.fr\/en\/carrefour-ambitionne-de-supprimer-5-000-tonnes-de-plastique-de-ses-emballages\/\" \/>\n<meta property=\"og:site_name\" content=\"Emballage Digest\" \/>\n<meta property=\"article:published_time\" content=\"2026-08-31T12:31:41+00:00\" \/>\n<meta property=\"article:modified_time\" content=\"2026-09-03T12:33:39+00:00\" \/>\n<meta property=\"og:image\" content=\"https:\/\/www.emballagedigest.fr\/wp-content\/uploads\/2026\/09\/Carrefour.jpg\" \/>\n\t<meta property=\"og:image:width\" content=\"800\" \/>\n\t<meta property=\"og:image:height\" content=\"545\" \/>\n\t<meta property=\"og:image:type\" content=\"image\/jpeg\" \/>\n<meta name=\"author\" content=\"Karine Duval\" \/>\n<meta name=\"twitter:card\" content=\"summary_large_image\" \/>\n<meta name=\"twitter:label1\" content=\"Written by\" \/>\n\t<meta name=\"twitter:data1\" content=\"Karine Duval\" \/>\n\t<meta name=\"twitter:label2\" content=\"Estimated reading time\" \/>\n\t<meta name=\"twitter:data2\" content=\"3 minutes\" \/>\n<script type=\"application\/ld+json\" class=\"yoast-schema-graph\">{\"@context\":\"https:\/\/schema.org\",\"@graph\":[{\"@type\":\"Article\",\"@id\":\"https:\/\/www.emballagedigest.fr\/carrefour-ambitionne-de-supprimer-5-000-tonnes-de-plastique-de-ses-emballages\/#article\",\"isPartOf\":{\"@id\":\"https:\/\/www.emballagedigest.fr\/carrefour-ambitionne-de-supprimer-5-000-tonnes-de-plastique-de-ses-emballages\/\"},\"author\":{\"name\":\"Karine Duval\",\"@id\":\"https:\/\/www.emballagedigest.fr\/#\/schema\/person\/76abe9f2b2ee4d3d520594c7a35da59f\"},\"headline\":\"Carrefour ambitionne de supprimer 5 000 tonnes de plastique de ses emballages\",\"datePublished\":\"2026-08-31T12:31:41+00:00\",\"dateModified\":\"2026-09-03T12:33:39+00:00\",\"mainEntityOfPage\":{\"@id\":\"https:\/\/www.emballagedigest.fr\/carrefour-ambitionne-de-supprimer-5-000-tonnes-de-plastique-de-ses-emballages\/\"},\"wordCount\":397,\"publisher\":{\"@id\":\"https:\/\/www.emballagedigest.fr\/#organization\"},\"image\":{\"@id\":\"https:\/\/www.emballagedigest.fr\/carrefour-ambitionne-de-supprimer-5-000-tonnes-de-plastique-de-ses-emballages\/#primaryimage\"},\"thumbnailUrl\":\"https:\/\/www.emballagedigest.fr\/wp-content\/uploads\/2026\/09\/Carrefour.jpg\",\"articleSection\":[\"Article entier\",\"Barre lat\u00e9rale\",\"Lin\u00e9aires\",\"Vu dans le mag\"],\"inLanguage\":\"en-GB\"},{\"@type\":\"WebPage\",\"@id\":\"https:\/\/www.emballagedigest.fr\/carrefour-ambitionne-de-supprimer-5-000-tonnes-de-plastique-de-ses-emballages\/\",\"url\":\"https:\/\/www.emballagedigest.fr\/carrefour-ambitionne-de-supprimer-5-000-tonnes-de-plastique-de-ses-emballages\/\",\"name\":\"Carrefour ambitionne de supprimer 5 000 tonnes de plastique de ses emballages - Emballage Digest\",\"isPartOf\":{\"@id\":\"https:\/\/www.emballagedigest.fr\/#website\"},\"primaryImageOfPage\":{\"@id\":\"https:\/\/www.emballagedigest.fr\/carrefour-ambitionne-de-supprimer-5-000-tonnes-de-plastique-de-ses-emballages\/#primaryimage\"},\"image\":{\"@id\":\"https:\/\/www.emballagedigest.fr\/carrefour-ambitionne-de-supprimer-5-000-tonnes-de-plastique-de-ses-emballages\/#primaryimage\"},\"thumbnailUrl\":\"https:\/\/www.emballagedigest.fr\/wp-content\/uploads\/2026\/09\/Carrefour.jpg\",\"datePublished\":\"2026-08-31T12:31:41+00:00\",\"dateModified\":\"2026-09-03T12:33:39+00:00\",\"breadcrumb\":{\"@id\":\"https:\/\/www.emballagedigest.fr\/carrefour-ambitionne-de-supprimer-5-000-tonnes-de-plastique-de-ses-emballages\/#breadcrumb\"},\"inLanguage\":\"en-GB\",\"potentialAction\":[{\"@type\":\"ReadAction\",\"target\":[\"https:\/\/www.emballagedigest.fr\/carrefour-ambitionne-de-supprimer-5-000-tonnes-de-plastique-de-ses-emballages\/\"]}]},{\"@type\":\"ImageObject\",\"inLanguage\":\"en-GB\",\"@id\":\"https:\/\/www.emballagedigest.fr\/carrefour-ambitionne-de-supprimer-5-000-tonnes-de-plastique-de-ses-emballages\/#primaryimage\",\"url\":\"https:\/\/www.emballagedigest.fr\/wp-content\/uploads\/2026\/09\/Carrefour.jpg\",\"contentUrl\":\"https:\/\/www.emballagedigest.fr\/wp-content\/uploads\/2026\/09\/Carrefour.jpg\",\"width\":800,\"height\":545},{\"@type\":\"BreadcrumbList\",\"@id\":\"https:\/\/www.emballagedigest.fr\/carrefour-ambitionne-de-supprimer-5-000-tonnes-de-plastique-de-ses-emballages\/#breadcrumb\",\"itemListElement\":[{\"@type\":\"ListItem\",\"position\":1,\"name\":\"Accueil\",\"item\":\"https:\/\/www.emballagedigest.fr\/\"},{\"@type\":\"ListItem\",\"position\":2,\"name\":\"Carrefour ambitionne de supprimer 5 000 tonnes de plastique de ses emballages\"}]},{\"@type\":\"WebSite\",\"@id\":\"https:\/\/www.emballagedigest.fr\/#website\",\"url\":\"https:\/\/www.emballagedigest.fr\/\",\"name\":\"Emballage Digest\",\"description\":\"Revue professionnelle sur les emballages\",\"publisher\":{\"@id\":\"https:\/\/www.emballagedigest.fr\/#organization\"},\"potentialAction\":[{\"@type\":\"SearchAction\",\"target\":{\"@type\":\"EntryPoint\",\"urlTemplate\":\"https:\/\/www.emballagedigest.fr\/?s={search_term_string}\"},\"query-input\":{\"@type\":\"PropertyValueSpecification\",\"valueRequired\":true,\"valueName\":\"search_term_string\"}}],\"inLanguage\":\"en-GB\"},{\"@type\":\"Organization\",\"@id\":\"https:\/\/www.emballagedigest.fr\/#organization\",\"name\":\"Emballage Digest\",\"url\":\"https:\/\/www.emballagedigest.fr\/\",\"logo\":{\"@type\":\"ImageObject\",\"inLanguage\":\"en-GB\",\"@id\":\"https:\/\/www.emballagedigest.fr\/#\/schema\/logo\/image\/\",\"url\":\"https:\/\/www.emballagedigest.fr\/wp-content\/uploads\/2022\/07\/logo-ed.png\",\"contentUrl\":\"https:\/\/www.emballagedigest.fr\/wp-content\/uploads\/2022\/07\/logo-ed.png\",\"width\":379,\"height\":75,\"caption\":\"Emballage Digest\"},\"image\":{\"@id\":\"https:\/\/www.emballagedigest.fr\/#\/schema\/logo\/image\/\"}},{\"@type\":\"Person\",\"@id\":\"https:\/\/www.emballagedigest.fr\/#\/schema\/person\/76abe9f2b2ee4d3d520594c7a35da59f\",\"name\":\"Karine Duval\",\"image\":{\"@type\":\"ImageObject\",\"inLanguage\":\"en-GB\",\"@id\":\"https:\/\/www.emballagedigest.fr\/#\/schema\/person\/image\/\",\"url\":\"https:\/\/secure.gravatar.com\/avatar\/f552799261cdd2e076e6677d780ef07bdb13aa4c196ab75b39abcbcdcae2d4e5?s=96&d=mm&r=g\",\"contentUrl\":\"https:\/\/secure.gravatar.com\/avatar\/f552799261cdd2e076e6677d780ef07bdb13aa4c196ab75b39abcbcdcae2d4e5?s=96&d=mm&r=g\",\"caption\":\"Karine Duval\"},\"url\":\"https:\/\/www.emballagedigest.fr\/en\/author\/admin_karduv\/\"}]}<\/script>\n<!-- \/ Yoast SEO plugin. -->","yoast_head_json":{"title":"Carrefour ambitionne de supprimer 5 000 tonnes de plastique de ses emballages - Emballage Digest","robots":{"index":"index","follow":"follow","max-snippet":"max-snippet:-1","max-image-preview":"max-image-preview:large","max-video-preview":"max-video-preview:-1"},"canonical":"https:\/\/www.emballagedigest.fr\/en\/carrefour-ambitionne-de-supprimer-5-000-tonnes-de-plastique-de-ses-emballages\/","og_locale":"en_GB","og_type":"article","og_title":"Carrefour ambitionne de supprimer 5 000 tonnes de plastique de ses emballages - Emballage Digest","og_description":"Dans un contexte de fortes tensions sur le prix et la disponibilit\u00e9 du plastique, Carrefour lance une action associant lutte contre les emballages plastiques et pouvoir d\u2019achat de ses clients. La forte instabilit\u00e9 des march\u00e9s p\u00e9troliers et la hausse des \u00e9cocontributions associ\u00e9es au prix des emballages ont entra\u00een\u00e9 une hausse de la tonne de plastique [&hellip;]","og_url":"https:\/\/www.emballagedigest.fr\/en\/carrefour-ambitionne-de-supprimer-5-000-tonnes-de-plastique-de-ses-emballages\/","og_site_name":"Emballage Digest","article_published_time":"2026-08-31T12:31:41+00:00","article_modified_time":"2026-09-03T12:33:39+00:00","og_image":[{"width":800,"height":545,"url":"https:\/\/www.emballagedigest.fr\/wp-content\/uploads\/2026\/09\/Carrefour.jpg","type":"image\/jpeg"}],"author":"Karine Duval","twitter_card":"summary_large_image","twitter_misc":{"Written by":"Karine Duval","Estimated reading time":"3 minutes"},"schema":{"@context":"https:\/\/schema.org","@graph":[{"@type":"Article","@id":"https:\/\/www.emballagedigest.fr\/carrefour-ambitionne-de-supprimer-5-000-tonnes-de-plastique-de-ses-emballages\/#article","isPartOf":{"@id":"https:\/\/www.emballagedigest.fr\/carrefour-ambitionne-de-supprimer-5-000-tonnes-de-plastique-de-ses-emballages\/"},"author":{"name":"Karine Duval","@id":"https:\/\/www.emballagedigest.fr\/#\/schema\/person\/76abe9f2b2ee4d3d520594c7a35da59f"},"headline":"Carrefour ambitionne de supprimer 5 000 tonnes de plastique de ses emballages","datePublished":"2026-08-31T12:31:41+00:00","dateModified":"2026-09-03T12:33:39+00:00","mainEntityOfPage":{"@id":"https:\/\/www.emballagedigest.fr\/carrefour-ambitionne-de-supprimer-5-000-tonnes-de-plastique-de-ses-emballages\/"},"wordCount":397,"publisher":{"@id":"https:\/\/www.emballagedigest.fr\/#organization"},"image":{"@id":"https:\/\/www.emballagedigest.fr\/carrefour-ambitionne-de-supprimer-5-000-tonnes-de-plastique-de-ses-emballages\/#primaryimage"},"thumbnailUrl":"https:\/\/www.emballagedigest.fr\/wp-content\/uploads\/2026\/09\/Carrefour.jpg","articleSection":["Article entier","Barre lat\u00e9rale","Lin\u00e9aires","Vu dans le mag"],"inLanguage":"en-GB"},{"@type":"WebPage","@id":"https:\/\/www.emballagedigest.fr\/carrefour-ambitionne-de-supprimer-5-000-tonnes-de-plastique-de-ses-emballages\/","url":"https:\/\/www.emballagedigest.fr\/carrefour-ambitionne-de-supprimer-5-000-tonnes-de-plastique-de-ses-emballages\/","name":"Carrefour ambitionne de supprimer 5 000 tonnes de plastique de ses emballages - Emballage Digest","isPartOf":{"@id":"https:\/\/www.emballagedigest.fr\/#website"},"primaryImageOfPage":{"@id":"https:\/\/www.emballagedigest.fr\/carrefour-ambitionne-de-supprimer-5-000-tonnes-de-plastique-de-ses-emballages\/#primaryimage"},"image":{"@id":"https:\/\/www.emballagedigest.fr\/carrefour-ambitionne-de-supprimer-5-000-tonnes-de-plastique-de-ses-emballages\/#primaryimage"},"thumbnailUrl":"https:\/\/www.emballagedigest.fr\/wp-content\/uploads\/2026\/09\/Carrefour.jpg","datePublished":"2026-08-31T12:31:41+00:00","dateModified":"2026-09-03T12:33:39+00:00","breadcrumb":{"@id":"https:\/\/www.emballagedigest.fr\/carrefour-ambitionne-de-supprimer-5-000-tonnes-de-plastique-de-ses-emballages\/#breadcrumb"},"inLanguage":"en-GB","potentialAction":[{"@type":"ReadAction","target":["https:\/\/www.emballagedigest.fr\/carrefour-ambitionne-de-supprimer-5-000-tonnes-de-plastique-de-ses-emballages\/"]}]},{"@type":"ImageObject","inLanguage":"en-GB","@id":"https:\/\/www.emballagedigest.fr\/carrefour-ambitionne-de-supprimer-5-000-tonnes-de-plastique-de-ses-emballages\/#primaryimage","url":"https:\/\/www.emballagedigest.fr\/wp-content\/uploads\/2026\/09\/Carrefour.jpg","contentUrl":"https:\/\/www.emballagedigest.fr\/wp-content\/uploads\/2026\/09\/Carrefour.jpg","width":800,"height":545},{"@type":"BreadcrumbList","@id":"https:\/\/www.emballagedigest.fr\/carrefour-ambitionne-de-supprimer-5-000-tonnes-de-plastique-de-ses-emballages\/#breadcrumb","itemListElement":[{"@type":"ListItem","position":1,"name":"Accueil","item":"https:\/\/www.emballagedigest.fr\/"},{"@type":"ListItem","position":2,"name":"Carrefour ambitionne de supprimer 5 000 tonnes de plastique de ses emballages"}]},{"@type":"WebSite","@id":"https:\/\/www.emballagedigest.fr\/#website","url":"https:\/\/www.emballagedigest.fr\/","name":"Emballage Digest","description":"Revue professionnelle sur les emballages","publisher":{"@id":"https:\/\/www.emballagedigest.fr\/#organization"},"potentialAction":[{"@type":"SearchAction","target":{"@type":"EntryPoint","urlTemplate":"https:\/\/www.emballagedigest.fr\/?s={search_term_string}"},"query-input":{"@type":"PropertyValueSpecification","valueRequired":true,"valueName":"search_term_string"}}],"inLanguage":"en-GB"},{"@type":"Organization","@id":"https:\/\/www.emballagedigest.fr\/#organization","name":"Emballage Digest","url":"https:\/\/www.emballagedigest.fr\/","logo":{"@type":"ImageObject","inLanguage":"en-GB","@id":"https:\/\/www.emballagedigest.fr\/#\/schema\/logo\/image\/","url":"https:\/\/www.emballagedigest.fr\/wp-content\/uploads\/2022\/07\/logo-ed.png","contentUrl":"https:\/\/www.emballagedigest.fr\/wp-content\/uploads\/2022\/07\/logo-ed.png","width":379,"height":75,"caption":"Emballage Digest"},"image":{"@id":"https:\/\/www.emballagedigest.fr\/#\/schema\/logo\/image\/"}},{"@type":"Person","@id":"https:\/\/www.emballagedigest.fr\/#\/schema\/person\/76abe9f2b2ee4d3d520594c7a35da59f","name":"Karine Duval","image":{"@type":"ImageObject","inLanguage":"en-GB","@id":"https:\/\/www.emballagedigest.fr\/#\/schema\/person\/image\/","url":"https:\/\/secure.gravatar.com\/avatar\/f552799261cdd2e076e6677d780ef07bdb13aa4c196ab75b39abcbcdcae2d4e5?s=96&d=mm&r=g","contentUrl":"https:\/\/secure.gravatar.com\/avatar\/f552799261cdd2e076e6677d780ef07bdb13aa4c196ab75b39abcbcdcae2d4e5?s=96&d=mm&r=g","caption":"Karine Duval"},"url":"https:\/\/www.emballagedigest.fr\/en\/author\/admin_karduv\/"}]}},"_links":{"self":[{"href":"https:\/\/www.emballagedigest.fr\/en\/wp-json\/wp\/v2\/posts\/48818","targetHints":{"allow":["GET"]}}],"collection":[{"href":"https:\/\/www.emballagedigest.fr\/en\/wp-json\/wp\/v2\/posts"}],"about":[{"href":"https:\/\/www.emballagedigest.fr\/en\/wp-json\/wp\/v2\/types\/post"}],"author":[{"embeddable":true,"href":"https:\/\/www.emballagedigest.fr\/en\/wp-json\/wp\/v2\/users\/2"}],"replies":[{"embeddable":true,"href":"https:\/\/www.emballagedigest.fr\/en\/wp-json\/wp\/v2\/comments?post=48818"}],"version-history":[{"count":1,"href":"https:\/\/www.emballagedigest.fr\/en\/wp-json\/wp\/v2\/posts\/48818\/revisions"}],"predecessor-version":[{"id":48820,"href":"https:\/\/www.emballagedigest.fr\/en\/wp-json\/wp\/v2\/posts\/48818\/revisions\/48820"}],"wp:featuredmedia":[{"embeddable":true,"href":"https:\/\/www.emballagedigest.fr\/en\/wp-json\/wp\/v2\/media\/48819"}],"wp:attachment":[{"href":"https:\/\/www.emballagedigest.fr\/en\/wp-json\/wp\/v2\/media?parent=48818"}],"wp:term":[{"taxonomy":"category","embeddable":true,"href":"https:\/\/www.emballagedigest.fr\/en\/wp-json\/wp\/v2\/categories?post=48818"},{"taxonomy":"post_tag","embeddable":true,"href":"https:\/\/www.emballagedigest.fr\/en\/wp-json\/wp\/v2\/tags?post=48818"}],"curies":[{"name":"wp","href":"https:\/\/api.w.org\/{rel}","templated":true}]}}