{"id":48821,"date":"2026-08-31T14:33:50","date_gmt":"2026-08-31T12:33:50","guid":{"rendered":"https:\/\/www.emballagedigest.fr\/?p=48821"},"modified":"2026-09-03T14:36:35","modified_gmt":"2026-09-03T12:36:35","slug":"du-sulapac-solid-pour-magnifier-les-capots","status":"publish","type":"post","link":"https:\/\/www.emballagedigest.fr\/en\/du-sulapac-solid-pour-magnifier-les-capots\/","title":{"rendered":"Du Sulapac Solid pour magnifier les capots"},"content":{"rendered":"<p class=\"wp-block-paragraph\"><strong>YOM\u2122 Beauty, premi\u00e8re marque de soins pour les l\u00e8vres, a choisi FaiveleyTech pour r\u00e9aliser le couvercle et la spatule des soins LipSafe\u2122 en mati\u00e8re Sulapac<sup>\u00ae<\/sup> Solid. Dans le cadre de ce lancement, la BU Beaut\u00e9 de FaiveleyTech a d\u00e9ploy\u00e9 tout son savoir-faire en transformation des mat\u00e9riaux biosourc\u00e9s pour donner vie \u00e0 la partie sup\u00e9rieure de \u00abThe Pebble\u2122\u00bb (Le Galet). <\/strong><\/p>\n\n\n\n<p class=\"wp-block-paragraph\">Le couvercle premium dont la forme, inspir\u00e9e des pierres \u00e0 v\u0153ux irlandaises, adopte un design organique pens\u00e9 pour offrir une prise en main naturelle et confortable. Les \u00e9quipes d\u2019Orgelet ont pris en charge le d\u00e9fi technique global de la fermeture et de l\u2019application en d\u00e9veloppant le couvercle et la spatule.<br>FaiveleyTech introduit pour la premi\u00e8re fois cette mati\u00e8re innovante sur le march\u00e9 de la beaut\u00e9. Utilis\u00e9e ici dans sa teinte naturelle et sans colorant, elle d\u00e9voile de magnifiques rendus nacr\u00e9s et singuliers, \u00e0 la hauteur des exigences esth\u00e9tiques du luxe. Issue de polym\u00e8res biosourc\u00e9s et de min\u00e9raux argileux, elle offre un toucher c\u00e9ramique unique, est exempte de PFAS et se biod\u00e9grade sans laisser de microplastiques.<\/p>\n\n\n\n<p class=\"wp-block-paragraph\">Pour aller toujours plus loin dans la naturalit\u00e9, c\u2019est \u00e9galement la premi\u00e8re fois que FaiveleyTech d\u00e9veloppe un joint en mati\u00e8re Sulapac. Assembl\u00e9 sans colle ni couche en PE ou PP, le couvercle repose sur une structure mono-mati\u00e8re con\u00e7ue pour favoriser sa valorisation \u00e0 mesure que les fili\u00e8res de recyclage des mat\u00e9riaux biosourc\u00e9s se d\u00e9veloppent.<br>Le d\u00e9veloppement, la mise au point et l\u2019homologation ont \u00e9t\u00e9 men\u00e9s par les \u00e9quipes dans un d\u00e9lai tr\u00e8s court, sans sacrifier la qualit\u00e9 et prouvant leur capacit\u00e9 \u00e0 s\u2019adapter avec efficacit\u00e9 et rigueur. \u00abChaque \u00e9l\u00e9ment de ce produit devait r\u00e9pondre au m\u00eame niveau d\u2019exigence, \u00e0 l\u2019int\u00e9rieur comme \u00e0 l\u2019ext\u00e9rieur du pot. FaiveleyTech a imm\u00e9diatement compris qu\u2019un capot susceptible de lib\u00e9rer des microplastiques compromettrait tout ce que nous cherchions \u00e0 construire. The Pebble\u2122 prouve qu\u2019il est possible d\u2019allier luxe et int\u00e9grit\u00e9 dans un m\u00eame geste\u00bb, explique Laura DiGirolamo, cofondatrice de YOM\u2122.<br><strong><em>Fournisseur\u00a0: FaiveleyTech<\/em><\/strong><\/p>","protected":false},"excerpt":{"rendered":"<p>YOM\u2122 Beauty, premi\u00e8re marque de soins pour les l\u00e8vres, a choisi FaiveleyTech pour r\u00e9aliser le couvercle et la spatule des soins LipSafe\u2122 en mati\u00e8re Sulapac\u00ae Solid. Dans le cadre de ce lancement, la BU Beaut\u00e9 de FaiveleyTech a d\u00e9ploy\u00e9 tout son savoir-faire en transformation des mat\u00e9riaux biosourc\u00e9s pour donner vie \u00e0 la partie sup\u00e9rieure de [&hellip;]<\/p>","protected":false},"author":2,"featured_media":48822,"comment_status":"closed","ping_status":"closed","sticky":false,"template":"","format":"standard","meta":{"_acf_changed":false,"inline_featured_image":false,"iawp_total_views":2,"footnotes":""},"categories":[28,26,4,65],"tags":[],"class_list":["post-48821","post","type-post","status-publish","format-standard","has-post-thumbnail","hentry","category-article-entier","category-laterale","category-lineaires","category-vu-dans-le-mag"],"acf":[],"yoast_head":"<!-- This site is optimized with the Yoast SEO plugin v24.4 - https:\/\/yoast.com\/wordpress\/plugins\/seo\/ -->\n<title>Du Sulapac Solid pour magnifier les capots - Emballage Digest<\/title>\n<meta name=\"robots\" content=\"index, follow, max-snippet:-1, max-image-preview:large, max-video-preview:-1\" \/>\n<link rel=\"canonical\" href=\"https:\/\/www.emballagedigest.fr\/en\/du-sulapac-solid-pour-magnifier-les-capots\/\" \/>\n<meta property=\"og:locale\" content=\"en_GB\" \/>\n<meta property=\"og:type\" content=\"article\" \/>\n<meta property=\"og:title\" content=\"Du Sulapac Solid pour magnifier les capots - Emballage Digest\" \/>\n<meta property=\"og:description\" content=\"YOM\u2122 Beauty, premi\u00e8re marque de soins pour les l\u00e8vres, a choisi FaiveleyTech pour r\u00e9aliser le couvercle et la spatule des soins LipSafe\u2122 en mati\u00e8re Sulapac\u00ae Solid. Dans le cadre de ce lancement, la BU Beaut\u00e9 de FaiveleyTech a d\u00e9ploy\u00e9 tout son savoir-faire en transformation des mat\u00e9riaux biosourc\u00e9s pour donner vie \u00e0 la partie sup\u00e9rieure de [&hellip;]\" \/>\n<meta property=\"og:url\" content=\"https:\/\/www.emballagedigest.fr\/en\/du-sulapac-solid-pour-magnifier-les-capots\/\" \/>\n<meta property=\"og:site_name\" content=\"Emballage Digest\" \/>\n<meta property=\"article:published_time\" content=\"2026-08-31T12:33:50+00:00\" \/>\n<meta property=\"article:modified_time\" content=\"2026-09-03T12:36:35+00:00\" \/>\n<meta property=\"og:image\" content=\"https:\/\/www.emballagedigest.fr\/wp-content\/uploads\/2026\/09\/Faiveleytech.jpg\" \/>\n\t<meta property=\"og:image:width\" content=\"800\" \/>\n\t<meta property=\"og:image:height\" content=\"600\" \/>\n\t<meta property=\"og:image:type\" content=\"image\/jpeg\" \/>\n<meta name=\"author\" content=\"Karine Duval\" \/>\n<meta name=\"twitter:card\" content=\"summary_large_image\" \/>\n<meta name=\"twitter:label1\" content=\"Written by\" \/>\n\t<meta name=\"twitter:data1\" content=\"Karine Duval\" \/>\n\t<meta name=\"twitter:label2\" content=\"Estimated reading time\" \/>\n\t<meta name=\"twitter:data2\" content=\"2 minutes\" \/>\n<script type=\"application\/ld+json\" class=\"yoast-schema-graph\">{\"@context\":\"https:\/\/schema.org\",\"@graph\":[{\"@type\":\"Article\",\"@id\":\"https:\/\/www.emballagedigest.fr\/du-sulapac-solid-pour-magnifier-les-capots\/#article\",\"isPartOf\":{\"@id\":\"https:\/\/www.emballagedigest.fr\/du-sulapac-solid-pour-magnifier-les-capots\/\"},\"author\":{\"name\":\"Karine Duval\",\"@id\":\"https:\/\/www.emballagedigest.fr\/#\/schema\/person\/76abe9f2b2ee4d3d520594c7a35da59f\"},\"headline\":\"Du Sulapac Solid pour magnifier les capots\",\"datePublished\":\"2026-08-31T12:33:50+00:00\",\"dateModified\":\"2026-09-03T12:36:35+00:00\",\"mainEntityOfPage\":{\"@id\":\"https:\/\/www.emballagedigest.fr\/du-sulapac-solid-pour-magnifier-les-capots\/\"},\"wordCount\":375,\"publisher\":{\"@id\":\"https:\/\/www.emballagedigest.fr\/#organization\"},\"image\":{\"@id\":\"https:\/\/www.emballagedigest.fr\/du-sulapac-solid-pour-magnifier-les-capots\/#primaryimage\"},\"thumbnailUrl\":\"https:\/\/www.emballagedigest.fr\/wp-content\/uploads\/2026\/09\/Faiveleytech.jpg\",\"articleSection\":[\"Article entier\",\"Barre lat\u00e9rale\",\"Lin\u00e9aires\",\"Vu dans le mag\"],\"inLanguage\":\"en-GB\"},{\"@type\":\"WebPage\",\"@id\":\"https:\/\/www.emballagedigest.fr\/du-sulapac-solid-pour-magnifier-les-capots\/\",\"url\":\"https:\/\/www.emballagedigest.fr\/du-sulapac-solid-pour-magnifier-les-capots\/\",\"name\":\"Du Sulapac Solid pour magnifier les capots - Emballage Digest\",\"isPartOf\":{\"@id\":\"https:\/\/www.emballagedigest.fr\/#website\"},\"primaryImageOfPage\":{\"@id\":\"https:\/\/www.emballagedigest.fr\/du-sulapac-solid-pour-magnifier-les-capots\/#primaryimage\"},\"image\":{\"@id\":\"https:\/\/www.emballagedigest.fr\/du-sulapac-solid-pour-magnifier-les-capots\/#primaryimage\"},\"thumbnailUrl\":\"https:\/\/www.emballagedigest.fr\/wp-content\/uploads\/2026\/09\/Faiveleytech.jpg\",\"datePublished\":\"2026-08-31T12:33:50+00:00\",\"dateModified\":\"2026-09-03T12:36:35+00:00\",\"breadcrumb\":{\"@id\":\"https:\/\/www.emballagedigest.fr\/du-sulapac-solid-pour-magnifier-les-capots\/#breadcrumb\"},\"inLanguage\":\"en-GB\",\"potentialAction\":[{\"@type\":\"ReadAction\",\"target\":[\"https:\/\/www.emballagedigest.fr\/du-sulapac-solid-pour-magnifier-les-capots\/\"]}]},{\"@type\":\"ImageObject\",\"inLanguage\":\"en-GB\",\"@id\":\"https:\/\/www.emballagedigest.fr\/du-sulapac-solid-pour-magnifier-les-capots\/#primaryimage\",\"url\":\"https:\/\/www.emballagedigest.fr\/wp-content\/uploads\/2026\/09\/Faiveleytech.jpg\",\"contentUrl\":\"https:\/\/www.emballagedigest.fr\/wp-content\/uploads\/2026\/09\/Faiveleytech.jpg\",\"width\":800,\"height\":600},{\"@type\":\"BreadcrumbList\",\"@id\":\"https:\/\/www.emballagedigest.fr\/du-sulapac-solid-pour-magnifier-les-capots\/#breadcrumb\",\"itemListElement\":[{\"@type\":\"ListItem\",\"position\":1,\"name\":\"Accueil\",\"item\":\"https:\/\/www.emballagedigest.fr\/\"},{\"@type\":\"ListItem\",\"position\":2,\"name\":\"Du Sulapac Solid pour magnifier les capots\"}]},{\"@type\":\"WebSite\",\"@id\":\"https:\/\/www.emballagedigest.fr\/#website\",\"url\":\"https:\/\/www.emballagedigest.fr\/\",\"name\":\"Emballage Digest\",\"description\":\"Revue professionnelle sur les emballages\",\"publisher\":{\"@id\":\"https:\/\/www.emballagedigest.fr\/#organization\"},\"potentialAction\":[{\"@type\":\"SearchAction\",\"target\":{\"@type\":\"EntryPoint\",\"urlTemplate\":\"https:\/\/www.emballagedigest.fr\/?s={search_term_string}\"},\"query-input\":{\"@type\":\"PropertyValueSpecification\",\"valueRequired\":true,\"valueName\":\"search_term_string\"}}],\"inLanguage\":\"en-GB\"},{\"@type\":\"Organization\",\"@id\":\"https:\/\/www.emballagedigest.fr\/#organization\",\"name\":\"Emballage Digest\",\"url\":\"https:\/\/www.emballagedigest.fr\/\",\"logo\":{\"@type\":\"ImageObject\",\"inLanguage\":\"en-GB\",\"@id\":\"https:\/\/www.emballagedigest.fr\/#\/schema\/logo\/image\/\",\"url\":\"https:\/\/www.emballagedigest.fr\/wp-content\/uploads\/2022\/07\/logo-ed.png\",\"contentUrl\":\"https:\/\/www.emballagedigest.fr\/wp-content\/uploads\/2022\/07\/logo-ed.png\",\"width\":379,\"height\":75,\"caption\":\"Emballage Digest\"},\"image\":{\"@id\":\"https:\/\/www.emballagedigest.fr\/#\/schema\/logo\/image\/\"}},{\"@type\":\"Person\",\"@id\":\"https:\/\/www.emballagedigest.fr\/#\/schema\/person\/76abe9f2b2ee4d3d520594c7a35da59f\",\"name\":\"Karine Duval\",\"image\":{\"@type\":\"ImageObject\",\"inLanguage\":\"en-GB\",\"@id\":\"https:\/\/www.emballagedigest.fr\/#\/schema\/person\/image\/\",\"url\":\"https:\/\/secure.gravatar.com\/avatar\/f552799261cdd2e076e6677d780ef07bdb13aa4c196ab75b39abcbcdcae2d4e5?s=96&d=mm&r=g\",\"contentUrl\":\"https:\/\/secure.gravatar.com\/avatar\/f552799261cdd2e076e6677d780ef07bdb13aa4c196ab75b39abcbcdcae2d4e5?s=96&d=mm&r=g\",\"caption\":\"Karine Duval\"},\"url\":\"https:\/\/www.emballagedigest.fr\/en\/author\/admin_karduv\/\"}]}<\/script>\n<!-- \/ Yoast SEO plugin. -->","yoast_head_json":{"title":"Du Sulapac Solid pour magnifier les capots - Emballage Digest","robots":{"index":"index","follow":"follow","max-snippet":"max-snippet:-1","max-image-preview":"max-image-preview:large","max-video-preview":"max-video-preview:-1"},"canonical":"https:\/\/www.emballagedigest.fr\/en\/du-sulapac-solid-pour-magnifier-les-capots\/","og_locale":"en_GB","og_type":"article","og_title":"Du Sulapac Solid pour magnifier les capots - Emballage Digest","og_description":"YOM\u2122 Beauty, premi\u00e8re marque de soins pour les l\u00e8vres, a choisi FaiveleyTech pour r\u00e9aliser le couvercle et la spatule des soins LipSafe\u2122 en mati\u00e8re Sulapac\u00ae Solid. Dans le cadre de ce lancement, la BU Beaut\u00e9 de FaiveleyTech a d\u00e9ploy\u00e9 tout son savoir-faire en transformation des mat\u00e9riaux biosourc\u00e9s pour donner vie \u00e0 la partie sup\u00e9rieure de [&hellip;]","og_url":"https:\/\/www.emballagedigest.fr\/en\/du-sulapac-solid-pour-magnifier-les-capots\/","og_site_name":"Emballage Digest","article_published_time":"2026-08-31T12:33:50+00:00","article_modified_time":"2026-09-03T12:36:35+00:00","og_image":[{"width":800,"height":600,"url":"https:\/\/www.emballagedigest.fr\/wp-content\/uploads\/2026\/09\/Faiveleytech.jpg","type":"image\/jpeg"}],"author":"Karine Duval","twitter_card":"summary_large_image","twitter_misc":{"Written by":"Karine Duval","Estimated reading time":"2 minutes"},"schema":{"@context":"https:\/\/schema.org","@graph":[{"@type":"Article","@id":"https:\/\/www.emballagedigest.fr\/du-sulapac-solid-pour-magnifier-les-capots\/#article","isPartOf":{"@id":"https:\/\/www.emballagedigest.fr\/du-sulapac-solid-pour-magnifier-les-capots\/"},"author":{"name":"Karine Duval","@id":"https:\/\/www.emballagedigest.fr\/#\/schema\/person\/76abe9f2b2ee4d3d520594c7a35da59f"},"headline":"Du Sulapac Solid pour magnifier les capots","datePublished":"2026-08-31T12:33:50+00:00","dateModified":"2026-09-03T12:36:35+00:00","mainEntityOfPage":{"@id":"https:\/\/www.emballagedigest.fr\/du-sulapac-solid-pour-magnifier-les-capots\/"},"wordCount":375,"publisher":{"@id":"https:\/\/www.emballagedigest.fr\/#organization"},"image":{"@id":"https:\/\/www.emballagedigest.fr\/du-sulapac-solid-pour-magnifier-les-capots\/#primaryimage"},"thumbnailUrl":"https:\/\/www.emballagedigest.fr\/wp-content\/uploads\/2026\/09\/Faiveleytech.jpg","articleSection":["Article entier","Barre lat\u00e9rale","Lin\u00e9aires","Vu dans le mag"],"inLanguage":"en-GB"},{"@type":"WebPage","@id":"https:\/\/www.emballagedigest.fr\/du-sulapac-solid-pour-magnifier-les-capots\/","url":"https:\/\/www.emballagedigest.fr\/du-sulapac-solid-pour-magnifier-les-capots\/","name":"Du Sulapac Solid pour magnifier les capots - Emballage Digest","isPartOf":{"@id":"https:\/\/www.emballagedigest.fr\/#website"},"primaryImageOfPage":{"@id":"https:\/\/www.emballagedigest.fr\/du-sulapac-solid-pour-magnifier-les-capots\/#primaryimage"},"image":{"@id":"https:\/\/www.emballagedigest.fr\/du-sulapac-solid-pour-magnifier-les-capots\/#primaryimage"},"thumbnailUrl":"https:\/\/www.emballagedigest.fr\/wp-content\/uploads\/2026\/09\/Faiveleytech.jpg","datePublished":"2026-08-31T12:33:50+00:00","dateModified":"2026-09-03T12:36:35+00:00","breadcrumb":{"@id":"https:\/\/www.emballagedigest.fr\/du-sulapac-solid-pour-magnifier-les-capots\/#breadcrumb"},"inLanguage":"en-GB","potentialAction":[{"@type":"ReadAction","target":["https:\/\/www.emballagedigest.fr\/du-sulapac-solid-pour-magnifier-les-capots\/"]}]},{"@type":"ImageObject","inLanguage":"en-GB","@id":"https:\/\/www.emballagedigest.fr\/du-sulapac-solid-pour-magnifier-les-capots\/#primaryimage","url":"https:\/\/www.emballagedigest.fr\/wp-content\/uploads\/2026\/09\/Faiveleytech.jpg","contentUrl":"https:\/\/www.emballagedigest.fr\/wp-content\/uploads\/2026\/09\/Faiveleytech.jpg","width":800,"height":600},{"@type":"BreadcrumbList","@id":"https:\/\/www.emballagedigest.fr\/du-sulapac-solid-pour-magnifier-les-capots\/#breadcrumb","itemListElement":[{"@type":"ListItem","position":1,"name":"Accueil","item":"https:\/\/www.emballagedigest.fr\/"},{"@type":"ListItem","position":2,"name":"Du Sulapac Solid pour magnifier les capots"}]},{"@type":"WebSite","@id":"https:\/\/www.emballagedigest.fr\/#website","url":"https:\/\/www.emballagedigest.fr\/","name":"Emballage Digest","description":"Revue professionnelle sur les emballages","publisher":{"@id":"https:\/\/www.emballagedigest.fr\/#organization"},"potentialAction":[{"@type":"SearchAction","target":{"@type":"EntryPoint","urlTemplate":"https:\/\/www.emballagedigest.fr\/?s={search_term_string}"},"query-input":{"@type":"PropertyValueSpecification","valueRequired":true,"valueName":"search_term_string"}}],"inLanguage":"en-GB"},{"@type":"Organization","@id":"https:\/\/www.emballagedigest.fr\/#organization","name":"Emballage Digest","url":"https:\/\/www.emballagedigest.fr\/","logo":{"@type":"ImageObject","inLanguage":"en-GB","@id":"https:\/\/www.emballagedigest.fr\/#\/schema\/logo\/image\/","url":"https:\/\/www.emballagedigest.fr\/wp-content\/uploads\/2022\/07\/logo-ed.png","contentUrl":"https:\/\/www.emballagedigest.fr\/wp-content\/uploads\/2022\/07\/logo-ed.png","width":379,"height":75,"caption":"Emballage Digest"},"image":{"@id":"https:\/\/www.emballagedigest.fr\/#\/schema\/logo\/image\/"}},{"@type":"Person","@id":"https:\/\/www.emballagedigest.fr\/#\/schema\/person\/76abe9f2b2ee4d3d520594c7a35da59f","name":"Karine Duval","image":{"@type":"ImageObject","inLanguage":"en-GB","@id":"https:\/\/www.emballagedigest.fr\/#\/schema\/person\/image\/","url":"https:\/\/secure.gravatar.com\/avatar\/f552799261cdd2e076e6677d780ef07bdb13aa4c196ab75b39abcbcdcae2d4e5?s=96&d=mm&r=g","contentUrl":"https:\/\/secure.gravatar.com\/avatar\/f552799261cdd2e076e6677d780ef07bdb13aa4c196ab75b39abcbcdcae2d4e5?s=96&d=mm&r=g","caption":"Karine Duval"},"url":"https:\/\/www.emballagedigest.fr\/en\/author\/admin_karduv\/"}]}},"_links":{"self":[{"href":"https:\/\/www.emballagedigest.fr\/en\/wp-json\/wp\/v2\/posts\/48821","targetHints":{"allow":["GET"]}}],"collection":[{"href":"https:\/\/www.emballagedigest.fr\/en\/wp-json\/wp\/v2\/posts"}],"about":[{"href":"https:\/\/www.emballagedigest.fr\/en\/wp-json\/wp\/v2\/types\/post"}],"author":[{"embeddable":true,"href":"https:\/\/www.emballagedigest.fr\/en\/wp-json\/wp\/v2\/users\/2"}],"replies":[{"embeddable":true,"href":"https:\/\/www.emballagedigest.fr\/en\/wp-json\/wp\/v2\/comments?post=48821"}],"version-history":[{"count":1,"href":"https:\/\/www.emballagedigest.fr\/en\/wp-json\/wp\/v2\/posts\/48821\/revisions"}],"predecessor-version":[{"id":48823,"href":"https:\/\/www.emballagedigest.fr\/en\/wp-json\/wp\/v2\/posts\/48821\/revisions\/48823"}],"wp:featuredmedia":[{"embeddable":true,"href":"https:\/\/www.emballagedigest.fr\/en\/wp-json\/wp\/v2\/media\/48822"}],"wp:attachment":[{"href":"https:\/\/www.emballagedigest.fr\/en\/wp-json\/wp\/v2\/media?parent=48821"}],"wp:term":[{"taxonomy":"category","embeddable":true,"href":"https:\/\/www.emballagedigest.fr\/en\/wp-json\/wp\/v2\/categories?post=48821"},{"taxonomy":"post_tag","embeddable":true,"href":"https:\/\/www.emballagedigest.fr\/en\/wp-json\/wp\/v2\/tags?post=48821"}],"curies":[{"name":"wp","href":"https:\/\/api.w.org\/{rel}","templated":true}]}}