{"id":48824,"date":"2026-08-31T14:36:47","date_gmt":"2026-08-31T12:36:47","guid":{"rendered":"https:\/\/www.emballagedigest.fr\/?p=48824"},"modified":"2026-09-03T14:39:59","modified_gmt":"2026-09-03T12:39:59","slug":"bpa-pourquoi-un-reglement-alimentaire-concerne-deja-la-cosmetique","status":"publish","type":"post","link":"https:\/\/www.emballagedigest.fr\/en\/bpa-pourquoi-un-reglement-alimentaire-concerne-deja-la-cosmetique\/","title":{"rendered":"BPA : pourquoi un r\u00e8glement \u00ab\u00a0alimentaire\u00a0\u00bb concerne d\u00e9j\u00e0 la cosm\u00e9tique"},"content":{"rendered":"<p class=\"wp-block-paragraph\"><strong>Par Eric David, Architecte de Gouvernance Packaging chez CosmAdvice &#8211; EAFD CONSEILS.<\/strong><\/p>\n\n\n\n<p class=\"wp-block-paragraph\">Le 20 juillet 2026, le R\u00e8glement (UE) 2024\/3190 a referm\u00e9 la principale fen\u00eatre transitoire ouverte aux mat\u00e9riaux au contact alimentaire dont les rev\u00eatements contiennent du bisph\u00e9nol A. L\u2019interdiction de fabrication court depuis janvier 2025 ; cette \u00e9ch\u00e9ance de 18 mois solde la premi\u00e8re mise sur le march\u00e9 des articles \u00e0 usage unique produits sous l\u2019ancien r\u00e9gime. Le r\u00e8glement modificatif 2026\/250, paru en f\u00e9vrier, a lev\u00e9 les derni\u00e8res ambigu\u00eft\u00e9s d\u2019interpr\u00e9tation sans toucher au fond.<\/p>\n\n\n\n<p class=\"wp-block-paragraph\">R\u00e9flexe imm\u00e9diat d\u2019un dirigeant de marque cosm\u00e9tique : \u00abCe texte vise le food. Mon packaging est cosm\u00e9tique. Je ne suis pas concern\u00e9\u00bb. Juridiquement, c\u2019est exact. Strat\u00e9giquement, c\u2019est une lecture \u00e0 courte vue.<br>D\u2019abord parce que le BPA n\u2019est pas un probl\u00e8me d\u2019aluminium, contrairement \u00e0 une id\u00e9e r\u00e9pandue. C\u2019est un probl\u00e8me de r\u00e9sine \u00e9poxy. Ces vernis tapissent l\u2019int\u00e9rieur de tout contenant m\u00e9tallique (flacons et pots alu, mais aussi fer-blanc, tubes, capsules et bouchons). On en trouve aussi, plus marginalement, dans certaines pi\u00e8ces en polycarbonate (capots de parfum \u00e9pais, composants techniques). En revanche, le verre, le PET, le PETG, le PE et le PP n\u2019en contiennent pas. La question n\u2019est donc pas la nature du contenant, mais la pr\u00e9sence d\u2019un rev\u00eatement \u00e9poxy ou d\u2019un composant polycarbonate.<\/p>\n\n\n\n<p class=\"wp-block-paragraph\">Ensuite parce que la migration de ces compos\u00e9s vers le produit conditionn\u00e9 est document\u00e9e de longue date. Une revue parue en novembre 2025 dans Chemistry \u2013 An Asian Journal synth\u00e9tise les donn\u00e9es ayant motiv\u00e9 le r\u00e8glement de 2024. Ces travaux portent sur le contact alimentaire, et \u00e0 ma connaissance, aucune \u00e9tude \u00e9quivalente n\u2019a \u00e9t\u00e9 publi\u00e9e c\u00f4t\u00e9 cosm\u00e9tique. Mais le m\u00e9canisme physico-chimique ne change pas selon le contenu : du BPA r\u00e9siduel ou du BADGE non polym\u00e9ris\u00e9 migre d\u2019autant plus volontiers que la formule est grasse, alcoolique ou conserv\u00e9e longtemps.<\/p>\n\n\n\n<p class=\"wp-block-paragraph\">Et c\u2019est l\u00e0 que le sujet rejoint une \u00e9ch\u00e9ance que les marques cosm\u00e9tiques ne pourront pas contourner.<br>Trois semaines apr\u00e8s cette \u00e9ch\u00e9ance, le 12 ao\u00fbt 2026, l\u2019article 5 du PPWR est entr\u00e9 en application. Il impose que tout emballage mis sur le march\u00e9 europ\u00e9en minimise la pr\u00e9sence des substances pr\u00e9occupantes dans le mat\u00e9riau comme dans ses composants. Tout emballage : la distinction food \/ non-food ne joue que pour les seuils PFAS.<br>Or, le BPA est identifi\u00e9 comme substance extr\u00eamement pr\u00e9occupante (SVHC) au titre de REACH depuis 2016. Il entre donc dans le p\u00e9rim\u00e8tre des substances \u00e0 minimiser. Depuis le 12 ao\u00fbt, le metteur en march\u00e9 doit \u00e9tablir une d\u00e9claration de conformit\u00e9, adoss\u00e9e \u00e0 une documentation technique prouvant chaque affirmation. La responsabilit\u00e9 repose sur la marque, pas sur le fournisseur : si votre nom figure sur l\u2019emballage, vous \u00eates le fabricant au sens du r\u00e8glement. Et la personne qui signe engage sa responsabilit\u00e9.<br>Concr\u00e8tement, voici ce qu\u2019une marque a int\u00e9r\u00eat \u00e0 demander d\u00e8s maintenant \u00e0 ses fournisseurs de composants m\u00e9talliques laqu\u00e9s ou polycarbonates :<br>\u2022 La r\u00e9f\u00e9rence exacte du vernis int\u00e9rieur, pas la mention g\u00e9n\u00e9rique \u00ab \u00e9poxy \u00bb, qui ne dit rien de la pr\u00e9sence de BPA.<br>*Une attestation BPA-NI \u00e9crite, dat\u00e9e et sign\u00e9e. Un argument commercial oral ne constitue pas une preuve opposable.<br>*Des tests de migration adapt\u00e9s \u00e0 la formule. Une huile, une \u00e9mulsion, une base alcoolique ou un parfum n\u2019interagissent pas de la m\u00eame fa\u00e7on avec un rev\u00eatement.<br>*Le plan de transition du fournisseur vers le BPA-NI, et son horizon.<br>Ces v\u00e9rifications ne rel\u00e8vent pas de la contrainte administrative. Elles constituent le dossier de preuve qu\u2019exigera, t\u00f4t ou tard, un contr\u00f4le, un audit ou un cahier des charges distributeur. Pour un produit l\u00e8vres (gras, leave-on, en contact prolong\u00e9), elles sont d\u00e9j\u00e0 attendues au titre de l\u2019\u00e9valuation de s\u00e9curit\u00e9 du r\u00e8glement cosm\u00e9tique. Pour une cr\u00e8me corps rinc\u00e9e, le risque est moindre, mais l\u2019obligation PPWR de minimisation demeure.<br>Le risque, ici, n\u2019est pas th\u00e9orique. Il n\u2019arrive pas par un courrier de l\u2019administration. Il arrive par le sourcing : le jour o\u00f9 un fournisseur abandonne l\u2019ancienne r\u00e9f\u00e9rence, qu\u2019il faut requalifier un packaging, refaire des tests, parfois revoir un conditionnement d\u00e9j\u00e0 lanc\u00e9.<br>Les marques qui int\u00e8grent ces questions \u00e0 leur dialogue fournisseur d\u00e8s aujourd\u2019hui ne font pas de la conformit\u00e9 par anticipation. Elles gardent la main sur leur calendrier, leurs partenaires et leurs arbitrages, pendant qu\u2019il est encore temps de choisir.<\/p>","protected":false},"excerpt":{"rendered":"<p>Par Eric David, Architecte de Gouvernance Packaging chez CosmAdvice &#8211; EAFD CONSEILS. Le 20 juillet 2026, le R\u00e8glement (UE) 2024\/3190 a referm\u00e9 la principale fen\u00eatre transitoire ouverte aux mat\u00e9riaux au contact alimentaire dont les rev\u00eatements contiennent du bisph\u00e9nol A. L\u2019interdiction de fabrication court depuis janvier 2025 ; cette \u00e9ch\u00e9ance de 18 mois solde la premi\u00e8re [&hellip;]<\/p>","protected":false},"author":2,"featured_media":48825,"comment_status":"closed","ping_status":"closed","sticky":false,"template":"","format":"standard","meta":{"_acf_changed":false,"inline_featured_image":false,"iawp_total_views":0,"footnotes":""},"categories":[28,26,81,6,65],"tags":[],"class_list":["post-48824","post","type-post","status-publish","format-standard","has-post-thumbnail","hentry","category-article-entier","category-laterale","category-packaging","category-parfumerie-cosmetique","category-vu-dans-le-mag"],"acf":[],"yoast_head":"<!-- This site is optimized with the Yoast SEO plugin v24.4 - https:\/\/yoast.com\/wordpress\/plugins\/seo\/ -->\n<title>BPA : pourquoi un r\u00e8glement &quot;alimentaire&quot; concerne d\u00e9j\u00e0 la cosm\u00e9tique - Emballage Digest<\/title>\n<meta name=\"robots\" content=\"index, follow, max-snippet:-1, max-image-preview:large, max-video-preview:-1\" \/>\n<link rel=\"canonical\" href=\"https:\/\/www.emballagedigest.fr\/en\/bpa-pourquoi-un-reglement-alimentaire-concerne-deja-la-cosmetique\/\" \/>\n<meta property=\"og:locale\" content=\"en_GB\" \/>\n<meta property=\"og:type\" content=\"article\" \/>\n<meta property=\"og:title\" content=\"BPA : pourquoi un r\u00e8glement &quot;alimentaire&quot; concerne d\u00e9j\u00e0 la cosm\u00e9tique - Emballage Digest\" \/>\n<meta property=\"og:description\" content=\"Par Eric David, Architecte de Gouvernance Packaging chez CosmAdvice &#8211; EAFD CONSEILS. Le 20 juillet 2026, le R\u00e8glement (UE) 2024\/3190 a referm\u00e9 la principale fen\u00eatre transitoire ouverte aux mat\u00e9riaux au contact alimentaire dont les rev\u00eatements contiennent du bisph\u00e9nol A. L\u2019interdiction de fabrication court depuis janvier 2025 ; cette \u00e9ch\u00e9ance de 18 mois solde la premi\u00e8re [&hellip;]\" \/>\n<meta property=\"og:url\" content=\"https:\/\/www.emballagedigest.fr\/en\/bpa-pourquoi-un-reglement-alimentaire-concerne-deja-la-cosmetique\/\" \/>\n<meta property=\"og:site_name\" content=\"Emballage Digest\" \/>\n<meta property=\"article:published_time\" content=\"2026-08-31T12:36:47+00:00\" \/>\n<meta property=\"article:modified_time\" content=\"2026-09-03T12:39:59+00:00\" \/>\n<meta property=\"og:image\" content=\"https:\/\/www.emballagedigest.fr\/wp-content\/uploads\/2026\/09\/Eric_David.jpg\" \/>\n\t<meta property=\"og:image:width\" content=\"800\" \/>\n\t<meta property=\"og:image:height\" content=\"600\" \/>\n\t<meta property=\"og:image:type\" content=\"image\/jpeg\" \/>\n<meta name=\"author\" content=\"Karine Duval\" \/>\n<meta name=\"twitter:card\" content=\"summary_large_image\" \/>\n<meta name=\"twitter:label1\" content=\"Written by\" \/>\n\t<meta name=\"twitter:data1\" content=\"Karine Duval\" \/>\n\t<meta name=\"twitter:label2\" content=\"Estimated reading time\" \/>\n\t<meta name=\"twitter:data2\" content=\"4 minutes\" \/>\n<script type=\"application\/ld+json\" class=\"yoast-schema-graph\">{\"@context\":\"https:\/\/schema.org\",\"@graph\":[{\"@type\":\"Article\",\"@id\":\"https:\/\/www.emballagedigest.fr\/bpa-pourquoi-un-reglement-alimentaire-concerne-deja-la-cosmetique\/#article\",\"isPartOf\":{\"@id\":\"https:\/\/www.emballagedigest.fr\/bpa-pourquoi-un-reglement-alimentaire-concerne-deja-la-cosmetique\/\"},\"author\":{\"name\":\"Karine Duval\",\"@id\":\"https:\/\/www.emballagedigest.fr\/#\/schema\/person\/76abe9f2b2ee4d3d520594c7a35da59f\"},\"headline\":\"BPA : pourquoi un r\u00e8glement \u00ab\u00a0alimentaire\u00a0\u00bb concerne d\u00e9j\u00e0 la cosm\u00e9tique\",\"datePublished\":\"2026-08-31T12:36:47+00:00\",\"dateModified\":\"2026-09-03T12:39:59+00:00\",\"mainEntityOfPage\":{\"@id\":\"https:\/\/www.emballagedigest.fr\/bpa-pourquoi-un-reglement-alimentaire-concerne-deja-la-cosmetique\/\"},\"wordCount\":800,\"publisher\":{\"@id\":\"https:\/\/www.emballagedigest.fr\/#organization\"},\"image\":{\"@id\":\"https:\/\/www.emballagedigest.fr\/bpa-pourquoi-un-reglement-alimentaire-concerne-deja-la-cosmetique\/#primaryimage\"},\"thumbnailUrl\":\"https:\/\/www.emballagedigest.fr\/wp-content\/uploads\/2026\/09\/Eric_David.jpg\",\"articleSection\":[\"Article entier\",\"Barre lat\u00e9rale\",\"Packaging\",\"Parfumerie &amp; Cosm\u00e9tique\",\"Vu dans le mag\"],\"inLanguage\":\"en-GB\"},{\"@type\":\"WebPage\",\"@id\":\"https:\/\/www.emballagedigest.fr\/bpa-pourquoi-un-reglement-alimentaire-concerne-deja-la-cosmetique\/\",\"url\":\"https:\/\/www.emballagedigest.fr\/bpa-pourquoi-un-reglement-alimentaire-concerne-deja-la-cosmetique\/\",\"name\":\"BPA : pourquoi un r\u00e8glement \\\"alimentaire\\\" concerne d\u00e9j\u00e0 la cosm\u00e9tique - Emballage Digest\",\"isPartOf\":{\"@id\":\"https:\/\/www.emballagedigest.fr\/#website\"},\"primaryImageOfPage\":{\"@id\":\"https:\/\/www.emballagedigest.fr\/bpa-pourquoi-un-reglement-alimentaire-concerne-deja-la-cosmetique\/#primaryimage\"},\"image\":{\"@id\":\"https:\/\/www.emballagedigest.fr\/bpa-pourquoi-un-reglement-alimentaire-concerne-deja-la-cosmetique\/#primaryimage\"},\"thumbnailUrl\":\"https:\/\/www.emballagedigest.fr\/wp-content\/uploads\/2026\/09\/Eric_David.jpg\",\"datePublished\":\"2026-08-31T12:36:47+00:00\",\"dateModified\":\"2026-09-03T12:39:59+00:00\",\"breadcrumb\":{\"@id\":\"https:\/\/www.emballagedigest.fr\/bpa-pourquoi-un-reglement-alimentaire-concerne-deja-la-cosmetique\/#breadcrumb\"},\"inLanguage\":\"en-GB\",\"potentialAction\":[{\"@type\":\"ReadAction\",\"target\":[\"https:\/\/www.emballagedigest.fr\/bpa-pourquoi-un-reglement-alimentaire-concerne-deja-la-cosmetique\/\"]}]},{\"@type\":\"ImageObject\",\"inLanguage\":\"en-GB\",\"@id\":\"https:\/\/www.emballagedigest.fr\/bpa-pourquoi-un-reglement-alimentaire-concerne-deja-la-cosmetique\/#primaryimage\",\"url\":\"https:\/\/www.emballagedigest.fr\/wp-content\/uploads\/2026\/09\/Eric_David.jpg\",\"contentUrl\":\"https:\/\/www.emballagedigest.fr\/wp-content\/uploads\/2026\/09\/Eric_David.jpg\",\"width\":800,\"height\":600},{\"@type\":\"BreadcrumbList\",\"@id\":\"https:\/\/www.emballagedigest.fr\/bpa-pourquoi-un-reglement-alimentaire-concerne-deja-la-cosmetique\/#breadcrumb\",\"itemListElement\":[{\"@type\":\"ListItem\",\"position\":1,\"name\":\"Accueil\",\"item\":\"https:\/\/www.emballagedigest.fr\/\"},{\"@type\":\"ListItem\",\"position\":2,\"name\":\"BPA : pourquoi un r\u00e8glement \u00ab\u00a0alimentaire\u00a0\u00bb concerne d\u00e9j\u00e0 la cosm\u00e9tique\"}]},{\"@type\":\"WebSite\",\"@id\":\"https:\/\/www.emballagedigest.fr\/#website\",\"url\":\"https:\/\/www.emballagedigest.fr\/\",\"name\":\"Emballage Digest\",\"description\":\"Revue professionnelle sur les emballages\",\"publisher\":{\"@id\":\"https:\/\/www.emballagedigest.fr\/#organization\"},\"potentialAction\":[{\"@type\":\"SearchAction\",\"target\":{\"@type\":\"EntryPoint\",\"urlTemplate\":\"https:\/\/www.emballagedigest.fr\/?s={search_term_string}\"},\"query-input\":{\"@type\":\"PropertyValueSpecification\",\"valueRequired\":true,\"valueName\":\"search_term_string\"}}],\"inLanguage\":\"en-GB\"},{\"@type\":\"Organization\",\"@id\":\"https:\/\/www.emballagedigest.fr\/#organization\",\"name\":\"Emballage Digest\",\"url\":\"https:\/\/www.emballagedigest.fr\/\",\"logo\":{\"@type\":\"ImageObject\",\"inLanguage\":\"en-GB\",\"@id\":\"https:\/\/www.emballagedigest.fr\/#\/schema\/logo\/image\/\",\"url\":\"https:\/\/www.emballagedigest.fr\/wp-content\/uploads\/2022\/07\/logo-ed.png\",\"contentUrl\":\"https:\/\/www.emballagedigest.fr\/wp-content\/uploads\/2022\/07\/logo-ed.png\",\"width\":379,\"height\":75,\"caption\":\"Emballage Digest\"},\"image\":{\"@id\":\"https:\/\/www.emballagedigest.fr\/#\/schema\/logo\/image\/\"}},{\"@type\":\"Person\",\"@id\":\"https:\/\/www.emballagedigest.fr\/#\/schema\/person\/76abe9f2b2ee4d3d520594c7a35da59f\",\"name\":\"Karine Duval\",\"image\":{\"@type\":\"ImageObject\",\"inLanguage\":\"en-GB\",\"@id\":\"https:\/\/www.emballagedigest.fr\/#\/schema\/person\/image\/\",\"url\":\"https:\/\/secure.gravatar.com\/avatar\/f552799261cdd2e076e6677d780ef07bdb13aa4c196ab75b39abcbcdcae2d4e5?s=96&d=mm&r=g\",\"contentUrl\":\"https:\/\/secure.gravatar.com\/avatar\/f552799261cdd2e076e6677d780ef07bdb13aa4c196ab75b39abcbcdcae2d4e5?s=96&d=mm&r=g\",\"caption\":\"Karine Duval\"},\"url\":\"https:\/\/www.emballagedigest.fr\/en\/author\/admin_karduv\/\"}]}<\/script>\n<!-- \/ Yoast SEO plugin. -->","yoast_head_json":{"title":"BPA : pourquoi un r\u00e8glement \"alimentaire\" concerne d\u00e9j\u00e0 la cosm\u00e9tique - Emballage Digest","robots":{"index":"index","follow":"follow","max-snippet":"max-snippet:-1","max-image-preview":"max-image-preview:large","max-video-preview":"max-video-preview:-1"},"canonical":"https:\/\/www.emballagedigest.fr\/en\/bpa-pourquoi-un-reglement-alimentaire-concerne-deja-la-cosmetique\/","og_locale":"en_GB","og_type":"article","og_title":"BPA : pourquoi un r\u00e8glement \"alimentaire\" concerne d\u00e9j\u00e0 la cosm\u00e9tique - Emballage Digest","og_description":"Par Eric David, Architecte de Gouvernance Packaging chez CosmAdvice &#8211; EAFD CONSEILS. Le 20 juillet 2026, le R\u00e8glement (UE) 2024\/3190 a referm\u00e9 la principale fen\u00eatre transitoire ouverte aux mat\u00e9riaux au contact alimentaire dont les rev\u00eatements contiennent du bisph\u00e9nol A. L\u2019interdiction de fabrication court depuis janvier 2025 ; cette \u00e9ch\u00e9ance de 18 mois solde la premi\u00e8re [&hellip;]","og_url":"https:\/\/www.emballagedigest.fr\/en\/bpa-pourquoi-un-reglement-alimentaire-concerne-deja-la-cosmetique\/","og_site_name":"Emballage Digest","article_published_time":"2026-08-31T12:36:47+00:00","article_modified_time":"2026-09-03T12:39:59+00:00","og_image":[{"width":800,"height":600,"url":"https:\/\/www.emballagedigest.fr\/wp-content\/uploads\/2026\/09\/Eric_David.jpg","type":"image\/jpeg"}],"author":"Karine Duval","twitter_card":"summary_large_image","twitter_misc":{"Written by":"Karine Duval","Estimated reading time":"4 minutes"},"schema":{"@context":"https:\/\/schema.org","@graph":[{"@type":"Article","@id":"https:\/\/www.emballagedigest.fr\/bpa-pourquoi-un-reglement-alimentaire-concerne-deja-la-cosmetique\/#article","isPartOf":{"@id":"https:\/\/www.emballagedigest.fr\/bpa-pourquoi-un-reglement-alimentaire-concerne-deja-la-cosmetique\/"},"author":{"name":"Karine Duval","@id":"https:\/\/www.emballagedigest.fr\/#\/schema\/person\/76abe9f2b2ee4d3d520594c7a35da59f"},"headline":"BPA : pourquoi un r\u00e8glement \u00ab\u00a0alimentaire\u00a0\u00bb concerne d\u00e9j\u00e0 la cosm\u00e9tique","datePublished":"2026-08-31T12:36:47+00:00","dateModified":"2026-09-03T12:39:59+00:00","mainEntityOfPage":{"@id":"https:\/\/www.emballagedigest.fr\/bpa-pourquoi-un-reglement-alimentaire-concerne-deja-la-cosmetique\/"},"wordCount":800,"publisher":{"@id":"https:\/\/www.emballagedigest.fr\/#organization"},"image":{"@id":"https:\/\/www.emballagedigest.fr\/bpa-pourquoi-un-reglement-alimentaire-concerne-deja-la-cosmetique\/#primaryimage"},"thumbnailUrl":"https:\/\/www.emballagedigest.fr\/wp-content\/uploads\/2026\/09\/Eric_David.jpg","articleSection":["Article entier","Barre lat\u00e9rale","Packaging","Parfumerie &amp; Cosm\u00e9tique","Vu dans le mag"],"inLanguage":"en-GB"},{"@type":"WebPage","@id":"https:\/\/www.emballagedigest.fr\/bpa-pourquoi-un-reglement-alimentaire-concerne-deja-la-cosmetique\/","url":"https:\/\/www.emballagedigest.fr\/bpa-pourquoi-un-reglement-alimentaire-concerne-deja-la-cosmetique\/","name":"BPA : pourquoi un r\u00e8glement \"alimentaire\" concerne d\u00e9j\u00e0 la cosm\u00e9tique - Emballage Digest","isPartOf":{"@id":"https:\/\/www.emballagedigest.fr\/#website"},"primaryImageOfPage":{"@id":"https:\/\/www.emballagedigest.fr\/bpa-pourquoi-un-reglement-alimentaire-concerne-deja-la-cosmetique\/#primaryimage"},"image":{"@id":"https:\/\/www.emballagedigest.fr\/bpa-pourquoi-un-reglement-alimentaire-concerne-deja-la-cosmetique\/#primaryimage"},"thumbnailUrl":"https:\/\/www.emballagedigest.fr\/wp-content\/uploads\/2026\/09\/Eric_David.jpg","datePublished":"2026-08-31T12:36:47+00:00","dateModified":"2026-09-03T12:39:59+00:00","breadcrumb":{"@id":"https:\/\/www.emballagedigest.fr\/bpa-pourquoi-un-reglement-alimentaire-concerne-deja-la-cosmetique\/#breadcrumb"},"inLanguage":"en-GB","potentialAction":[{"@type":"ReadAction","target":["https:\/\/www.emballagedigest.fr\/bpa-pourquoi-un-reglement-alimentaire-concerne-deja-la-cosmetique\/"]}]},{"@type":"ImageObject","inLanguage":"en-GB","@id":"https:\/\/www.emballagedigest.fr\/bpa-pourquoi-un-reglement-alimentaire-concerne-deja-la-cosmetique\/#primaryimage","url":"https:\/\/www.emballagedigest.fr\/wp-content\/uploads\/2026\/09\/Eric_David.jpg","contentUrl":"https:\/\/www.emballagedigest.fr\/wp-content\/uploads\/2026\/09\/Eric_David.jpg","width":800,"height":600},{"@type":"BreadcrumbList","@id":"https:\/\/www.emballagedigest.fr\/bpa-pourquoi-un-reglement-alimentaire-concerne-deja-la-cosmetique\/#breadcrumb","itemListElement":[{"@type":"ListItem","position":1,"name":"Accueil","item":"https:\/\/www.emballagedigest.fr\/"},{"@type":"ListItem","position":2,"name":"BPA : pourquoi un r\u00e8glement \u00ab\u00a0alimentaire\u00a0\u00bb concerne d\u00e9j\u00e0 la cosm\u00e9tique"}]},{"@type":"WebSite","@id":"https:\/\/www.emballagedigest.fr\/#website","url":"https:\/\/www.emballagedigest.fr\/","name":"Emballage Digest","description":"Revue professionnelle sur les emballages","publisher":{"@id":"https:\/\/www.emballagedigest.fr\/#organization"},"potentialAction":[{"@type":"SearchAction","target":{"@type":"EntryPoint","urlTemplate":"https:\/\/www.emballagedigest.fr\/?s={search_term_string}"},"query-input":{"@type":"PropertyValueSpecification","valueRequired":true,"valueName":"search_term_string"}}],"inLanguage":"en-GB"},{"@type":"Organization","@id":"https:\/\/www.emballagedigest.fr\/#organization","name":"Emballage Digest","url":"https:\/\/www.emballagedigest.fr\/","logo":{"@type":"ImageObject","inLanguage":"en-GB","@id":"https:\/\/www.emballagedigest.fr\/#\/schema\/logo\/image\/","url":"https:\/\/www.emballagedigest.fr\/wp-content\/uploads\/2022\/07\/logo-ed.png","contentUrl":"https:\/\/www.emballagedigest.fr\/wp-content\/uploads\/2022\/07\/logo-ed.png","width":379,"height":75,"caption":"Emballage Digest"},"image":{"@id":"https:\/\/www.emballagedigest.fr\/#\/schema\/logo\/image\/"}},{"@type":"Person","@id":"https:\/\/www.emballagedigest.fr\/#\/schema\/person\/76abe9f2b2ee4d3d520594c7a35da59f","name":"Karine Duval","image":{"@type":"ImageObject","inLanguage":"en-GB","@id":"https:\/\/www.emballagedigest.fr\/#\/schema\/person\/image\/","url":"https:\/\/secure.gravatar.com\/avatar\/f552799261cdd2e076e6677d780ef07bdb13aa4c196ab75b39abcbcdcae2d4e5?s=96&d=mm&r=g","contentUrl":"https:\/\/secure.gravatar.com\/avatar\/f552799261cdd2e076e6677d780ef07bdb13aa4c196ab75b39abcbcdcae2d4e5?s=96&d=mm&r=g","caption":"Karine Duval"},"url":"https:\/\/www.emballagedigest.fr\/en\/author\/admin_karduv\/"}]}},"_links":{"self":[{"href":"https:\/\/www.emballagedigest.fr\/en\/wp-json\/wp\/v2\/posts\/48824","targetHints":{"allow":["GET"]}}],"collection":[{"href":"https:\/\/www.emballagedigest.fr\/en\/wp-json\/wp\/v2\/posts"}],"about":[{"href":"https:\/\/www.emballagedigest.fr\/en\/wp-json\/wp\/v2\/types\/post"}],"author":[{"embeddable":true,"href":"https:\/\/www.emballagedigest.fr\/en\/wp-json\/wp\/v2\/users\/2"}],"replies":[{"embeddable":true,"href":"https:\/\/www.emballagedigest.fr\/en\/wp-json\/wp\/v2\/comments?post=48824"}],"version-history":[{"count":1,"href":"https:\/\/www.emballagedigest.fr\/en\/wp-json\/wp\/v2\/posts\/48824\/revisions"}],"predecessor-version":[{"id":48826,"href":"https:\/\/www.emballagedigest.fr\/en\/wp-json\/wp\/v2\/posts\/48824\/revisions\/48826"}],"wp:featuredmedia":[{"embeddable":true,"href":"https:\/\/www.emballagedigest.fr\/en\/wp-json\/wp\/v2\/media\/48825"}],"wp:attachment":[{"href":"https:\/\/www.emballagedigest.fr\/en\/wp-json\/wp\/v2\/media?parent=48824"}],"wp:term":[{"taxonomy":"category","embeddable":true,"href":"https:\/\/www.emballagedigest.fr\/en\/wp-json\/wp\/v2\/categories?post=48824"},{"taxonomy":"post_tag","embeddable":true,"href":"https:\/\/www.emballagedigest.fr\/en\/wp-json\/wp\/v2\/tags?post=48824"}],"curies":[{"name":"wp","href":"https:\/\/api.w.org\/{rel}","templated":true}]}}