{"id":48827,"date":"2026-08-31T14:40:16","date_gmt":"2026-08-31T12:40:16","guid":{"rendered":"https:\/\/www.emballagedigest.fr\/?p=48827"},"modified":"2026-09-03T14:42:45","modified_gmt":"2026-09-03T12:42:45","slug":"la-tracabilite-etendue-aux-emballages-iml","status":"publish","type":"post","link":"https:\/\/www.emballagedigest.fr\/en\/la-tracabilite-etendue-aux-emballages-iml\/","title":{"rendered":"La tra\u00e7abilit\u00e9 \u00e9tendue aux emballages IML"},"content":{"rendered":"<p class=\"wp-block-paragraph\"><strong>Polytag s\u2019associe \u00e0 Multi-Color Corporation (MCC) pour int\u00e9grer ses marqueurs UV invisibles directement dans les emballages avec \u00e9tiquette dans le moule (IML). <\/strong><\/p>\n\n\n\n<p class=\"wp-block-paragraph\">Lisibles par des \u00e9quipements sp\u00e9cifiques install\u00e9s dans les centres de tri, ces identifiants num\u00e9riques peuvent embarquer des donn\u00e9es pr\u00e9cises sur la composition, la teneur en recycl\u00e9, l\u2019origine ou la fabrication de l\u2019emballage. Ils permettent ainsi d\u2019am\u00e9liorer son identification, son tri et la qualit\u00e9 des flux de mati\u00e8res recycl\u00e9es. La technologie vise notamment les applications soumises \u00e0 des conditions exigeantes, comme les produits surgel\u00e9s, pour lesquelles les \u00e9tiquettes traditionnelles sont moins adapt\u00e9es. Les donn\u00e9es collect\u00e9es sont ensuite accessibles aux marques via la plateforme Polytag, afin de suivre le devenir des emballages, d\u2019optimiser leur conception et de mieux r\u00e9pondre aux obligations de la REP. Une d\u00e9monstration men\u00e9e avec GS1 et Pellenc ST a confirm\u00e9 le potentiel du dispositif pour le tri avanc\u00e9 des emballages IML.<\/p>\n\n\n\n<p class=\"wp-block-paragraph\"><\/p>","protected":false},"excerpt":{"rendered":"<p>Polytag s\u2019associe \u00e0 Multi-Color Corporation (MCC) pour int\u00e9grer ses marqueurs UV invisibles directement dans les emballages avec \u00e9tiquette dans le moule (IML). Lisibles par des \u00e9quipements sp\u00e9cifiques install\u00e9s dans les centres de tri, ces identifiants num\u00e9riques peuvent embarquer des donn\u00e9es pr\u00e9cises sur la composition, la teneur en recycl\u00e9, l\u2019origine ou la fabrication de l\u2019emballage. Ils [&hellip;]<\/p>","protected":false},"author":2,"featured_media":48828,"comment_status":"closed","ping_status":"closed","sticky":false,"template":"","format":"standard","meta":{"_acf_changed":false,"inline_featured_image":false,"iawp_total_views":3,"footnotes":""},"categories":[5,28,26,9,81,65],"tags":[],"class_list":["post-48827","post","type-post","status-publish","format-standard","has-post-thumbnail","hentry","category-alimentaire","category-article-entier","category-laterale","category-materiel","category-packaging","category-vu-dans-le-mag"],"acf":[],"yoast_head":"<!-- This site is optimized with the Yoast SEO plugin v24.4 - https:\/\/yoast.com\/wordpress\/plugins\/seo\/ -->\n<title>La tra\u00e7abilit\u00e9 \u00e9tendue aux emballages IML - Emballage Digest<\/title>\n<meta name=\"robots\" content=\"index, follow, max-snippet:-1, max-image-preview:large, max-video-preview:-1\" \/>\n<link rel=\"canonical\" href=\"https:\/\/www.emballagedigest.fr\/en\/la-tracabilite-etendue-aux-emballages-iml\/\" \/>\n<meta property=\"og:locale\" content=\"en_GB\" \/>\n<meta property=\"og:type\" content=\"article\" \/>\n<meta property=\"og:title\" content=\"La tra\u00e7abilit\u00e9 \u00e9tendue aux emballages IML - Emballage Digest\" \/>\n<meta property=\"og:description\" content=\"Polytag s\u2019associe \u00e0 Multi-Color Corporation (MCC) pour int\u00e9grer ses marqueurs UV invisibles directement dans les emballages avec \u00e9tiquette dans le moule (IML). Lisibles par des \u00e9quipements sp\u00e9cifiques install\u00e9s dans les centres de tri, ces identifiants num\u00e9riques peuvent embarquer des donn\u00e9es pr\u00e9cises sur la composition, la teneur en recycl\u00e9, l\u2019origine ou la fabrication de l\u2019emballage. Ils [&hellip;]\" \/>\n<meta property=\"og:url\" content=\"https:\/\/www.emballagedigest.fr\/en\/la-tracabilite-etendue-aux-emballages-iml\/\" \/>\n<meta property=\"og:site_name\" content=\"Emballage Digest\" \/>\n<meta property=\"article:published_time\" content=\"2026-08-31T12:40:16+00:00\" \/>\n<meta property=\"article:modified_time\" content=\"2026-09-03T12:42:45+00:00\" \/>\n<meta property=\"og:image\" content=\"https:\/\/www.emballagedigest.fr\/wp-content\/uploads\/2026\/09\/Polytag.jpg\" \/>\n\t<meta property=\"og:image:width\" content=\"800\" \/>\n\t<meta property=\"og:image:height\" content=\"552\" \/>\n\t<meta property=\"og:image:type\" content=\"image\/jpeg\" \/>\n<meta name=\"author\" content=\"Karine Duval\" \/>\n<meta name=\"twitter:card\" content=\"summary_large_image\" \/>\n<meta name=\"twitter:label1\" content=\"Written by\" \/>\n\t<meta name=\"twitter:data1\" content=\"Karine Duval\" \/>\n\t<meta name=\"twitter:label2\" content=\"Estimated reading time\" \/>\n\t<meta name=\"twitter:data2\" content=\"1 minute\" \/>\n<script type=\"application\/ld+json\" class=\"yoast-schema-graph\">{\"@context\":\"https:\/\/schema.org\",\"@graph\":[{\"@type\":\"Article\",\"@id\":\"https:\/\/www.emballagedigest.fr\/la-tracabilite-etendue-aux-emballages-iml\/#article\",\"isPartOf\":{\"@id\":\"https:\/\/www.emballagedigest.fr\/la-tracabilite-etendue-aux-emballages-iml\/\"},\"author\":{\"name\":\"Karine Duval\",\"@id\":\"https:\/\/www.emballagedigest.fr\/#\/schema\/person\/76abe9f2b2ee4d3d520594c7a35da59f\"},\"headline\":\"La tra\u00e7abilit\u00e9 \u00e9tendue aux emballages IML\",\"datePublished\":\"2026-08-31T12:40:16+00:00\",\"dateModified\":\"2026-09-03T12:42:45+00:00\",\"mainEntityOfPage\":{\"@id\":\"https:\/\/www.emballagedigest.fr\/la-tracabilite-etendue-aux-emballages-iml\/\"},\"wordCount\":171,\"publisher\":{\"@id\":\"https:\/\/www.emballagedigest.fr\/#organization\"},\"image\":{\"@id\":\"https:\/\/www.emballagedigest.fr\/la-tracabilite-etendue-aux-emballages-iml\/#primaryimage\"},\"thumbnailUrl\":\"https:\/\/www.emballagedigest.fr\/wp-content\/uploads\/2026\/09\/Polytag.jpg\",\"articleSection\":[\"Alimentaire\",\"Article entier\",\"Barre lat\u00e9rale\",\"Mat\u00e9riel\",\"Packaging\",\"Vu dans le mag\"],\"inLanguage\":\"en-GB\"},{\"@type\":\"WebPage\",\"@id\":\"https:\/\/www.emballagedigest.fr\/la-tracabilite-etendue-aux-emballages-iml\/\",\"url\":\"https:\/\/www.emballagedigest.fr\/la-tracabilite-etendue-aux-emballages-iml\/\",\"name\":\"La tra\u00e7abilit\u00e9 \u00e9tendue aux emballages IML - Emballage Digest\",\"isPartOf\":{\"@id\":\"https:\/\/www.emballagedigest.fr\/#website\"},\"primaryImageOfPage\":{\"@id\":\"https:\/\/www.emballagedigest.fr\/la-tracabilite-etendue-aux-emballages-iml\/#primaryimage\"},\"image\":{\"@id\":\"https:\/\/www.emballagedigest.fr\/la-tracabilite-etendue-aux-emballages-iml\/#primaryimage\"},\"thumbnailUrl\":\"https:\/\/www.emballagedigest.fr\/wp-content\/uploads\/2026\/09\/Polytag.jpg\",\"datePublished\":\"2026-08-31T12:40:16+00:00\",\"dateModified\":\"2026-09-03T12:42:45+00:00\",\"breadcrumb\":{\"@id\":\"https:\/\/www.emballagedigest.fr\/la-tracabilite-etendue-aux-emballages-iml\/#breadcrumb\"},\"inLanguage\":\"en-GB\",\"potentialAction\":[{\"@type\":\"ReadAction\",\"target\":[\"https:\/\/www.emballagedigest.fr\/la-tracabilite-etendue-aux-emballages-iml\/\"]}]},{\"@type\":\"ImageObject\",\"inLanguage\":\"en-GB\",\"@id\":\"https:\/\/www.emballagedigest.fr\/la-tracabilite-etendue-aux-emballages-iml\/#primaryimage\",\"url\":\"https:\/\/www.emballagedigest.fr\/wp-content\/uploads\/2026\/09\/Polytag.jpg\",\"contentUrl\":\"https:\/\/www.emballagedigest.fr\/wp-content\/uploads\/2026\/09\/Polytag.jpg\",\"width\":800,\"height\":552},{\"@type\":\"BreadcrumbList\",\"@id\":\"https:\/\/www.emballagedigest.fr\/la-tracabilite-etendue-aux-emballages-iml\/#breadcrumb\",\"itemListElement\":[{\"@type\":\"ListItem\",\"position\":1,\"name\":\"Accueil\",\"item\":\"https:\/\/www.emballagedigest.fr\/\"},{\"@type\":\"ListItem\",\"position\":2,\"name\":\"La tra\u00e7abilit\u00e9 \u00e9tendue aux emballages IML\"}]},{\"@type\":\"WebSite\",\"@id\":\"https:\/\/www.emballagedigest.fr\/#website\",\"url\":\"https:\/\/www.emballagedigest.fr\/\",\"name\":\"Emballage Digest\",\"description\":\"Revue professionnelle sur les emballages\",\"publisher\":{\"@id\":\"https:\/\/www.emballagedigest.fr\/#organization\"},\"potentialAction\":[{\"@type\":\"SearchAction\",\"target\":{\"@type\":\"EntryPoint\",\"urlTemplate\":\"https:\/\/www.emballagedigest.fr\/?s={search_term_string}\"},\"query-input\":{\"@type\":\"PropertyValueSpecification\",\"valueRequired\":true,\"valueName\":\"search_term_string\"}}],\"inLanguage\":\"en-GB\"},{\"@type\":\"Organization\",\"@id\":\"https:\/\/www.emballagedigest.fr\/#organization\",\"name\":\"Emballage Digest\",\"url\":\"https:\/\/www.emballagedigest.fr\/\",\"logo\":{\"@type\":\"ImageObject\",\"inLanguage\":\"en-GB\",\"@id\":\"https:\/\/www.emballagedigest.fr\/#\/schema\/logo\/image\/\",\"url\":\"https:\/\/www.emballagedigest.fr\/wp-content\/uploads\/2022\/07\/logo-ed.png\",\"contentUrl\":\"https:\/\/www.emballagedigest.fr\/wp-content\/uploads\/2022\/07\/logo-ed.png\",\"width\":379,\"height\":75,\"caption\":\"Emballage Digest\"},\"image\":{\"@id\":\"https:\/\/www.emballagedigest.fr\/#\/schema\/logo\/image\/\"}},{\"@type\":\"Person\",\"@id\":\"https:\/\/www.emballagedigest.fr\/#\/schema\/person\/76abe9f2b2ee4d3d520594c7a35da59f\",\"name\":\"Karine Duval\",\"image\":{\"@type\":\"ImageObject\",\"inLanguage\":\"en-GB\",\"@id\":\"https:\/\/www.emballagedigest.fr\/#\/schema\/person\/image\/\",\"url\":\"https:\/\/secure.gravatar.com\/avatar\/f552799261cdd2e076e6677d780ef07bdb13aa4c196ab75b39abcbcdcae2d4e5?s=96&d=mm&r=g\",\"contentUrl\":\"https:\/\/secure.gravatar.com\/avatar\/f552799261cdd2e076e6677d780ef07bdb13aa4c196ab75b39abcbcdcae2d4e5?s=96&d=mm&r=g\",\"caption\":\"Karine Duval\"},\"url\":\"https:\/\/www.emballagedigest.fr\/en\/author\/admin_karduv\/\"}]}<\/script>\n<!-- \/ Yoast SEO plugin. -->","yoast_head_json":{"title":"La tra\u00e7abilit\u00e9 \u00e9tendue aux emballages IML - Emballage Digest","robots":{"index":"index","follow":"follow","max-snippet":"max-snippet:-1","max-image-preview":"max-image-preview:large","max-video-preview":"max-video-preview:-1"},"canonical":"https:\/\/www.emballagedigest.fr\/en\/la-tracabilite-etendue-aux-emballages-iml\/","og_locale":"en_GB","og_type":"article","og_title":"La tra\u00e7abilit\u00e9 \u00e9tendue aux emballages IML - Emballage Digest","og_description":"Polytag s\u2019associe \u00e0 Multi-Color Corporation (MCC) pour int\u00e9grer ses marqueurs UV invisibles directement dans les emballages avec \u00e9tiquette dans le moule (IML). Lisibles par des \u00e9quipements sp\u00e9cifiques install\u00e9s dans les centres de tri, ces identifiants num\u00e9riques peuvent embarquer des donn\u00e9es pr\u00e9cises sur la composition, la teneur en recycl\u00e9, l\u2019origine ou la fabrication de l\u2019emballage. Ils [&hellip;]","og_url":"https:\/\/www.emballagedigest.fr\/en\/la-tracabilite-etendue-aux-emballages-iml\/","og_site_name":"Emballage Digest","article_published_time":"2026-08-31T12:40:16+00:00","article_modified_time":"2026-09-03T12:42:45+00:00","og_image":[{"width":800,"height":552,"url":"https:\/\/www.emballagedigest.fr\/wp-content\/uploads\/2026\/09\/Polytag.jpg","type":"image\/jpeg"}],"author":"Karine Duval","twitter_card":"summary_large_image","twitter_misc":{"Written by":"Karine Duval","Estimated reading time":"1 minute"},"schema":{"@context":"https:\/\/schema.org","@graph":[{"@type":"Article","@id":"https:\/\/www.emballagedigest.fr\/la-tracabilite-etendue-aux-emballages-iml\/#article","isPartOf":{"@id":"https:\/\/www.emballagedigest.fr\/la-tracabilite-etendue-aux-emballages-iml\/"},"author":{"name":"Karine Duval","@id":"https:\/\/www.emballagedigest.fr\/#\/schema\/person\/76abe9f2b2ee4d3d520594c7a35da59f"},"headline":"La tra\u00e7abilit\u00e9 \u00e9tendue aux emballages IML","datePublished":"2026-08-31T12:40:16+00:00","dateModified":"2026-09-03T12:42:45+00:00","mainEntityOfPage":{"@id":"https:\/\/www.emballagedigest.fr\/la-tracabilite-etendue-aux-emballages-iml\/"},"wordCount":171,"publisher":{"@id":"https:\/\/www.emballagedigest.fr\/#organization"},"image":{"@id":"https:\/\/www.emballagedigest.fr\/la-tracabilite-etendue-aux-emballages-iml\/#primaryimage"},"thumbnailUrl":"https:\/\/www.emballagedigest.fr\/wp-content\/uploads\/2026\/09\/Polytag.jpg","articleSection":["Alimentaire","Article entier","Barre lat\u00e9rale","Mat\u00e9riel","Packaging","Vu dans le mag"],"inLanguage":"en-GB"},{"@type":"WebPage","@id":"https:\/\/www.emballagedigest.fr\/la-tracabilite-etendue-aux-emballages-iml\/","url":"https:\/\/www.emballagedigest.fr\/la-tracabilite-etendue-aux-emballages-iml\/","name":"La tra\u00e7abilit\u00e9 \u00e9tendue aux emballages IML - Emballage Digest","isPartOf":{"@id":"https:\/\/www.emballagedigest.fr\/#website"},"primaryImageOfPage":{"@id":"https:\/\/www.emballagedigest.fr\/la-tracabilite-etendue-aux-emballages-iml\/#primaryimage"},"image":{"@id":"https:\/\/www.emballagedigest.fr\/la-tracabilite-etendue-aux-emballages-iml\/#primaryimage"},"thumbnailUrl":"https:\/\/www.emballagedigest.fr\/wp-content\/uploads\/2026\/09\/Polytag.jpg","datePublished":"2026-08-31T12:40:16+00:00","dateModified":"2026-09-03T12:42:45+00:00","breadcrumb":{"@id":"https:\/\/www.emballagedigest.fr\/la-tracabilite-etendue-aux-emballages-iml\/#breadcrumb"},"inLanguage":"en-GB","potentialAction":[{"@type":"ReadAction","target":["https:\/\/www.emballagedigest.fr\/la-tracabilite-etendue-aux-emballages-iml\/"]}]},{"@type":"ImageObject","inLanguage":"en-GB","@id":"https:\/\/www.emballagedigest.fr\/la-tracabilite-etendue-aux-emballages-iml\/#primaryimage","url":"https:\/\/www.emballagedigest.fr\/wp-content\/uploads\/2026\/09\/Polytag.jpg","contentUrl":"https:\/\/www.emballagedigest.fr\/wp-content\/uploads\/2026\/09\/Polytag.jpg","width":800,"height":552},{"@type":"BreadcrumbList","@id":"https:\/\/www.emballagedigest.fr\/la-tracabilite-etendue-aux-emballages-iml\/#breadcrumb","itemListElement":[{"@type":"ListItem","position":1,"name":"Accueil","item":"https:\/\/www.emballagedigest.fr\/"},{"@type":"ListItem","position":2,"name":"La tra\u00e7abilit\u00e9 \u00e9tendue aux emballages IML"}]},{"@type":"WebSite","@id":"https:\/\/www.emballagedigest.fr\/#website","url":"https:\/\/www.emballagedigest.fr\/","name":"Emballage Digest","description":"Revue professionnelle sur les emballages","publisher":{"@id":"https:\/\/www.emballagedigest.fr\/#organization"},"potentialAction":[{"@type":"SearchAction","target":{"@type":"EntryPoint","urlTemplate":"https:\/\/www.emballagedigest.fr\/?s={search_term_string}"},"query-input":{"@type":"PropertyValueSpecification","valueRequired":true,"valueName":"search_term_string"}}],"inLanguage":"en-GB"},{"@type":"Organization","@id":"https:\/\/www.emballagedigest.fr\/#organization","name":"Emballage Digest","url":"https:\/\/www.emballagedigest.fr\/","logo":{"@type":"ImageObject","inLanguage":"en-GB","@id":"https:\/\/www.emballagedigest.fr\/#\/schema\/logo\/image\/","url":"https:\/\/www.emballagedigest.fr\/wp-content\/uploads\/2022\/07\/logo-ed.png","contentUrl":"https:\/\/www.emballagedigest.fr\/wp-content\/uploads\/2022\/07\/logo-ed.png","width":379,"height":75,"caption":"Emballage Digest"},"image":{"@id":"https:\/\/www.emballagedigest.fr\/#\/schema\/logo\/image\/"}},{"@type":"Person","@id":"https:\/\/www.emballagedigest.fr\/#\/schema\/person\/76abe9f2b2ee4d3d520594c7a35da59f","name":"Karine Duval","image":{"@type":"ImageObject","inLanguage":"en-GB","@id":"https:\/\/www.emballagedigest.fr\/#\/schema\/person\/image\/","url":"https:\/\/secure.gravatar.com\/avatar\/f552799261cdd2e076e6677d780ef07bdb13aa4c196ab75b39abcbcdcae2d4e5?s=96&d=mm&r=g","contentUrl":"https:\/\/secure.gravatar.com\/avatar\/f552799261cdd2e076e6677d780ef07bdb13aa4c196ab75b39abcbcdcae2d4e5?s=96&d=mm&r=g","caption":"Karine Duval"},"url":"https:\/\/www.emballagedigest.fr\/en\/author\/admin_karduv\/"}]}},"_links":{"self":[{"href":"https:\/\/www.emballagedigest.fr\/en\/wp-json\/wp\/v2\/posts\/48827","targetHints":{"allow":["GET"]}}],"collection":[{"href":"https:\/\/www.emballagedigest.fr\/en\/wp-json\/wp\/v2\/posts"}],"about":[{"href":"https:\/\/www.emballagedigest.fr\/en\/wp-json\/wp\/v2\/types\/post"}],"author":[{"embeddable":true,"href":"https:\/\/www.emballagedigest.fr\/en\/wp-json\/wp\/v2\/users\/2"}],"replies":[{"embeddable":true,"href":"https:\/\/www.emballagedigest.fr\/en\/wp-json\/wp\/v2\/comments?post=48827"}],"version-history":[{"count":1,"href":"https:\/\/www.emballagedigest.fr\/en\/wp-json\/wp\/v2\/posts\/48827\/revisions"}],"predecessor-version":[{"id":48829,"href":"https:\/\/www.emballagedigest.fr\/en\/wp-json\/wp\/v2\/posts\/48827\/revisions\/48829"}],"wp:featuredmedia":[{"embeddable":true,"href":"https:\/\/www.emballagedigest.fr\/en\/wp-json\/wp\/v2\/media\/48828"}],"wp:attachment":[{"href":"https:\/\/www.emballagedigest.fr\/en\/wp-json\/wp\/v2\/media?parent=48827"}],"wp:term":[{"taxonomy":"category","embeddable":true,"href":"https:\/\/www.emballagedigest.fr\/en\/wp-json\/wp\/v2\/categories?post=48827"},{"taxonomy":"post_tag","embeddable":true,"href":"https:\/\/www.emballagedigest.fr\/en\/wp-json\/wp\/v2\/tags?post=48827"}],"curies":[{"name":"wp","href":"https:\/\/api.w.org\/{rel}","templated":true}]}}