{"id":48837,"date":"2026-08-31T14:47:36","date_gmt":"2026-08-31T12:47:36","guid":{"rendered":"https:\/\/www.emballagedigest.fr\/?p=48837"},"modified":"2026-09-03T14:49:28","modified_gmt":"2026-09-03T12:49:28","slug":"medicaments-injectables-aptar-pharma-lance-un-cadre-systemiqueintegre","status":"publish","type":"post","link":"https:\/\/www.emballagedigest.fr\/en\/medicaments-injectables-aptar-pharma-lance-un-cadre-systemiqueintegre\/","title":{"rendered":"M\u00e9dicaments injectables\u00a0: Aptar Pharma lance un cadre syst\u00e9miqueint\u00e9gr\u00e9"},"content":{"rendered":"<p class=\"wp-block-paragraph\"><strong>Aptar Pharma a r\u00e9cemment annonc\u00e9 la mise en place d\u2019un cadre de collaboration syst\u00e9mique pour les syst\u00e8mes d\u2019administration de m\u00e9dicaments injectables. <\/strong><\/p>\n\n\n\n<p class=\"wp-block-paragraph\">Fort de plus de dix ans d\u2019exp\u00e9rience dans l\u2019accompagnement de clients pharmaceutiques pour le d\u00e9veloppement de m\u00e9dicaments respiratoires et ophtalmiques, le groupe travaillera avec ses partenaires \u00e0 l\u2019\u00e9laboration de dossiers de donn\u00e9es int\u00e9grant les r\u00e9sultats de tests syst\u00e9miques et les donn\u00e9es de performance des th\u00e9rapies injectables. Con\u00e7us pour fournir une analyse plus rapide des performances des syst\u00e8mes assembl\u00e9s, ces dossiers de donn\u00e9es aident les clients \u00e0 prendre des d\u00e9cisions de d\u00e9veloppement plus \u00e9clair\u00e9es, \u00e0 mieux g\u00e9rer les risques tout au long des programmes de d\u00e9veloppement et \u00e0 garantir l\u2019acc\u00e8s des patients \u00e0 des traitements s\u00fbrs et efficaces.<\/p>\n\n\n\n<p class=\"wp-block-paragraph\">La division Injectables d\u2019Aptar Pharma s\u2019appuie sur plus de 60 ans d\u2019exp\u00e9rience dans les composants \u00e9lastom\u00e8res pour syst\u00e8mes d\u2019administration de m\u00e9dicaments injectables. En d\u00e9veloppant des solutions \u00e9lastom\u00e8res pour ces syst\u00e8mes et en collaborant avec des partenaires de premier plan tout au long de la cha\u00eene de valeur des injectables, notamment les fabricants de seringues pr\u00e9remplies (PFS), Aptar Pharma conjugue collaboration, expertise des composants et donn\u00e9es int\u00e9gr\u00e9es pour accompagner ses clients dans leurs d\u00e9veloppements. Actuellement, l\u2019accent est mis sur les plateformes PFS partenaires int\u00e9grant les protections d\u2019aiguilles rigides (RNS) et les pistons \u00e9lastom\u00e8res PremiumCoat\u00ae d\u2019Aptar Pharma\u00a0pour\u00a0les formulations m\u00e9dicamenteuses sensibles, y compris les produits biologiques tr\u00e8s visqueux.<\/p>\n\n\n\n<p class=\"wp-block-paragraph\">Les syst\u00e8mes de fermeture des contenants sont souvent \u00e9valu\u00e9s composant par composant, ce qui n\u00e9cessite une coordination entre de multiples fournisseurs et la r\u00e9solution des probl\u00e8mes au fur et \u00e0 mesure du d\u00e9veloppement. Il peut donc \u00eatre difficile pour les clients d\u2019obtenir une vision compl\u00e8te des performances du syst\u00e8me assembl\u00e9 d\u00e8s les premi\u00e8res \u00e9tapes du d\u00e9veloppement. L\u2019approche d\u2019Aptar Pharma contribue \u00e0 r\u00e9soudre ce probl\u00e8me en facilitant les \u00e9valuations syst\u00e8me pr\u00e9coces avec les partenaires et en g\u00e9n\u00e9rant des donn\u00e9es sur les interactions entre les composants critiques du syst\u00e8me, conform\u00e9ment aux principes de l\u2019USP &lt;382>.<\/p>","protected":false},"excerpt":{"rendered":"<p>Aptar Pharma a r\u00e9cemment annonc\u00e9 la mise en place d\u2019un cadre de collaboration syst\u00e9mique pour les syst\u00e8mes d\u2019administration de m\u00e9dicaments injectables. Fort de plus de dix ans d\u2019exp\u00e9rience dans l\u2019accompagnement de clients pharmaceutiques pour le d\u00e9veloppement de m\u00e9dicaments respiratoires et ophtalmiques, le groupe travaillera avec ses partenaires \u00e0 l\u2019\u00e9laboration de dossiers de donn\u00e9es int\u00e9grant les [&hellip;]<\/p>","protected":false},"author":2,"featured_media":48838,"comment_status":"closed","ping_status":"closed","sticky":false,"template":"","format":"standard","meta":{"_acf_changed":false,"inline_featured_image":false,"iawp_total_views":0,"footnotes":""},"categories":[28,26,81,7,65],"tags":[],"class_list":["post-48837","post","type-post","status-publish","format-standard","has-post-thumbnail","hentry","category-article-entier","category-laterale","category-packaging","category-pharmacie","category-vu-dans-le-mag"],"acf":[],"yoast_head":"<!-- This site is optimized with the Yoast SEO plugin v24.4 - https:\/\/yoast.com\/wordpress\/plugins\/seo\/ -->\n<title>M\u00e9dicaments injectables\u00a0: Aptar Pharma lance un cadre syst\u00e9miqueint\u00e9gr\u00e9 - Emballage Digest<\/title>\n<meta name=\"robots\" content=\"index, follow, max-snippet:-1, max-image-preview:large, max-video-preview:-1\" \/>\n<link rel=\"canonical\" href=\"https:\/\/www.emballagedigest.fr\/en\/medicaments-injectables-aptar-pharma-lance-un-cadre-systemiqueintegre\/\" \/>\n<meta property=\"og:locale\" content=\"en_GB\" \/>\n<meta property=\"og:type\" content=\"article\" \/>\n<meta property=\"og:title\" content=\"M\u00e9dicaments injectables\u00a0: Aptar Pharma lance un cadre syst\u00e9miqueint\u00e9gr\u00e9 - Emballage Digest\" \/>\n<meta property=\"og:description\" content=\"Aptar Pharma a r\u00e9cemment annonc\u00e9 la mise en place d\u2019un cadre de collaboration syst\u00e9mique pour les syst\u00e8mes d\u2019administration de m\u00e9dicaments injectables. Fort de plus de dix ans d\u2019exp\u00e9rience dans l\u2019accompagnement de clients pharmaceutiques pour le d\u00e9veloppement de m\u00e9dicaments respiratoires et ophtalmiques, le groupe travaillera avec ses partenaires \u00e0 l\u2019\u00e9laboration de dossiers de donn\u00e9es int\u00e9grant les [&hellip;]\" \/>\n<meta property=\"og:url\" content=\"https:\/\/www.emballagedigest.fr\/en\/medicaments-injectables-aptar-pharma-lance-un-cadre-systemiqueintegre\/\" \/>\n<meta property=\"og:site_name\" content=\"Emballage Digest\" \/>\n<meta property=\"article:published_time\" content=\"2026-08-31T12:47:36+00:00\" \/>\n<meta property=\"article:modified_time\" content=\"2026-09-03T12:49:28+00:00\" \/>\n<meta property=\"og:image\" content=\"https:\/\/www.emballagedigest.fr\/wp-content\/uploads\/2026\/09\/Aptar.jpg\" \/>\n\t<meta property=\"og:image:width\" content=\"800\" \/>\n\t<meta property=\"og:image:height\" content=\"558\" \/>\n\t<meta property=\"og:image:type\" content=\"image\/jpeg\" \/>\n<meta name=\"author\" content=\"Karine Duval\" \/>\n<meta name=\"twitter:card\" content=\"summary_large_image\" \/>\n<meta name=\"twitter:label1\" content=\"Written by\" \/>\n\t<meta name=\"twitter:data1\" content=\"Karine Duval\" \/>\n\t<meta name=\"twitter:label2\" content=\"Estimated reading time\" \/>\n\t<meta name=\"twitter:data2\" content=\"2 minutes\" \/>\n<script type=\"application\/ld+json\" class=\"yoast-schema-graph\">{\"@context\":\"https:\/\/schema.org\",\"@graph\":[{\"@type\":\"Article\",\"@id\":\"https:\/\/www.emballagedigest.fr\/medicaments-injectables-aptar-pharma-lance-un-cadre-systemiqueintegre\/#article\",\"isPartOf\":{\"@id\":\"https:\/\/www.emballagedigest.fr\/medicaments-injectables-aptar-pharma-lance-un-cadre-systemiqueintegre\/\"},\"author\":{\"name\":\"Karine Duval\",\"@id\":\"https:\/\/www.emballagedigest.fr\/#\/schema\/person\/76abe9f2b2ee4d3d520594c7a35da59f\"},\"headline\":\"M\u00e9dicaments injectables\u00a0: Aptar Pharma lance un cadre syst\u00e9miqueint\u00e9gr\u00e9\",\"datePublished\":\"2026-08-31T12:47:36+00:00\",\"dateModified\":\"2026-09-03T12:49:28+00:00\",\"mainEntityOfPage\":{\"@id\":\"https:\/\/www.emballagedigest.fr\/medicaments-injectables-aptar-pharma-lance-un-cadre-systemiqueintegre\/\"},\"wordCount\":399,\"publisher\":{\"@id\":\"https:\/\/www.emballagedigest.fr\/#organization\"},\"image\":{\"@id\":\"https:\/\/www.emballagedigest.fr\/medicaments-injectables-aptar-pharma-lance-un-cadre-systemiqueintegre\/#primaryimage\"},\"thumbnailUrl\":\"https:\/\/www.emballagedigest.fr\/wp-content\/uploads\/2026\/09\/Aptar.jpg\",\"articleSection\":[\"Article entier\",\"Barre lat\u00e9rale\",\"Packaging\",\"Pharmacie\",\"Vu dans le mag\"],\"inLanguage\":\"en-GB\"},{\"@type\":\"WebPage\",\"@id\":\"https:\/\/www.emballagedigest.fr\/medicaments-injectables-aptar-pharma-lance-un-cadre-systemiqueintegre\/\",\"url\":\"https:\/\/www.emballagedigest.fr\/medicaments-injectables-aptar-pharma-lance-un-cadre-systemiqueintegre\/\",\"name\":\"M\u00e9dicaments injectables\u00a0: Aptar Pharma lance un cadre syst\u00e9miqueint\u00e9gr\u00e9 - Emballage Digest\",\"isPartOf\":{\"@id\":\"https:\/\/www.emballagedigest.fr\/#website\"},\"primaryImageOfPage\":{\"@id\":\"https:\/\/www.emballagedigest.fr\/medicaments-injectables-aptar-pharma-lance-un-cadre-systemiqueintegre\/#primaryimage\"},\"image\":{\"@id\":\"https:\/\/www.emballagedigest.fr\/medicaments-injectables-aptar-pharma-lance-un-cadre-systemiqueintegre\/#primaryimage\"},\"thumbnailUrl\":\"https:\/\/www.emballagedigest.fr\/wp-content\/uploads\/2026\/09\/Aptar.jpg\",\"datePublished\":\"2026-08-31T12:47:36+00:00\",\"dateModified\":\"2026-09-03T12:49:28+00:00\",\"breadcrumb\":{\"@id\":\"https:\/\/www.emballagedigest.fr\/medicaments-injectables-aptar-pharma-lance-un-cadre-systemiqueintegre\/#breadcrumb\"},\"inLanguage\":\"en-GB\",\"potentialAction\":[{\"@type\":\"ReadAction\",\"target\":[\"https:\/\/www.emballagedigest.fr\/medicaments-injectables-aptar-pharma-lance-un-cadre-systemiqueintegre\/\"]}]},{\"@type\":\"ImageObject\",\"inLanguage\":\"en-GB\",\"@id\":\"https:\/\/www.emballagedigest.fr\/medicaments-injectables-aptar-pharma-lance-un-cadre-systemiqueintegre\/#primaryimage\",\"url\":\"https:\/\/www.emballagedigest.fr\/wp-content\/uploads\/2026\/09\/Aptar.jpg\",\"contentUrl\":\"https:\/\/www.emballagedigest.fr\/wp-content\/uploads\/2026\/09\/Aptar.jpg\",\"width\":800,\"height\":558},{\"@type\":\"BreadcrumbList\",\"@id\":\"https:\/\/www.emballagedigest.fr\/medicaments-injectables-aptar-pharma-lance-un-cadre-systemiqueintegre\/#breadcrumb\",\"itemListElement\":[{\"@type\":\"ListItem\",\"position\":1,\"name\":\"Accueil\",\"item\":\"https:\/\/www.emballagedigest.fr\/\"},{\"@type\":\"ListItem\",\"position\":2,\"name\":\"M\u00e9dicaments injectables\u00a0: Aptar Pharma lance un cadre syst\u00e9miqueint\u00e9gr\u00e9\"}]},{\"@type\":\"WebSite\",\"@id\":\"https:\/\/www.emballagedigest.fr\/#website\",\"url\":\"https:\/\/www.emballagedigest.fr\/\",\"name\":\"Emballage Digest\",\"description\":\"Revue professionnelle sur les emballages\",\"publisher\":{\"@id\":\"https:\/\/www.emballagedigest.fr\/#organization\"},\"potentialAction\":[{\"@type\":\"SearchAction\",\"target\":{\"@type\":\"EntryPoint\",\"urlTemplate\":\"https:\/\/www.emballagedigest.fr\/?s={search_term_string}\"},\"query-input\":{\"@type\":\"PropertyValueSpecification\",\"valueRequired\":true,\"valueName\":\"search_term_string\"}}],\"inLanguage\":\"en-GB\"},{\"@type\":\"Organization\",\"@id\":\"https:\/\/www.emballagedigest.fr\/#organization\",\"name\":\"Emballage Digest\",\"url\":\"https:\/\/www.emballagedigest.fr\/\",\"logo\":{\"@type\":\"ImageObject\",\"inLanguage\":\"en-GB\",\"@id\":\"https:\/\/www.emballagedigest.fr\/#\/schema\/logo\/image\/\",\"url\":\"https:\/\/www.emballagedigest.fr\/wp-content\/uploads\/2022\/07\/logo-ed.png\",\"contentUrl\":\"https:\/\/www.emballagedigest.fr\/wp-content\/uploads\/2022\/07\/logo-ed.png\",\"width\":379,\"height\":75,\"caption\":\"Emballage Digest\"},\"image\":{\"@id\":\"https:\/\/www.emballagedigest.fr\/#\/schema\/logo\/image\/\"}},{\"@type\":\"Person\",\"@id\":\"https:\/\/www.emballagedigest.fr\/#\/schema\/person\/76abe9f2b2ee4d3d520594c7a35da59f\",\"name\":\"Karine Duval\",\"image\":{\"@type\":\"ImageObject\",\"inLanguage\":\"en-GB\",\"@id\":\"https:\/\/www.emballagedigest.fr\/#\/schema\/person\/image\/\",\"url\":\"https:\/\/secure.gravatar.com\/avatar\/f552799261cdd2e076e6677d780ef07bdb13aa4c196ab75b39abcbcdcae2d4e5?s=96&d=mm&r=g\",\"contentUrl\":\"https:\/\/secure.gravatar.com\/avatar\/f552799261cdd2e076e6677d780ef07bdb13aa4c196ab75b39abcbcdcae2d4e5?s=96&d=mm&r=g\",\"caption\":\"Karine Duval\"},\"url\":\"https:\/\/www.emballagedigest.fr\/en\/author\/admin_karduv\/\"}]}<\/script>\n<!-- \/ Yoast SEO plugin. -->","yoast_head_json":{"title":"M\u00e9dicaments injectables\u00a0: Aptar Pharma lance un cadre syst\u00e9miqueint\u00e9gr\u00e9 - Emballage Digest","robots":{"index":"index","follow":"follow","max-snippet":"max-snippet:-1","max-image-preview":"max-image-preview:large","max-video-preview":"max-video-preview:-1"},"canonical":"https:\/\/www.emballagedigest.fr\/en\/medicaments-injectables-aptar-pharma-lance-un-cadre-systemiqueintegre\/","og_locale":"en_GB","og_type":"article","og_title":"M\u00e9dicaments injectables\u00a0: Aptar Pharma lance un cadre syst\u00e9miqueint\u00e9gr\u00e9 - Emballage Digest","og_description":"Aptar Pharma a r\u00e9cemment annonc\u00e9 la mise en place d\u2019un cadre de collaboration syst\u00e9mique pour les syst\u00e8mes d\u2019administration de m\u00e9dicaments injectables. Fort de plus de dix ans d\u2019exp\u00e9rience dans l\u2019accompagnement de clients pharmaceutiques pour le d\u00e9veloppement de m\u00e9dicaments respiratoires et ophtalmiques, le groupe travaillera avec ses partenaires \u00e0 l\u2019\u00e9laboration de dossiers de donn\u00e9es int\u00e9grant les [&hellip;]","og_url":"https:\/\/www.emballagedigest.fr\/en\/medicaments-injectables-aptar-pharma-lance-un-cadre-systemiqueintegre\/","og_site_name":"Emballage Digest","article_published_time":"2026-08-31T12:47:36+00:00","article_modified_time":"2026-09-03T12:49:28+00:00","og_image":[{"width":800,"height":558,"url":"https:\/\/www.emballagedigest.fr\/wp-content\/uploads\/2026\/09\/Aptar.jpg","type":"image\/jpeg"}],"author":"Karine Duval","twitter_card":"summary_large_image","twitter_misc":{"Written by":"Karine Duval","Estimated reading time":"2 minutes"},"schema":{"@context":"https:\/\/schema.org","@graph":[{"@type":"Article","@id":"https:\/\/www.emballagedigest.fr\/medicaments-injectables-aptar-pharma-lance-un-cadre-systemiqueintegre\/#article","isPartOf":{"@id":"https:\/\/www.emballagedigest.fr\/medicaments-injectables-aptar-pharma-lance-un-cadre-systemiqueintegre\/"},"author":{"name":"Karine Duval","@id":"https:\/\/www.emballagedigest.fr\/#\/schema\/person\/76abe9f2b2ee4d3d520594c7a35da59f"},"headline":"M\u00e9dicaments injectables\u00a0: Aptar Pharma lance un cadre syst\u00e9miqueint\u00e9gr\u00e9","datePublished":"2026-08-31T12:47:36+00:00","dateModified":"2026-09-03T12:49:28+00:00","mainEntityOfPage":{"@id":"https:\/\/www.emballagedigest.fr\/medicaments-injectables-aptar-pharma-lance-un-cadre-systemiqueintegre\/"},"wordCount":399,"publisher":{"@id":"https:\/\/www.emballagedigest.fr\/#organization"},"image":{"@id":"https:\/\/www.emballagedigest.fr\/medicaments-injectables-aptar-pharma-lance-un-cadre-systemiqueintegre\/#primaryimage"},"thumbnailUrl":"https:\/\/www.emballagedigest.fr\/wp-content\/uploads\/2026\/09\/Aptar.jpg","articleSection":["Article entier","Barre lat\u00e9rale","Packaging","Pharmacie","Vu dans le mag"],"inLanguage":"en-GB"},{"@type":"WebPage","@id":"https:\/\/www.emballagedigest.fr\/medicaments-injectables-aptar-pharma-lance-un-cadre-systemiqueintegre\/","url":"https:\/\/www.emballagedigest.fr\/medicaments-injectables-aptar-pharma-lance-un-cadre-systemiqueintegre\/","name":"M\u00e9dicaments injectables\u00a0: Aptar Pharma lance un cadre syst\u00e9miqueint\u00e9gr\u00e9 - Emballage Digest","isPartOf":{"@id":"https:\/\/www.emballagedigest.fr\/#website"},"primaryImageOfPage":{"@id":"https:\/\/www.emballagedigest.fr\/medicaments-injectables-aptar-pharma-lance-un-cadre-systemiqueintegre\/#primaryimage"},"image":{"@id":"https:\/\/www.emballagedigest.fr\/medicaments-injectables-aptar-pharma-lance-un-cadre-systemiqueintegre\/#primaryimage"},"thumbnailUrl":"https:\/\/www.emballagedigest.fr\/wp-content\/uploads\/2026\/09\/Aptar.jpg","datePublished":"2026-08-31T12:47:36+00:00","dateModified":"2026-09-03T12:49:28+00:00","breadcrumb":{"@id":"https:\/\/www.emballagedigest.fr\/medicaments-injectables-aptar-pharma-lance-un-cadre-systemiqueintegre\/#breadcrumb"},"inLanguage":"en-GB","potentialAction":[{"@type":"ReadAction","target":["https:\/\/www.emballagedigest.fr\/medicaments-injectables-aptar-pharma-lance-un-cadre-systemiqueintegre\/"]}]},{"@type":"ImageObject","inLanguage":"en-GB","@id":"https:\/\/www.emballagedigest.fr\/medicaments-injectables-aptar-pharma-lance-un-cadre-systemiqueintegre\/#primaryimage","url":"https:\/\/www.emballagedigest.fr\/wp-content\/uploads\/2026\/09\/Aptar.jpg","contentUrl":"https:\/\/www.emballagedigest.fr\/wp-content\/uploads\/2026\/09\/Aptar.jpg","width":800,"height":558},{"@type":"BreadcrumbList","@id":"https:\/\/www.emballagedigest.fr\/medicaments-injectables-aptar-pharma-lance-un-cadre-systemiqueintegre\/#breadcrumb","itemListElement":[{"@type":"ListItem","position":1,"name":"Accueil","item":"https:\/\/www.emballagedigest.fr\/"},{"@type":"ListItem","position":2,"name":"M\u00e9dicaments injectables\u00a0: Aptar Pharma lance un cadre syst\u00e9miqueint\u00e9gr\u00e9"}]},{"@type":"WebSite","@id":"https:\/\/www.emballagedigest.fr\/#website","url":"https:\/\/www.emballagedigest.fr\/","name":"Emballage Digest","description":"Revue professionnelle sur les emballages","publisher":{"@id":"https:\/\/www.emballagedigest.fr\/#organization"},"potentialAction":[{"@type":"SearchAction","target":{"@type":"EntryPoint","urlTemplate":"https:\/\/www.emballagedigest.fr\/?s={search_term_string}"},"query-input":{"@type":"PropertyValueSpecification","valueRequired":true,"valueName":"search_term_string"}}],"inLanguage":"en-GB"},{"@type":"Organization","@id":"https:\/\/www.emballagedigest.fr\/#organization","name":"Emballage Digest","url":"https:\/\/www.emballagedigest.fr\/","logo":{"@type":"ImageObject","inLanguage":"en-GB","@id":"https:\/\/www.emballagedigest.fr\/#\/schema\/logo\/image\/","url":"https:\/\/www.emballagedigest.fr\/wp-content\/uploads\/2022\/07\/logo-ed.png","contentUrl":"https:\/\/www.emballagedigest.fr\/wp-content\/uploads\/2022\/07\/logo-ed.png","width":379,"height":75,"caption":"Emballage Digest"},"image":{"@id":"https:\/\/www.emballagedigest.fr\/#\/schema\/logo\/image\/"}},{"@type":"Person","@id":"https:\/\/www.emballagedigest.fr\/#\/schema\/person\/76abe9f2b2ee4d3d520594c7a35da59f","name":"Karine Duval","image":{"@type":"ImageObject","inLanguage":"en-GB","@id":"https:\/\/www.emballagedigest.fr\/#\/schema\/person\/image\/","url":"https:\/\/secure.gravatar.com\/avatar\/f552799261cdd2e076e6677d780ef07bdb13aa4c196ab75b39abcbcdcae2d4e5?s=96&d=mm&r=g","contentUrl":"https:\/\/secure.gravatar.com\/avatar\/f552799261cdd2e076e6677d780ef07bdb13aa4c196ab75b39abcbcdcae2d4e5?s=96&d=mm&r=g","caption":"Karine Duval"},"url":"https:\/\/www.emballagedigest.fr\/en\/author\/admin_karduv\/"}]}},"_links":{"self":[{"href":"https:\/\/www.emballagedigest.fr\/en\/wp-json\/wp\/v2\/posts\/48837","targetHints":{"allow":["GET"]}}],"collection":[{"href":"https:\/\/www.emballagedigest.fr\/en\/wp-json\/wp\/v2\/posts"}],"about":[{"href":"https:\/\/www.emballagedigest.fr\/en\/wp-json\/wp\/v2\/types\/post"}],"author":[{"embeddable":true,"href":"https:\/\/www.emballagedigest.fr\/en\/wp-json\/wp\/v2\/users\/2"}],"replies":[{"embeddable":true,"href":"https:\/\/www.emballagedigest.fr\/en\/wp-json\/wp\/v2\/comments?post=48837"}],"version-history":[{"count":1,"href":"https:\/\/www.emballagedigest.fr\/en\/wp-json\/wp\/v2\/posts\/48837\/revisions"}],"predecessor-version":[{"id":48839,"href":"https:\/\/www.emballagedigest.fr\/en\/wp-json\/wp\/v2\/posts\/48837\/revisions\/48839"}],"wp:featuredmedia":[{"embeddable":true,"href":"https:\/\/www.emballagedigest.fr\/en\/wp-json\/wp\/v2\/media\/48838"}],"wp:attachment":[{"href":"https:\/\/www.emballagedigest.fr\/en\/wp-json\/wp\/v2\/media?parent=48837"}],"wp:term":[{"taxonomy":"category","embeddable":true,"href":"https:\/\/www.emballagedigest.fr\/en\/wp-json\/wp\/v2\/categories?post=48837"},{"taxonomy":"post_tag","embeddable":true,"href":"https:\/\/www.emballagedigest.fr\/en\/wp-json\/wp\/v2\/tags?post=48837"}],"curies":[{"name":"wp","href":"https:\/\/api.w.org\/{rel}","templated":true}]}}