{"id":48840,"date":"2026-08-31T14:49:47","date_gmt":"2026-08-31T12:49:47","guid":{"rendered":"https:\/\/www.emballagedigest.fr\/?p=48840"},"modified":"2026-09-03T14:52:50","modified_gmt":"2026-09-03T12:52:50","slug":"capots-de-parfum-le-materiau-langage-du-luxe","status":"publish","type":"post","link":"https:\/\/www.emballagedigest.fr\/en\/capots-de-parfum-le-materiau-langage-du-luxe\/","title":{"rendered":"Capots de parfum : le mat\u00e9riau, langage du luxe"},"content":{"rendered":"<p class=\"wp-block-paragraph\"><strong>Le capot de parfum s\u2019affirme aujourd\u2019hui comme un v\u00e9ritable vecteur d\u2019identit\u00e9 de marque. Bois, aluminium, zamak, r\u00e9sines, verre ou mat\u00e9riaux min\u00e9raux : les fabricants multiplient les pistes pour conjuguer qualit\u00e9 tactile, diff\u00e9renciation visuelle et exigences de recyclabilit\u00e9 impos\u00e9es par la r\u00e9glementation PPWR. Un exercice complexe.<\/strong><\/p>\n\n\n\n<p class=\"wp-block-paragraph\">Le capot de parfum est d\u00e9sormais partie int\u00e9grante de l\u2019exp\u00e9rience consommateur et de l\u2019identit\u00e9 des marques. Celles-ci recherchent des mat\u00e9riaux dot\u00e9s d\u2019une dimension sensorielle. Les marques ind\u00e9pendantes misent sur un design diff\u00e9renciant, et appr\u00e9cient un capot \u00ablourd\u00bb. Mais la cat\u00e9gorie luxe \u00e9volue et de nombreux mat\u00e9riaux et finitions composent les capots actuels. \u00abLe march\u00e9 du parfum s\u2019oriente dans deux directions, avec des codes premium sobres et \u00e9pur\u00e9s d\u2019un c\u00f4t\u00e9, et des finitions plus expressives et d\u00e9coratives de l\u2019autre. Dans les deux cas, le capot est de plus en plus per\u00e7u comme faisant partie de l\u2019exp\u00e9rience produit, et non plus comme une simple fermeture technique. Les marques recherchent des composants qui allient pr\u00e9cision d\u2019ajustement, qualit\u00e9 tactile, diff\u00e9renciation visuelle et une utilisation plus responsable des mat\u00e9riaux\u00bb, remarque Eva Dall\u2019Armellina, directrice marketing du groupe Tapi. \u00abLe bois est pertinent pour son aspect naturel et sa chaleur tactile. L\u2019aluminium suscite un int\u00e9r\u00eat croissant lorsque les marques recherchent un effet premium plus l\u00e9ger et contemporain. La r\u00e9sine et les mat\u00e9riaux synth\u00e9tiques offrent eux une grande libert\u00e9 de couleurs et des formes plus douces, tandis que le zamak est toujours utilis\u00e9 lorsqu\u2019un poids et une perception m\u00e9tallique haut de gamme sont recherch\u00e9s. Les finitions c\u00e9ramiques et d\u2019aspect min\u00e9ral r\u00e9pondent \u00e9galement \u00e0 la demande d\u2019esth\u00e9tiques plus sensorielles et artisanales\u00bb, r\u00e9sume-t-elle. Le groupe a lanc\u00e9 la collection Beauty on Top, des capots compos\u00e9s de diff\u00e9rentes mati\u00e8res \u2013 bois, laiton, r\u00e9sine\u2026<br>En tant que distributeur et fabricant, Coverpla dispose d\u2019une soixantaine de capots standards dans son catalogue, et peut aussi concevoir et fabriquer des capots sur-mesure. La soci\u00e9t\u00e9 a ainsi une vision globale des tendances \u00abmati\u00e8res\u00bb sur le segment du capot de parfum. \u00abLe bouchage en injection surlyn reste une valeur s\u00fbre existante. Rien ne remplace cette mati\u00e8re niveau transparence, elle est d\u00e9corable et recyclable dans la fili\u00e8re PE-PP. Le bois gagne du terrain: il est vu comme vertueux par les consommateurs \u2013 m\u00eame si souvent on y trouve un insert en plastique. Il existe diff\u00e9rentes solutions alternatives permettant de r\u00e9pondre \u00e0 la norme PPWR&nbsp;: all\u00e8gement du poids de l\u2019insert, utilisation de mati\u00e8res recycl\u00e9es, insert li\u00e8ge\u2026 L\u2019aluminium int\u00e9resse les marques pour des capots mono-mat\u00e9riaux. En cas d\u2019insert en plastique, si celui-ci totalise moins de 5% du packaging total, la recyclabilit\u00e9 de l\u2019aluminium n\u2019est pas compromise. Pour des march\u00e9s de niche, le zamak plait aux marques \u2013 et il est recyclable et recycl\u00e9. Le capot en verre refait son apparition&nbsp;: ce mat\u00e9riau reste une r\u00e9f\u00e9rence culturelle en Europe, o\u00f9 il participait \u00e0 la gestuelle du parfumage\u00bb, rappelle Beno\u00eet Rossi, directeur des op\u00e9rations de Coverpla. Son co\u00fbt reste un frein&nbsp;: les capots en verre press\u00e9, par exemple, sont surtout destin\u00e9s \u00e0 des \u00e9ditions limit\u00e9es ultra premium. Fr\u00e9d\u00e9ric Montali, responsable d\u00e9veloppement packaging de Coverpla, constate par ailleurs des demandes pour des mat\u00e9riaux confidentiels&nbsp;: \u00absur le march\u00e9 de niche, l\u2019aspect prestigieux prime, le minimalisme n\u2019est pas de mise. Les mat\u00e9riaux min\u00e9raux, comme la pierre, le granit, sont appr\u00e9ci\u00e9s pour leur aspect visuel et sensoriel. Les pierres sont travaill\u00e9es \u00e0 l\u2019unit\u00e9, en semi-automatique ou en manuel. Les r\u00e9sines polyester moul\u00e9es ou usin\u00e9essont \u00e9galement attractives&nbsp;: elles permettent divers effets et un panel de couleurs illimit\u00e9 \u2013 mais aussi des formes audacieuses sans la limite de poids induite par le zamak\u00bb, compl\u00e8te-t-il.<\/p>\n\n\n\n<p class=\"wp-block-paragraph\"><strong>L\u2019aluminium, pour des capots l\u00e9gers et mono-mat\u00e9riaux<\/strong><br>L\u2019aluminium, recyclable, int\u00e9resse entre autres pour sa compatibilit\u00e9 avec la r\u00e8glementation PPWR. \u00abLes grandes marques recherchent de l\u2019aluminium bas carbone. Nous avons cr\u00e9\u00e9 une boucle ferm\u00e9e de recyclage de nos chutes d\u2019aluminium et r\u00e9utilisons ainsi dans un tiers de notre production un aluminium de grade luxe, sur la base d\u2019un bilan de masse. Cela permet de r\u00e9duire les \u00e9missions de CO2 jusqu\u2019\u00e0 85% par rapport \u00e0 de l\u2019aluminium vierge, en passant de 9,4 tonnes de CO2 par tonne d\u2019aluminium produite \u00e0 1,2 tonne de CO2. Quant \u00e0 l\u2019acier, il a des atouts mais reste trop cher\u00bb, explique Patrick Bousquel, directeur commercial et marketing de Tesem. Ce mat\u00e9riau est compatible avec diff\u00e9rents designs. \u00abLes formes sph\u00e9riques sont de plus en plus standardis\u00e9es, mais notre best-seller reste le cylindre\u00bb, ajoute-t-il. Cot\u00e9 d\u00e9coration, la gravure m\u00e9canique (pour r\u00e9aliser un poin\u00e7on par exemple), est tr\u00e8s appr\u00e9ci\u00e9e \u2013 tout comme le laser, dont la gravure est fine, moins profonde, avec peu d\u2019investissements. Par ailleurs, \u00ab\u00a0nous travaillons sur des capots int\u00e9grant de la couleur\u00a0: de l\u2019aluminium laqu\u00e9 jaune, orange, bleu, des couleurs m\u00e9talliques\u2026\u00bb, dit-il. Certaines marques retirent le lest en acier pour le remplacer par de l\u2019aluminium. Le poids est alors plus l\u00e9ger, mais c\u2019est mieux pour le recyclage. Quant \u00e0 l\u2019insert, \u00ables plus audacieux retirent celui en plastique pour mettre de l\u2019aluminium, ou d\u00e9posent des grains de r\u00e9sine dans le capot en aluminium avec notre solution Dots, ce qui permet d\u2019obtenir le fameux \u00abclic\u00bb \u00e0 la fermeture\u00bb, pr\u00e9cise Patrick Bousquel.<\/p>\n\n\n\n<p class=\"wp-block-paragraph\"><strong>Le zamak, poids et luxe<\/strong><br>Concernant la r\u00e8glementation\u00a0PPWR, \u00ables marques attendent des pr\u00e9cisions quant \u00e0 l\u2019utilisation du zamak. Certaines continuent de choisir ce mat\u00e9riau pour leurs capots, d\u2019autres demandent des briefs sur toutes les techniques possibles avec de l\u2019aluminium et du zamak\u00a0\u2013 brillant ou pas, recycl\u00e9 ou pas, limites et atouts techniques\u2026 le but \u00e9tant de voir lesquelles affichent le plus de crit\u00e8res positifs\u00bb, constate Claire Trescartes, directrice ex\u00e9cutive du groupe Segede. Il en ressort que le zamak inject\u00e9 coche le plus de cases\u00a0: \u00abpour des volumes importants, le zamak reste la solution efficace et la moins carbon\u00e9e, avec des possibilit\u00e9s diverses de traitements de surface et de la brillance. L\u2019aluminium n\u00e9cessite plus de polissage, sa frappe \u00e0 froid est principalement r\u00e9alis\u00e9e en Chine et l\u2019aluminium embouti ne pourra pas contenir un taux \u00e9lev\u00e9 de mati\u00e8re recycl\u00e9e. Mais il n\u2019y a pas de concurrence entre les m\u00e9taux\u00a0: le choix d\u00e9pend surtout du produit final\u00bb, d\u00e9taille-t-elle. Elle remarque une r\u00e9surgence de l\u2019aluminium usin\u00e9\u00a0: la mati\u00e8re est alors creus\u00e9e pour obtenir la forme du capot. Reste des probl\u00e9matiques de co\u00fbt et de cadence.\u00a0Depuis 2025, les capots fabriqu\u00e9s en France par Segede contiennent 90% de mati\u00e8re recycl\u00e9e \u2013 et ceux fabriqu\u00e9s dans son usine en Chine, 30%. Le zamak recycl\u00e9 utilis\u00e9 par Segede, qui a \u0153uvr\u00e9 \u00e0 la reconnaissance de sa recyclabilit\u00e9, provient d\u2019une entreprise belge produisant des lingots \u00e0 partir de la mine urbaine (zamak contenu dans des serrures, robinets, capots, etc.). Cot\u00e9 d\u00e9coration, la majorit\u00e9 des marques du luxe demandent un rendu brillant. \u00abOn assiste cependant \u00e0 un ph\u00e9nom\u00e8ne int\u00e9ressant, avec des demandes pour de l\u2019imitation marbre. Au lieu d\u2019injecter parfaitement le zamak, nous r\u00e9alisons le process avec des d\u00e9fauts volontaires pour obtenir des asp\u00e9rit\u00e9s, puis nous terminons par un traitement de surface. Le m\u00e9tal est associ\u00e9 \u00e0 l\u2019argent ou au dor\u00e9, mais il est possible d\u2019obtenir des aspects velours, mats\u2026 la couche de traitement de surface \u00e9tant de toute fa\u00e7on retir\u00e9e lors de l\u2019\u00e9tape du recyclage\u00bb, assure Claire Trescartes. Au niveau europ\u00e9en, Segede travaille actuellement sur le d\u00e9veloppement de vernis cataphor\u00e8se (d\u00e9pos\u00e9 par un proc\u00e9d\u00e9 d\u2019\u00e9lectrolyse) en couleur or. Le but\u00a0: obtenir une teinte or\u2026 sans payer le prix de l\u2019or\u00a0! Les demandes sur le zamak perdurent aussi car il n\u2019est pas n\u00e9cessaire de lester ce mat\u00e9riau. Chez Segede, \u00abnous refusons de lester, pour \u00e9viter de multiplier les processus sur un capot. Si un client souhaite du poids dans son brief, nous proposons alors le capot en zamak\u00bb, assume la dirigeante.<\/p>\n\n\n\n<p class=\"wp-block-paragraph\"><strong>Les r\u00e9sines\u00a0: selon le plastique, son grade, sa qualit\u00e9, des r\u00e9sultats tr\u00e8s diff\u00e9rents<\/strong><br>L\u2019attrait des marques pour l\u2019aspect cristallin du surlyn ne se d\u00e9ment pas. Autres atouts\u00a0: \u00ables \u00e9paisseurs de cette mati\u00e8re, tr\u00e8s versatile, se travaillent bien et elle a un bon rapport qualit\u00e9 per\u00e7ue-prix. Nous avons encore de nombreux projets\u00bb, rel\u00e8ve Patrick Bousquel. Le surlyn bio-circulaire semble avoir la c\u00f4te. Quant au surlyn recycl\u00e9, il existe mais est peu utilis\u00e9 \u2013 sans doute pour une question de disponibilit\u00e9. Il est par ailleurs possible de fabriquer des capots en PET, une mati\u00e8re moins ch\u00e8re que le surlyn mais plus complexe \u00e0 maitriser au niveau des moules. \u00abAujourd\u2019hui les aspects r\u00e8glementaires r\u00e9gissent les projets de nos clients. Des incertitudes perdurent au niveau de la PPWR, ils font donc des choix orient\u00e9s\u00a0: soit ils optent pour des mati\u00e8res recyclables comme le PP ou le PET, en sachant qu\u2019ils n\u2019auront pas toutes les possibilit\u00e9s de design de capot \u2013 soit ils misent sur le fait que le flacon sera recycl\u00e9, mais pas le capot\u00bb, constate B\u00e9ryl Tomaschett, directrice commerciale de FaiveleyTech, qui fabrique et assemble des capots en injection plastique. Le groupe utilise diff\u00e9rents grades de PP\u00a0: \u00abla suppression de l\u2019ABS pose des difficult\u00e9s techniques. Nous le rempla\u00e7ons par des composants \u00e0 base de PP, mais c\u2019est moins esth\u00e9tique. Nous travaillons \u00e9galement sur du PP ou du PET recycl\u00e9s, mais c\u2019est compliqu\u00e9 en termes d\u2019approvisionnement ou de grade alimentaire pour le PP\u00bb, ajoute-t-elle. Pour les flacons de parfums, les capots restent majoritairement non recyclables. \u00abLes capots en mati\u00e8re recycl\u00e9e ou biosourc\u00e9e repr\u00e9sentent 20% de notre consommation de mati\u00e8res. Nous travaillons depuis plusieurs ann\u00e9es sur les bioplastiques afin de r\u00e9duire la part de mati\u00e8re d\u2019origine fossile. Nous proposons par exemple une r\u00e9f\u00e9rence de capot en PA partiellement biosourc\u00e9. Nous utilisons par ailleurs les mat\u00e9riaux de la soci\u00e9t\u00e9 Sulapac\u00a0: la coiffe des eaux de parfum Byredo est fabriqu\u00e9e en<br>Luxe Flex, ce qui lui conf\u00e8re un aspect bois. En 2025, nous avons beaucoup d\u00e9velopp\u00e9 les effets marbr\u00e9s en injection bi-mati\u00e8re, sur une base de PP ou de Sulapac biosourc\u00e9. L\u2019effet est obtenu gr\u00e2ce au proc\u00e9d\u00e9 d\u2019injection\u00bb, d\u00e9taille-t-elle. Pour l\u2019assemblage du capot sur la pompe, l\u2019insert reste un \u00e9l\u00e9ment n\u00e9cessaire, assurant tenue et gestuelle. Quant aux lests, \u00abon nous en demande encore beaucoup en acier, surtout s\u2019il est cach\u00e9, ou en zamak\u00bb, note B\u00e9ryl Tomaschett. \u00abLe lest reste un marqueur sur le march\u00e9 du haut de gamme, et \u00e0 ce jour il existe peu de solution pour remplacer un lest en m\u00e9tal. Nous faisons des essais sur du PP charg\u00e9 en mati\u00e8re min\u00e9rale ou m\u00e9tallique\u00bb, r\u00e9v\u00e8le Fr\u00e9d\u00e9ric Montali. Pour le surlyn, Coverpla a trouv\u00e9 une solution mono-mat\u00e9riau qui ne n\u00e9cessite pas d\u2019insert.\u00a0<\/p>\n\n\n\n<p class=\"wp-block-paragraph\"><strong>Le bois, l\u2019atout nature<\/strong><br>Les capots en bois sont de plus en plus sophistiqu\u00e9s. \u00abLe progr\u00e8s technologique l\u2019a transform\u00e9 d\u2019une option naturelle et d\u00e9corative en un mat\u00e9riau de haute pr\u00e9cision, capable de r\u00e9pondre aux exigences des packagings de parfums de luxe. Le bois reste populaire pour les capots de parfum sur tous les segments, du masstige au prestige\u00a0: il apporte authenticit\u00e9, toucher et un lien \u00e9motionnel fort avec l\u2019utilisateur\u00bb, estime Denisa Stircea, sp\u00e9cialiste de cette cat\u00e9gorie de produits pour Quadpack. Le groupe a mis au point le syst\u00e8me de fermeture Woodacity\u00ae, une plateforme proposant des produits fabriqu\u00e9s \u00e0 100% en bois, ainsi que 60 finitions pour ce mat\u00e9riau. En collaboration avec la marque Adolfo Dom\u00ednguez (Puig), Quadpack a d\u00e9velopp\u00e9 pour la gamme de parfums ADN un<br>capot en bois enti\u00e8rement d\u00e9montable, dans le but de favoriser la s\u00e9paration des mat\u00e9riaux. \u00abPendant longtemps, les capots de parfum en bois ont n\u00e9cessit\u00e9 un insert en plastique pour \u00eatre fix\u00e9s \u00e0 la bague. Woodacity\u00ae a \u00e9limin\u00e9 ce besoin\u00a0: son syst\u00e8me brevet\u00e9 \u00e0 nervures int\u00e8gre cette fonctionnalit\u00e9 directement dans le bois lui-m\u00eame\u00bb, pr\u00e9cise-t-elle. Chez Coverpla, on privil\u00e9gie les inserts en li\u00e8ge ins\u00e9r\u00e9s dans les capots en bois. Quel que soit les mat\u00e9riaux utilis\u00e9s, les fabricants de capots ne n\u00e9gligent aucun d\u00e9tail.<\/p>\n\n\n\n<p class=\"wp-block-paragraph\"><\/p>","protected":false},"excerpt":{"rendered":"<p>Le capot de parfum s\u2019affirme aujourd\u2019hui comme un v\u00e9ritable vecteur d\u2019identit\u00e9 de marque. Bois, aluminium, zamak, r\u00e9sines, verre ou mat\u00e9riaux min\u00e9raux : les fabricants multiplient les pistes pour conjuguer qualit\u00e9 tactile, diff\u00e9renciation visuelle et exigences de recyclabilit\u00e9 impos\u00e9es par la r\u00e9glementation PPWR. Un exercice complexe. Le capot de parfum est d\u00e9sormais partie int\u00e9grante de l\u2019exp\u00e9rience [&hellip;]<\/p>","protected":false},"author":2,"featured_media":48841,"comment_status":"closed","ping_status":"closed","sticky":false,"template":"","format":"standard","meta":{"_acf_changed":false,"inline_featured_image":false,"iawp_total_views":1,"footnotes":""},"categories":[26,81,6,65],"tags":[],"class_list":["post-48840","post","type-post","status-publish","format-standard","has-post-thumbnail","hentry","category-laterale","category-packaging","category-parfumerie-cosmetique","category-vu-dans-le-mag"],"acf":[],"yoast_head":"<!-- This site is optimized with the Yoast SEO plugin v24.4 - https:\/\/yoast.com\/wordpress\/plugins\/seo\/ -->\n<title>Capots de parfum : le mat\u00e9riau, langage du luxe - Emballage Digest<\/title>\n<meta name=\"robots\" content=\"index, follow, max-snippet:-1, max-image-preview:large, max-video-preview:-1\" \/>\n<link rel=\"canonical\" href=\"https:\/\/www.emballagedigest.fr\/en\/capots-de-parfum-le-materiau-langage-du-luxe\/\" \/>\n<meta property=\"og:locale\" content=\"en_GB\" \/>\n<meta property=\"og:type\" content=\"article\" \/>\n<meta property=\"og:title\" content=\"Capots de parfum : le mat\u00e9riau, langage du luxe - Emballage Digest\" \/>\n<meta property=\"og:description\" content=\"Le capot de parfum s\u2019affirme aujourd\u2019hui comme un v\u00e9ritable vecteur d\u2019identit\u00e9 de marque. Bois, aluminium, zamak, r\u00e9sines, verre ou mat\u00e9riaux min\u00e9raux : les fabricants multiplient les pistes pour conjuguer qualit\u00e9 tactile, diff\u00e9renciation visuelle et exigences de recyclabilit\u00e9 impos\u00e9es par la r\u00e9glementation PPWR. Un exercice complexe. Le capot de parfum est d\u00e9sormais partie int\u00e9grante de l\u2019exp\u00e9rience [&hellip;]\" \/>\n<meta property=\"og:url\" content=\"https:\/\/www.emballagedigest.fr\/en\/capots-de-parfum-le-materiau-langage-du-luxe\/\" \/>\n<meta property=\"og:site_name\" content=\"Emballage Digest\" \/>\n<meta property=\"article:published_time\" content=\"2026-08-31T12:49:47+00:00\" \/>\n<meta property=\"article:modified_time\" content=\"2026-09-03T12:52:50+00:00\" \/>\n<meta property=\"og:image\" content=\"https:\/\/www.emballagedigest.fr\/wp-content\/uploads\/2026\/09\/Tapi.jpg\" \/>\n\t<meta property=\"og:image:width\" content=\"800\" \/>\n\t<meta property=\"og:image:height\" content=\"586\" \/>\n\t<meta property=\"og:image:type\" content=\"image\/jpeg\" \/>\n<meta name=\"author\" content=\"Karine Duval\" \/>\n<meta name=\"twitter:card\" content=\"summary_large_image\" \/>\n<meta name=\"twitter:label1\" content=\"Written by\" \/>\n\t<meta name=\"twitter:data1\" content=\"Karine Duval\" \/>\n\t<meta name=\"twitter:label2\" content=\"Estimated reading time\" \/>\n\t<meta name=\"twitter:data2\" content=\"10 minutes\" \/>\n<script type=\"application\/ld+json\" class=\"yoast-schema-graph\">{\"@context\":\"https:\/\/schema.org\",\"@graph\":[{\"@type\":\"Article\",\"@id\":\"https:\/\/www.emballagedigest.fr\/capots-de-parfum-le-materiau-langage-du-luxe\/#article\",\"isPartOf\":{\"@id\":\"https:\/\/www.emballagedigest.fr\/capots-de-parfum-le-materiau-langage-du-luxe\/\"},\"author\":{\"name\":\"Karine Duval\",\"@id\":\"https:\/\/www.emballagedigest.fr\/#\/schema\/person\/76abe9f2b2ee4d3d520594c7a35da59f\"},\"headline\":\"Capots de parfum : le mat\u00e9riau, langage du luxe\",\"datePublished\":\"2026-08-31T12:49:47+00:00\",\"dateModified\":\"2026-09-03T12:52:50+00:00\",\"mainEntityOfPage\":{\"@id\":\"https:\/\/www.emballagedigest.fr\/capots-de-parfum-le-materiau-langage-du-luxe\/\"},\"wordCount\":2177,\"publisher\":{\"@id\":\"https:\/\/www.emballagedigest.fr\/#organization\"},\"image\":{\"@id\":\"https:\/\/www.emballagedigest.fr\/capots-de-parfum-le-materiau-langage-du-luxe\/#primaryimage\"},\"thumbnailUrl\":\"https:\/\/www.emballagedigest.fr\/wp-content\/uploads\/2026\/09\/Tapi.jpg\",\"articleSection\":[\"Barre lat\u00e9rale\",\"Packaging\",\"Parfumerie &amp; Cosm\u00e9tique\",\"Vu dans le mag\"],\"inLanguage\":\"en-GB\"},{\"@type\":\"WebPage\",\"@id\":\"https:\/\/www.emballagedigest.fr\/capots-de-parfum-le-materiau-langage-du-luxe\/\",\"url\":\"https:\/\/www.emballagedigest.fr\/capots-de-parfum-le-materiau-langage-du-luxe\/\",\"name\":\"Capots de parfum : le mat\u00e9riau, langage du luxe - Emballage Digest\",\"isPartOf\":{\"@id\":\"https:\/\/www.emballagedigest.fr\/#website\"},\"primaryImageOfPage\":{\"@id\":\"https:\/\/www.emballagedigest.fr\/capots-de-parfum-le-materiau-langage-du-luxe\/#primaryimage\"},\"image\":{\"@id\":\"https:\/\/www.emballagedigest.fr\/capots-de-parfum-le-materiau-langage-du-luxe\/#primaryimage\"},\"thumbnailUrl\":\"https:\/\/www.emballagedigest.fr\/wp-content\/uploads\/2026\/09\/Tapi.jpg\",\"datePublished\":\"2026-08-31T12:49:47+00:00\",\"dateModified\":\"2026-09-03T12:52:50+00:00\",\"breadcrumb\":{\"@id\":\"https:\/\/www.emballagedigest.fr\/capots-de-parfum-le-materiau-langage-du-luxe\/#breadcrumb\"},\"inLanguage\":\"en-GB\",\"potentialAction\":[{\"@type\":\"ReadAction\",\"target\":[\"https:\/\/www.emballagedigest.fr\/capots-de-parfum-le-materiau-langage-du-luxe\/\"]}]},{\"@type\":\"ImageObject\",\"inLanguage\":\"en-GB\",\"@id\":\"https:\/\/www.emballagedigest.fr\/capots-de-parfum-le-materiau-langage-du-luxe\/#primaryimage\",\"url\":\"https:\/\/www.emballagedigest.fr\/wp-content\/uploads\/2026\/09\/Tapi.jpg\",\"contentUrl\":\"https:\/\/www.emballagedigest.fr\/wp-content\/uploads\/2026\/09\/Tapi.jpg\",\"width\":800,\"height\":586},{\"@type\":\"BreadcrumbList\",\"@id\":\"https:\/\/www.emballagedigest.fr\/capots-de-parfum-le-materiau-langage-du-luxe\/#breadcrumb\",\"itemListElement\":[{\"@type\":\"ListItem\",\"position\":1,\"name\":\"Accueil\",\"item\":\"https:\/\/www.emballagedigest.fr\/\"},{\"@type\":\"ListItem\",\"position\":2,\"name\":\"Capots de parfum : le mat\u00e9riau, langage du luxe\"}]},{\"@type\":\"WebSite\",\"@id\":\"https:\/\/www.emballagedigest.fr\/#website\",\"url\":\"https:\/\/www.emballagedigest.fr\/\",\"name\":\"Emballage Digest\",\"description\":\"Revue professionnelle sur les emballages\",\"publisher\":{\"@id\":\"https:\/\/www.emballagedigest.fr\/#organization\"},\"potentialAction\":[{\"@type\":\"SearchAction\",\"target\":{\"@type\":\"EntryPoint\",\"urlTemplate\":\"https:\/\/www.emballagedigest.fr\/?s={search_term_string}\"},\"query-input\":{\"@type\":\"PropertyValueSpecification\",\"valueRequired\":true,\"valueName\":\"search_term_string\"}}],\"inLanguage\":\"en-GB\"},{\"@type\":\"Organization\",\"@id\":\"https:\/\/www.emballagedigest.fr\/#organization\",\"name\":\"Emballage Digest\",\"url\":\"https:\/\/www.emballagedigest.fr\/\",\"logo\":{\"@type\":\"ImageObject\",\"inLanguage\":\"en-GB\",\"@id\":\"https:\/\/www.emballagedigest.fr\/#\/schema\/logo\/image\/\",\"url\":\"https:\/\/www.emballagedigest.fr\/wp-content\/uploads\/2022\/07\/logo-ed.png\",\"contentUrl\":\"https:\/\/www.emballagedigest.fr\/wp-content\/uploads\/2022\/07\/logo-ed.png\",\"width\":379,\"height\":75,\"caption\":\"Emballage Digest\"},\"image\":{\"@id\":\"https:\/\/www.emballagedigest.fr\/#\/schema\/logo\/image\/\"}},{\"@type\":\"Person\",\"@id\":\"https:\/\/www.emballagedigest.fr\/#\/schema\/person\/76abe9f2b2ee4d3d520594c7a35da59f\",\"name\":\"Karine Duval\",\"image\":{\"@type\":\"ImageObject\",\"inLanguage\":\"en-GB\",\"@id\":\"https:\/\/www.emballagedigest.fr\/#\/schema\/person\/image\/\",\"url\":\"https:\/\/secure.gravatar.com\/avatar\/f552799261cdd2e076e6677d780ef07bdb13aa4c196ab75b39abcbcdcae2d4e5?s=96&d=mm&r=g\",\"contentUrl\":\"https:\/\/secure.gravatar.com\/avatar\/f552799261cdd2e076e6677d780ef07bdb13aa4c196ab75b39abcbcdcae2d4e5?s=96&d=mm&r=g\",\"caption\":\"Karine Duval\"},\"url\":\"https:\/\/www.emballagedigest.fr\/en\/author\/admin_karduv\/\"}]}<\/script>\n<!-- \/ Yoast SEO plugin. -->","yoast_head_json":{"title":"Capots de parfum : le mat\u00e9riau, langage du luxe - Emballage Digest","robots":{"index":"index","follow":"follow","max-snippet":"max-snippet:-1","max-image-preview":"max-image-preview:large","max-video-preview":"max-video-preview:-1"},"canonical":"https:\/\/www.emballagedigest.fr\/en\/capots-de-parfum-le-materiau-langage-du-luxe\/","og_locale":"en_GB","og_type":"article","og_title":"Capots de parfum : le mat\u00e9riau, langage du luxe - Emballage Digest","og_description":"Le capot de parfum s\u2019affirme aujourd\u2019hui comme un v\u00e9ritable vecteur d\u2019identit\u00e9 de marque. Bois, aluminium, zamak, r\u00e9sines, verre ou mat\u00e9riaux min\u00e9raux : les fabricants multiplient les pistes pour conjuguer qualit\u00e9 tactile, diff\u00e9renciation visuelle et exigences de recyclabilit\u00e9 impos\u00e9es par la r\u00e9glementation PPWR. Un exercice complexe. Le capot de parfum est d\u00e9sormais partie int\u00e9grante de l\u2019exp\u00e9rience [&hellip;]","og_url":"https:\/\/www.emballagedigest.fr\/en\/capots-de-parfum-le-materiau-langage-du-luxe\/","og_site_name":"Emballage Digest","article_published_time":"2026-08-31T12:49:47+00:00","article_modified_time":"2026-09-03T12:52:50+00:00","og_image":[{"width":800,"height":586,"url":"https:\/\/www.emballagedigest.fr\/wp-content\/uploads\/2026\/09\/Tapi.jpg","type":"image\/jpeg"}],"author":"Karine Duval","twitter_card":"summary_large_image","twitter_misc":{"Written by":"Karine Duval","Estimated reading time":"10 minutes"},"schema":{"@context":"https:\/\/schema.org","@graph":[{"@type":"Article","@id":"https:\/\/www.emballagedigest.fr\/capots-de-parfum-le-materiau-langage-du-luxe\/#article","isPartOf":{"@id":"https:\/\/www.emballagedigest.fr\/capots-de-parfum-le-materiau-langage-du-luxe\/"},"author":{"name":"Karine Duval","@id":"https:\/\/www.emballagedigest.fr\/#\/schema\/person\/76abe9f2b2ee4d3d520594c7a35da59f"},"headline":"Capots de parfum : le mat\u00e9riau, langage du luxe","datePublished":"2026-08-31T12:49:47+00:00","dateModified":"2026-09-03T12:52:50+00:00","mainEntityOfPage":{"@id":"https:\/\/www.emballagedigest.fr\/capots-de-parfum-le-materiau-langage-du-luxe\/"},"wordCount":2177,"publisher":{"@id":"https:\/\/www.emballagedigest.fr\/#organization"},"image":{"@id":"https:\/\/www.emballagedigest.fr\/capots-de-parfum-le-materiau-langage-du-luxe\/#primaryimage"},"thumbnailUrl":"https:\/\/www.emballagedigest.fr\/wp-content\/uploads\/2026\/09\/Tapi.jpg","articleSection":["Barre lat\u00e9rale","Packaging","Parfumerie &amp; Cosm\u00e9tique","Vu dans le mag"],"inLanguage":"en-GB"},{"@type":"WebPage","@id":"https:\/\/www.emballagedigest.fr\/capots-de-parfum-le-materiau-langage-du-luxe\/","url":"https:\/\/www.emballagedigest.fr\/capots-de-parfum-le-materiau-langage-du-luxe\/","name":"Capots de parfum : le mat\u00e9riau, langage du luxe - Emballage Digest","isPartOf":{"@id":"https:\/\/www.emballagedigest.fr\/#website"},"primaryImageOfPage":{"@id":"https:\/\/www.emballagedigest.fr\/capots-de-parfum-le-materiau-langage-du-luxe\/#primaryimage"},"image":{"@id":"https:\/\/www.emballagedigest.fr\/capots-de-parfum-le-materiau-langage-du-luxe\/#primaryimage"},"thumbnailUrl":"https:\/\/www.emballagedigest.fr\/wp-content\/uploads\/2026\/09\/Tapi.jpg","datePublished":"2026-08-31T12:49:47+00:00","dateModified":"2026-09-03T12:52:50+00:00","breadcrumb":{"@id":"https:\/\/www.emballagedigest.fr\/capots-de-parfum-le-materiau-langage-du-luxe\/#breadcrumb"},"inLanguage":"en-GB","potentialAction":[{"@type":"ReadAction","target":["https:\/\/www.emballagedigest.fr\/capots-de-parfum-le-materiau-langage-du-luxe\/"]}]},{"@type":"ImageObject","inLanguage":"en-GB","@id":"https:\/\/www.emballagedigest.fr\/capots-de-parfum-le-materiau-langage-du-luxe\/#primaryimage","url":"https:\/\/www.emballagedigest.fr\/wp-content\/uploads\/2026\/09\/Tapi.jpg","contentUrl":"https:\/\/www.emballagedigest.fr\/wp-content\/uploads\/2026\/09\/Tapi.jpg","width":800,"height":586},{"@type":"BreadcrumbList","@id":"https:\/\/www.emballagedigest.fr\/capots-de-parfum-le-materiau-langage-du-luxe\/#breadcrumb","itemListElement":[{"@type":"ListItem","position":1,"name":"Accueil","item":"https:\/\/www.emballagedigest.fr\/"},{"@type":"ListItem","position":2,"name":"Capots de parfum : le mat\u00e9riau, langage du luxe"}]},{"@type":"WebSite","@id":"https:\/\/www.emballagedigest.fr\/#website","url":"https:\/\/www.emballagedigest.fr\/","name":"Emballage Digest","description":"Revue professionnelle sur les emballages","publisher":{"@id":"https:\/\/www.emballagedigest.fr\/#organization"},"potentialAction":[{"@type":"SearchAction","target":{"@type":"EntryPoint","urlTemplate":"https:\/\/www.emballagedigest.fr\/?s={search_term_string}"},"query-input":{"@type":"PropertyValueSpecification","valueRequired":true,"valueName":"search_term_string"}}],"inLanguage":"en-GB"},{"@type":"Organization","@id":"https:\/\/www.emballagedigest.fr\/#organization","name":"Emballage Digest","url":"https:\/\/www.emballagedigest.fr\/","logo":{"@type":"ImageObject","inLanguage":"en-GB","@id":"https:\/\/www.emballagedigest.fr\/#\/schema\/logo\/image\/","url":"https:\/\/www.emballagedigest.fr\/wp-content\/uploads\/2022\/07\/logo-ed.png","contentUrl":"https:\/\/www.emballagedigest.fr\/wp-content\/uploads\/2022\/07\/logo-ed.png","width":379,"height":75,"caption":"Emballage Digest"},"image":{"@id":"https:\/\/www.emballagedigest.fr\/#\/schema\/logo\/image\/"}},{"@type":"Person","@id":"https:\/\/www.emballagedigest.fr\/#\/schema\/person\/76abe9f2b2ee4d3d520594c7a35da59f","name":"Karine Duval","image":{"@type":"ImageObject","inLanguage":"en-GB","@id":"https:\/\/www.emballagedigest.fr\/#\/schema\/person\/image\/","url":"https:\/\/secure.gravatar.com\/avatar\/f552799261cdd2e076e6677d780ef07bdb13aa4c196ab75b39abcbcdcae2d4e5?s=96&d=mm&r=g","contentUrl":"https:\/\/secure.gravatar.com\/avatar\/f552799261cdd2e076e6677d780ef07bdb13aa4c196ab75b39abcbcdcae2d4e5?s=96&d=mm&r=g","caption":"Karine Duval"},"url":"https:\/\/www.emballagedigest.fr\/en\/author\/admin_karduv\/"}]}},"_links":{"self":[{"href":"https:\/\/www.emballagedigest.fr\/en\/wp-json\/wp\/v2\/posts\/48840","targetHints":{"allow":["GET"]}}],"collection":[{"href":"https:\/\/www.emballagedigest.fr\/en\/wp-json\/wp\/v2\/posts"}],"about":[{"href":"https:\/\/www.emballagedigest.fr\/en\/wp-json\/wp\/v2\/types\/post"}],"author":[{"embeddable":true,"href":"https:\/\/www.emballagedigest.fr\/en\/wp-json\/wp\/v2\/users\/2"}],"replies":[{"embeddable":true,"href":"https:\/\/www.emballagedigest.fr\/en\/wp-json\/wp\/v2\/comments?post=48840"}],"version-history":[{"count":1,"href":"https:\/\/www.emballagedigest.fr\/en\/wp-json\/wp\/v2\/posts\/48840\/revisions"}],"predecessor-version":[{"id":48842,"href":"https:\/\/www.emballagedigest.fr\/en\/wp-json\/wp\/v2\/posts\/48840\/revisions\/48842"}],"wp:featuredmedia":[{"embeddable":true,"href":"https:\/\/www.emballagedigest.fr\/en\/wp-json\/wp\/v2\/media\/48841"}],"wp:attachment":[{"href":"https:\/\/www.emballagedigest.fr\/en\/wp-json\/wp\/v2\/media?parent=48840"}],"wp:term":[{"taxonomy":"category","embeddable":true,"href":"https:\/\/www.emballagedigest.fr\/en\/wp-json\/wp\/v2\/categories?post=48840"},{"taxonomy":"post_tag","embeddable":true,"href":"https:\/\/www.emballagedigest.fr\/en\/wp-json\/wp\/v2\/tags?post=48840"}],"curies":[{"name":"wp","href":"https:\/\/api.w.org\/{rel}","templated":true}]}}