{"id":48843,"date":"2026-08-31T14:53:09","date_gmt":"2026-08-31T12:53:09","guid":{"rendered":"https:\/\/www.emballagedigest.fr\/?p=48843"},"modified":"2026-09-03T14:56:17","modified_gmt":"2026-09-03T12:56:17","slug":"applicateurs-mascaras-et-cheveux-brivaplast-anticipe-les-futures-tendances","status":"publish","type":"post","link":"https:\/\/www.emballagedigest.fr\/en\/applicateurs-mascaras-et-cheveux-brivaplast-anticipe-les-futures-tendances\/","title":{"rendered":"Applicateurs mascaras et cheveux\u00a0: Brivaplast anticipe les futures tendances"},"content":{"rendered":"<p class=\"wp-block-paragraph\"><strong>Alors que le secteur du mascara connait plusieurs grandes tendances\u00a0: l\u2019effet \u00ablamin\u00e9\u00bb, \u00abtubing\u00bb ou encore l\u2019\u00e9ternel waterproof, Brivaplast anticipe dans les ann\u00e9es \u00e0 venir une forte convergence entre les technologies du maquillage des yeux et celles des soins capillaires. <\/strong><\/p>\n\n\n\n<p class=\"wp-block-paragraph\">\u00abLes syst\u00e8mes d\u2019application inspir\u00e9s du mascara s\u2019av\u00e8rent \u00eatre la solution id\u00e9ale pour r\u00e9pondre \u00e0 deux demandes croissantes dans le secteur capillaire : la gestion des petits cheveux (allant des looks lisses et soign\u00e9s aux coiffures artistiques sur le front) et les retouches rapides de couleur (tant pour masquer les racines que pour apporter des touches de couleurs vives et temporaires)\u00bb, explique Valentina Manera, directrice marketing de Brivaplast. Dans cette cat\u00e9gorie sp\u00e9cifique, les applicateurs s\u2019orientent presque exclusivement vers des brosses \u00e0 fibres plut\u00f4t que vers des \u00e9lastom\u00e8res. Le choix du type de poils est intrins\u00e8quement li\u00e9 \u00e0 la viscosit\u00e9 de la formule et \u00e0 l\u2019objectif final du produit. Pour les produits destin\u00e9s \u00e0 coiffer et \u00e0 dompter les cheveux de b\u00e9b\u00e9, la pr\u00e9f\u00e9rence va aux fibres extr\u00eamement fines, denses et souples. Elles sont id\u00e9ales pour peigner les cheveux courts et d\u00e9licats le long de la ligne du front tout en restant douces pour le cuir chevelu. \u00c0 l\u2019inverse, les produits de retouche de couleur et de racines n\u00e9cessitent des fibres plus \u00e9paisses et plus rigides. Cette architecture est essentielle pour g\u00e9rer des formules plus denses et hautement pigment\u00e9es, garantissant un rendu uniforme de la couleur et un enrobage homog\u00e8ne de la tige capillaire sans provoquer de taches.<\/p>\n\n\n\n<p class=\"wp-block-paragraph\">C\u00f4t\u00e9 produits, la gamme Fiber Mixology int\u00e8gre une nouvelle r\u00e9f\u00e9rence\u00a0: le Pink Pixie APP677 (photo \u00e0 gauche). Ce tout nouveau pinceau est con\u00e7u \u00e0 partir d\u2019un m\u00e9lange unique de deux fibres distinctes. Les fibres noires sont souples, tandis que les fibres roses sont plus rigides. Ce m\u00e9lange \u00e9quilibr\u00e9 permet au produit de pr\u00e9lever une grande quantit\u00e9 de produit pour une application en un seul passage. La forme fine en \u00abcacahu\u00e8te\u00bb de la brosse \u00e9pouse sans effort la courbe naturelle de l\u2019\u0153il, facilitant ainsi l\u2019application. Les fibres les plus courtes sont con\u00e7ues pour un d\u00e9p\u00f4t g\u00e9n\u00e9reux et une lib\u00e9ration de la couleur en un seul passage, tandis que les fibres plus longues sont parfaites pour peigner et d\u00e9finir les cils. Le Pink Pixie APP677 est id\u00e9al pour les formules de viscosit\u00e9 moyenne \u00e0 \u00e9lev\u00e9e, garantissant un fini impeccable \u00e0 chaque utilisation.<br>Autre nouveaut\u00e9\u00a0: le Hair Comb APP710 (photo \u00e0 droite), un applicateur dot\u00e9 de fibres extra-longues et surdimensionn\u00e9es, con\u00e7u pour un r\u00e9sultat haut de gamme en un temps record. Gr\u00e2ce \u00e0 ses dimensions impressionnantes, il est possible d\u2019obtenir un look lisse en quelques coups de pinceau sans effort, couvrant une plus grande surface avec une pr\u00e9cision professionnelle. L\u2019embout en forme d\u2019ogive est compos\u00e9 de fibres solides et \u00e0 haute densit\u00e9 qui agrippent fermement les cheveux. Gr\u00e2ce \u00e0 sa structure, il assure un peignage plus fluide et plus efficace, en r\u00e9partissant uniform\u00e9ment un gel capillaire de la racine aux pointes. Il ne se contente pas d\u2019appliquer le produit ; il dompte les cheveux pour qu\u2019ils restent en place, faisant ainsi dispara\u00eetre les m\u00e8ches rebelles.<\/p>","protected":false},"excerpt":{"rendered":"<p>Alors que le secteur du mascara connait plusieurs grandes tendances\u00a0: l\u2019effet \u00ablamin\u00e9\u00bb, \u00abtubing\u00bb ou encore l\u2019\u00e9ternel waterproof, Brivaplast anticipe dans les ann\u00e9es \u00e0 venir une forte convergence entre les technologies du maquillage des yeux et celles des soins capillaires. \u00abLes syst\u00e8mes d\u2019application inspir\u00e9s du mascara s\u2019av\u00e8rent \u00eatre la solution id\u00e9ale pour r\u00e9pondre \u00e0 deux demandes [&hellip;]<\/p>","protected":false},"author":2,"featured_media":48844,"comment_status":"closed","ping_status":"closed","sticky":false,"template":"","format":"standard","meta":{"_acf_changed":false,"inline_featured_image":false,"iawp_total_views":0,"footnotes":""},"categories":[28,26,81,6,65],"tags":[],"class_list":["post-48843","post","type-post","status-publish","format-standard","has-post-thumbnail","hentry","category-article-entier","category-laterale","category-packaging","category-parfumerie-cosmetique","category-vu-dans-le-mag"],"acf":[],"yoast_head":"<!-- This site is optimized with the Yoast SEO plugin v24.4 - https:\/\/yoast.com\/wordpress\/plugins\/seo\/ -->\n<title>Applicateurs mascaras et cheveux\u00a0: Brivaplast anticipe les futures tendances - Emballage Digest<\/title>\n<meta name=\"robots\" content=\"index, follow, max-snippet:-1, max-image-preview:large, max-video-preview:-1\" \/>\n<link rel=\"canonical\" href=\"https:\/\/www.emballagedigest.fr\/en\/applicateurs-mascaras-et-cheveux-brivaplast-anticipe-les-futures-tendances\/\" \/>\n<meta property=\"og:locale\" content=\"en_GB\" \/>\n<meta property=\"og:type\" content=\"article\" \/>\n<meta property=\"og:title\" content=\"Applicateurs mascaras et cheveux\u00a0: Brivaplast anticipe les futures tendances - Emballage Digest\" \/>\n<meta property=\"og:description\" content=\"Alors que le secteur du mascara connait plusieurs grandes tendances\u00a0: l\u2019effet \u00ablamin\u00e9\u00bb, \u00abtubing\u00bb ou encore l\u2019\u00e9ternel waterproof, Brivaplast anticipe dans les ann\u00e9es \u00e0 venir une forte convergence entre les technologies du maquillage des yeux et celles des soins capillaires. \u00abLes syst\u00e8mes d\u2019application inspir\u00e9s du mascara s\u2019av\u00e8rent \u00eatre la solution id\u00e9ale pour r\u00e9pondre \u00e0 deux demandes [&hellip;]\" \/>\n<meta property=\"og:url\" content=\"https:\/\/www.emballagedigest.fr\/en\/applicateurs-mascaras-et-cheveux-brivaplast-anticipe-les-futures-tendances\/\" \/>\n<meta property=\"og:site_name\" content=\"Emballage Digest\" \/>\n<meta property=\"article:published_time\" content=\"2026-08-31T12:53:09+00:00\" \/>\n<meta property=\"article:modified_time\" content=\"2026-09-03T12:56:17+00:00\" \/>\n<meta property=\"og:image\" content=\"https:\/\/www.emballagedigest.fr\/wp-content\/uploads\/2026\/09\/Brivaplast.jpg\" \/>\n\t<meta property=\"og:image:width\" content=\"800\" \/>\n\t<meta property=\"og:image:height\" content=\"592\" \/>\n\t<meta property=\"og:image:type\" content=\"image\/jpeg\" \/>\n<meta name=\"author\" content=\"Karine Duval\" \/>\n<meta name=\"twitter:card\" content=\"summary_large_image\" \/>\n<meta name=\"twitter:label1\" content=\"Written by\" \/>\n\t<meta name=\"twitter:data1\" content=\"Karine Duval\" \/>\n\t<meta name=\"twitter:label2\" content=\"Estimated reading time\" \/>\n\t<meta name=\"twitter:data2\" content=\"3 minutes\" \/>\n<script type=\"application\/ld+json\" class=\"yoast-schema-graph\">{\"@context\":\"https:\/\/schema.org\",\"@graph\":[{\"@type\":\"Article\",\"@id\":\"https:\/\/www.emballagedigest.fr\/applicateurs-mascaras-et-cheveux-brivaplast-anticipe-les-futures-tendances\/#article\",\"isPartOf\":{\"@id\":\"https:\/\/www.emballagedigest.fr\/applicateurs-mascaras-et-cheveux-brivaplast-anticipe-les-futures-tendances\/\"},\"author\":{\"name\":\"Karine Duval\",\"@id\":\"https:\/\/www.emballagedigest.fr\/#\/schema\/person\/76abe9f2b2ee4d3d520594c7a35da59f\"},\"headline\":\"Applicateurs mascaras et cheveux\u00a0: Brivaplast anticipe les futures tendances\",\"datePublished\":\"2026-08-31T12:53:09+00:00\",\"dateModified\":\"2026-09-03T12:56:17+00:00\",\"mainEntityOfPage\":{\"@id\":\"https:\/\/www.emballagedigest.fr\/applicateurs-mascaras-et-cheveux-brivaplast-anticipe-les-futures-tendances\/\"},\"wordCount\":564,\"publisher\":{\"@id\":\"https:\/\/www.emballagedigest.fr\/#organization\"},\"image\":{\"@id\":\"https:\/\/www.emballagedigest.fr\/applicateurs-mascaras-et-cheveux-brivaplast-anticipe-les-futures-tendances\/#primaryimage\"},\"thumbnailUrl\":\"https:\/\/www.emballagedigest.fr\/wp-content\/uploads\/2026\/09\/Brivaplast.jpg\",\"articleSection\":[\"Article entier\",\"Barre lat\u00e9rale\",\"Packaging\",\"Parfumerie &amp; Cosm\u00e9tique\",\"Vu dans le mag\"],\"inLanguage\":\"en-GB\"},{\"@type\":\"WebPage\",\"@id\":\"https:\/\/www.emballagedigest.fr\/applicateurs-mascaras-et-cheveux-brivaplast-anticipe-les-futures-tendances\/\",\"url\":\"https:\/\/www.emballagedigest.fr\/applicateurs-mascaras-et-cheveux-brivaplast-anticipe-les-futures-tendances\/\",\"name\":\"Applicateurs mascaras et cheveux\u00a0: Brivaplast anticipe les futures tendances - Emballage Digest\",\"isPartOf\":{\"@id\":\"https:\/\/www.emballagedigest.fr\/#website\"},\"primaryImageOfPage\":{\"@id\":\"https:\/\/www.emballagedigest.fr\/applicateurs-mascaras-et-cheveux-brivaplast-anticipe-les-futures-tendances\/#primaryimage\"},\"image\":{\"@id\":\"https:\/\/www.emballagedigest.fr\/applicateurs-mascaras-et-cheveux-brivaplast-anticipe-les-futures-tendances\/#primaryimage\"},\"thumbnailUrl\":\"https:\/\/www.emballagedigest.fr\/wp-content\/uploads\/2026\/09\/Brivaplast.jpg\",\"datePublished\":\"2026-08-31T12:53:09+00:00\",\"dateModified\":\"2026-09-03T12:56:17+00:00\",\"breadcrumb\":{\"@id\":\"https:\/\/www.emballagedigest.fr\/applicateurs-mascaras-et-cheveux-brivaplast-anticipe-les-futures-tendances\/#breadcrumb\"},\"inLanguage\":\"en-GB\",\"potentialAction\":[{\"@type\":\"ReadAction\",\"target\":[\"https:\/\/www.emballagedigest.fr\/applicateurs-mascaras-et-cheveux-brivaplast-anticipe-les-futures-tendances\/\"]}]},{\"@type\":\"ImageObject\",\"inLanguage\":\"en-GB\",\"@id\":\"https:\/\/www.emballagedigest.fr\/applicateurs-mascaras-et-cheveux-brivaplast-anticipe-les-futures-tendances\/#primaryimage\",\"url\":\"https:\/\/www.emballagedigest.fr\/wp-content\/uploads\/2026\/09\/Brivaplast.jpg\",\"contentUrl\":\"https:\/\/www.emballagedigest.fr\/wp-content\/uploads\/2026\/09\/Brivaplast.jpg\",\"width\":800,\"height\":592},{\"@type\":\"BreadcrumbList\",\"@id\":\"https:\/\/www.emballagedigest.fr\/applicateurs-mascaras-et-cheveux-brivaplast-anticipe-les-futures-tendances\/#breadcrumb\",\"itemListElement\":[{\"@type\":\"ListItem\",\"position\":1,\"name\":\"Accueil\",\"item\":\"https:\/\/www.emballagedigest.fr\/\"},{\"@type\":\"ListItem\",\"position\":2,\"name\":\"Applicateurs mascaras et cheveux\u00a0: Brivaplast anticipe les futures tendances\"}]},{\"@type\":\"WebSite\",\"@id\":\"https:\/\/www.emballagedigest.fr\/#website\",\"url\":\"https:\/\/www.emballagedigest.fr\/\",\"name\":\"Emballage Digest\",\"description\":\"Revue professionnelle sur les emballages\",\"publisher\":{\"@id\":\"https:\/\/www.emballagedigest.fr\/#organization\"},\"potentialAction\":[{\"@type\":\"SearchAction\",\"target\":{\"@type\":\"EntryPoint\",\"urlTemplate\":\"https:\/\/www.emballagedigest.fr\/?s={search_term_string}\"},\"query-input\":{\"@type\":\"PropertyValueSpecification\",\"valueRequired\":true,\"valueName\":\"search_term_string\"}}],\"inLanguage\":\"en-GB\"},{\"@type\":\"Organization\",\"@id\":\"https:\/\/www.emballagedigest.fr\/#organization\",\"name\":\"Emballage Digest\",\"url\":\"https:\/\/www.emballagedigest.fr\/\",\"logo\":{\"@type\":\"ImageObject\",\"inLanguage\":\"en-GB\",\"@id\":\"https:\/\/www.emballagedigest.fr\/#\/schema\/logo\/image\/\",\"url\":\"https:\/\/www.emballagedigest.fr\/wp-content\/uploads\/2022\/07\/logo-ed.png\",\"contentUrl\":\"https:\/\/www.emballagedigest.fr\/wp-content\/uploads\/2022\/07\/logo-ed.png\",\"width\":379,\"height\":75,\"caption\":\"Emballage Digest\"},\"image\":{\"@id\":\"https:\/\/www.emballagedigest.fr\/#\/schema\/logo\/image\/\"}},{\"@type\":\"Person\",\"@id\":\"https:\/\/www.emballagedigest.fr\/#\/schema\/person\/76abe9f2b2ee4d3d520594c7a35da59f\",\"name\":\"Karine Duval\",\"image\":{\"@type\":\"ImageObject\",\"inLanguage\":\"en-GB\",\"@id\":\"https:\/\/www.emballagedigest.fr\/#\/schema\/person\/image\/\",\"url\":\"https:\/\/secure.gravatar.com\/avatar\/f552799261cdd2e076e6677d780ef07bdb13aa4c196ab75b39abcbcdcae2d4e5?s=96&d=mm&r=g\",\"contentUrl\":\"https:\/\/secure.gravatar.com\/avatar\/f552799261cdd2e076e6677d780ef07bdb13aa4c196ab75b39abcbcdcae2d4e5?s=96&d=mm&r=g\",\"caption\":\"Karine Duval\"},\"url\":\"https:\/\/www.emballagedigest.fr\/en\/author\/admin_karduv\/\"}]}<\/script>\n<!-- \/ Yoast SEO plugin. -->","yoast_head_json":{"title":"Applicateurs mascaras et cheveux\u00a0: Brivaplast anticipe les futures tendances - Emballage Digest","robots":{"index":"index","follow":"follow","max-snippet":"max-snippet:-1","max-image-preview":"max-image-preview:large","max-video-preview":"max-video-preview:-1"},"canonical":"https:\/\/www.emballagedigest.fr\/en\/applicateurs-mascaras-et-cheveux-brivaplast-anticipe-les-futures-tendances\/","og_locale":"en_GB","og_type":"article","og_title":"Applicateurs mascaras et cheveux\u00a0: Brivaplast anticipe les futures tendances - Emballage Digest","og_description":"Alors que le secteur du mascara connait plusieurs grandes tendances\u00a0: l\u2019effet \u00ablamin\u00e9\u00bb, \u00abtubing\u00bb ou encore l\u2019\u00e9ternel waterproof, Brivaplast anticipe dans les ann\u00e9es \u00e0 venir une forte convergence entre les technologies du maquillage des yeux et celles des soins capillaires. \u00abLes syst\u00e8mes d\u2019application inspir\u00e9s du mascara s\u2019av\u00e8rent \u00eatre la solution id\u00e9ale pour r\u00e9pondre \u00e0 deux demandes [&hellip;]","og_url":"https:\/\/www.emballagedigest.fr\/en\/applicateurs-mascaras-et-cheveux-brivaplast-anticipe-les-futures-tendances\/","og_site_name":"Emballage Digest","article_published_time":"2026-08-31T12:53:09+00:00","article_modified_time":"2026-09-03T12:56:17+00:00","og_image":[{"width":800,"height":592,"url":"https:\/\/www.emballagedigest.fr\/wp-content\/uploads\/2026\/09\/Brivaplast.jpg","type":"image\/jpeg"}],"author":"Karine Duval","twitter_card":"summary_large_image","twitter_misc":{"Written by":"Karine Duval","Estimated reading time":"3 minutes"},"schema":{"@context":"https:\/\/schema.org","@graph":[{"@type":"Article","@id":"https:\/\/www.emballagedigest.fr\/applicateurs-mascaras-et-cheveux-brivaplast-anticipe-les-futures-tendances\/#article","isPartOf":{"@id":"https:\/\/www.emballagedigest.fr\/applicateurs-mascaras-et-cheveux-brivaplast-anticipe-les-futures-tendances\/"},"author":{"name":"Karine Duval","@id":"https:\/\/www.emballagedigest.fr\/#\/schema\/person\/76abe9f2b2ee4d3d520594c7a35da59f"},"headline":"Applicateurs mascaras et cheveux\u00a0: Brivaplast anticipe les futures tendances","datePublished":"2026-08-31T12:53:09+00:00","dateModified":"2026-09-03T12:56:17+00:00","mainEntityOfPage":{"@id":"https:\/\/www.emballagedigest.fr\/applicateurs-mascaras-et-cheveux-brivaplast-anticipe-les-futures-tendances\/"},"wordCount":564,"publisher":{"@id":"https:\/\/www.emballagedigest.fr\/#organization"},"image":{"@id":"https:\/\/www.emballagedigest.fr\/applicateurs-mascaras-et-cheveux-brivaplast-anticipe-les-futures-tendances\/#primaryimage"},"thumbnailUrl":"https:\/\/www.emballagedigest.fr\/wp-content\/uploads\/2026\/09\/Brivaplast.jpg","articleSection":["Article entier","Barre lat\u00e9rale","Packaging","Parfumerie &amp; Cosm\u00e9tique","Vu dans le mag"],"inLanguage":"en-GB"},{"@type":"WebPage","@id":"https:\/\/www.emballagedigest.fr\/applicateurs-mascaras-et-cheveux-brivaplast-anticipe-les-futures-tendances\/","url":"https:\/\/www.emballagedigest.fr\/applicateurs-mascaras-et-cheveux-brivaplast-anticipe-les-futures-tendances\/","name":"Applicateurs mascaras et cheveux\u00a0: Brivaplast anticipe les futures tendances - Emballage Digest","isPartOf":{"@id":"https:\/\/www.emballagedigest.fr\/#website"},"primaryImageOfPage":{"@id":"https:\/\/www.emballagedigest.fr\/applicateurs-mascaras-et-cheveux-brivaplast-anticipe-les-futures-tendances\/#primaryimage"},"image":{"@id":"https:\/\/www.emballagedigest.fr\/applicateurs-mascaras-et-cheveux-brivaplast-anticipe-les-futures-tendances\/#primaryimage"},"thumbnailUrl":"https:\/\/www.emballagedigest.fr\/wp-content\/uploads\/2026\/09\/Brivaplast.jpg","datePublished":"2026-08-31T12:53:09+00:00","dateModified":"2026-09-03T12:56:17+00:00","breadcrumb":{"@id":"https:\/\/www.emballagedigest.fr\/applicateurs-mascaras-et-cheveux-brivaplast-anticipe-les-futures-tendances\/#breadcrumb"},"inLanguage":"en-GB","potentialAction":[{"@type":"ReadAction","target":["https:\/\/www.emballagedigest.fr\/applicateurs-mascaras-et-cheveux-brivaplast-anticipe-les-futures-tendances\/"]}]},{"@type":"ImageObject","inLanguage":"en-GB","@id":"https:\/\/www.emballagedigest.fr\/applicateurs-mascaras-et-cheveux-brivaplast-anticipe-les-futures-tendances\/#primaryimage","url":"https:\/\/www.emballagedigest.fr\/wp-content\/uploads\/2026\/09\/Brivaplast.jpg","contentUrl":"https:\/\/www.emballagedigest.fr\/wp-content\/uploads\/2026\/09\/Brivaplast.jpg","width":800,"height":592},{"@type":"BreadcrumbList","@id":"https:\/\/www.emballagedigest.fr\/applicateurs-mascaras-et-cheveux-brivaplast-anticipe-les-futures-tendances\/#breadcrumb","itemListElement":[{"@type":"ListItem","position":1,"name":"Accueil","item":"https:\/\/www.emballagedigest.fr\/"},{"@type":"ListItem","position":2,"name":"Applicateurs mascaras et cheveux\u00a0: Brivaplast anticipe les futures tendances"}]},{"@type":"WebSite","@id":"https:\/\/www.emballagedigest.fr\/#website","url":"https:\/\/www.emballagedigest.fr\/","name":"Emballage Digest","description":"Revue professionnelle sur les emballages","publisher":{"@id":"https:\/\/www.emballagedigest.fr\/#organization"},"potentialAction":[{"@type":"SearchAction","target":{"@type":"EntryPoint","urlTemplate":"https:\/\/www.emballagedigest.fr\/?s={search_term_string}"},"query-input":{"@type":"PropertyValueSpecification","valueRequired":true,"valueName":"search_term_string"}}],"inLanguage":"en-GB"},{"@type":"Organization","@id":"https:\/\/www.emballagedigest.fr\/#organization","name":"Emballage Digest","url":"https:\/\/www.emballagedigest.fr\/","logo":{"@type":"ImageObject","inLanguage":"en-GB","@id":"https:\/\/www.emballagedigest.fr\/#\/schema\/logo\/image\/","url":"https:\/\/www.emballagedigest.fr\/wp-content\/uploads\/2022\/07\/logo-ed.png","contentUrl":"https:\/\/www.emballagedigest.fr\/wp-content\/uploads\/2022\/07\/logo-ed.png","width":379,"height":75,"caption":"Emballage Digest"},"image":{"@id":"https:\/\/www.emballagedigest.fr\/#\/schema\/logo\/image\/"}},{"@type":"Person","@id":"https:\/\/www.emballagedigest.fr\/#\/schema\/person\/76abe9f2b2ee4d3d520594c7a35da59f","name":"Karine Duval","image":{"@type":"ImageObject","inLanguage":"en-GB","@id":"https:\/\/www.emballagedigest.fr\/#\/schema\/person\/image\/","url":"https:\/\/secure.gravatar.com\/avatar\/f552799261cdd2e076e6677d780ef07bdb13aa4c196ab75b39abcbcdcae2d4e5?s=96&d=mm&r=g","contentUrl":"https:\/\/secure.gravatar.com\/avatar\/f552799261cdd2e076e6677d780ef07bdb13aa4c196ab75b39abcbcdcae2d4e5?s=96&d=mm&r=g","caption":"Karine Duval"},"url":"https:\/\/www.emballagedigest.fr\/en\/author\/admin_karduv\/"}]}},"_links":{"self":[{"href":"https:\/\/www.emballagedigest.fr\/en\/wp-json\/wp\/v2\/posts\/48843","targetHints":{"allow":["GET"]}}],"collection":[{"href":"https:\/\/www.emballagedigest.fr\/en\/wp-json\/wp\/v2\/posts"}],"about":[{"href":"https:\/\/www.emballagedigest.fr\/en\/wp-json\/wp\/v2\/types\/post"}],"author":[{"embeddable":true,"href":"https:\/\/www.emballagedigest.fr\/en\/wp-json\/wp\/v2\/users\/2"}],"replies":[{"embeddable":true,"href":"https:\/\/www.emballagedigest.fr\/en\/wp-json\/wp\/v2\/comments?post=48843"}],"version-history":[{"count":1,"href":"https:\/\/www.emballagedigest.fr\/en\/wp-json\/wp\/v2\/posts\/48843\/revisions"}],"predecessor-version":[{"id":48845,"href":"https:\/\/www.emballagedigest.fr\/en\/wp-json\/wp\/v2\/posts\/48843\/revisions\/48845"}],"wp:featuredmedia":[{"embeddable":true,"href":"https:\/\/www.emballagedigest.fr\/en\/wp-json\/wp\/v2\/media\/48844"}],"wp:attachment":[{"href":"https:\/\/www.emballagedigest.fr\/en\/wp-json\/wp\/v2\/media?parent=48843"}],"wp:term":[{"taxonomy":"category","embeddable":true,"href":"https:\/\/www.emballagedigest.fr\/en\/wp-json\/wp\/v2\/categories?post=48843"},{"taxonomy":"post_tag","embeddable":true,"href":"https:\/\/www.emballagedigest.fr\/en\/wp-json\/wp\/v2\/tags?post=48843"}],"curies":[{"name":"wp","href":"https:\/\/api.w.org\/{rel}","templated":true}]}}