{"id":48855,"date":"2026-08-31T15:06:44","date_gmt":"2026-08-31T13:06:44","guid":{"rendered":"https:\/\/www.emballagedigest.fr\/?p=48855"},"modified":"2026-09-03T15:09:19","modified_gmt":"2026-09-03T13:09:19","slug":"du-dechet-metallique-au-zamak-recycle-reazn-mise-sur-un-modele-en-boucle-fermee","status":"publish","type":"post","link":"https:\/\/www.emballagedigest.fr\/en\/du-dechet-metallique-au-zamak-recycle-reazn-mise-sur-un-modele-en-boucle-fermee\/","title":{"rendered":"Du d\u00e9chet m\u00e9tallique au zamak recycl\u00e9 : REAZN mise sur un mod\u00e8le en boucle ferm\u00e9e"},"content":{"rendered":"<p class=\"wp-block-paragraph\"><strong>Le groupe luxembourgeois REAZN, sp\u00e9cialiste des alliages de zinc, est devenu l\u2019un des leaders de la valorisation des d\u00e9chets m\u00e9talliques europ\u00e9ens. Gr\u00e2ce \u00e0 un investissement de longue haleine tant sur le plan industriel que technique, le recycleur propose du zamak contenant 93% de mati\u00e8re recycl\u00e9e, tout droit sorti des fours de son site belge. Une offre particuli\u00e8rement s\u00e9duisante \u00e0 l\u2019heure o\u00f9 la fili\u00e8re cosm\u00e9tique\/parfumerie doit se conformer au r\u00e8glement PPWR, qui impose la recyclabilit\u00e9 des mat\u00e9riaux, et leur capacit\u00e9 \u00e0 \u00eatre recycl\u00e9s \u00e0 grande \u00e9chelle sans perte de qualit\u00e9.<\/strong><\/p>\n\n\n\n<p class=\"wp-block-paragraph\">Au c\u0153ur de l\u2019usine belge de Kruisem, l\u2019effervescence ne retombe jamais. C\u2019est un ballet continu de camionsqui vient alimenter les fours du recycleur de zamac REAZN (150 personnes pour un CA de 285 M\u20ac en 2025). Les d\u00e9chets m\u00e9talliques de tout type (automobile, fils \u00e9lectriques, zips et fermetures, objets de d\u00e9coration, pi\u00e8ces d\u2019emballages, poign\u00e9es, etc.) et venant de toute l\u2019Europe sont tri\u00e9s, broy\u00e9s et fondus au c\u0153ur des cinq fours de pr\u00e9paration tournant 7 jours \/ 7 \u00e0 450\u00b0C et deux fours de maintien et de finition\u00a0avec chacun 170 tonnes de capacit\u00e9. Ce sont ainsi 67\u00a0000 tonnes de zinc qui sont recycl\u00e9es chaque ann\u00e9e par le groupe. Si l\u2019outil industriel de REAZN, largement rod\u00e9, affiche une capacit\u00e9 de production maximale de 120\u00a0000 tonnes \u2013 100\u00a0000 tonnes pour le site belge et 20\u00a0000 pour l\u2019usine s\u0153ur \u00e0 Cannock au Royaume-Uni, celui-ci n\u2019a pas atteint son plein r\u00e9gime\u00a0: en 2025, le recycleur a produit 85\u00a0000 tonnes d\u2019alliages de zinc sous forme de lingots ou de blocs jumbo. Ces derniers \u2013 \u00e0 destination de la fonderie ou de la galvanisation \u2013 trouvent leur place dans un large \u00e9ventail d\u2019applications\u00a0: automobile, serrurerie, robinetterie, \u00e9quipements \u00e9lectriques, d\u00e9coration, accessoires de luxe ou encore biens de consommation. \u00abAfin d\u2019accompagner la croissance de notre outil de recyclage, nous avons investi 44 millions d\u2019euros au cours des cinq derni\u00e8res ann\u00e9es, notamment dans les \u00e9quipements destin\u00e9s au traitement des d\u00e9chets en fin de vie\u00bb, explique Claude Bever, co-pdg du groupe REAZN. Fort de ce parc industriel, le groupe traite aujourd\u2019hui pr\u00e8s de 80% du tonnage de zamak en circulation, selon ses estimations. Il n\u2019est toutefois pas seul sur ce march\u00e9 : d\u2019autres affineurs, comme le fran\u00e7ais Genlis M\u00e9tal ou l\u2019italien S. Erasmo Zinkal, d\u00e9veloppent \u00e9galement leurs propres solutions de recyclage du zinc et du zamak.<\/p>\n\n\n\n<p class=\"wp-block-paragraph\"><strong>Des flux de zamak hautement caract\u00e9ris\u00e9s<\/strong><br>De l\u2019entr\u00e9e du d\u00e9chet \u00e0 la sortie des lingots de zamak, l\u2019ensemble des \u00e9tapes du proc\u00e9d\u00e9 industriel enti\u00e8rement automatis\u00e9 a \u00e9t\u00e9 brevet\u00e9 par REAZN. \u00abAfin de garantir un recyclage en boucle ferm\u00e9e, nous avons d\u00e9di\u00e9 un espace aux flux PCR avec des lignes sp\u00e9cifiques pour traiter les d\u00e9chets re\u00e7us de broyeurs ou d\u2019affineurs d\u2019aluminium\u00bb, explique Jean Gouverneyre, co-pdg de REAZN.<br>\u00c0 leur arriv\u00e9e, les d\u00e9chetssont nettoy\u00e9s afin d\u2019\u00e9liminer les traitements de surface et les peintures, puis broy\u00e9s. Le broyat est ensuite tamis\u00e9 en fonction de sa granulom\u00e9trie. Les m\u00e9taux sont ensuite s\u00e9par\u00e9s. Les ferreux sont extraits par aimantation, les non-ferreux r\u00e9cup\u00e9r\u00e9s gr\u00e2ce aux courants de Foucault, puis s\u00e9par\u00e9s entre eux. Selon les flux, REAZN s\u2019appuie \u00e9galement sur des technologies de caract\u00e9risation comme la LIBS et la fluorescence X. Tandis que le zinc et le zamak sont orient\u00e9s vers le proc\u00e9d\u00e9 d\u2019affinage, l\u2019aluminium et le cuivre r\u00e9cup\u00e9r\u00e9s sont r\u00e9introduits dans le process. L\u2019installation d\u2019une nouvelle unit\u00e9 de filtration en 2022a permis de r\u00e9duire les \u00e9missions de poussi\u00e8re. Ainsi, rien ne se perd\u00a0: les r\u00e9sidus fins de zinc pr\u00e9sents dans ces fum\u00e9es sont revendus \u00e0 l\u2019industrie de la chimie, qui les valorise sous forme d\u2019oxydes de zinc par exemple. Un projet de r\u00e9cup\u00e9ration du carbone contenu dans les fum\u00e9es est \u00e9galement \u00e0 l\u2019\u00e9tude. L\u2019objectif serait de transformer certains rejets de fum\u00e9es en carbone liquide de qualit\u00e9 alimentaire.<\/p>\n\n\n\n<p class=\"wp-block-paragraph\"><strong>93% de contenu recycl\u00e9<\/strong><br>Gr\u00e2ce \u00e0 ces flux d\u00e9di\u00e9s conjugu\u00e9s \u00e0 des outils de recyclage performants, REAZN a pu atteindre un taux d\u2019incorporation de 93% de mati\u00e8re recycl\u00e9e dans ses alliages zinc selon la m\u00e9thode de calcul de l\u2019ISO 14021. Cette norme n\u2019acceptant, pour rappel, que les d\u00e9chets post et pr\u00e9-consommation dans son cahier des charges. \u00abL\u2019autre d\u00e9fi technique est d\u2019arriver \u00e0 proposer un zamak d\u2019une qualit\u00e9 similaire \u00e0 celui du vierge, sans perte de performance\u00bb, se f\u00e9licite Claude Bever. Un atout de taille qui int\u00e9resse le secteur cosm\u00e9tique\/parfumerie, consommateur de zamak de grade 5 \u2013 m\u00e9lange de zinc (95%), d\u2019aluminium (4%), de magn\u00e9sium et de cuivre \u2013 pour la fabrication de ses capots, bouchons ou autres pi\u00e8ces de d\u00e9coration. \u00abLe mod\u00e8le de REAZN d\u00e9montre l\u2019efficience de la fili\u00e8re et le recyclage effectif du zamak. C\u2019est un argument suppl\u00e9mentaire en faveur de ce mat\u00e9riau longtemps mis de c\u00f4t\u00e9 \u00e0 tort, faute de donn\u00e9es \u00e0 jour et dont l\u2019impact carbone* a \u00e9t\u00e9 revu \u00e0 la baisse par Ecoinvent apr\u00e8s un long travail collectif men\u00e9 ces derniers mois**\u00bb, rappelle Claire Trescartes, responsable RSE et strat\u00e9gie chez Segede, fabricant d\u2019emballages m\u00e9talliques de luxe.<br>L\u2019entreprise familiale confie d\u2019ailleurs avoir op\u00e9r\u00e9 des tests et produit des pi\u00e8ces \u00e0 l\u2019\u00e9chelle industrielle avec des lingotscontenant\u00a093% de contenu PCR\u00a0de chez REAZN, sans aucune perte de qualit\u00e9 technique. \u00abNous parvenons \u00e0 refondre en boucle ces lingots pour cr\u00e9er une boucle totale (loop), une qualit\u00e9 in\u00e9dite du Zamak r\u00e9pondant parfaitement aux exigences de la PPWR\u00bb, compl\u00e8te Claire Trescartes.<br>Prochaine \u00e9tape pour REAZN\u00a0: proposer du zamak 100% recycl\u00e9. \u00abLes derniers pourcentages sont les plus difficiles \u00e0 obtenir, et le prix de revient pourrait \u00eatre un frein\u00bb, explique Jean Gouverneyre. Les d\u00e9chets disponibles sont en effet de plus en plus complexes \u00e0 mesure que l\u2019on cherche \u00e0 augmenter la part de post-consommation. Le groupe planche sur plusieurs \u00e9volutions de proc\u00e9d\u00e9 et indique avoir une dizaine de brevets en cours de d\u00e9p\u00f4t. L\u2019ambition affich\u00e9e est de parvenir, dans les deux \u00e0 cinq prochaines ann\u00e9es, \u00e0 produire ses alliages exclusivement \u00e0 partir de mati\u00e8res secondaires.<\/p>\n\n\n\n<p class=\"wp-block-paragraph\"><strong>S\u00e9curiser les approvisionnements<\/strong><br>Autre atout de taille du zamak\u00a0: ses gisements s\u00e9curis\u00e9s. En effet, sur les 500 millions de tonnes de zinc consomm\u00e9es dans le monde depuis 1960, environ 250 millions de tonnes seraient encore en circulation. Ces ressources \u2013 baptis\u00e9es \u00abmines urbaines\u00bb \u2013 suffiraient \u00e0 r\u00e9pondre aux besoins du march\u00e9\u00a0: selon l\u2019Association Internationale du Zinc et Fraunhofer ISI, la demande mondiale en zinc devrait progresser de 13,5 MT \u00e0 25 MT d\u2019ici 2050. Pour le zamak, dont la production mondiale de pi\u00e8ces est estim\u00e9e \u00e0 1,6 million de tonnes (270 000 tonnes en Europe), ce gisement constitue une source potentielle de mati\u00e8re secondaire importante. \u00abL\u2019existence de ces mines urbaines illustre l\u2019abondance du zamak recycl\u00e9, ce qui est plut\u00f4t rassurant pour les marques \u00e0 la recherche d\u2019approvisionnements garantis sur le long terme\u00bb, explique Claire Trescartes. Elles permettent \u00e9galement de s\u2019affranchir de l\u2019usage du zinc primaire dont l\u2019extraction mini\u00e8re est particuli\u00e8rement \u00e9nergivore. On estime les ressources globales de zinc \u00e0 1,9 milliard de tonnes. Selon REAZN, l\u2019Europe dispose ainsi de stocks suffisants pour d\u00e9velopper une fili\u00e8re de recyclage du zamak \u00e0 grande \u00e9chelle, \u00e0 condition de mieux capter les d\u00e9chets aujourd\u2019hui export\u00e9s hors du continent pour atteindre une autosuffisance \u00e0 court terme.<\/p>\n\n\n\n<p class=\"wp-block-paragraph\"><strong>Vers une r\u00e9\u00e9valuation des ACV<\/strong><br>Face \u00e0 un zamak 100% primaire affichant une empreinte carbone \u00e0\u00a03 610 kg CO2\/tonne (donn\u00e9e 2012 \u2013 base Empreinte de l\u2019Ademe), le zamak recycl\u00e9 de REAZN se veut plus \u00e9conome\u00a0: sa production r\u00e9duit de 79% les \u00e9missions de CO2 et consomme 88% d\u2019eau en moins. L\u2019int\u00e9r\u00eat est aussi \u00e9nerg\u00e9tique \u00e0 l\u2019heure o\u00f9 le co\u00fbt du m\u00e9gawattheure reste volatile. Si la chaine de production est actuellement aliment\u00e9e par gaz, l\u2019option tout \u00e9lectrique reste complexe \u00e0 d\u00e9ployer pour diverses raisons techniques. Des alternatives \u00e9nerg\u00e9tiques sont en cours d\u2019\u00e9tude par REAZN.<br>Au-del\u00e0 des gains obtenus sur le site de production, l\u2019enjeu est d\u00e9sormais pour la fili\u00e8re cosm\u00e9tique\/parfumerie de faire reconna\u00eetre ces performances dans les outils de calcul d\u2019ACV (\u00e0 l\u2019instar de SPICE en cosm\u00e9tique), en s\u2019appuyant sur ces r\u00e9sultats obtenus en conditions r\u00e9elles de production et de recyclage. Fort de ces donn\u00e9es actualis\u00e9es sur le zamak recycl\u00e9, le secteur entend ainsi corriger un biais qui pouvait jusqu\u2019ici p\u00e9naliser l\u2019alliage dans les \u00e9tudes d\u2019\u00e9coconception. Le r\u00e8glement sur les emballages (PPWR) impose de d\u00e9montrer \u00e0 la fois l\u2019impact carbone et la recyclabilit\u00e9 effective des mat\u00e9riaux. Avec la confirmation du Comit\u00e9 Europ\u00e9en de Normalisation (CEN) dont la publication officielle est attendue en 2028 et la cartographie des fili\u00e8res europ\u00e9ennes de recyclage, le Zamak coche d\u00e9sormais ces deux cases.<\/p>\n\n\n\n<p class=\"wp-block-paragraph\"><\/p>","protected":false},"excerpt":{"rendered":"<p>Le groupe luxembourgeois REAZN, sp\u00e9cialiste des alliages de zinc, est devenu l\u2019un des leaders de la valorisation des d\u00e9chets m\u00e9talliques europ\u00e9ens. Gr\u00e2ce \u00e0 un investissement de longue haleine tant sur le plan industriel que technique, le recycleur propose du zamak contenant 93% de mati\u00e8re recycl\u00e9e, tout droit sorti des fours de son site belge. Une [&hellip;]<\/p>","protected":false},"author":2,"featured_media":48856,"comment_status":"closed","ping_status":"closed","sticky":false,"template":"","format":"standard","meta":{"_acf_changed":false,"inline_featured_image":false,"iawp_total_views":0,"footnotes":""},"categories":[26,10,81,65],"tags":[],"class_list":["post-48855","post","type-post","status-publish","format-standard","has-post-thumbnail","hentry","category-laterale","category-materiaux","category-packaging","category-vu-dans-le-mag"],"acf":[],"yoast_head":"<!-- This site is optimized with the Yoast SEO plugin v24.4 - https:\/\/yoast.com\/wordpress\/plugins\/seo\/ -->\n<title>Du d\u00e9chet m\u00e9tallique au zamak recycl\u00e9 : REAZN mise sur un mod\u00e8le en boucle ferm\u00e9e - Emballage Digest<\/title>\n<meta name=\"robots\" content=\"index, follow, max-snippet:-1, max-image-preview:large, max-video-preview:-1\" \/>\n<link rel=\"canonical\" href=\"https:\/\/www.emballagedigest.fr\/en\/du-dechet-metallique-au-zamak-recycle-reazn-mise-sur-un-modele-en-boucle-fermee\/\" \/>\n<meta property=\"og:locale\" content=\"en_GB\" \/>\n<meta property=\"og:type\" content=\"article\" \/>\n<meta property=\"og:title\" content=\"Du d\u00e9chet m\u00e9tallique au zamak recycl\u00e9 : REAZN mise sur un mod\u00e8le en boucle ferm\u00e9e - Emballage Digest\" \/>\n<meta property=\"og:description\" content=\"Le groupe luxembourgeois REAZN, sp\u00e9cialiste des alliages de zinc, est devenu l\u2019un des leaders de la valorisation des d\u00e9chets m\u00e9talliques europ\u00e9ens. Gr\u00e2ce \u00e0 un investissement de longue haleine tant sur le plan industriel que technique, le recycleur propose du zamak contenant 93% de mati\u00e8re recycl\u00e9e, tout droit sorti des fours de son site belge. Une [&hellip;]\" \/>\n<meta property=\"og:url\" content=\"https:\/\/www.emballagedigest.fr\/en\/du-dechet-metallique-au-zamak-recycle-reazn-mise-sur-un-modele-en-boucle-fermee\/\" \/>\n<meta property=\"og:site_name\" content=\"Emballage Digest\" \/>\n<meta property=\"article:published_time\" content=\"2026-08-31T13:06:44+00:00\" \/>\n<meta property=\"article:modified_time\" content=\"2026-09-03T13:09:19+00:00\" \/>\n<meta property=\"og:image\" content=\"https:\/\/www.emballagedigest.fr\/wp-content\/uploads\/2026\/09\/REAZN.jpg\" \/>\n\t<meta property=\"og:image:width\" content=\"800\" \/>\n\t<meta property=\"og:image:height\" content=\"533\" \/>\n\t<meta property=\"og:image:type\" content=\"image\/jpeg\" \/>\n<meta name=\"author\" content=\"Karine Duval\" \/>\n<meta name=\"twitter:card\" content=\"summary_large_image\" \/>\n<meta name=\"twitter:label1\" content=\"Written by\" \/>\n\t<meta name=\"twitter:data1\" content=\"Karine Duval\" \/>\n\t<meta name=\"twitter:label2\" content=\"Estimated reading time\" \/>\n\t<meta name=\"twitter:data2\" content=\"8 minutes\" \/>\n<script type=\"application\/ld+json\" class=\"yoast-schema-graph\">{\"@context\":\"https:\/\/schema.org\",\"@graph\":[{\"@type\":\"Article\",\"@id\":\"https:\/\/www.emballagedigest.fr\/du-dechet-metallique-au-zamak-recycle-reazn-mise-sur-un-modele-en-boucle-fermee\/#article\",\"isPartOf\":{\"@id\":\"https:\/\/www.emballagedigest.fr\/du-dechet-metallique-au-zamak-recycle-reazn-mise-sur-un-modele-en-boucle-fermee\/\"},\"author\":{\"name\":\"Karine Duval\",\"@id\":\"https:\/\/www.emballagedigest.fr\/#\/schema\/person\/76abe9f2b2ee4d3d520594c7a35da59f\"},\"headline\":\"Du d\u00e9chet m\u00e9tallique au zamak recycl\u00e9 : REAZN mise sur un mod\u00e8le en boucle ferm\u00e9e\",\"datePublished\":\"2026-08-31T13:06:44+00:00\",\"dateModified\":\"2026-09-03T13:09:19+00:00\",\"mainEntityOfPage\":{\"@id\":\"https:\/\/www.emballagedigest.fr\/du-dechet-metallique-au-zamak-recycle-reazn-mise-sur-un-modele-en-boucle-fermee\/\"},\"wordCount\":1544,\"publisher\":{\"@id\":\"https:\/\/www.emballagedigest.fr\/#organization\"},\"image\":{\"@id\":\"https:\/\/www.emballagedigest.fr\/du-dechet-metallique-au-zamak-recycle-reazn-mise-sur-un-modele-en-boucle-fermee\/#primaryimage\"},\"thumbnailUrl\":\"https:\/\/www.emballagedigest.fr\/wp-content\/uploads\/2026\/09\/REAZN.jpg\",\"articleSection\":[\"Barre lat\u00e9rale\",\"Mat\u00e9riaux\",\"Packaging\",\"Vu dans le mag\"],\"inLanguage\":\"en-GB\"},{\"@type\":\"WebPage\",\"@id\":\"https:\/\/www.emballagedigest.fr\/du-dechet-metallique-au-zamak-recycle-reazn-mise-sur-un-modele-en-boucle-fermee\/\",\"url\":\"https:\/\/www.emballagedigest.fr\/du-dechet-metallique-au-zamak-recycle-reazn-mise-sur-un-modele-en-boucle-fermee\/\",\"name\":\"Du d\u00e9chet m\u00e9tallique au zamak recycl\u00e9 : REAZN mise sur un mod\u00e8le en boucle ferm\u00e9e - Emballage Digest\",\"isPartOf\":{\"@id\":\"https:\/\/www.emballagedigest.fr\/#website\"},\"primaryImageOfPage\":{\"@id\":\"https:\/\/www.emballagedigest.fr\/du-dechet-metallique-au-zamak-recycle-reazn-mise-sur-un-modele-en-boucle-fermee\/#primaryimage\"},\"image\":{\"@id\":\"https:\/\/www.emballagedigest.fr\/du-dechet-metallique-au-zamak-recycle-reazn-mise-sur-un-modele-en-boucle-fermee\/#primaryimage\"},\"thumbnailUrl\":\"https:\/\/www.emballagedigest.fr\/wp-content\/uploads\/2026\/09\/REAZN.jpg\",\"datePublished\":\"2026-08-31T13:06:44+00:00\",\"dateModified\":\"2026-09-03T13:09:19+00:00\",\"breadcrumb\":{\"@id\":\"https:\/\/www.emballagedigest.fr\/du-dechet-metallique-au-zamak-recycle-reazn-mise-sur-un-modele-en-boucle-fermee\/#breadcrumb\"},\"inLanguage\":\"en-GB\",\"potentialAction\":[{\"@type\":\"ReadAction\",\"target\":[\"https:\/\/www.emballagedigest.fr\/du-dechet-metallique-au-zamak-recycle-reazn-mise-sur-un-modele-en-boucle-fermee\/\"]}]},{\"@type\":\"ImageObject\",\"inLanguage\":\"en-GB\",\"@id\":\"https:\/\/www.emballagedigest.fr\/du-dechet-metallique-au-zamak-recycle-reazn-mise-sur-un-modele-en-boucle-fermee\/#primaryimage\",\"url\":\"https:\/\/www.emballagedigest.fr\/wp-content\/uploads\/2026\/09\/REAZN.jpg\",\"contentUrl\":\"https:\/\/www.emballagedigest.fr\/wp-content\/uploads\/2026\/09\/REAZN.jpg\",\"width\":800,\"height\":533},{\"@type\":\"BreadcrumbList\",\"@id\":\"https:\/\/www.emballagedigest.fr\/du-dechet-metallique-au-zamak-recycle-reazn-mise-sur-un-modele-en-boucle-fermee\/#breadcrumb\",\"itemListElement\":[{\"@type\":\"ListItem\",\"position\":1,\"name\":\"Accueil\",\"item\":\"https:\/\/www.emballagedigest.fr\/\"},{\"@type\":\"ListItem\",\"position\":2,\"name\":\"Du d\u00e9chet m\u00e9tallique au zamak recycl\u00e9 : REAZN mise sur un mod\u00e8le en boucle ferm\u00e9e\"}]},{\"@type\":\"WebSite\",\"@id\":\"https:\/\/www.emballagedigest.fr\/#website\",\"url\":\"https:\/\/www.emballagedigest.fr\/\",\"name\":\"Emballage Digest\",\"description\":\"Revue professionnelle sur les emballages\",\"publisher\":{\"@id\":\"https:\/\/www.emballagedigest.fr\/#organization\"},\"potentialAction\":[{\"@type\":\"SearchAction\",\"target\":{\"@type\":\"EntryPoint\",\"urlTemplate\":\"https:\/\/www.emballagedigest.fr\/?s={search_term_string}\"},\"query-input\":{\"@type\":\"PropertyValueSpecification\",\"valueRequired\":true,\"valueName\":\"search_term_string\"}}],\"inLanguage\":\"en-GB\"},{\"@type\":\"Organization\",\"@id\":\"https:\/\/www.emballagedigest.fr\/#organization\",\"name\":\"Emballage Digest\",\"url\":\"https:\/\/www.emballagedigest.fr\/\",\"logo\":{\"@type\":\"ImageObject\",\"inLanguage\":\"en-GB\",\"@id\":\"https:\/\/www.emballagedigest.fr\/#\/schema\/logo\/image\/\",\"url\":\"https:\/\/www.emballagedigest.fr\/wp-content\/uploads\/2022\/07\/logo-ed.png\",\"contentUrl\":\"https:\/\/www.emballagedigest.fr\/wp-content\/uploads\/2022\/07\/logo-ed.png\",\"width\":379,\"height\":75,\"caption\":\"Emballage Digest\"},\"image\":{\"@id\":\"https:\/\/www.emballagedigest.fr\/#\/schema\/logo\/image\/\"}},{\"@type\":\"Person\",\"@id\":\"https:\/\/www.emballagedigest.fr\/#\/schema\/person\/76abe9f2b2ee4d3d520594c7a35da59f\",\"name\":\"Karine Duval\",\"image\":{\"@type\":\"ImageObject\",\"inLanguage\":\"en-GB\",\"@id\":\"https:\/\/www.emballagedigest.fr\/#\/schema\/person\/image\/\",\"url\":\"https:\/\/secure.gravatar.com\/avatar\/f552799261cdd2e076e6677d780ef07bdb13aa4c196ab75b39abcbcdcae2d4e5?s=96&d=mm&r=g\",\"contentUrl\":\"https:\/\/secure.gravatar.com\/avatar\/f552799261cdd2e076e6677d780ef07bdb13aa4c196ab75b39abcbcdcae2d4e5?s=96&d=mm&r=g\",\"caption\":\"Karine Duval\"},\"url\":\"https:\/\/www.emballagedigest.fr\/en\/author\/admin_karduv\/\"}]}<\/script>\n<!-- \/ Yoast SEO plugin. -->","yoast_head_json":{"title":"Du d\u00e9chet m\u00e9tallique au zamak recycl\u00e9 : REAZN mise sur un mod\u00e8le en boucle ferm\u00e9e - Emballage Digest","robots":{"index":"index","follow":"follow","max-snippet":"max-snippet:-1","max-image-preview":"max-image-preview:large","max-video-preview":"max-video-preview:-1"},"canonical":"https:\/\/www.emballagedigest.fr\/en\/du-dechet-metallique-au-zamak-recycle-reazn-mise-sur-un-modele-en-boucle-fermee\/","og_locale":"en_GB","og_type":"article","og_title":"Du d\u00e9chet m\u00e9tallique au zamak recycl\u00e9 : REAZN mise sur un mod\u00e8le en boucle ferm\u00e9e - Emballage Digest","og_description":"Le groupe luxembourgeois REAZN, sp\u00e9cialiste des alliages de zinc, est devenu l\u2019un des leaders de la valorisation des d\u00e9chets m\u00e9talliques europ\u00e9ens. Gr\u00e2ce \u00e0 un investissement de longue haleine tant sur le plan industriel que technique, le recycleur propose du zamak contenant 93% de mati\u00e8re recycl\u00e9e, tout droit sorti des fours de son site belge. Une [&hellip;]","og_url":"https:\/\/www.emballagedigest.fr\/en\/du-dechet-metallique-au-zamak-recycle-reazn-mise-sur-un-modele-en-boucle-fermee\/","og_site_name":"Emballage Digest","article_published_time":"2026-08-31T13:06:44+00:00","article_modified_time":"2026-09-03T13:09:19+00:00","og_image":[{"width":800,"height":533,"url":"https:\/\/www.emballagedigest.fr\/wp-content\/uploads\/2026\/09\/REAZN.jpg","type":"image\/jpeg"}],"author":"Karine Duval","twitter_card":"summary_large_image","twitter_misc":{"Written by":"Karine Duval","Estimated reading time":"8 minutes"},"schema":{"@context":"https:\/\/schema.org","@graph":[{"@type":"Article","@id":"https:\/\/www.emballagedigest.fr\/du-dechet-metallique-au-zamak-recycle-reazn-mise-sur-un-modele-en-boucle-fermee\/#article","isPartOf":{"@id":"https:\/\/www.emballagedigest.fr\/du-dechet-metallique-au-zamak-recycle-reazn-mise-sur-un-modele-en-boucle-fermee\/"},"author":{"name":"Karine Duval","@id":"https:\/\/www.emballagedigest.fr\/#\/schema\/person\/76abe9f2b2ee4d3d520594c7a35da59f"},"headline":"Du d\u00e9chet m\u00e9tallique au zamak recycl\u00e9 : REAZN mise sur un mod\u00e8le en boucle ferm\u00e9e","datePublished":"2026-08-31T13:06:44+00:00","dateModified":"2026-09-03T13:09:19+00:00","mainEntityOfPage":{"@id":"https:\/\/www.emballagedigest.fr\/du-dechet-metallique-au-zamak-recycle-reazn-mise-sur-un-modele-en-boucle-fermee\/"},"wordCount":1544,"publisher":{"@id":"https:\/\/www.emballagedigest.fr\/#organization"},"image":{"@id":"https:\/\/www.emballagedigest.fr\/du-dechet-metallique-au-zamak-recycle-reazn-mise-sur-un-modele-en-boucle-fermee\/#primaryimage"},"thumbnailUrl":"https:\/\/www.emballagedigest.fr\/wp-content\/uploads\/2026\/09\/REAZN.jpg","articleSection":["Barre lat\u00e9rale","Mat\u00e9riaux","Packaging","Vu dans le mag"],"inLanguage":"en-GB"},{"@type":"WebPage","@id":"https:\/\/www.emballagedigest.fr\/du-dechet-metallique-au-zamak-recycle-reazn-mise-sur-un-modele-en-boucle-fermee\/","url":"https:\/\/www.emballagedigest.fr\/du-dechet-metallique-au-zamak-recycle-reazn-mise-sur-un-modele-en-boucle-fermee\/","name":"Du d\u00e9chet m\u00e9tallique au zamak recycl\u00e9 : REAZN mise sur un mod\u00e8le en boucle ferm\u00e9e - Emballage Digest","isPartOf":{"@id":"https:\/\/www.emballagedigest.fr\/#website"},"primaryImageOfPage":{"@id":"https:\/\/www.emballagedigest.fr\/du-dechet-metallique-au-zamak-recycle-reazn-mise-sur-un-modele-en-boucle-fermee\/#primaryimage"},"image":{"@id":"https:\/\/www.emballagedigest.fr\/du-dechet-metallique-au-zamak-recycle-reazn-mise-sur-un-modele-en-boucle-fermee\/#primaryimage"},"thumbnailUrl":"https:\/\/www.emballagedigest.fr\/wp-content\/uploads\/2026\/09\/REAZN.jpg","datePublished":"2026-08-31T13:06:44+00:00","dateModified":"2026-09-03T13:09:19+00:00","breadcrumb":{"@id":"https:\/\/www.emballagedigest.fr\/du-dechet-metallique-au-zamak-recycle-reazn-mise-sur-un-modele-en-boucle-fermee\/#breadcrumb"},"inLanguage":"en-GB","potentialAction":[{"@type":"ReadAction","target":["https:\/\/www.emballagedigest.fr\/du-dechet-metallique-au-zamak-recycle-reazn-mise-sur-un-modele-en-boucle-fermee\/"]}]},{"@type":"ImageObject","inLanguage":"en-GB","@id":"https:\/\/www.emballagedigest.fr\/du-dechet-metallique-au-zamak-recycle-reazn-mise-sur-un-modele-en-boucle-fermee\/#primaryimage","url":"https:\/\/www.emballagedigest.fr\/wp-content\/uploads\/2026\/09\/REAZN.jpg","contentUrl":"https:\/\/www.emballagedigest.fr\/wp-content\/uploads\/2026\/09\/REAZN.jpg","width":800,"height":533},{"@type":"BreadcrumbList","@id":"https:\/\/www.emballagedigest.fr\/du-dechet-metallique-au-zamak-recycle-reazn-mise-sur-un-modele-en-boucle-fermee\/#breadcrumb","itemListElement":[{"@type":"ListItem","position":1,"name":"Accueil","item":"https:\/\/www.emballagedigest.fr\/"},{"@type":"ListItem","position":2,"name":"Du d\u00e9chet m\u00e9tallique au zamak recycl\u00e9 : REAZN mise sur un mod\u00e8le en boucle ferm\u00e9e"}]},{"@type":"WebSite","@id":"https:\/\/www.emballagedigest.fr\/#website","url":"https:\/\/www.emballagedigest.fr\/","name":"Emballage Digest","description":"Revue professionnelle sur les emballages","publisher":{"@id":"https:\/\/www.emballagedigest.fr\/#organization"},"potentialAction":[{"@type":"SearchAction","target":{"@type":"EntryPoint","urlTemplate":"https:\/\/www.emballagedigest.fr\/?s={search_term_string}"},"query-input":{"@type":"PropertyValueSpecification","valueRequired":true,"valueName":"search_term_string"}}],"inLanguage":"en-GB"},{"@type":"Organization","@id":"https:\/\/www.emballagedigest.fr\/#organization","name":"Emballage Digest","url":"https:\/\/www.emballagedigest.fr\/","logo":{"@type":"ImageObject","inLanguage":"en-GB","@id":"https:\/\/www.emballagedigest.fr\/#\/schema\/logo\/image\/","url":"https:\/\/www.emballagedigest.fr\/wp-content\/uploads\/2022\/07\/logo-ed.png","contentUrl":"https:\/\/www.emballagedigest.fr\/wp-content\/uploads\/2022\/07\/logo-ed.png","width":379,"height":75,"caption":"Emballage Digest"},"image":{"@id":"https:\/\/www.emballagedigest.fr\/#\/schema\/logo\/image\/"}},{"@type":"Person","@id":"https:\/\/www.emballagedigest.fr\/#\/schema\/person\/76abe9f2b2ee4d3d520594c7a35da59f","name":"Karine Duval","image":{"@type":"ImageObject","inLanguage":"en-GB","@id":"https:\/\/www.emballagedigest.fr\/#\/schema\/person\/image\/","url":"https:\/\/secure.gravatar.com\/avatar\/f552799261cdd2e076e6677d780ef07bdb13aa4c196ab75b39abcbcdcae2d4e5?s=96&d=mm&r=g","contentUrl":"https:\/\/secure.gravatar.com\/avatar\/f552799261cdd2e076e6677d780ef07bdb13aa4c196ab75b39abcbcdcae2d4e5?s=96&d=mm&r=g","caption":"Karine Duval"},"url":"https:\/\/www.emballagedigest.fr\/en\/author\/admin_karduv\/"}]}},"_links":{"self":[{"href":"https:\/\/www.emballagedigest.fr\/en\/wp-json\/wp\/v2\/posts\/48855","targetHints":{"allow":["GET"]}}],"collection":[{"href":"https:\/\/www.emballagedigest.fr\/en\/wp-json\/wp\/v2\/posts"}],"about":[{"href":"https:\/\/www.emballagedigest.fr\/en\/wp-json\/wp\/v2\/types\/post"}],"author":[{"embeddable":true,"href":"https:\/\/www.emballagedigest.fr\/en\/wp-json\/wp\/v2\/users\/2"}],"replies":[{"embeddable":true,"href":"https:\/\/www.emballagedigest.fr\/en\/wp-json\/wp\/v2\/comments?post=48855"}],"version-history":[{"count":1,"href":"https:\/\/www.emballagedigest.fr\/en\/wp-json\/wp\/v2\/posts\/48855\/revisions"}],"predecessor-version":[{"id":48857,"href":"https:\/\/www.emballagedigest.fr\/en\/wp-json\/wp\/v2\/posts\/48855\/revisions\/48857"}],"wp:featuredmedia":[{"embeddable":true,"href":"https:\/\/www.emballagedigest.fr\/en\/wp-json\/wp\/v2\/media\/48856"}],"wp:attachment":[{"href":"https:\/\/www.emballagedigest.fr\/en\/wp-json\/wp\/v2\/media?parent=48855"}],"wp:term":[{"taxonomy":"category","embeddable":true,"href":"https:\/\/www.emballagedigest.fr\/en\/wp-json\/wp\/v2\/categories?post=48855"},{"taxonomy":"post_tag","embeddable":true,"href":"https:\/\/www.emballagedigest.fr\/en\/wp-json\/wp\/v2\/tags?post=48855"}],"curies":[{"name":"wp","href":"https:\/\/api.w.org\/{rel}","templated":true}]}}