{"id":48868,"date":"2026-08-31T15:16:45","date_gmt":"2026-08-31T13:16:45","guid":{"rendered":"https:\/\/www.emballagedigest.fr\/?p=48868"},"modified":"2026-09-03T15:18:08","modified_gmt":"2026-09-03T13:18:08","slug":"omron-lance-le-service-i-belt","status":"publish","type":"post","link":"https:\/\/www.emballagedigest.fr\/en\/omron-lance-le-service-i-belt\/","title":{"rendered":"Omron lance le service i-Belt"},"content":{"rendered":"<p class=\"wp-block-paragraph\"><strong>A travers sa division Advanced Solutions et en partenariat avec Cognizant et un large \u00e9cosyst\u00e8me de partenaires technologiques, Omron annonce la nouvelle \u00e9volution d\u2019i-BELT, son service de transformation lean digitale de bout en bout destin\u00e9 aux industriels en France. <\/strong><\/p>\n\n\n\n<p class=\"wp-block-paragraph\">D\u00e9velopp\u00e9 en r\u00e9ponse directe aux retours de ses clients, i-BELT r\u00e9pond \u00e0 l\u2019un des probl\u00e8mes les plus complexes de la fabrication moderne : l\u2019impossibilit\u00e9 de trouver un partenaire unique capable de r\u00e9unir expertise process, technologies op\u00e9rationnelles (OT) et syst\u00e8mes d\u2019information (IT). i-BELT repose sur deux piliers indissociables : la Transformation Lean Digitale, qui vise des am\u00e9liorations mesurables de la productivit\u00e9, de la qualit\u00e9, de la consommation d\u2019\u00e9nergie et des d\u00e9lais de production gr\u00e2ce aux principes lean et \u00e0 la digitalisation cibl\u00e9e ; et la Convergence IT-OT, qui construit l\u2019infrastructure de donn\u00e9es en temps r\u00e9el, \u00e9volutive, pour p\u00e9renniser ces gains \u00e0 l\u2019\u00e9chelle de l\u2019entreprise.<\/p>\n\n\n\n<p class=\"wp-block-paragraph\">i-BELT est une prestation cl\u00e9 en main. La d\u00e9marche commence par un diagnostic approfondi de l\u2019atelier : entretiens avec les \u00e9quipes, analyse des KPI et cartographie des flux de processus. Pour la plupart des industriels, rassembler les bons profils \u2014 consultants en fabrication, architectes et ing\u00e9nieurs solutions IT-OT, data scientists et chefs de projet \u2014 n\u2019est pas envisageable. L\u2019\u00e9quipe pluridisciplinaire d\u2019Omron comble ce manque en apportant des expertises de plus en plus rares et en jouant le r\u00f4le d\u2019extension de l\u2019\u00e9quipe ing\u00e9nierie du client. Objectif\u00a0: une prise en charge de l\u2019int\u00e9gralit\u00e9 du cycle de transformation, en accompagnant ses clients \u00e0 travers la mise en \u0153uvre, les ajustements et l\u2019am\u00e9lioration continue.<br>Les r\u00e9sultats d\u00e9montr\u00e9s incluent des am\u00e9liorations du TRG comprises entre 5 et plus de 30%, ainsi que des r\u00e9ductions des temps de cycle, des taux de rebut et de la consommation d\u2019\u00e9nergie.<\/p>","protected":false},"excerpt":{"rendered":"<p>A travers sa division Advanced Solutions et en partenariat avec Cognizant et un large \u00e9cosyst\u00e8me de partenaires technologiques, Omron annonce la nouvelle \u00e9volution d\u2019i-BELT, son service de transformation lean digitale de bout en bout destin\u00e9 aux industriels en France. D\u00e9velopp\u00e9 en r\u00e9ponse directe aux retours de ses clients, i-BELT r\u00e9pond \u00e0 l\u2019un des probl\u00e8mes les [&hellip;]<\/p>","protected":false},"author":2,"featured_media":48869,"comment_status":"closed","ping_status":"closed","sticky":false,"template":"","format":"standard","meta":{"_acf_changed":false,"inline_featured_image":false,"iawp_total_views":0,"footnotes":""},"categories":[28,26,9,65],"tags":[],"class_list":["post-48868","post","type-post","status-publish","format-standard","has-post-thumbnail","hentry","category-article-entier","category-laterale","category-materiel","category-vu-dans-le-mag"],"acf":[],"yoast_head":"<!-- This site is optimized with the Yoast SEO plugin v24.4 - https:\/\/yoast.com\/wordpress\/plugins\/seo\/ -->\n<title>Omron lance le service i-Belt - Emballage Digest<\/title>\n<meta name=\"robots\" content=\"index, follow, max-snippet:-1, max-image-preview:large, max-video-preview:-1\" \/>\n<link rel=\"canonical\" href=\"https:\/\/www.emballagedigest.fr\/en\/omron-lance-le-service-i-belt\/\" \/>\n<meta property=\"og:locale\" content=\"en_GB\" \/>\n<meta property=\"og:type\" content=\"article\" \/>\n<meta property=\"og:title\" content=\"Omron lance le service i-Belt - Emballage Digest\" \/>\n<meta property=\"og:description\" content=\"A travers sa division Advanced Solutions et en partenariat avec Cognizant et un large \u00e9cosyst\u00e8me de partenaires technologiques, Omron annonce la nouvelle \u00e9volution d\u2019i-BELT, son service de transformation lean digitale de bout en bout destin\u00e9 aux industriels en France. D\u00e9velopp\u00e9 en r\u00e9ponse directe aux retours de ses clients, i-BELT r\u00e9pond \u00e0 l\u2019un des probl\u00e8mes les [&hellip;]\" \/>\n<meta property=\"og:url\" content=\"https:\/\/www.emballagedigest.fr\/en\/omron-lance-le-service-i-belt\/\" \/>\n<meta property=\"og:site_name\" content=\"Emballage Digest\" \/>\n<meta property=\"article:published_time\" content=\"2026-08-31T13:16:45+00:00\" \/>\n<meta property=\"article:modified_time\" content=\"2026-09-03T13:18:08+00:00\" \/>\n<meta property=\"og:image\" content=\"https:\/\/www.emballagedigest.fr\/wp-content\/uploads\/2026\/09\/OMRON-i-BELT-engineer-OEE.jpg\" \/>\n\t<meta property=\"og:image:width\" content=\"800\" \/>\n\t<meta property=\"og:image:height\" content=\"533\" \/>\n\t<meta property=\"og:image:type\" content=\"image\/jpeg\" \/>\n<meta name=\"author\" content=\"Karine Duval\" \/>\n<meta name=\"twitter:card\" content=\"summary_large_image\" \/>\n<meta name=\"twitter:label1\" content=\"Written by\" \/>\n\t<meta name=\"twitter:data1\" content=\"Karine Duval\" \/>\n\t<meta name=\"twitter:label2\" content=\"Estimated reading time\" \/>\n\t<meta name=\"twitter:data2\" content=\"2 minutes\" \/>\n<script type=\"application\/ld+json\" class=\"yoast-schema-graph\">{\"@context\":\"https:\/\/schema.org\",\"@graph\":[{\"@type\":\"Article\",\"@id\":\"https:\/\/www.emballagedigest.fr\/omron-lance-le-service-i-belt\/#article\",\"isPartOf\":{\"@id\":\"https:\/\/www.emballagedigest.fr\/omron-lance-le-service-i-belt\/\"},\"author\":{\"name\":\"Karine Duval\",\"@id\":\"https:\/\/www.emballagedigest.fr\/#\/schema\/person\/76abe9f2b2ee4d3d520594c7a35da59f\"},\"headline\":\"Omron lance le service i-Belt\",\"datePublished\":\"2026-08-31T13:16:45+00:00\",\"dateModified\":\"2026-09-03T13:18:08+00:00\",\"mainEntityOfPage\":{\"@id\":\"https:\/\/www.emballagedigest.fr\/omron-lance-le-service-i-belt\/\"},\"wordCount\":320,\"publisher\":{\"@id\":\"https:\/\/www.emballagedigest.fr\/#organization\"},\"image\":{\"@id\":\"https:\/\/www.emballagedigest.fr\/omron-lance-le-service-i-belt\/#primaryimage\"},\"thumbnailUrl\":\"https:\/\/www.emballagedigest.fr\/wp-content\/uploads\/2026\/09\/OMRON-i-BELT-engineer-OEE.jpg\",\"articleSection\":[\"Article entier\",\"Barre lat\u00e9rale\",\"Mat\u00e9riel\",\"Vu dans le mag\"],\"inLanguage\":\"en-GB\"},{\"@type\":\"WebPage\",\"@id\":\"https:\/\/www.emballagedigest.fr\/omron-lance-le-service-i-belt\/\",\"url\":\"https:\/\/www.emballagedigest.fr\/omron-lance-le-service-i-belt\/\",\"name\":\"Omron lance le service i-Belt - Emballage Digest\",\"isPartOf\":{\"@id\":\"https:\/\/www.emballagedigest.fr\/#website\"},\"primaryImageOfPage\":{\"@id\":\"https:\/\/www.emballagedigest.fr\/omron-lance-le-service-i-belt\/#primaryimage\"},\"image\":{\"@id\":\"https:\/\/www.emballagedigest.fr\/omron-lance-le-service-i-belt\/#primaryimage\"},\"thumbnailUrl\":\"https:\/\/www.emballagedigest.fr\/wp-content\/uploads\/2026\/09\/OMRON-i-BELT-engineer-OEE.jpg\",\"datePublished\":\"2026-08-31T13:16:45+00:00\",\"dateModified\":\"2026-09-03T13:18:08+00:00\",\"breadcrumb\":{\"@id\":\"https:\/\/www.emballagedigest.fr\/omron-lance-le-service-i-belt\/#breadcrumb\"},\"inLanguage\":\"en-GB\",\"potentialAction\":[{\"@type\":\"ReadAction\",\"target\":[\"https:\/\/www.emballagedigest.fr\/omron-lance-le-service-i-belt\/\"]}]},{\"@type\":\"ImageObject\",\"inLanguage\":\"en-GB\",\"@id\":\"https:\/\/www.emballagedigest.fr\/omron-lance-le-service-i-belt\/#primaryimage\",\"url\":\"https:\/\/www.emballagedigest.fr\/wp-content\/uploads\/2026\/09\/OMRON-i-BELT-engineer-OEE.jpg\",\"contentUrl\":\"https:\/\/www.emballagedigest.fr\/wp-content\/uploads\/2026\/09\/OMRON-i-BELT-engineer-OEE.jpg\",\"width\":800,\"height\":533},{\"@type\":\"BreadcrumbList\",\"@id\":\"https:\/\/www.emballagedigest.fr\/omron-lance-le-service-i-belt\/#breadcrumb\",\"itemListElement\":[{\"@type\":\"ListItem\",\"position\":1,\"name\":\"Accueil\",\"item\":\"https:\/\/www.emballagedigest.fr\/\"},{\"@type\":\"ListItem\",\"position\":2,\"name\":\"Omron lance le service i-Belt\"}]},{\"@type\":\"WebSite\",\"@id\":\"https:\/\/www.emballagedigest.fr\/#website\",\"url\":\"https:\/\/www.emballagedigest.fr\/\",\"name\":\"Emballage Digest\",\"description\":\"Revue professionnelle sur les emballages\",\"publisher\":{\"@id\":\"https:\/\/www.emballagedigest.fr\/#organization\"},\"potentialAction\":[{\"@type\":\"SearchAction\",\"target\":{\"@type\":\"EntryPoint\",\"urlTemplate\":\"https:\/\/www.emballagedigest.fr\/?s={search_term_string}\"},\"query-input\":{\"@type\":\"PropertyValueSpecification\",\"valueRequired\":true,\"valueName\":\"search_term_string\"}}],\"inLanguage\":\"en-GB\"},{\"@type\":\"Organization\",\"@id\":\"https:\/\/www.emballagedigest.fr\/#organization\",\"name\":\"Emballage Digest\",\"url\":\"https:\/\/www.emballagedigest.fr\/\",\"logo\":{\"@type\":\"ImageObject\",\"inLanguage\":\"en-GB\",\"@id\":\"https:\/\/www.emballagedigest.fr\/#\/schema\/logo\/image\/\",\"url\":\"https:\/\/www.emballagedigest.fr\/wp-content\/uploads\/2022\/07\/logo-ed.png\",\"contentUrl\":\"https:\/\/www.emballagedigest.fr\/wp-content\/uploads\/2022\/07\/logo-ed.png\",\"width\":379,\"height\":75,\"caption\":\"Emballage Digest\"},\"image\":{\"@id\":\"https:\/\/www.emballagedigest.fr\/#\/schema\/logo\/image\/\"}},{\"@type\":\"Person\",\"@id\":\"https:\/\/www.emballagedigest.fr\/#\/schema\/person\/76abe9f2b2ee4d3d520594c7a35da59f\",\"name\":\"Karine Duval\",\"image\":{\"@type\":\"ImageObject\",\"inLanguage\":\"en-GB\",\"@id\":\"https:\/\/www.emballagedigest.fr\/#\/schema\/person\/image\/\",\"url\":\"https:\/\/secure.gravatar.com\/avatar\/f552799261cdd2e076e6677d780ef07bdb13aa4c196ab75b39abcbcdcae2d4e5?s=96&d=mm&r=g\",\"contentUrl\":\"https:\/\/secure.gravatar.com\/avatar\/f552799261cdd2e076e6677d780ef07bdb13aa4c196ab75b39abcbcdcae2d4e5?s=96&d=mm&r=g\",\"caption\":\"Karine Duval\"},\"url\":\"https:\/\/www.emballagedigest.fr\/en\/author\/admin_karduv\/\"}]}<\/script>\n<!-- \/ Yoast SEO plugin. -->","yoast_head_json":{"title":"Omron lance le service i-Belt - Emballage Digest","robots":{"index":"index","follow":"follow","max-snippet":"max-snippet:-1","max-image-preview":"max-image-preview:large","max-video-preview":"max-video-preview:-1"},"canonical":"https:\/\/www.emballagedigest.fr\/en\/omron-lance-le-service-i-belt\/","og_locale":"en_GB","og_type":"article","og_title":"Omron lance le service i-Belt - Emballage Digest","og_description":"A travers sa division Advanced Solutions et en partenariat avec Cognizant et un large \u00e9cosyst\u00e8me de partenaires technologiques, Omron annonce la nouvelle \u00e9volution d\u2019i-BELT, son service de transformation lean digitale de bout en bout destin\u00e9 aux industriels en France. D\u00e9velopp\u00e9 en r\u00e9ponse directe aux retours de ses clients, i-BELT r\u00e9pond \u00e0 l\u2019un des probl\u00e8mes les [&hellip;]","og_url":"https:\/\/www.emballagedigest.fr\/en\/omron-lance-le-service-i-belt\/","og_site_name":"Emballage Digest","article_published_time":"2026-08-31T13:16:45+00:00","article_modified_time":"2026-09-03T13:18:08+00:00","og_image":[{"width":800,"height":533,"url":"https:\/\/www.emballagedigest.fr\/wp-content\/uploads\/2026\/09\/OMRON-i-BELT-engineer-OEE.jpg","type":"image\/jpeg"}],"author":"Karine Duval","twitter_card":"summary_large_image","twitter_misc":{"Written by":"Karine Duval","Estimated reading time":"2 minutes"},"schema":{"@context":"https:\/\/schema.org","@graph":[{"@type":"Article","@id":"https:\/\/www.emballagedigest.fr\/omron-lance-le-service-i-belt\/#article","isPartOf":{"@id":"https:\/\/www.emballagedigest.fr\/omron-lance-le-service-i-belt\/"},"author":{"name":"Karine Duval","@id":"https:\/\/www.emballagedigest.fr\/#\/schema\/person\/76abe9f2b2ee4d3d520594c7a35da59f"},"headline":"Omron lance le service i-Belt","datePublished":"2026-08-31T13:16:45+00:00","dateModified":"2026-09-03T13:18:08+00:00","mainEntityOfPage":{"@id":"https:\/\/www.emballagedigest.fr\/omron-lance-le-service-i-belt\/"},"wordCount":320,"publisher":{"@id":"https:\/\/www.emballagedigest.fr\/#organization"},"image":{"@id":"https:\/\/www.emballagedigest.fr\/omron-lance-le-service-i-belt\/#primaryimage"},"thumbnailUrl":"https:\/\/www.emballagedigest.fr\/wp-content\/uploads\/2026\/09\/OMRON-i-BELT-engineer-OEE.jpg","articleSection":["Article entier","Barre lat\u00e9rale","Mat\u00e9riel","Vu dans le mag"],"inLanguage":"en-GB"},{"@type":"WebPage","@id":"https:\/\/www.emballagedigest.fr\/omron-lance-le-service-i-belt\/","url":"https:\/\/www.emballagedigest.fr\/omron-lance-le-service-i-belt\/","name":"Omron lance le service i-Belt - Emballage Digest","isPartOf":{"@id":"https:\/\/www.emballagedigest.fr\/#website"},"primaryImageOfPage":{"@id":"https:\/\/www.emballagedigest.fr\/omron-lance-le-service-i-belt\/#primaryimage"},"image":{"@id":"https:\/\/www.emballagedigest.fr\/omron-lance-le-service-i-belt\/#primaryimage"},"thumbnailUrl":"https:\/\/www.emballagedigest.fr\/wp-content\/uploads\/2026\/09\/OMRON-i-BELT-engineer-OEE.jpg","datePublished":"2026-08-31T13:16:45+00:00","dateModified":"2026-09-03T13:18:08+00:00","breadcrumb":{"@id":"https:\/\/www.emballagedigest.fr\/omron-lance-le-service-i-belt\/#breadcrumb"},"inLanguage":"en-GB","potentialAction":[{"@type":"ReadAction","target":["https:\/\/www.emballagedigest.fr\/omron-lance-le-service-i-belt\/"]}]},{"@type":"ImageObject","inLanguage":"en-GB","@id":"https:\/\/www.emballagedigest.fr\/omron-lance-le-service-i-belt\/#primaryimage","url":"https:\/\/www.emballagedigest.fr\/wp-content\/uploads\/2026\/09\/OMRON-i-BELT-engineer-OEE.jpg","contentUrl":"https:\/\/www.emballagedigest.fr\/wp-content\/uploads\/2026\/09\/OMRON-i-BELT-engineer-OEE.jpg","width":800,"height":533},{"@type":"BreadcrumbList","@id":"https:\/\/www.emballagedigest.fr\/omron-lance-le-service-i-belt\/#breadcrumb","itemListElement":[{"@type":"ListItem","position":1,"name":"Accueil","item":"https:\/\/www.emballagedigest.fr\/"},{"@type":"ListItem","position":2,"name":"Omron lance le service i-Belt"}]},{"@type":"WebSite","@id":"https:\/\/www.emballagedigest.fr\/#website","url":"https:\/\/www.emballagedigest.fr\/","name":"Emballage Digest","description":"Revue professionnelle sur les emballages","publisher":{"@id":"https:\/\/www.emballagedigest.fr\/#organization"},"potentialAction":[{"@type":"SearchAction","target":{"@type":"EntryPoint","urlTemplate":"https:\/\/www.emballagedigest.fr\/?s={search_term_string}"},"query-input":{"@type":"PropertyValueSpecification","valueRequired":true,"valueName":"search_term_string"}}],"inLanguage":"en-GB"},{"@type":"Organization","@id":"https:\/\/www.emballagedigest.fr\/#organization","name":"Emballage Digest","url":"https:\/\/www.emballagedigest.fr\/","logo":{"@type":"ImageObject","inLanguage":"en-GB","@id":"https:\/\/www.emballagedigest.fr\/#\/schema\/logo\/image\/","url":"https:\/\/www.emballagedigest.fr\/wp-content\/uploads\/2022\/07\/logo-ed.png","contentUrl":"https:\/\/www.emballagedigest.fr\/wp-content\/uploads\/2022\/07\/logo-ed.png","width":379,"height":75,"caption":"Emballage Digest"},"image":{"@id":"https:\/\/www.emballagedigest.fr\/#\/schema\/logo\/image\/"}},{"@type":"Person","@id":"https:\/\/www.emballagedigest.fr\/#\/schema\/person\/76abe9f2b2ee4d3d520594c7a35da59f","name":"Karine Duval","image":{"@type":"ImageObject","inLanguage":"en-GB","@id":"https:\/\/www.emballagedigest.fr\/#\/schema\/person\/image\/","url":"https:\/\/secure.gravatar.com\/avatar\/f552799261cdd2e076e6677d780ef07bdb13aa4c196ab75b39abcbcdcae2d4e5?s=96&d=mm&r=g","contentUrl":"https:\/\/secure.gravatar.com\/avatar\/f552799261cdd2e076e6677d780ef07bdb13aa4c196ab75b39abcbcdcae2d4e5?s=96&d=mm&r=g","caption":"Karine Duval"},"url":"https:\/\/www.emballagedigest.fr\/en\/author\/admin_karduv\/"}]}},"_links":{"self":[{"href":"https:\/\/www.emballagedigest.fr\/en\/wp-json\/wp\/v2\/posts\/48868","targetHints":{"allow":["GET"]}}],"collection":[{"href":"https:\/\/www.emballagedigest.fr\/en\/wp-json\/wp\/v2\/posts"}],"about":[{"href":"https:\/\/www.emballagedigest.fr\/en\/wp-json\/wp\/v2\/types\/post"}],"author":[{"embeddable":true,"href":"https:\/\/www.emballagedigest.fr\/en\/wp-json\/wp\/v2\/users\/2"}],"replies":[{"embeddable":true,"href":"https:\/\/www.emballagedigest.fr\/en\/wp-json\/wp\/v2\/comments?post=48868"}],"version-history":[{"count":1,"href":"https:\/\/www.emballagedigest.fr\/en\/wp-json\/wp\/v2\/posts\/48868\/revisions"}],"predecessor-version":[{"id":48870,"href":"https:\/\/www.emballagedigest.fr\/en\/wp-json\/wp\/v2\/posts\/48868\/revisions\/48870"}],"wp:featuredmedia":[{"embeddable":true,"href":"https:\/\/www.emballagedigest.fr\/en\/wp-json\/wp\/v2\/media\/48869"}],"wp:attachment":[{"href":"https:\/\/www.emballagedigest.fr\/en\/wp-json\/wp\/v2\/media?parent=48868"}],"wp:term":[{"taxonomy":"category","embeddable":true,"href":"https:\/\/www.emballagedigest.fr\/en\/wp-json\/wp\/v2\/categories?post=48868"},{"taxonomy":"post_tag","embeddable":true,"href":"https:\/\/www.emballagedigest.fr\/en\/wp-json\/wp\/v2\/tags?post=48868"}],"curies":[{"name":"wp","href":"https:\/\/api.w.org\/{rel}","templated":true}]}}