{"id":48874,"date":"2026-08-31T15:21:39","date_gmt":"2026-08-31T13:21:39","guid":{"rendered":"https:\/\/www.emballagedigest.fr\/?p=48874"},"modified":"2026-09-03T15:23:13","modified_gmt":"2026-09-03T13:23:13","slug":"la-fnb-dresse-le-bilan-de-son-pole-emballage-en-2025","status":"publish","type":"post","link":"https:\/\/www.emballagedigest.fr\/en\/la-fnb-dresse-le-bilan-de-son-pole-emballage-en-2025\/","title":{"rendered":"La FNB dresse le bilan de son p\u00f4le emballage en 2025"},"content":{"rendered":"<p class=\"wp-block-paragraph\"><strong>Dans son dernier rapport 2025, la F\u00e9d\u00e9ration Nationale du Bois (FNB) a publi\u00e9 le bilan de ses activit\u00e9s. Concernant son p\u00f4le Emballage, l\u2019organisme a renforc\u00e9 sa repr\u00e9sentativit\u00e9 en accueillant les fabricants de caisses \u00e0 vin (Alliance France Caisse Bois), repr\u00e9sentant 300 salari\u00e9s et 10 millions de caisses\/an.\u00a0<\/strong><\/p>\n\n\n\n<p class=\"wp-block-paragraph\">En parall\u00e8le, les actions transversales se sont renforc\u00e9es entre les secteurs de la palette et de l\u2019emballage l\u00e9ger\u00a0: en 2024, le SIEL est devenu la commission Emballages L\u00e9gers de la FNB. 2025 aura permis d\u2019identifier les axes de travail en commun avec la commission palette et de travailler conjointement \u00e0 la d\u00e9fense du mat\u00e9riau bois dans l\u2019emballage aupr\u00e8s des prescripteurs, des clients et des pouvoirs publics.<br>Sur le plan r\u00e9glementaire, la FNB a jou\u00e9 un r\u00f4le actif pour faire reconnaitre les atouts environnementaux intrins\u00e8ques au mat\u00e9riau bois face au nouveau r\u00e8glement europ\u00e9en sur les emballages (PPWR). R\u00e9sultats\u00a0: un objectif de recyclage du bois plus bas que pour les autres mat\u00e9riaux (25% contre 50% pour le plastique, 75% pour le carton)\u00a0; des exemptions de r\u00e9emploi pour les caisses et les emballages de machines de grande taille ou pour les emballages en bois sp\u00e9cifique et de recyclage des emballages l\u00e9gers en bois\u00a0; et enfin un \u00e9largissement de la d\u00e9finition du recyclage \u00e0 la fabrication de mati\u00e8re recycl\u00e9e pour d\u2019autres usages que l\u2019emballage (par exemple panneau de particule). Concernant la REP Emballages Professionnels, la FNB a obtenu la reconnaissance de la valeur environnementale des emballages bois, une baisse des co\u00fbts de tra\u00e7abilit\u00e9 (de 5 \u00e0 2 \u20ac\/t) et la prise en compte des performances de r\u00e9emploi.<\/p>\n\n\n\n<p class=\"wp-block-paragraph\">Sur le plan technique, des travaux collectifs ont \u00e9t\u00e9 men\u00e9s pour am\u00e9liorer le r\u00e9emploi des palettes \u00e0 dosserets \u2013 men\u00e9s par le FCBA, ils ont abouti \u00e0 une note de bonnes pratiques publi\u00e9e en juin 2025. D\u2019autres \u00e9tudes pour automatiser le contr\u00f4le visuel des palettes ont \u00e9t\u00e9 r\u00e9alis\u00e9s par le CRITTBOIS sur un \u00e9chantillon de palettes pr\u00e9sentant les d\u00e9fauts afin de tester le protocole de d\u00e9tection par cam\u00e9ra.<br>Par ailleurs, l\u2019\u00e9tude Recopalblock a \u00e9t\u00e9 compl\u00e9t\u00e9e par des travaux visant la recherche de corr\u00e9lations entre propri\u00e9t\u00e9s intrins\u00e8ques du d\u00e9 de palette en particules de bois agglom\u00e9r\u00e9es. Enfin, une fiche p\u00e9dagogique sur les bleus et moisissures a \u00e9t\u00e9 actualis\u00e9e pour am\u00e9liorer la p\u00e9dagogie aupr\u00e8s des clients, rassurer sur les caract\u00e9ristiques m\u00e9caniques des bois atteints par les d\u00e9sordres esth\u00e9tiques et rappeler les b\u00e9n\u00e9fices du s\u00e9chage artificiel pour limiter leur d\u00e9veloppement.<\/p>","protected":false},"excerpt":{"rendered":"<p>Dans son dernier rapport 2025, la F\u00e9d\u00e9ration Nationale du Bois (FNB) a publi\u00e9 le bilan de ses activit\u00e9s. Concernant son p\u00f4le Emballage, l\u2019organisme a renforc\u00e9 sa repr\u00e9sentativit\u00e9 en accueillant les fabricants de caisses \u00e0 vin (Alliance France Caisse Bois), repr\u00e9sentant 300 salari\u00e9s et 10 millions de caisses\/an.\u00a0 En parall\u00e8le, les actions transversales se sont renforc\u00e9es [&hellip;]<\/p>","protected":false},"author":2,"featured_media":48875,"comment_status":"closed","ping_status":"closed","sticky":false,"template":"","format":"standard","meta":{"_acf_changed":false,"inline_featured_image":false,"iawp_total_views":0,"footnotes":""},"categories":[28,26,11,8,65],"tags":[],"class_list":["post-48874","post","type-post","status-publish","format-standard","has-post-thumbnail","hentry","category-article-entier","category-laterale","category-emballages","category-industrie","category-vu-dans-le-mag"],"acf":[],"yoast_head":"<!-- This site is optimized with the Yoast SEO plugin v24.4 - https:\/\/yoast.com\/wordpress\/plugins\/seo\/ -->\n<title>La FNB dresse le bilan de son p\u00f4le emballage en 2025 - Emballage Digest<\/title>\n<meta name=\"robots\" content=\"index, follow, max-snippet:-1, max-image-preview:large, max-video-preview:-1\" \/>\n<link rel=\"canonical\" href=\"https:\/\/www.emballagedigest.fr\/en\/la-fnb-dresse-le-bilan-de-son-pole-emballage-en-2025\/\" \/>\n<meta property=\"og:locale\" content=\"en_GB\" \/>\n<meta property=\"og:type\" content=\"article\" \/>\n<meta property=\"og:title\" content=\"La FNB dresse le bilan de son p\u00f4le emballage en 2025 - Emballage Digest\" \/>\n<meta property=\"og:description\" content=\"Dans son dernier rapport 2025, la F\u00e9d\u00e9ration Nationale du Bois (FNB) a publi\u00e9 le bilan de ses activit\u00e9s. Concernant son p\u00f4le Emballage, l\u2019organisme a renforc\u00e9 sa repr\u00e9sentativit\u00e9 en accueillant les fabricants de caisses \u00e0 vin (Alliance France Caisse Bois), repr\u00e9sentant 300 salari\u00e9s et 10 millions de caisses\/an.\u00a0 En parall\u00e8le, les actions transversales se sont renforc\u00e9es [&hellip;]\" \/>\n<meta property=\"og:url\" content=\"https:\/\/www.emballagedigest.fr\/en\/la-fnb-dresse-le-bilan-de-son-pole-emballage-en-2025\/\" \/>\n<meta property=\"og:site_name\" content=\"Emballage Digest\" \/>\n<meta property=\"article:published_time\" content=\"2026-08-31T13:21:39+00:00\" \/>\n<meta property=\"article:modified_time\" content=\"2026-09-03T13:23:13+00:00\" \/>\n<meta property=\"og:image\" content=\"https:\/\/www.emballagedigest.fr\/wp-content\/uploads\/2026\/09\/FNB.jpg\" \/>\n\t<meta property=\"og:image:width\" content=\"800\" \/>\n\t<meta property=\"og:image:height\" content=\"586\" \/>\n\t<meta property=\"og:image:type\" content=\"image\/jpeg\" \/>\n<meta name=\"author\" content=\"Karine Duval\" \/>\n<meta name=\"twitter:card\" content=\"summary_large_image\" \/>\n<meta name=\"twitter:label1\" content=\"Written by\" \/>\n\t<meta name=\"twitter:data1\" content=\"Karine Duval\" \/>\n\t<meta name=\"twitter:label2\" content=\"Estimated reading time\" \/>\n\t<meta name=\"twitter:data2\" content=\"3 minutes\" \/>\n<script type=\"application\/ld+json\" class=\"yoast-schema-graph\">{\"@context\":\"https:\/\/schema.org\",\"@graph\":[{\"@type\":\"Article\",\"@id\":\"https:\/\/www.emballagedigest.fr\/la-fnb-dresse-le-bilan-de-son-pole-emballage-en-2025\/#article\",\"isPartOf\":{\"@id\":\"https:\/\/www.emballagedigest.fr\/la-fnb-dresse-le-bilan-de-son-pole-emballage-en-2025\/\"},\"author\":{\"name\":\"Karine Duval\",\"@id\":\"https:\/\/www.emballagedigest.fr\/#\/schema\/person\/76abe9f2b2ee4d3d520594c7a35da59f\"},\"headline\":\"La FNB dresse le bilan de son p\u00f4le emballage en 2025\",\"datePublished\":\"2026-08-31T13:21:39+00:00\",\"dateModified\":\"2026-09-03T13:23:13+00:00\",\"mainEntityOfPage\":{\"@id\":\"https:\/\/www.emballagedigest.fr\/la-fnb-dresse-le-bilan-de-son-pole-emballage-en-2025\/\"},\"wordCount\":463,\"publisher\":{\"@id\":\"https:\/\/www.emballagedigest.fr\/#organization\"},\"image\":{\"@id\":\"https:\/\/www.emballagedigest.fr\/la-fnb-dresse-le-bilan-de-son-pole-emballage-en-2025\/#primaryimage\"},\"thumbnailUrl\":\"https:\/\/www.emballagedigest.fr\/wp-content\/uploads\/2026\/09\/FNB.jpg\",\"articleSection\":[\"Article entier\",\"Barre lat\u00e9rale\",\"Emballages\",\"Industrie\",\"Vu dans le mag\"],\"inLanguage\":\"en-GB\"},{\"@type\":\"WebPage\",\"@id\":\"https:\/\/www.emballagedigest.fr\/la-fnb-dresse-le-bilan-de-son-pole-emballage-en-2025\/\",\"url\":\"https:\/\/www.emballagedigest.fr\/la-fnb-dresse-le-bilan-de-son-pole-emballage-en-2025\/\",\"name\":\"La FNB dresse le bilan de son p\u00f4le emballage en 2025 - Emballage Digest\",\"isPartOf\":{\"@id\":\"https:\/\/www.emballagedigest.fr\/#website\"},\"primaryImageOfPage\":{\"@id\":\"https:\/\/www.emballagedigest.fr\/la-fnb-dresse-le-bilan-de-son-pole-emballage-en-2025\/#primaryimage\"},\"image\":{\"@id\":\"https:\/\/www.emballagedigest.fr\/la-fnb-dresse-le-bilan-de-son-pole-emballage-en-2025\/#primaryimage\"},\"thumbnailUrl\":\"https:\/\/www.emballagedigest.fr\/wp-content\/uploads\/2026\/09\/FNB.jpg\",\"datePublished\":\"2026-08-31T13:21:39+00:00\",\"dateModified\":\"2026-09-03T13:23:13+00:00\",\"breadcrumb\":{\"@id\":\"https:\/\/www.emballagedigest.fr\/la-fnb-dresse-le-bilan-de-son-pole-emballage-en-2025\/#breadcrumb\"},\"inLanguage\":\"en-GB\",\"potentialAction\":[{\"@type\":\"ReadAction\",\"target\":[\"https:\/\/www.emballagedigest.fr\/la-fnb-dresse-le-bilan-de-son-pole-emballage-en-2025\/\"]}]},{\"@type\":\"ImageObject\",\"inLanguage\":\"en-GB\",\"@id\":\"https:\/\/www.emballagedigest.fr\/la-fnb-dresse-le-bilan-de-son-pole-emballage-en-2025\/#primaryimage\",\"url\":\"https:\/\/www.emballagedigest.fr\/wp-content\/uploads\/2026\/09\/FNB.jpg\",\"contentUrl\":\"https:\/\/www.emballagedigest.fr\/wp-content\/uploads\/2026\/09\/FNB.jpg\",\"width\":800,\"height\":586},{\"@type\":\"BreadcrumbList\",\"@id\":\"https:\/\/www.emballagedigest.fr\/la-fnb-dresse-le-bilan-de-son-pole-emballage-en-2025\/#breadcrumb\",\"itemListElement\":[{\"@type\":\"ListItem\",\"position\":1,\"name\":\"Accueil\",\"item\":\"https:\/\/www.emballagedigest.fr\/\"},{\"@type\":\"ListItem\",\"position\":2,\"name\":\"La FNB dresse le bilan de son p\u00f4le emballage en 2025\"}]},{\"@type\":\"WebSite\",\"@id\":\"https:\/\/www.emballagedigest.fr\/#website\",\"url\":\"https:\/\/www.emballagedigest.fr\/\",\"name\":\"Emballage Digest\",\"description\":\"Revue professionnelle sur les emballages\",\"publisher\":{\"@id\":\"https:\/\/www.emballagedigest.fr\/#organization\"},\"potentialAction\":[{\"@type\":\"SearchAction\",\"target\":{\"@type\":\"EntryPoint\",\"urlTemplate\":\"https:\/\/www.emballagedigest.fr\/?s={search_term_string}\"},\"query-input\":{\"@type\":\"PropertyValueSpecification\",\"valueRequired\":true,\"valueName\":\"search_term_string\"}}],\"inLanguage\":\"en-GB\"},{\"@type\":\"Organization\",\"@id\":\"https:\/\/www.emballagedigest.fr\/#organization\",\"name\":\"Emballage Digest\",\"url\":\"https:\/\/www.emballagedigest.fr\/\",\"logo\":{\"@type\":\"ImageObject\",\"inLanguage\":\"en-GB\",\"@id\":\"https:\/\/www.emballagedigest.fr\/#\/schema\/logo\/image\/\",\"url\":\"https:\/\/www.emballagedigest.fr\/wp-content\/uploads\/2022\/07\/logo-ed.png\",\"contentUrl\":\"https:\/\/www.emballagedigest.fr\/wp-content\/uploads\/2022\/07\/logo-ed.png\",\"width\":379,\"height\":75,\"caption\":\"Emballage Digest\"},\"image\":{\"@id\":\"https:\/\/www.emballagedigest.fr\/#\/schema\/logo\/image\/\"}},{\"@type\":\"Person\",\"@id\":\"https:\/\/www.emballagedigest.fr\/#\/schema\/person\/76abe9f2b2ee4d3d520594c7a35da59f\",\"name\":\"Karine Duval\",\"image\":{\"@type\":\"ImageObject\",\"inLanguage\":\"en-GB\",\"@id\":\"https:\/\/www.emballagedigest.fr\/#\/schema\/person\/image\/\",\"url\":\"https:\/\/secure.gravatar.com\/avatar\/f552799261cdd2e076e6677d780ef07bdb13aa4c196ab75b39abcbcdcae2d4e5?s=96&d=mm&r=g\",\"contentUrl\":\"https:\/\/secure.gravatar.com\/avatar\/f552799261cdd2e076e6677d780ef07bdb13aa4c196ab75b39abcbcdcae2d4e5?s=96&d=mm&r=g\",\"caption\":\"Karine Duval\"},\"url\":\"https:\/\/www.emballagedigest.fr\/en\/author\/admin_karduv\/\"}]}<\/script>\n<!-- \/ Yoast SEO plugin. -->","yoast_head_json":{"title":"La FNB dresse le bilan de son p\u00f4le emballage en 2025 - Emballage Digest","robots":{"index":"index","follow":"follow","max-snippet":"max-snippet:-1","max-image-preview":"max-image-preview:large","max-video-preview":"max-video-preview:-1"},"canonical":"https:\/\/www.emballagedigest.fr\/en\/la-fnb-dresse-le-bilan-de-son-pole-emballage-en-2025\/","og_locale":"en_GB","og_type":"article","og_title":"La FNB dresse le bilan de son p\u00f4le emballage en 2025 - Emballage Digest","og_description":"Dans son dernier rapport 2025, la F\u00e9d\u00e9ration Nationale du Bois (FNB) a publi\u00e9 le bilan de ses activit\u00e9s. Concernant son p\u00f4le Emballage, l\u2019organisme a renforc\u00e9 sa repr\u00e9sentativit\u00e9 en accueillant les fabricants de caisses \u00e0 vin (Alliance France Caisse Bois), repr\u00e9sentant 300 salari\u00e9s et 10 millions de caisses\/an.\u00a0 En parall\u00e8le, les actions transversales se sont renforc\u00e9es [&hellip;]","og_url":"https:\/\/www.emballagedigest.fr\/en\/la-fnb-dresse-le-bilan-de-son-pole-emballage-en-2025\/","og_site_name":"Emballage Digest","article_published_time":"2026-08-31T13:21:39+00:00","article_modified_time":"2026-09-03T13:23:13+00:00","og_image":[{"width":800,"height":586,"url":"https:\/\/www.emballagedigest.fr\/wp-content\/uploads\/2026\/09\/FNB.jpg","type":"image\/jpeg"}],"author":"Karine Duval","twitter_card":"summary_large_image","twitter_misc":{"Written by":"Karine Duval","Estimated reading time":"3 minutes"},"schema":{"@context":"https:\/\/schema.org","@graph":[{"@type":"Article","@id":"https:\/\/www.emballagedigest.fr\/la-fnb-dresse-le-bilan-de-son-pole-emballage-en-2025\/#article","isPartOf":{"@id":"https:\/\/www.emballagedigest.fr\/la-fnb-dresse-le-bilan-de-son-pole-emballage-en-2025\/"},"author":{"name":"Karine Duval","@id":"https:\/\/www.emballagedigest.fr\/#\/schema\/person\/76abe9f2b2ee4d3d520594c7a35da59f"},"headline":"La FNB dresse le bilan de son p\u00f4le emballage en 2025","datePublished":"2026-08-31T13:21:39+00:00","dateModified":"2026-09-03T13:23:13+00:00","mainEntityOfPage":{"@id":"https:\/\/www.emballagedigest.fr\/la-fnb-dresse-le-bilan-de-son-pole-emballage-en-2025\/"},"wordCount":463,"publisher":{"@id":"https:\/\/www.emballagedigest.fr\/#organization"},"image":{"@id":"https:\/\/www.emballagedigest.fr\/la-fnb-dresse-le-bilan-de-son-pole-emballage-en-2025\/#primaryimage"},"thumbnailUrl":"https:\/\/www.emballagedigest.fr\/wp-content\/uploads\/2026\/09\/FNB.jpg","articleSection":["Article entier","Barre lat\u00e9rale","Emballages","Industrie","Vu dans le mag"],"inLanguage":"en-GB"},{"@type":"WebPage","@id":"https:\/\/www.emballagedigest.fr\/la-fnb-dresse-le-bilan-de-son-pole-emballage-en-2025\/","url":"https:\/\/www.emballagedigest.fr\/la-fnb-dresse-le-bilan-de-son-pole-emballage-en-2025\/","name":"La FNB dresse le bilan de son p\u00f4le emballage en 2025 - Emballage Digest","isPartOf":{"@id":"https:\/\/www.emballagedigest.fr\/#website"},"primaryImageOfPage":{"@id":"https:\/\/www.emballagedigest.fr\/la-fnb-dresse-le-bilan-de-son-pole-emballage-en-2025\/#primaryimage"},"image":{"@id":"https:\/\/www.emballagedigest.fr\/la-fnb-dresse-le-bilan-de-son-pole-emballage-en-2025\/#primaryimage"},"thumbnailUrl":"https:\/\/www.emballagedigest.fr\/wp-content\/uploads\/2026\/09\/FNB.jpg","datePublished":"2026-08-31T13:21:39+00:00","dateModified":"2026-09-03T13:23:13+00:00","breadcrumb":{"@id":"https:\/\/www.emballagedigest.fr\/la-fnb-dresse-le-bilan-de-son-pole-emballage-en-2025\/#breadcrumb"},"inLanguage":"en-GB","potentialAction":[{"@type":"ReadAction","target":["https:\/\/www.emballagedigest.fr\/la-fnb-dresse-le-bilan-de-son-pole-emballage-en-2025\/"]}]},{"@type":"ImageObject","inLanguage":"en-GB","@id":"https:\/\/www.emballagedigest.fr\/la-fnb-dresse-le-bilan-de-son-pole-emballage-en-2025\/#primaryimage","url":"https:\/\/www.emballagedigest.fr\/wp-content\/uploads\/2026\/09\/FNB.jpg","contentUrl":"https:\/\/www.emballagedigest.fr\/wp-content\/uploads\/2026\/09\/FNB.jpg","width":800,"height":586},{"@type":"BreadcrumbList","@id":"https:\/\/www.emballagedigest.fr\/la-fnb-dresse-le-bilan-de-son-pole-emballage-en-2025\/#breadcrumb","itemListElement":[{"@type":"ListItem","position":1,"name":"Accueil","item":"https:\/\/www.emballagedigest.fr\/"},{"@type":"ListItem","position":2,"name":"La FNB dresse le bilan de son p\u00f4le emballage en 2025"}]},{"@type":"WebSite","@id":"https:\/\/www.emballagedigest.fr\/#website","url":"https:\/\/www.emballagedigest.fr\/","name":"Emballage Digest","description":"Revue professionnelle sur les emballages","publisher":{"@id":"https:\/\/www.emballagedigest.fr\/#organization"},"potentialAction":[{"@type":"SearchAction","target":{"@type":"EntryPoint","urlTemplate":"https:\/\/www.emballagedigest.fr\/?s={search_term_string}"},"query-input":{"@type":"PropertyValueSpecification","valueRequired":true,"valueName":"search_term_string"}}],"inLanguage":"en-GB"},{"@type":"Organization","@id":"https:\/\/www.emballagedigest.fr\/#organization","name":"Emballage Digest","url":"https:\/\/www.emballagedigest.fr\/","logo":{"@type":"ImageObject","inLanguage":"en-GB","@id":"https:\/\/www.emballagedigest.fr\/#\/schema\/logo\/image\/","url":"https:\/\/www.emballagedigest.fr\/wp-content\/uploads\/2022\/07\/logo-ed.png","contentUrl":"https:\/\/www.emballagedigest.fr\/wp-content\/uploads\/2022\/07\/logo-ed.png","width":379,"height":75,"caption":"Emballage Digest"},"image":{"@id":"https:\/\/www.emballagedigest.fr\/#\/schema\/logo\/image\/"}},{"@type":"Person","@id":"https:\/\/www.emballagedigest.fr\/#\/schema\/person\/76abe9f2b2ee4d3d520594c7a35da59f","name":"Karine Duval","image":{"@type":"ImageObject","inLanguage":"en-GB","@id":"https:\/\/www.emballagedigest.fr\/#\/schema\/person\/image\/","url":"https:\/\/secure.gravatar.com\/avatar\/f552799261cdd2e076e6677d780ef07bdb13aa4c196ab75b39abcbcdcae2d4e5?s=96&d=mm&r=g","contentUrl":"https:\/\/secure.gravatar.com\/avatar\/f552799261cdd2e076e6677d780ef07bdb13aa4c196ab75b39abcbcdcae2d4e5?s=96&d=mm&r=g","caption":"Karine Duval"},"url":"https:\/\/www.emballagedigest.fr\/en\/author\/admin_karduv\/"}]}},"_links":{"self":[{"href":"https:\/\/www.emballagedigest.fr\/en\/wp-json\/wp\/v2\/posts\/48874","targetHints":{"allow":["GET"]}}],"collection":[{"href":"https:\/\/www.emballagedigest.fr\/en\/wp-json\/wp\/v2\/posts"}],"about":[{"href":"https:\/\/www.emballagedigest.fr\/en\/wp-json\/wp\/v2\/types\/post"}],"author":[{"embeddable":true,"href":"https:\/\/www.emballagedigest.fr\/en\/wp-json\/wp\/v2\/users\/2"}],"replies":[{"embeddable":true,"href":"https:\/\/www.emballagedigest.fr\/en\/wp-json\/wp\/v2\/comments?post=48874"}],"version-history":[{"count":1,"href":"https:\/\/www.emballagedigest.fr\/en\/wp-json\/wp\/v2\/posts\/48874\/revisions"}],"predecessor-version":[{"id":48876,"href":"https:\/\/www.emballagedigest.fr\/en\/wp-json\/wp\/v2\/posts\/48874\/revisions\/48876"}],"wp:featuredmedia":[{"embeddable":true,"href":"https:\/\/www.emballagedigest.fr\/en\/wp-json\/wp\/v2\/media\/48875"}],"wp:attachment":[{"href":"https:\/\/www.emballagedigest.fr\/en\/wp-json\/wp\/v2\/media?parent=48874"}],"wp:term":[{"taxonomy":"category","embeddable":true,"href":"https:\/\/www.emballagedigest.fr\/en\/wp-json\/wp\/v2\/categories?post=48874"},{"taxonomy":"post_tag","embeddable":true,"href":"https:\/\/www.emballagedigest.fr\/en\/wp-json\/wp\/v2\/tags?post=48874"}],"curies":[{"name":"wp","href":"https:\/\/api.w.org\/{rel}","templated":true}]}}