{"id":48880,"date":"2026-08-31T15:26:12","date_gmt":"2026-08-31T13:26:12","guid":{"rendered":"https:\/\/www.emballagedigest.fr\/?p=48880"},"modified":"2026-09-03T15:27:55","modified_gmt":"2026-09-03T13:27:55","slug":"une-nouvelle-generationde-codeurs-2d-zero-compromis","status":"publish","type":"post","link":"https:\/\/www.emballagedigest.fr\/en\/une-nouvelle-generationde-codeurs-2d-zero-compromis\/","title":{"rendered":"Une nouvelle g\u00e9n\u00e9rationde codeurs 2D \u00ab\u00a0z\u00e9ro\u00a0\u00bb compromis"},"content":{"rendered":"<p class=\"wp-block-paragraph\"><strong>2DJET\u2122 lanc\u00e9 par Leibinger \u00e0 Interpack produit des codes 2D ultrapr\u00e9cis jusqu\u2019\u00e0 33 x 33 modules, conformes \u00e0 la norme GS1, avec une r\u00e9solution jusqu\u2019\u00e0 300 dpi et une vitesse d\u2019impression allant jusqu\u2019\u00e0 120 m\/min sur une large gamme de mat\u00e9riaux et de formats d\u2019emballage, sans compromis sur la productivit\u00e9 ni la flexibilit\u00e9. <\/strong><\/p>\n\n\n\n<p class=\"wp-block-paragraph\">Con\u00e7u pour une int\u00e9gration parfaite aux lignes de production existantes, 2DJET\u2122 est extr\u00eamement facile \u00e0 installer et \u00e0 utiliser, ce qui permet aux fabricants de simplifier la mise en \u0153uvre et la production quotidienne conforme \u00e0 la norme GS1. La technologie comble un manque : jusqu\u2019\u00e0 pr\u00e9sent, les fabricants devaient souvent choisir\u00a0entre qualit\u00e9 et vitesse d\u2019impression, entre performances 2D et contraintes de production. Elle s\u2019adapte enfin \u00e0 tous types de mat\u00e9riaux\u00a0: films, plastiques, cartons, surfaces lisses ou difficiles, emballages plats ou incurv\u00e9s, etc.<\/p>\n\n\n\n<p class=\"wp-block-paragraph\"><\/p>","protected":false},"excerpt":{"rendered":"<p>2DJET\u2122 lanc\u00e9 par Leibinger \u00e0 Interpack produit des codes 2D ultrapr\u00e9cis jusqu\u2019\u00e0 33 x 33 modules, conformes \u00e0 la norme GS1, avec une r\u00e9solution jusqu\u2019\u00e0 300 dpi et une vitesse d\u2019impression allant jusqu\u2019\u00e0 120 m\/min sur une large gamme de mat\u00e9riaux et de formats d\u2019emballage, sans compromis sur la productivit\u00e9 ni la flexibilit\u00e9. Con\u00e7u pour [&hellip;]<\/p>","protected":false},"author":2,"featured_media":48881,"comment_status":"closed","ping_status":"closed","sticky":false,"template":"","format":"standard","meta":{"_acf_changed":false,"inline_featured_image":false,"iawp_total_views":0,"footnotes":""},"categories":[5,28,26,35,65],"tags":[],"class_list":["post-48880","post","type-post","status-publish","format-standard","has-post-thumbnail","hentry","category-alimentaire","category-article-entier","category-laterale","category-machines-fr","category-vu-dans-le-mag"],"acf":[],"yoast_head":"<!-- This site is optimized with the Yoast SEO plugin v24.4 - https:\/\/yoast.com\/wordpress\/plugins\/seo\/ -->\n<title>Une nouvelle g\u00e9n\u00e9rationde codeurs 2D &quot;z\u00e9ro&quot; compromis - Emballage Digest<\/title>\n<meta name=\"robots\" content=\"index, follow, max-snippet:-1, max-image-preview:large, max-video-preview:-1\" \/>\n<link rel=\"canonical\" href=\"https:\/\/www.emballagedigest.fr\/en\/une-nouvelle-generationde-codeurs-2d-zero-compromis\/\" \/>\n<meta property=\"og:locale\" content=\"en_GB\" \/>\n<meta property=\"og:type\" content=\"article\" \/>\n<meta property=\"og:title\" content=\"Une nouvelle g\u00e9n\u00e9rationde codeurs 2D &quot;z\u00e9ro&quot; compromis - Emballage Digest\" \/>\n<meta property=\"og:description\" content=\"2DJET\u2122 lanc\u00e9 par Leibinger \u00e0 Interpack produit des codes 2D ultrapr\u00e9cis jusqu\u2019\u00e0 33 x 33 modules, conformes \u00e0 la norme GS1, avec une r\u00e9solution jusqu\u2019\u00e0 300 dpi et une vitesse d\u2019impression allant jusqu\u2019\u00e0 120 m\/min sur une large gamme de mat\u00e9riaux et de formats d\u2019emballage, sans compromis sur la productivit\u00e9 ni la flexibilit\u00e9. Con\u00e7u pour [&hellip;]\" \/>\n<meta property=\"og:url\" content=\"https:\/\/www.emballagedigest.fr\/en\/une-nouvelle-generationde-codeurs-2d-zero-compromis\/\" \/>\n<meta property=\"og:site_name\" content=\"Emballage Digest\" \/>\n<meta property=\"article:published_time\" content=\"2026-08-31T13:26:12+00:00\" \/>\n<meta property=\"article:modified_time\" content=\"2026-09-03T13:27:55+00:00\" \/>\n<meta property=\"og:image\" content=\"https:\/\/www.emballagedigest.fr\/wp-content\/uploads\/2026\/09\/2Djet.jpg\" \/>\n\t<meta property=\"og:image:width\" content=\"800\" \/>\n\t<meta property=\"og:image:height\" content=\"555\" \/>\n\t<meta property=\"og:image:type\" content=\"image\/jpeg\" \/>\n<meta name=\"author\" content=\"Karine Duval\" \/>\n<meta name=\"twitter:card\" content=\"summary_large_image\" \/>\n<meta name=\"twitter:label1\" content=\"Written by\" \/>\n\t<meta name=\"twitter:data1\" content=\"Karine Duval\" \/>\n\t<meta name=\"twitter:label2\" content=\"Estimated reading time\" \/>\n\t<meta name=\"twitter:data2\" content=\"1 minute\" \/>\n<script type=\"application\/ld+json\" class=\"yoast-schema-graph\">{\"@context\":\"https:\/\/schema.org\",\"@graph\":[{\"@type\":\"Article\",\"@id\":\"https:\/\/www.emballagedigest.fr\/une-nouvelle-generationde-codeurs-2d-zero-compromis\/#article\",\"isPartOf\":{\"@id\":\"https:\/\/www.emballagedigest.fr\/une-nouvelle-generationde-codeurs-2d-zero-compromis\/\"},\"author\":{\"name\":\"Karine Duval\",\"@id\":\"https:\/\/www.emballagedigest.fr\/#\/schema\/person\/76abe9f2b2ee4d3d520594c7a35da59f\"},\"headline\":\"Une nouvelle g\u00e9n\u00e9rationde codeurs 2D \u00ab\u00a0z\u00e9ro\u00a0\u00bb compromis\",\"datePublished\":\"2026-08-31T13:26:12+00:00\",\"dateModified\":\"2026-09-03T13:27:55+00:00\",\"mainEntityOfPage\":{\"@id\":\"https:\/\/www.emballagedigest.fr\/une-nouvelle-generationde-codeurs-2d-zero-compromis\/\"},\"wordCount\":150,\"publisher\":{\"@id\":\"https:\/\/www.emballagedigest.fr\/#organization\"},\"image\":{\"@id\":\"https:\/\/www.emballagedigest.fr\/une-nouvelle-generationde-codeurs-2d-zero-compromis\/#primaryimage\"},\"thumbnailUrl\":\"https:\/\/www.emballagedigest.fr\/wp-content\/uploads\/2026\/09\/2Djet.jpg\",\"articleSection\":[\"Alimentaire\",\"Article entier\",\"Barre lat\u00e9rale\",\"Machines\",\"Vu dans le mag\"],\"inLanguage\":\"en-GB\"},{\"@type\":\"WebPage\",\"@id\":\"https:\/\/www.emballagedigest.fr\/une-nouvelle-generationde-codeurs-2d-zero-compromis\/\",\"url\":\"https:\/\/www.emballagedigest.fr\/une-nouvelle-generationde-codeurs-2d-zero-compromis\/\",\"name\":\"Une nouvelle g\u00e9n\u00e9rationde codeurs 2D \\\"z\u00e9ro\\\" compromis - Emballage Digest\",\"isPartOf\":{\"@id\":\"https:\/\/www.emballagedigest.fr\/#website\"},\"primaryImageOfPage\":{\"@id\":\"https:\/\/www.emballagedigest.fr\/une-nouvelle-generationde-codeurs-2d-zero-compromis\/#primaryimage\"},\"image\":{\"@id\":\"https:\/\/www.emballagedigest.fr\/une-nouvelle-generationde-codeurs-2d-zero-compromis\/#primaryimage\"},\"thumbnailUrl\":\"https:\/\/www.emballagedigest.fr\/wp-content\/uploads\/2026\/09\/2Djet.jpg\",\"datePublished\":\"2026-08-31T13:26:12+00:00\",\"dateModified\":\"2026-09-03T13:27:55+00:00\",\"breadcrumb\":{\"@id\":\"https:\/\/www.emballagedigest.fr\/une-nouvelle-generationde-codeurs-2d-zero-compromis\/#breadcrumb\"},\"inLanguage\":\"en-GB\",\"potentialAction\":[{\"@type\":\"ReadAction\",\"target\":[\"https:\/\/www.emballagedigest.fr\/une-nouvelle-generationde-codeurs-2d-zero-compromis\/\"]}]},{\"@type\":\"ImageObject\",\"inLanguage\":\"en-GB\",\"@id\":\"https:\/\/www.emballagedigest.fr\/une-nouvelle-generationde-codeurs-2d-zero-compromis\/#primaryimage\",\"url\":\"https:\/\/www.emballagedigest.fr\/wp-content\/uploads\/2026\/09\/2Djet.jpg\",\"contentUrl\":\"https:\/\/www.emballagedigest.fr\/wp-content\/uploads\/2026\/09\/2Djet.jpg\",\"width\":800,\"height\":555},{\"@type\":\"BreadcrumbList\",\"@id\":\"https:\/\/www.emballagedigest.fr\/une-nouvelle-generationde-codeurs-2d-zero-compromis\/#breadcrumb\",\"itemListElement\":[{\"@type\":\"ListItem\",\"position\":1,\"name\":\"Accueil\",\"item\":\"https:\/\/www.emballagedigest.fr\/\"},{\"@type\":\"ListItem\",\"position\":2,\"name\":\"Une nouvelle g\u00e9n\u00e9rationde codeurs 2D \u00ab\u00a0z\u00e9ro\u00a0\u00bb compromis\"}]},{\"@type\":\"WebSite\",\"@id\":\"https:\/\/www.emballagedigest.fr\/#website\",\"url\":\"https:\/\/www.emballagedigest.fr\/\",\"name\":\"Emballage Digest\",\"description\":\"Revue professionnelle sur les emballages\",\"publisher\":{\"@id\":\"https:\/\/www.emballagedigest.fr\/#organization\"},\"potentialAction\":[{\"@type\":\"SearchAction\",\"target\":{\"@type\":\"EntryPoint\",\"urlTemplate\":\"https:\/\/www.emballagedigest.fr\/?s={search_term_string}\"},\"query-input\":{\"@type\":\"PropertyValueSpecification\",\"valueRequired\":true,\"valueName\":\"search_term_string\"}}],\"inLanguage\":\"en-GB\"},{\"@type\":\"Organization\",\"@id\":\"https:\/\/www.emballagedigest.fr\/#organization\",\"name\":\"Emballage Digest\",\"url\":\"https:\/\/www.emballagedigest.fr\/\",\"logo\":{\"@type\":\"ImageObject\",\"inLanguage\":\"en-GB\",\"@id\":\"https:\/\/www.emballagedigest.fr\/#\/schema\/logo\/image\/\",\"url\":\"https:\/\/www.emballagedigest.fr\/wp-content\/uploads\/2022\/07\/logo-ed.png\",\"contentUrl\":\"https:\/\/www.emballagedigest.fr\/wp-content\/uploads\/2022\/07\/logo-ed.png\",\"width\":379,\"height\":75,\"caption\":\"Emballage Digest\"},\"image\":{\"@id\":\"https:\/\/www.emballagedigest.fr\/#\/schema\/logo\/image\/\"}},{\"@type\":\"Person\",\"@id\":\"https:\/\/www.emballagedigest.fr\/#\/schema\/person\/76abe9f2b2ee4d3d520594c7a35da59f\",\"name\":\"Karine Duval\",\"image\":{\"@type\":\"ImageObject\",\"inLanguage\":\"en-GB\",\"@id\":\"https:\/\/www.emballagedigest.fr\/#\/schema\/person\/image\/\",\"url\":\"https:\/\/secure.gravatar.com\/avatar\/f552799261cdd2e076e6677d780ef07bdb13aa4c196ab75b39abcbcdcae2d4e5?s=96&d=mm&r=g\",\"contentUrl\":\"https:\/\/secure.gravatar.com\/avatar\/f552799261cdd2e076e6677d780ef07bdb13aa4c196ab75b39abcbcdcae2d4e5?s=96&d=mm&r=g\",\"caption\":\"Karine Duval\"},\"url\":\"https:\/\/www.emballagedigest.fr\/en\/author\/admin_karduv\/\"}]}<\/script>\n<!-- \/ Yoast SEO plugin. -->","yoast_head_json":{"title":"Une nouvelle g\u00e9n\u00e9rationde codeurs 2D \"z\u00e9ro\" compromis - Emballage Digest","robots":{"index":"index","follow":"follow","max-snippet":"max-snippet:-1","max-image-preview":"max-image-preview:large","max-video-preview":"max-video-preview:-1"},"canonical":"https:\/\/www.emballagedigest.fr\/en\/une-nouvelle-generationde-codeurs-2d-zero-compromis\/","og_locale":"en_GB","og_type":"article","og_title":"Une nouvelle g\u00e9n\u00e9rationde codeurs 2D \"z\u00e9ro\" compromis - Emballage Digest","og_description":"2DJET\u2122 lanc\u00e9 par Leibinger \u00e0 Interpack produit des codes 2D ultrapr\u00e9cis jusqu\u2019\u00e0 33 x 33 modules, conformes \u00e0 la norme GS1, avec une r\u00e9solution jusqu\u2019\u00e0 300 dpi et une vitesse d\u2019impression allant jusqu\u2019\u00e0 120 m\/min sur une large gamme de mat\u00e9riaux et de formats d\u2019emballage, sans compromis sur la productivit\u00e9 ni la flexibilit\u00e9. Con\u00e7u pour [&hellip;]","og_url":"https:\/\/www.emballagedigest.fr\/en\/une-nouvelle-generationde-codeurs-2d-zero-compromis\/","og_site_name":"Emballage Digest","article_published_time":"2026-08-31T13:26:12+00:00","article_modified_time":"2026-09-03T13:27:55+00:00","og_image":[{"width":800,"height":555,"url":"https:\/\/www.emballagedigest.fr\/wp-content\/uploads\/2026\/09\/2Djet.jpg","type":"image\/jpeg"}],"author":"Karine Duval","twitter_card":"summary_large_image","twitter_misc":{"Written by":"Karine Duval","Estimated reading time":"1 minute"},"schema":{"@context":"https:\/\/schema.org","@graph":[{"@type":"Article","@id":"https:\/\/www.emballagedigest.fr\/une-nouvelle-generationde-codeurs-2d-zero-compromis\/#article","isPartOf":{"@id":"https:\/\/www.emballagedigest.fr\/une-nouvelle-generationde-codeurs-2d-zero-compromis\/"},"author":{"name":"Karine Duval","@id":"https:\/\/www.emballagedigest.fr\/#\/schema\/person\/76abe9f2b2ee4d3d520594c7a35da59f"},"headline":"Une nouvelle g\u00e9n\u00e9rationde codeurs 2D \u00ab\u00a0z\u00e9ro\u00a0\u00bb compromis","datePublished":"2026-08-31T13:26:12+00:00","dateModified":"2026-09-03T13:27:55+00:00","mainEntityOfPage":{"@id":"https:\/\/www.emballagedigest.fr\/une-nouvelle-generationde-codeurs-2d-zero-compromis\/"},"wordCount":150,"publisher":{"@id":"https:\/\/www.emballagedigest.fr\/#organization"},"image":{"@id":"https:\/\/www.emballagedigest.fr\/une-nouvelle-generationde-codeurs-2d-zero-compromis\/#primaryimage"},"thumbnailUrl":"https:\/\/www.emballagedigest.fr\/wp-content\/uploads\/2026\/09\/2Djet.jpg","articleSection":["Alimentaire","Article entier","Barre lat\u00e9rale","Machines","Vu dans le mag"],"inLanguage":"en-GB"},{"@type":"WebPage","@id":"https:\/\/www.emballagedigest.fr\/une-nouvelle-generationde-codeurs-2d-zero-compromis\/","url":"https:\/\/www.emballagedigest.fr\/une-nouvelle-generationde-codeurs-2d-zero-compromis\/","name":"Une nouvelle g\u00e9n\u00e9rationde codeurs 2D \"z\u00e9ro\" compromis - Emballage Digest","isPartOf":{"@id":"https:\/\/www.emballagedigest.fr\/#website"},"primaryImageOfPage":{"@id":"https:\/\/www.emballagedigest.fr\/une-nouvelle-generationde-codeurs-2d-zero-compromis\/#primaryimage"},"image":{"@id":"https:\/\/www.emballagedigest.fr\/une-nouvelle-generationde-codeurs-2d-zero-compromis\/#primaryimage"},"thumbnailUrl":"https:\/\/www.emballagedigest.fr\/wp-content\/uploads\/2026\/09\/2Djet.jpg","datePublished":"2026-08-31T13:26:12+00:00","dateModified":"2026-09-03T13:27:55+00:00","breadcrumb":{"@id":"https:\/\/www.emballagedigest.fr\/une-nouvelle-generationde-codeurs-2d-zero-compromis\/#breadcrumb"},"inLanguage":"en-GB","potentialAction":[{"@type":"ReadAction","target":["https:\/\/www.emballagedigest.fr\/une-nouvelle-generationde-codeurs-2d-zero-compromis\/"]}]},{"@type":"ImageObject","inLanguage":"en-GB","@id":"https:\/\/www.emballagedigest.fr\/une-nouvelle-generationde-codeurs-2d-zero-compromis\/#primaryimage","url":"https:\/\/www.emballagedigest.fr\/wp-content\/uploads\/2026\/09\/2Djet.jpg","contentUrl":"https:\/\/www.emballagedigest.fr\/wp-content\/uploads\/2026\/09\/2Djet.jpg","width":800,"height":555},{"@type":"BreadcrumbList","@id":"https:\/\/www.emballagedigest.fr\/une-nouvelle-generationde-codeurs-2d-zero-compromis\/#breadcrumb","itemListElement":[{"@type":"ListItem","position":1,"name":"Accueil","item":"https:\/\/www.emballagedigest.fr\/"},{"@type":"ListItem","position":2,"name":"Une nouvelle g\u00e9n\u00e9rationde codeurs 2D \u00ab\u00a0z\u00e9ro\u00a0\u00bb compromis"}]},{"@type":"WebSite","@id":"https:\/\/www.emballagedigest.fr\/#website","url":"https:\/\/www.emballagedigest.fr\/","name":"Emballage Digest","description":"Revue professionnelle sur les emballages","publisher":{"@id":"https:\/\/www.emballagedigest.fr\/#organization"},"potentialAction":[{"@type":"SearchAction","target":{"@type":"EntryPoint","urlTemplate":"https:\/\/www.emballagedigest.fr\/?s={search_term_string}"},"query-input":{"@type":"PropertyValueSpecification","valueRequired":true,"valueName":"search_term_string"}}],"inLanguage":"en-GB"},{"@type":"Organization","@id":"https:\/\/www.emballagedigest.fr\/#organization","name":"Emballage Digest","url":"https:\/\/www.emballagedigest.fr\/","logo":{"@type":"ImageObject","inLanguage":"en-GB","@id":"https:\/\/www.emballagedigest.fr\/#\/schema\/logo\/image\/","url":"https:\/\/www.emballagedigest.fr\/wp-content\/uploads\/2022\/07\/logo-ed.png","contentUrl":"https:\/\/www.emballagedigest.fr\/wp-content\/uploads\/2022\/07\/logo-ed.png","width":379,"height":75,"caption":"Emballage Digest"},"image":{"@id":"https:\/\/www.emballagedigest.fr\/#\/schema\/logo\/image\/"}},{"@type":"Person","@id":"https:\/\/www.emballagedigest.fr\/#\/schema\/person\/76abe9f2b2ee4d3d520594c7a35da59f","name":"Karine Duval","image":{"@type":"ImageObject","inLanguage":"en-GB","@id":"https:\/\/www.emballagedigest.fr\/#\/schema\/person\/image\/","url":"https:\/\/secure.gravatar.com\/avatar\/f552799261cdd2e076e6677d780ef07bdb13aa4c196ab75b39abcbcdcae2d4e5?s=96&d=mm&r=g","contentUrl":"https:\/\/secure.gravatar.com\/avatar\/f552799261cdd2e076e6677d780ef07bdb13aa4c196ab75b39abcbcdcae2d4e5?s=96&d=mm&r=g","caption":"Karine Duval"},"url":"https:\/\/www.emballagedigest.fr\/en\/author\/admin_karduv\/"}]}},"_links":{"self":[{"href":"https:\/\/www.emballagedigest.fr\/en\/wp-json\/wp\/v2\/posts\/48880","targetHints":{"allow":["GET"]}}],"collection":[{"href":"https:\/\/www.emballagedigest.fr\/en\/wp-json\/wp\/v2\/posts"}],"about":[{"href":"https:\/\/www.emballagedigest.fr\/en\/wp-json\/wp\/v2\/types\/post"}],"author":[{"embeddable":true,"href":"https:\/\/www.emballagedigest.fr\/en\/wp-json\/wp\/v2\/users\/2"}],"replies":[{"embeddable":true,"href":"https:\/\/www.emballagedigest.fr\/en\/wp-json\/wp\/v2\/comments?post=48880"}],"version-history":[{"count":1,"href":"https:\/\/www.emballagedigest.fr\/en\/wp-json\/wp\/v2\/posts\/48880\/revisions"}],"predecessor-version":[{"id":48882,"href":"https:\/\/www.emballagedigest.fr\/en\/wp-json\/wp\/v2\/posts\/48880\/revisions\/48882"}],"wp:featuredmedia":[{"embeddable":true,"href":"https:\/\/www.emballagedigest.fr\/en\/wp-json\/wp\/v2\/media\/48881"}],"wp:attachment":[{"href":"https:\/\/www.emballagedigest.fr\/en\/wp-json\/wp\/v2\/media?parent=48880"}],"wp:term":[{"taxonomy":"category","embeddable":true,"href":"https:\/\/www.emballagedigest.fr\/en\/wp-json\/wp\/v2\/categories?post=48880"},{"taxonomy":"post_tag","embeddable":true,"href":"https:\/\/www.emballagedigest.fr\/en\/wp-json\/wp\/v2\/tags?post=48880"}],"curies":[{"name":"wp","href":"https:\/\/api.w.org\/{rel}","templated":true}]}}